{"id":986,"date":"2014-03-15T09:20:00","date_gmt":"2014-03-15T09:20:00","guid":{"rendered":"http:\/\/elcalaixetdelaiaia.es\/como-limpiar-zapatos-y-telas-de-fallera"},"modified":"2026-03-04T08:56:59","modified_gmt":"2026-03-04T08:56:59","slug":"como-limpiar-zapatos-y-telas-de-fallera","status":"publish","type":"post","link":"https:\/\/elcalaixetdelaiaia.es\/?p=986","title":{"rendered":"Como limpiar en casa zapatos, faldas de valenciana, guardap\u00e9us y telas de valenciana paso a paso"},"content":{"rendered":"<p>\u00abEndivinalla; Plora de jove i riu de vella; no est\u00e0 casada i t\u00e9 parella\u00bb Adivinanza; Llora de joven y r\u00ede de vieja, no est\u00e1 casada y tiene pareja. \u00bfque es?<\/p>\n<div>\n<p>Ai mareeeee, que tenemos aqu\u00ed las fallas y de repente nos damos cuenta de que nuestros zapatos tienen restos de suciedad, una mancha de maquillaje en el \u00abgip\u00f3\u00bb o jub\u00f3n, o que los bajos de nuestro \u00abguardap\u00e9us\u00bb o falda, tienen roces en la orilla y no hay tiempo ya de tintorer\u00eda \u00bfque hacer?&#8230;La soluci\u00f3n es f\u00e1cil y r\u00e1pida perooooo&#8230;<\/p>\n<p>\u00a1\u00a1\u00a1<strong>Muuucho ojo!<\/strong>!! se trata de un <strong>producto qu\u00edmico y como tal hay que usarlo extremando las precauciones.<\/strong><\/p>\n<p>Mascarilla, guantes y siempre siempre en un lugar al aire libre. Esto es muy importante.<\/p>\n<p>Pero de todas formas \u00e9sto es para un apuro o caso de urgencia. No guard\u00e9is nunca vuestros zapatos e indumentaria sucia, aunque sea s\u00f3lo de polvo y m\u00e1s la la vais a guardar por largo tiempo. La tintorer\u00eda parece cara, pero no lo es. Lo adecuado es guardar todas las prendas bien limpias, los pa\u00f1uelos, delantales y otros accesorios, si son de batista de algod\u00f3n (como debe ser) se pueden lavar tranquilamente en casa con un jab\u00f3n neutro, <strong>sin restregar<\/strong>, agua fr\u00eda, sin escurrir y tendidas sobre una toalla, luego una buena planchada y \u00a1como nuevas! si son de seda u otros materiales delicados&#8230; a la tintorer\u00eda, los expertos son quienes mejor cuidan de ellos, sin la menor duda.<\/p>\n<p>Necesitaremos;<\/p>\n<p><a style=\"margin-left: 1em; margin-right: 1em;\" href=\"http:\/\/3.bp.blogspot.com\/-qgbWE-5lVUA\/UyQZ_APp9mI\/AAAAAAAAGPA\/OeH0njnAQNM\/s1600\/SAM_5887.JPG\"><img decoding=\"async\" loading=\"lazy\" class=\"aligncenter\" src=\"https:\/\/elcalaixetdelaiaia.es\/wp-content\/uploads\/2014\/03\/SAM_5887.jpg\" width=\"480\" height=\"640\" border=\"0\" \/><\/a><\/p>\n<ol>\n<li>Un cepillo<\/li>\n<li>Un trapo limpio<\/li>\n<li>Guantes<\/li>\n<li>Tricloroetileno<\/li>\n<li>Mascarilla<\/li>\n<\/ol>\n<div>Imprescindible efectuar el trabajo <strong>AL AIRE LIBRE<\/strong>, \u00e9sto es <strong><u>IMPORTANT\u00cdSIMO.<\/u><\/strong><\/div>\n<\/div>\n<div><\/div>\n<div>Actualizo esta entrada para deciros que el Tricloroetileno, lo han retirado de la venta en algunos sitios&#8230; en su lugar, ahora pod\u00e9is encontrar, seg\u00fan me han dicho unos seguidores, el Percloroetileno, que al parecer, tambi\u00e9n funciona.<\/div>\n<div><\/div>\n<div>Insrtisto <strong>MUCHA PRECAUCI\u00d3N<\/strong>.<\/div>\n<div><\/div>\n<div>Reitero que como ya sab\u00e9is, estos son casos de emergencia, lo adecuado, es ir siempre a los profesionales, que son quienes saber tratar cada prenda con sumo cuidado. Os cuento como siempre, lo que a mi me funciona, pero NO soy profesional. Dicho de nuevo todo esto, seguimos con la limpieza \ud83d\ude09<\/div>\n<div><\/div>\n<div>\n<div class=\"separator\" style=\"clear: both; text-align: center;\"><a style=\"margin-left: 1em; margin-right: 1em;\" href=\"http:\/\/2.bp.blogspot.com\/-B9Riv3MYT90\/UyQZ9xoLjxI\/AAAAAAAAGO8\/-9tEaL0D6CU\/s1600\/SAM_5886.JPG\"><img decoding=\"async\" loading=\"lazy\" src=\"https:\/\/elcalaixetdelaiaia.es\/wp-content\/uploads\/2014\/03\/SAM_5886.jpg\" width=\"480\" height=\"640\" border=\"0\" \/><\/a><\/div>\n<div>En una mesita auxiliar, o en el suelo, al aire libre, cepillaremos muy bien los zapatos para quitar los restos de polvo de las telas de fallera con est\u00e1n hechos nuestros zapatos.<\/div>\n<div>Lo hago cada a\u00f1o al dejar de usarlos y antes de guardarlos en sus cajas, pero siempre puede haber un despiste.<\/div>\n<div>Con un trapo que tengo especialmente para \u00e9sto, lo mojo con el l\u00edquido de tricloroetileno con cuidado de no inhalar y froto la mancha, (con guantes para proteger la piel) y AL AIRE LIBRE siempre.<\/div>\n<div><\/div>\n<div class=\"separator\" style=\"clear: both; text-align: center;\"><a style=\"margin-left: 1em; margin-right: 1em;\" href=\"http:\/\/3.bp.blogspot.com\/-9Ae3RopgySQ\/UyQZ9RA17tI\/AAAAAAAAGOs\/AmzmOURJ-fE\/s1600\/SAM_5882.JPG\"><img decoding=\"async\" loading=\"lazy\" src=\"https:\/\/elcalaixetdelaiaia.es\/wp-content\/uploads\/2014\/03\/SAM_5882.jpg\" width=\"640\" height=\"460\" border=\"0\" \/><\/a><\/div>\n<div><\/div>\n<div style=\"text-align: center;\">Se deja secar y zapatos como nuevos<\/div>\n<div><\/div>\n<div class=\"separator\" style=\"clear: both; text-align: center;\"><a style=\"margin-left: 1em; margin-right: 1em;\" href=\"http:\/\/4.bp.blogspot.com\/-TtFfk8dREBI\/UyQZ90dGH1I\/AAAAAAAAGO0\/FBmMqxD5hwo\/s1600\/SAM_5885.JPG\"><img decoding=\"async\" loading=\"lazy\" src=\"https:\/\/elcalaixetdelaiaia.es\/wp-content\/uploads\/2014\/03\/SAM_5885.jpg\" width=\"640\" height=\"460\" border=\"0\" \/><\/a><\/div>\n<div class=\"separator\" style=\"clear: both;\"><\/div>\n<div class=\"separator\" style=\"clear: both; text-align: center;\">Y ya que toco el tema de zapatos voy a daros un buen consejo que estoy mas que segura agradecer\u00e9is. Para mi, llevar unos zapatos c\u00f3modos aparte de bonitos es primordial, recuerdo una ofrenda con unos zapatos hechos cerca de la Plaza de la Merced, que me hicieron casi desmayarme, al entrar a la plaza de la Virgen del dolor y con los pies en sangre.\u00a1\u00a1\u00a1Nunca mas!!!<\/div>\n<p>La \u00fanica soluci\u00f3n para que unos zapatos no duelan es ir a un buen zapatero y que te los haga a medida, pero no eligiendo un modelo que te vaya bien y haci\u00e9ndolo con la tela elegida por ti, si no, realmente a tu medida y para ti, especialmente. Antes, de \u00e9sto se encargaba Tony, frente al mercado de Ruzafa, pero lamentablemente tuvo que cerrar.<\/p>\n<div class=\"separator\" style=\"clear: both; text-align: center;\"><a style=\"margin-left: 1em; margin-right: 1em;\" href=\"http:\/\/3.bp.blogspot.com\/-U5OmK0BGEDo\/VM8upsaefyI\/AAAAAAAARkE\/nNsfPQ-JiOQ\/s1600\/salva%2Bok.png\"><img decoding=\"async\" loading=\"lazy\" src=\"https:\/\/elcalaixetdelaiaia.es\/wp-content\/uploads\/2014\/03\/salvaok-1.png\" width=\"640\" height=\"378\" border=\"0\" \/><\/a><\/div>\n<div class=\"separator\" style=\"clear: both; text-align: center;\">Curiosamente yo tengo mas de 20 a\u00f1os ya mi zapatero, que es Salva. Recuerdo cuando siendo muy joven ten\u00eda una peque\u00f1a zapater\u00eda frente al ambulatorio y en el que no cab\u00edamos ni dos clientes a la vez, luego Salva se traslad\u00f3 a la calle Olt\u00e1. Aparte de poner tapas, medias suelas y todo tipo de arreglos en zapatos y zapatillas deportivas de las que incluso mi marido usaba para las maratones, Salva comenz\u00f3 a confeccionarme zapatos para eventos, fiestas, bodas&#8230; incluso lleg\u00f3 a hacerme los zapatosy\u00a0 a juego con los zapatos, el bolso para ser madrina en la boda de mi hermano.<br \/>\nCando Tony se vio obligado a cerrar por enfermedad, Salva, que es su sobrino cogi\u00f3 el relevo y ahora es el \u00fanico que se dedica a confeccionar absoluta y TOTALMENTE personalizados, los zapatos de valenciana, fallera y fallero. No dud\u00e9is, el mejor truco para que no duelan es hacer una visita a Salva, que os atender\u00e1 encantado y quedar\u00e9is muy content@s.<\/div>\n<p>Aqu\u00ed teneis el link de su web y podr\u00e9is ver como se hacen los zapatos a medida<br \/>\n<a href=\"http:\/\/www.calzadosdefallera-salva.es\/\">http:\/\/www.calzadosdefallera-salva.es\/<\/a><\/p>\n<div>Bueno y siguiendo con la limpieza, lo mismo ocurre con los bajos del \u00abguardap\u00e9us\u00bb o falda de fallera y valenciana.<\/div>\n<div><\/div>\n<div class=\"separator\" style=\"clear: both; text-align: center;\"><a style=\"margin-left: 1em; margin-right: 1em;\" href=\"http:\/\/1.bp.blogspot.com\/-ju2XWMl8Oug\/UyQaBiICl-I\/AAAAAAAAGPI\/MJ8L3Bu13hw\/s1600\/SAM_5888.JPG\"><img decoding=\"async\" loading=\"lazy\" src=\"https:\/\/elcalaixetdelaiaia.es\/wp-content\/uploads\/2014\/03\/SAM_5888.jpg\" width=\"640\" height=\"480\" border=\"0\" \/><\/a><\/div>\n<div><\/div>\n<div style=\"text-align: center;\">Los roces de los bajo son horrorosos. Con \u00e9ste m\u00e9todo quedan impecables, tanto por fuera, c\u00f3mo por dentro, el ruedo interno<\/div>\n<div><\/div>\n<div class=\"separator\" style=\"clear: both; text-align: center;\"><a style=\"margin-left: 1em; margin-right: 1em;\" href=\"http:\/\/3.bp.blogspot.com\/--k8sXKo17zI\/UyQaCTcL8yI\/AAAAAAAAGPQ\/DEZO_KK3h7U\/s1600\/SAM_5889.JPG\"><img decoding=\"async\" loading=\"lazy\" src=\"https:\/\/elcalaixetdelaiaia.es\/wp-content\/uploads\/2014\/03\/SAM_5889.jpg\" width=\"640\" height=\"480\" border=\"0\" \/><\/a><\/div>\n<div>e incluso la tarlatana, se limpian muy bien, pero cuidado con los hilos met\u00e1licos, aunque como veis, yo no he tenido nunca problema.<\/div>\n<div>Aparte de en los trajes de valenciana y valenciano tambi\u00e9n sirve para eliminar cualquier mancha de la ropa en trajes de traje de calle, o de fiesta. Pero recordar tomar las precauciones adecuadas, ya que puede resultar peligroso, manejarlo siempre AL AIRE LIBRE.<\/div>\n<div><\/div>\n<div>Lo podr\u00e9is encontrar en droguer\u00edas. Yo lo compro en Civera Bellas Artes en la calle Pascual y Gen\u00eds n\u00ba 24 esquina con la calle Col\u00f3n, de Valencia.<\/div>\n<div><\/div>\n<div>Pensaba poneros trucos para \u00e9stos d\u00edas, pero estoy desbordada de trabajo y me faltan horas as\u00ed que me es imposible subir todo lo que ten\u00eda pensado, lo siento, intentar\u00e9 buscar alg\u00fan hueco.<\/div>\n<div>\n<p>Un saludo de; iaia Maimen<\/p>\n<div>Si os gusta mi truco, pod\u00e9is compartirlo para que llegue a m\u00e1s gente.<\/div>\n<div>\n<div>\n<p>Recomiendo a quienes est\u00e9is interesados en saber cual es la autentica indumentaria valenciana varios libros como son;<\/p>\n<p>(seguro que olvido algunos mas, y todos recomendables)<\/p>\n<p>-\u00abSeda, Oro y Plata en Valencia\u00bb, Gar\u00edn, 258 a\u00f1os. (Libro de Gar\u00edn)<br \/>\n-\u00abIndumentaria Valenciana Siglos XVIII-XIX, De dentro afuera, De arriba abajo\u00bb, M\u00aa Victoria Liceras Ferreres;<br \/>\n-A la moda valenciana. La dona al segle XVIII\u2019, Salvador Mercado Mach\u00ed<br \/>\n&#8211; Justillos i gipons Paquita Roca i Josep Vidal<br \/>\n&#8211; La moda en la Valencia del siglo XV de Mar\u00eda Purificaci\u00f3n Benito Vidal<\/p>\n<div>&#8211; Faldes, vions i faldilles Inmaculada Puig y Paquita Roca<br \/>\n-Mocadors de pit de Paquita Roca e Imma Puig<br \/>\n&#8211; La nova col-lecci\u00f3 d&#8217;indument\u00e0ria del Museu Etn\u00f2logic- Una visi\u00f3 evolutiva<br \/>\nY como no\u2026os aconsejo encarecidamente las generos\u00edsimas y aclaradoras aportaciones del gran Vicent Ferrandis Mas en;<br \/>\n<a href=\"http:\/\/filadis.blogspot.com.es\/\">http:\/\/filadis.blogspot.com.es\/<\/a> y<br \/>\n<a href=\"http:\/\/www.calameo.com\/subscriptions\/1077466\">http:\/\/www.calameo.com\/subscriptions\/1077466<\/a><br \/>\ny \u00e9ste art\u00edculo;<a href=\"http:\/\/www.levante-emv.com\/valencia\/2011\/03\/24\/investigadores-afirman-moda-desvirtuado-traje-valenciana\/792866.html\">http:\/\/www.levante-emv.com\/valencia\/2011\/03\/24\/investigadores-afirman-moda-desvirtuado-traje-valenciana\/792866.html<\/a>,<\/div>\n<p>donde podr\u00e9is encontrar toda la informaci\u00f3n.<\/p>\n<div>\n<div>\n<div>\u00abPer a saber festejar, ning\u00fa com els de la Vall, que es possen capa i sombrero i\u00a0es muden de dalt a baix\u00bb.\u00bb<\/div>\n<\/div>\n<div>\u00abArrima&#8217;t cap ac\u00ed, que este capot \u00e9s estret,que no em diga ta mare que per mi has patit fred\u00bb<\/div>\n<div>\u00abDe les ales d\u2019un mosquit \u00a0en tinc que fer una capa, i\u00a0de les ratalladures;\u00a0Jupa, jupet\u00ed i casaca\u00bb<\/div>\n<div>\u00abQui t\u00e9 capa es tapa, i qui t\u00e9 capot\u00a0si pot.\u00bb<\/div>\n<div>\n<div>\u00abPer calor no deixes la capa,\u00a0Ni per fred la carabassa\u00bb<\/div>\n<div><\/div>\n<div>Si te gusta \u00e9ste post, puedes compartirlo para que llegue a m\u00e1s gente. No pretendo molestar ni ofender a nadie, cada cual es muy libre de vestir como quiera, solo comparto lo que he aprendido y que cada cual decida como hacerlo pero eso si, por favor, de \u00abfallera\u00bb o tradicional, pero sin disfraces, no estropeemos m\u00e1s nuestra tan da\u00f1ada y manipulada indumentaria.<\/div>\n<div>Si te gusta \u00e9sta entrada puedes\u00a0 compartir con tus amigos. Gracias.<\/div>\n<\/div>\n<\/div>\n<\/div>\n<div>\n<div>Recuerda que tambi\u00e9n estoy en Facebook\u00a0 <a href=\"https:\/\/www.facebook.com\/El-calaixet-de-la-iaia-533062140099386\/\">https:\/\/www.facebook.com\/El-calaixet-de-la-iaia-533062140099386\/<\/a><\/div>\n<\/div>\n<\/div>\n<p>Espero vuestros comentarios que para mi son MUY importantes y recordad que tambi\u00e9n estoy en Facebook <a href=\"https:\/\/www.facebook.com\/El-calaixet-de-la-iaia-533062140099386\/\">https:\/\/www.facebook.com\/El-calaixet-de-la-iaia-533062140099386\/<\/a><\/p>\n<p>\u00abLa soluci\u00f3 a l&#8217;endivinalla es LA SABATA\u00bb<\/p>\n<\/div>\n<div>La soluci\u00f3n a la adivinanza es EL ZAPATO.<\/div>\n<div><\/div>\n<div>Edito esta entrada porque me han informado que ya no venden el Tricloroetileno en Civera, pero lo he encontrado por internet, la botella cuesta 29\u20ac y seguramente en antiguas droguer\u00edas tambi\u00e9n se pueda encontrar.<\/div>\n<\/div>\n","protected":false},"excerpt":{"rendered":"<p>\u00abEndivinalla; Plora de jove i riu de vella; no est\u00e0 casada i t\u00e9 parella\u00bb Adivinanza; Llora de joven y r\u00ede de vieja, no est\u00e1 casada y tiene pareja. \u00bfque es? Ai mareeeee, que tenemos aqu\u00ed las fallas y de repente nos damos cuenta de que nuestros zapatos tienen restos de &hellip; <\/p>\n","protected":false},"author":2,"featured_media":11914,"comment_status":"open","ping_status":"open","sticky":false,"template":"","format":"standard","meta":[],"categories":[78,1,95],"tags":[],"_links":{"self":[{"href":"https:\/\/elcalaixetdelaiaia.es\/index.php?rest_route=\/wp\/v2\/posts\/986"}],"collection":[{"href":"https:\/\/elcalaixetdelaiaia.es\/index.php?rest_route=\/wp\/v2\/posts"}],"about":[{"href":"https:\/\/elcalaixetdelaiaia.es\/index.php?rest_route=\/wp\/v2\/types\/post"}],"author":[{"embeddable":true,"href":"https:\/\/elcalaixetdelaiaia.es\/index.php?rest_route=\/wp\/v2\/users\/2"}],"replies":[{"embeddable":true,"href":"https:\/\/elcalaixetdelaiaia.es\/index.php?rest_route=%2Fwp%2Fv2%2Fcomments&post=986"}],"version-history":[{"count":26,"href":"https:\/\/elcalaixetdelaiaia.es\/index.php?rest_route=\/wp\/v2\/posts\/986\/revisions"}],"predecessor-version":[{"id":29182,"href":"https:\/\/elcalaixetdelaiaia.es\/index.php?rest_route=\/wp\/v2\/posts\/986\/revisions\/29182"}],"wp:featuredmedia":[{"embeddable":true,"href":"https:\/\/elcalaixetdelaiaia.es\/index.php?rest_route=\/wp\/v2\/media\/11914"}],"wp:attachment":[{"href":"https:\/\/elcalaixetdelaiaia.es\/index.php?rest_route=%2Fwp%2Fv2%2Fmedia&parent=986"}],"wp:term":[{"taxonomy":"category","embeddable":true,"href":"https:\/\/elcalaixetdelaiaia.es\/index.php?rest_route=%2Fwp%2Fv2%2Fcategories&post=986"},{"taxonomy":"post_tag","embeddable":true,"href":"https:\/\/elcalaixetdelaiaia.es\/index.php?rest_route=%2Fwp%2Fv2%2Ftags&post=986"}],"curies":[{"name":"wp","href":"https:\/\/api.w.org\/{rel}","templated":true}]}}