{"id":974,"date":"2014-03-23T09:17:00","date_gmt":"2014-03-23T09:17:00","guid":{"rendered":"http:\/\/elcalaixetdelaiaia.es\/lubina-la-espalda"},"modified":"2020-03-25T20:29:06","modified_gmt":"2020-03-25T20:29:06","slug":"lubina-la-espalda","status":"publish","type":"post","link":"https:\/\/elcalaixetdelaiaia.es\/?p=974","title":{"rendered":"Lubina a la espalda paso a paso foto a foto"},"content":{"rendered":"<p>\u00abRefrany;<br \/>\nQui menja peix i beu aigua no t\u00e9 la vida llarga\u00bbQui\u00e9n como pescado y bebe agua no tiene la vida larga<\/p>\n<p>Una receta muy tradicional para deleitarnos con una de las reinas de la pescader\u00eda LA LUBINA, con una carne y un sabor delicado e incomparable, una receta f\u00e1cil, r\u00e1pida y sencilla para disfrutar \u00e9ste pescado en todo su esplendor.<\/p>\n<div class=\"separator\" style=\"clear: both; text-align: center;\"><a style=\"margin-left: 1em; margin-right: 1em;\" href=\"http:\/\/4.bp.blogspot.com\/-eP7NOrg2n0E\/Uy6hytyJI1I\/AAAAAAAAGkI\/YjJhpukzJ_Q\/s1600\/IMG_0156.JPG\"><img decoding=\"async\" loading=\"lazy\" src=\"https:\/\/elcalaixetdelaiaia.es\/wp-content\/uploads\/2014\/03\/IMG_0156.jpg\" width=\"640\" height=\"426\" border=\"0\" \/><\/a><\/div>\n<p>Necesitaremos;<\/p>\n<div class=\"separator\" style=\"clear: both; text-align: center;\"><a style=\"margin-left: 1em; margin-right: 1em;\" href=\"http:\/\/2.bp.blogspot.com\/-y4I8xwRzHos\/Uy6hrRmok0I\/AAAAAAAAGi4\/MRZ4itin2Do\/s1600\/IMG_0144.JPG\"><img decoding=\"async\" loading=\"lazy\" src=\"https:\/\/elcalaixetdelaiaia.es\/wp-content\/uploads\/2014\/03\/IMG_0144.jpg\" width=\"640\" height=\"426\" border=\"0\" \/><\/a><\/div>\n<div class=\"separator\" style=\"clear: both; text-align: center;\"><\/div>\n<div class=\"separator\" style=\"clear: both; text-align: center;\"><a style=\"margin-left: 1em; margin-right: 1em;\" href=\"http:\/\/3.bp.blogspot.com\/-g04Z_S9FXYs\/Uy6htqdODJI\/AAAAAAAAGjM\/sKyZBX2hpIA\/s1600\/IMG_0150.JPG\"><img decoding=\"async\" loading=\"lazy\" src=\"https:\/\/elcalaixetdelaiaia.es\/wp-content\/uploads\/2014\/03\/IMG_0150.jpg\" width=\"426\" height=\"640\" border=\"0\" \/><\/a><\/div>\n<div class=\"separator\" style=\"clear: both; text-align: center;\"><\/div>\n<p>&nbsp;<\/p>\n<ol>\n<li>Una lubina de raci\u00f3n por persona<\/li>\n<li>Aceite de oliva<\/li>\n<li>Unos dientes de ajo<\/li>\n<li>Piment\u00f3n de la Vera<\/li>\n<li>Un vasito de vino blanco<\/li>\n<li>Unas hojas de laurel<\/li>\n<li>El zumo de un lim\u00f3n<\/li>\n<li>Sal<\/li>\n<\/ol>\n<div><\/div>\n<div class=\"separator\" style=\"clear: both; text-align: center;\"><a style=\"margin-left: 1em; margin-right: 1em;\" href=\"http:\/\/3.bp.blogspot.com\/-0ggcAkSqGq4\/Uy6hrjSAy5I\/AAAAAAAAGi8\/hyo8hMEISoc\/s1600\/IMG_0147.JPG\"><img decoding=\"async\" loading=\"lazy\" src=\"https:\/\/elcalaixetdelaiaia.es\/wp-content\/uploads\/2014\/03\/IMG_0147.jpg\" width=\"640\" height=\"426\" border=\"0\" \/><\/a><\/div>\n<div><\/div>\n<div>En la pescaderia pedimos que nos quiten la espina central y la abran para hacer a la espalda. Las enjuagamos y las colocamos con la piel hacia abajo en una bandeja apta para horno. Precalentamos el horno a 180\u00ba<\/div>\n<div>\n<div class=\"separator\" style=\"clear: both; text-align: center;\"><a style=\"margin-left: 1em; margin-right: 1em;\" href=\"http:\/\/1.bp.blogspot.com\/-9USXk6rQ6L4\/VLjbyjJKwFI\/AAAAAAAAQfw\/iemUv_Tn-wE\/s1600\/lubina.JPG\"><img decoding=\"async\" loading=\"lazy\" src=\"https:\/\/elcalaixetdelaiaia.es\/wp-content\/uploads\/2014\/03\/lubina.jpg\" width=\"640\" height=\"426\" border=\"0\" \/><\/a><\/div>\n<\/div>\n<div class=\"separator\" style=\"clear: both; text-align: center;\"><\/div>\n<div class=\"separator\" style=\"clear: both; text-align: center;\"><\/div>\n<div class=\"separator\" style=\"clear: both; text-align: center;\"><\/div>\n<div><\/div>\n<div><\/div>\n<div>aderezamos las lubinas con el zumo del lim\u00f3n, el vaso de vino blanco , el laurel y la sal<\/div>\n<div><\/div>\n<div class=\"separator\" style=\"clear: both; text-align: center;\"><a style=\"margin-left: 1em; margin-right: 1em;\" href=\"http:\/\/4.bp.blogspot.com\/-2P7k9abnsec\/Uy6kVkKjhqI\/AAAAAAAAGko\/eKQfOtAYjg4\/s1600\/IMGP8201.JPG\"><img decoding=\"async\" loading=\"lazy\" src=\"https:\/\/elcalaixetdelaiaia.es\/wp-content\/uploads\/2014\/03\/IMGP8201-1.jpg\" width=\"480\" height=\"640\" border=\"0\" \/><\/a><\/div>\n<div><\/div>\n<div>y al horno que tendremos a 180\u00ba a media altura durante solo 15 minutos.<\/div>\n<div>Mientras prepararemos el sofrito que a\u00f1adiremos cuando est\u00e9 listo el pescado para sacar a la mesa<\/div>\n<div><\/div>\n<div class=\"separator\" style=\"clear: both; text-align: center;\"><a style=\"margin-left: 1em; margin-right: 1em;\" href=\"http:\/\/1.bp.blogspot.com\/-SFX-5WFWlMY\/Uy6huh0F72I\/AAAAAAAAGjY\/UyiimDlCIQo\/s1600\/IMG_0149.JPG\"><img decoding=\"async\" loading=\"lazy\" src=\"https:\/\/elcalaixetdelaiaia.es\/wp-content\/uploads\/2014\/03\/IMG_0149.jpg\" width=\"640\" height=\"426\" border=\"0\" \/><\/a><\/div>\n<div><\/div>\n<div>pondremos a calentar el aceite de oliva<\/div>\n<div><\/div>\n<div class=\"separator\" style=\"clear: both; text-align: center;\"><a style=\"margin-left: 1em; margin-right: 1em;\" href=\"http:\/\/3.bp.blogspot.com\/-wKbik-1t5pE\/Uy6hsdVdJzI\/AAAAAAAAGjE\/73sDh758sY8\/s1600\/IMG_0148.JPG\"><img decoding=\"async\" loading=\"lazy\" src=\"https:\/\/elcalaixetdelaiaia.es\/wp-content\/uploads\/2014\/03\/IMG_0148.jpg\" width=\"640\" height=\"426\" border=\"0\" \/><\/a><\/div>\n<div><\/div>\n<div>pelamos y laminamos unos dientes de ajo, seg\u00fan las raciones de lubina que estamos horneando y lo picante que nos guste<\/div>\n<div><\/div>\n<div class=\"separator\" style=\"clear: both; text-align: center;\"><a style=\"margin-left: 1em; margin-right: 1em;\" href=\"http:\/\/1.bp.blogspot.com\/-0WE5E9dXA84\/Uy6hvDKsKoI\/AAAAAAAAGjg\/2-y_lcN6MOk\/s1600\/IMG_0152.JPG\"><img decoding=\"async\" loading=\"lazy\" src=\"https:\/\/elcalaixetdelaiaia.es\/wp-content\/uploads\/2014\/03\/IMG_0152.jpg\" width=\"640\" height=\"426\" border=\"0\" \/><\/a><\/div>\n<div class=\"separator\" style=\"clear: both; text-align: center;\"><\/div>\n<div class=\"separator\" style=\"clear: both; text-align: center;\">y los pondremos a dorar a fuego suave porque no han de quedar muy hechos<\/div>\n<div class=\"separator\" style=\"clear: both; text-align: center;\"><\/div>\n<div class=\"separator\" style=\"clear: both; text-align: center;\"><a style=\"margin-left: 1em; margin-right: 1em;\" href=\"http:\/\/3.bp.blogspot.com\/-pBh0-YnR0vI\/Uy6hv36f6vI\/AAAAAAAAGjs\/wg29On-GrGw\/s1600\/IMG_0153.JPG\"><img decoding=\"async\" loading=\"lazy\" src=\"https:\/\/elcalaixetdelaiaia.es\/wp-content\/uploads\/2014\/03\/IMG_0153.jpg\" width=\"640\" height=\"426\" border=\"0\" \/><\/a><\/div>\n<div class=\"separator\" style=\"clear: both; text-align: center;\"><\/div>\n<div>cuando empiezan a dorarse, a\u00f1adir el piment\u00f3n de la Vera<\/div>\n<div><\/div>\n<div class=\"separator\" style=\"clear: both; text-align: center;\"><a style=\"margin-left: 1em; margin-right: 1em;\" href=\"http:\/\/1.bp.blogspot.com\/-I-0KCBmUWHw\/Uy6hwufaOFI\/AAAAAAAAGj0\/Sf3JMFExq0o\/s1600\/IMG_0154.JPG\"><img decoding=\"async\" loading=\"lazy\" src=\"https:\/\/elcalaixetdelaiaia.es\/wp-content\/uploads\/2014\/03\/IMG_0154.jpg\" width=\"640\" height=\"426\" border=\"0\" \/><\/a><\/div>\n<div><\/div>\n<div>y dar unas vueltas teniendo mucho cuidado que ni se queme el piment\u00f3n ni los ajos ya que ambos amargar\u00edan y nos estropear\u00edan el plato<\/div>\n<div><\/div>\n<div class=\"separator\" style=\"clear: both; text-align: center;\"><a style=\"margin-left: 1em; margin-right: 1em;\" href=\"http:\/\/3.bp.blogspot.com\/-9ZhW7w6yG7s\/Uy6hxzWbxpI\/AAAAAAAAGkA\/CagFyD3uCpg\/s1600\/IMG_0155.JPG\"><img decoding=\"async\" loading=\"lazy\" src=\"https:\/\/elcalaixetdelaiaia.es\/wp-content\/uploads\/2014\/03\/IMG_0155.jpg\" width=\"640\" height=\"426\" border=\"0\" \/><\/a><\/div>\n<div><\/div>\n<div>sacamos el pescado del horno, emplatamos y echamos el sofrito por encima<\/div>\n<div><\/div>\n<div class=\"separator\" style=\"clear: both; text-align: center;\"><a style=\"margin-left: 1em; margin-right: 1em;\" href=\"http:\/\/2.bp.blogspot.com\/-O6J9rt2U8P0\/Uy6hyxrmkdI\/AAAAAAAAGkM\/QfyT3j6DHUI\/s1600\/IMG_0157.JPG\"><img decoding=\"async\" loading=\"lazy\" src=\"https:\/\/elcalaixetdelaiaia.es\/wp-content\/uploads\/2014\/03\/IMG_0157.jpg\" width=\"640\" height=\"430\" border=\"0\" \/><\/a><\/div>\n<div><\/div>\n<div>\u00bb a la taula i&#8230;BON PROFIT\u00bb<\/div>\n<div>Si te gusta mi receta, puedes compartirla para que llegue a m\u00e1s gente.<br \/>\nEspero tus comentarios y recuerda que tambi\u00e9n estoy en Facebook\u00a0<a href=\"https:\/\/www.facebook.com\/El-calaixet-de-la-iaia-533062140099386\/\">https:\/\/www.facebook.com\/El-calaixet-de-la-iaia-533062140099386\/<\/a><\/div>\n<div><\/div>\n","protected":false},"excerpt":{"rendered":"<p>\u00abRefrany; Qui menja peix i beu aigua no t\u00e9 la vida llarga\u00bbQui\u00e9n como pescado y bebe agua no tiene la vida larga Una receta muy tradicional para deleitarnos con una de las reinas de la pescader\u00eda LA LUBINA, con una carne y un sabor delicado e incomparable, una receta f\u00e1cil, &hellip; <\/p>\n","protected":false},"author":2,"featured_media":11606,"comment_status":"open","ping_status":"open","sticky":false,"template":"","format":"standard","meta":[],"categories":[37,1],"tags":[],"_links":{"self":[{"href":"https:\/\/elcalaixetdelaiaia.es\/index.php?rest_route=\/wp\/v2\/posts\/974"}],"collection":[{"href":"https:\/\/elcalaixetdelaiaia.es\/index.php?rest_route=\/wp\/v2\/posts"}],"about":[{"href":"https:\/\/elcalaixetdelaiaia.es\/index.php?rest_route=\/wp\/v2\/types\/post"}],"author":[{"embeddable":true,"href":"https:\/\/elcalaixetdelaiaia.es\/index.php?rest_route=\/wp\/v2\/users\/2"}],"replies":[{"embeddable":true,"href":"https:\/\/elcalaixetdelaiaia.es\/index.php?rest_route=%2Fwp%2Fv2%2Fcomments&post=974"}],"version-history":[{"count":2,"href":"https:\/\/elcalaixetdelaiaia.es\/index.php?rest_route=\/wp\/v2\/posts\/974\/revisions"}],"predecessor-version":[{"id":20976,"href":"https:\/\/elcalaixetdelaiaia.es\/index.php?rest_route=\/wp\/v2\/posts\/974\/revisions\/20976"}],"wp:featuredmedia":[{"embeddable":true,"href":"https:\/\/elcalaixetdelaiaia.es\/index.php?rest_route=\/wp\/v2\/media\/11606"}],"wp:attachment":[{"href":"https:\/\/elcalaixetdelaiaia.es\/index.php?rest_route=%2Fwp%2Fv2%2Fmedia&parent=974"}],"wp:term":[{"taxonomy":"category","embeddable":true,"href":"https:\/\/elcalaixetdelaiaia.es\/index.php?rest_route=%2Fwp%2Fv2%2Fcategories&post=974"},{"taxonomy":"post_tag","embeddable":true,"href":"https:\/\/elcalaixetdelaiaia.es\/index.php?rest_route=%2Fwp%2Fv2%2Ftags&post=974"}],"curies":[{"name":"wp","href":"https:\/\/api.w.org\/{rel}","templated":true}]}}