{"id":970,"date":"2014-03-24T18:38:00","date_gmt":"2014-03-24T18:38:00","guid":{"rendered":"http:\/\/elcalaixetdelaiaia.es\/bizcocho-de-calabaza-y-frutos-secos"},"modified":"2024-03-27T16:40:17","modified_gmt":"2024-03-27T16:40:17","slug":"bizcocho-de-calabaza-y-frutos-secos","status":"publish","type":"post","link":"https:\/\/elcalaixetdelaiaia.es\/?p=970","title":{"rendered":"Bizcocho de calabaza y frutos secos paso a paso foto a foto"},"content":{"rendered":"<div>\u00abRefrany;Carabassa m&#8217;han donat i l&#8217;he presa per mel\u00f3: m\u00e9s m&#8217;estime carabassa que tocar el viol\u00f3\u00bb. Calabaza me han dado y la he tomado por mel\u00f3n, mas me estimo calabaza que tocar el viol\u00f3n.<\/div>\n<p>Si los ni\u00f1os no quieren comer vegetales, hemos de ingeni\u00e1rnoslas para que lo hagan aunque sea \u00aba escondidas\u00bb, \u00e9ste bizcocho es un buen truco para que coman calabaza y frutos secos. A los mayores, les encanta. La calabaza\u00a0elimina l\u00edquidos retenidos y regula el az\u00facar de la sangre, desapareciendo as\u00ed, la ansiedad frente al dulce.<br \/>\nEstimula la funci\u00f3n del p\u00e1ncreas ayudando a regular los niveles de az\u00facar en la sangre y su elevado contenido en betacaroteno y alfacaroteno, disminuyen el riesgo frente al c\u00e1ncer de pr\u00f3stata y enfermedades cardiacas.<br \/>\nEs laxante y un buen desintoxicante del cuerpo; ayuda a fortalecer el sistema inmunitario por su riqueza en antioxidantes y colabora en la eliminaci\u00f3n de mucosidades en los pulmones, bronquios y garganta.<br \/>\nCoadyudante en el tratamiento de las cataratas ya que esos pacientes suelen presentar bajos niveles de beta y alfacarotenos&#8230;\u00a1toma ya! &#8230; a comer calabazas \ud83d\ude09<\/p>\n<div>\n<div class=\"separator\" style=\"clear: both; text-align: center;\"><a style=\"margin-left: 1em; margin-right: 1em;\" href=\"http:\/\/4.bp.blogspot.com\/-p7O2zCPGqFg\/UzB2oQsosvI\/AAAAAAAAGtw\/qf-VqTLRADc\/s1600\/SAM_0206.JPG\"><img decoding=\"async\" loading=\"lazy\" src=\"https:\/\/elcalaixetdelaiaia.es\/wp-content\/uploads\/2014\/03\/SAM_0206.jpg\" width=\"481\" height=\"640\" border=\"0\" \/><\/a><\/div>\n<p>En casa, a mi padre y a mi marido se les ponen los ojos como platos en cuanto huelen la calabaza as\u00e1ndose en el horno, les gusta much\u00edsimo a los dos&#8230; cocinada de todas formas conocidas, incluso con arroz.<br \/>\nComo \u00e9sta noche regresa mi papi de un viaje del Imserso, voy a prepararle un bizcocho para darle la bienvenida y ya tiene merienda para ma\u00f1ana.<\/p>\n<p>Necesitaremos;<\/p>\n<div class=\"separator\" style=\"clear: both; text-align: center;\"><a style=\"margin-left: 1em; margin-right: 1em;\" href=\"http:\/\/4.bp.blogspot.com\/-mqrAWvhuqyY\/UzB2IIl5RKI\/AAAAAAAAGqs\/iz6RhawZx-c\/s1600\/SAM_0176.JPG\"><img decoding=\"async\" loading=\"lazy\" src=\"https:\/\/elcalaixetdelaiaia.es\/wp-content\/uploads\/2014\/03\/SAM_0176.jpg\" width=\"480\" height=\"640\" border=\"0\" \/><\/a><\/div>\n<div>\n<ol>\n<li>400 g de az\u00facar<\/li>\n<li>Medio kilo de calabaza una vez asada<\/li>\n<li>Cuatro huevos grandes o cinco medianos<\/li>\n<li>400 g de harina<\/li>\n<li>175 ml de aceite de oliva<\/li>\n<li>4 sobres de gasificante blancos<\/li>\n<li>4 sobres de gasificante azul<\/li>\n<li>Canela molida<\/li>\n<li>Clavo molido<\/li>\n<li>Un pu\u00f1adito de pasas<\/li>\n<li>Un pu\u00f1adito de nueces<\/li>\n<li>Un pu\u00f1adito de almendras<\/li>\n<li>Un poco de mantequilla para engrasar el molde<\/li>\n<\/ol>\n<div class=\"separator\" style=\"clear: both; text-align: center;\"><a style=\"margin-left: 1em; margin-right: 1em;\" href=\"http:\/\/4.bp.blogspot.com\/-BRc2Zk-6umA\/UzB2U2AyXQI\/AAAAAAAAGro\/HXqzk48E6fQ\/s1600\/SAM_0185.JPG\"><img decoding=\"async\" loading=\"lazy\" src=\"https:\/\/elcalaixetdelaiaia.es\/wp-content\/uploads\/2014\/03\/SAM_0185.jpg\" width=\"480\" height=\"640\" border=\"0\" \/><\/a><\/div>\n<div>\n<div><\/div>\n<div style=\"text-align: center;\">Empezaremos poniendo a macerar las pasas en licor. Yo voy a utilizar un vino de consagrar de Tor\u00eds, que me regal\u00f3 mi prima Lola y que guardo como oro en pa\u00f1o.<\/div>\n<div><\/div>\n<\/div>\n<div>\n<div class=\"separator\" style=\"clear: both; text-align: center;\"><a style=\"margin-left: 1em; margin-right: 1em;\" href=\"http:\/\/1.bp.blogspot.com\/-EugjFbuscjU\/UzB2Jm_dw7I\/AAAAAAAAGqw\/HGFR7PObl9w\/s1600\/SAM_0178.JPG\"><img decoding=\"async\" loading=\"lazy\" src=\"https:\/\/elcalaixetdelaiaia.es\/wp-content\/uploads\/2014\/03\/SAM_0178.jpg\" width=\"640\" height=\"486\" border=\"0\" \/><\/a><\/div>\n<\/div>\n<div>\n<div><\/div>\n<div style=\"text-align: center;\">Seguiremos por poner a asar la calabaza, parti\u00e9ndola por la mitad, id con extremo cuidado que es muy dura sobretodo si es calabaza \u00abde cacahuet\u00bby es f\u00e1cil cortarse, peeeero, tengo un s\u00fapertrucazo que facilita cortarla, de una manera IMPRESIONANTE simplemente la lavamos, y la ponemos entera en el microondas a m\u00e1xima potencia, durante 3 minutos. Esta acci\u00f3n no afecta en absoluto a la calidad de la calabaza, solo la habla da lo necesario para poder cortarla sin el m\u00ednimo problema, ni resistencia.<\/div>\n<div class=\"separator\" style=\"clear: both; text-align: center;\"><a style=\"margin-left: 1em; margin-right: 1em;\" href=\"http:\/\/1.bp.blogspot.com\/-UXOYVLt-ess\/UzB2PDDqe-I\/AAAAAAAAGq8\/cHirWrt4UvE\/s1600\/SAM_0179.JPG\"><img decoding=\"async\" loading=\"lazy\" src=\"https:\/\/elcalaixetdelaiaia.es\/wp-content\/uploads\/2014\/03\/SAM_0179.jpg\" width=\"640\" height=\"430\" border=\"0\" \/><\/a><\/div>\n<\/div>\n<div>\n<div style=\"text-align: center;\">La pondremos en una bandeja bara hornear a 180\u00ba durante media hora a media altura, procurando poner en el fondo del horno un recipiente apropiado para el mismo, con 250 ml de agua aproximadamente. A los 10 minutos la espolvoreo con un poco de az\u00facar porque la calabaza alargada o de pera, no es tan dulce como la redonda.<\/div>\n<\/div>\n<div>\n<div class=\"separator\" style=\"clear: both; text-align: center;\"><a style=\"margin-left: 1em; margin-right: 1em;\" href=\"http:\/\/4.bp.blogspot.com\/-dNiNs0y8P6Q\/UzB2H3O7S2I\/AAAAAAAAGqY\/QmLICiGgCqY\/s1600\/SAM_0174.JPG\"><img decoding=\"async\" loading=\"lazy\" src=\"https:\/\/elcalaixetdelaiaia.es\/wp-content\/uploads\/2014\/03\/SAM_0174.jpg\" width=\"478\" height=\"640\" border=\"0\" \/><\/a><\/div>\n<\/div>\n<div>\n<div style=\"text-align: center;\">Picaremos los frutos secos, bien con la picadora<\/div>\n<div class=\"separator\" style=\"clear: both; text-align: center;\"><a style=\"margin-left: 1em; margin-right: 1em;\" href=\"http:\/\/1.bp.blogspot.com\/-HeBCr6qH5mc\/UzB2IdG7HKI\/AAAAAAAAGqo\/hkd32KYimX8\/s1600\/SAM_0175.JPG\"><img decoding=\"async\" loading=\"lazy\" src=\"https:\/\/elcalaixetdelaiaia.es\/wp-content\/uploads\/2014\/03\/SAM_0175.jpg\" width=\"640\" height=\"480\" border=\"0\" \/><\/a><\/div>\n<div style=\"text-align: center;\">o si os gustan mas grandes, con el mortero y reservamos<\/div>\n<\/div>\n<div>\n<div class=\"separator\" style=\"clear: both; text-align: center;\"><a style=\"margin-left: 1em; margin-right: 1em;\" href=\"http:\/\/4.bp.blogspot.com\/-y6tdvP_KApc\/UzB2PhAy7PI\/AAAAAAAAGrE\/Bxue4XyYzCs\/s1600\/SAM_0180.JPG\"><img decoding=\"async\" loading=\"lazy\" src=\"https:\/\/elcalaixetdelaiaia.es\/wp-content\/uploads\/2014\/03\/SAM_0180.jpg\" width=\"640\" height=\"480\" border=\"0\" \/><\/a><\/div>\n<\/div>\n<div>\n<div style=\"text-align: center;\">Una vez asada la calabaza, con una cuchara<\/div>\n<div class=\"separator\" style=\"clear: both; text-align: center;\"><a style=\"margin-left: 1em; margin-right: 1em;\" href=\"http:\/\/2.bp.blogspot.com\/-61q0rmi0vFI\/UzB2P3ZvckI\/AAAAAAAAGrM\/PWd-nj1vrSQ\/s1600\/SAM_0181.JPG\"><img decoding=\"async\" loading=\"lazy\" src=\"https:\/\/elcalaixetdelaiaia.es\/wp-content\/uploads\/2014\/03\/SAM_0181.jpg\" width=\"640\" height=\"480\" border=\"0\" \/><\/a><\/div>\n<div class=\"separator\" style=\"clear: both; text-align: center;\">\u00a0le quitamos las pepitas y dejamos la piel.<\/div>\n<div class=\"separator\" style=\"clear: both; text-align: center;\"><a style=\"margin-left: 1em; margin-right: 1em;\" href=\"http:\/\/2.bp.blogspot.com\/-6P8QvjIvtaA\/UzB2Q1c15jI\/AAAAAAAAGrQ\/PECJswYsuiM\/s1600\/SAM_0182.JPG\"><img decoding=\"async\" loading=\"lazy\" src=\"https:\/\/elcalaixetdelaiaia.es\/wp-content\/uploads\/2014\/03\/SAM_0182.jpg\" width=\"640\" height=\"480\" border=\"0\" \/><\/a><\/div>\n<div style=\"text-align: center;\">Como me sobra calabaza la restante, la aprovechar\u00e9 para hacer un ARNAD\u00cd.<\/div>\n<\/div>\n<div>\n<div class=\"separator\" style=\"clear: both; text-align: center;\"><a style=\"margin-left: 1em; margin-right: 1em;\" href=\"http:\/\/3.bp.blogspot.com\/-ibElMK7YPNA\/UzB2SHdXLiI\/AAAAAAAAGrY\/rE6AQBgIij4\/s1600\/SAM_0183.JPG\"><img decoding=\"async\" loading=\"lazy\" src=\"https:\/\/elcalaixetdelaiaia.es\/wp-content\/uploads\/2014\/03\/SAM_0183.jpg\" width=\"480\" height=\"640\" border=\"0\" \/><\/a><\/div>\n<div style=\"text-align: center;\">no es necesario dejarla enfriar, una vez sin la piel ya podemos proceder a empezar la receta<\/div>\n<div class=\"separator\" style=\"clear: both; text-align: center;\"><a style=\"margin-left: 1em; margin-right: 1em;\" href=\"http:\/\/4.bp.blogspot.com\/-KoDCmU82-6k\/UzB2T4PKd8I\/AAAAAAAAGrg\/lKR9q-2pBNE\/s1600\/SAM_0184.JPG\"><img decoding=\"async\" loading=\"lazy\" src=\"https:\/\/elcalaixetdelaiaia.es\/wp-content\/uploads\/2014\/03\/SAM_0184.jpg\" width=\"640\" height=\"480\" border=\"0\" \/><\/a><\/div>\n<\/div>\n<div>\n<div style=\"text-align: center;\">En un bol, colocamos los 400 g de az\u00facar, (reservando un poquito para espolvorear antes de introducir al horno),<\/div>\n<\/div>\n<div>\n<div class=\"separator\" style=\"clear: both; text-align: center;\"><a style=\"margin-left: 1em; margin-right: 1em;\" href=\"http:\/\/4.bp.blogspot.com\/-hkv_kkCxq4g\/UzB2Vj2S4cI\/AAAAAAAAGr0\/iEtXJK_Sgeg\/s1600\/SAM_0186.JPG\"><img decoding=\"async\" loading=\"lazy\" src=\"https:\/\/elcalaixetdelaiaia.es\/wp-content\/uploads\/2014\/03\/SAM_0186.jpg\" width=\"640\" height=\"480\" border=\"0\" \/><\/a><\/div>\n<div style=\"text-align: center;\">pesaremos el medio kg de calabaza y junto con el az\u00facar los trituramos.<\/div>\n<div class=\"separator\" style=\"clear: both; text-align: center;\"><a style=\"margin-left: 1em; margin-right: 1em;\" href=\"http:\/\/2.bp.blogspot.com\/-7z16XooKzlY\/UzB2WQd0LCI\/AAAAAAAAGr4\/m78YiUz_Wg4\/s1600\/SAM_0187.JPG\"><img decoding=\"async\" loading=\"lazy\" src=\"https:\/\/elcalaixetdelaiaia.es\/wp-content\/uploads\/2014\/03\/SAM_0187.jpg\" width=\"640\" height=\"480\" border=\"0\" \/><\/a><\/div>\n<div style=\"text-align: center;\">a\u00f1adimos los huevos y mezclamos (estos m\u00edos son de gallinas criadas en casa, y cada uno, tiene un tama\u00f1o \ud83d\ude09\u00a0 )<\/div>\n<div class=\"separator\" style=\"clear: both; text-align: center;\"><a style=\"margin-left: 1em; margin-right: 1em;\" href=\"http:\/\/4.bp.blogspot.com\/-LI8tCJEs9_E\/UzB2XWPYxHI\/AAAAAAAAGsA\/0UHmjuTVMLs\/s1600\/SAM_0188.JPG\"><img decoding=\"async\" loading=\"lazy\" src=\"https:\/\/elcalaixetdelaiaia.es\/wp-content\/uploads\/2014\/03\/SAM_0188.jpg\" width=\"640\" height=\"480\" border=\"0\" \/><\/a><\/div>\n<div style=\"text-align: center;\">pesamos los 400 g de harina<\/div>\n<div class=\"separator\" style=\"clear: both; text-align: center;\"><a style=\"margin-left: 1em; margin-right: 1em;\" href=\"http:\/\/2.bp.blogspot.com\/-rjsCcVQ0ta8\/UzB2ZIfuRdI\/AAAAAAAAGsI\/0u4rXCRxMWc\/s1600\/SAM_0189.JPG\"><img decoding=\"async\" loading=\"lazy\" src=\"https:\/\/elcalaixetdelaiaia.es\/wp-content\/uploads\/2014\/03\/SAM_0189.jpg\" width=\"640\" height=\"480\" border=\"0\" \/><\/a><\/div>\n<\/div>\n<div>\n<div style=\"text-align: center;\">Retiramos la batidora y vamos a\u00f1adiendo la harina, si es posible con tamizador para que coja aire y no haga grumos, si no ten\u00e9is tamizador sirve igual un colador, que iremos golpeando con la mano para tamizar la harina. Removeremos con las varillas,<\/div>\n<\/div>\n<div>\n<div class=\"separator\" style=\"clear: both; text-align: center;\"><a style=\"margin-left: 1em; margin-right: 1em;\" href=\"http:\/\/1.bp.blogspot.com\/-qu02aYRsQSk\/UzB2aAZ0M2I\/AAAAAAAAGsQ\/1IMsvH7J9oY\/s1600\/SAM_0190.JPG\"><img decoding=\"async\" loading=\"lazy\" src=\"https:\/\/elcalaixetdelaiaia.es\/wp-content\/uploads\/2014\/03\/SAM_0190.jpg\" width=\"640\" height=\"480\" border=\"0\" \/><\/a><\/div>\n<\/div>\n<div>\n<div style=\"text-align: center;\">y a\u00f1adiremos el aceite removiendo<\/div>\n<\/div>\n<div>\n<div class=\"separator\" style=\"clear: both; text-align: center;\"><a style=\"margin-left: 1em; margin-right: 1em;\" href=\"http:\/\/3.bp.blogspot.com\/-3SoKYM7lGP0\/UzB2c34Rb7I\/AAAAAAAAGsc\/AjJd3_PGkUQ\/s1600\/SAM_0191.JPG\"><img decoding=\"async\" loading=\"lazy\" src=\"https:\/\/elcalaixetdelaiaia.es\/wp-content\/uploads\/2014\/03\/SAM_0191.jpg\" width=\"640\" height=\"480\" border=\"0\" \/><\/a><\/div>\n<\/div>\n<div>\n<div style=\"text-align: center;\">ahora los cuatro sobrecitos blancos, y removemos<\/div>\n<\/div>\n<div>\n<div class=\"separator\" style=\"clear: both; text-align: center;\"><a style=\"margin-left: 1em; margin-right: 1em;\" href=\"http:\/\/4.bp.blogspot.com\/-WQ9gRH5HE7c\/UzB2ds5bedI\/AAAAAAAAGsk\/YZYtqGoGSPg\/s1600\/SAM_0192.JPG\"><img decoding=\"async\" loading=\"lazy\" src=\"https:\/\/elcalaixetdelaiaia.es\/wp-content\/uploads\/2014\/03\/SAM_0192.jpg\" width=\"640\" height=\"480\" border=\"0\" \/><\/a><\/div>\n<\/div>\n<div>\n<div style=\"text-align: center;\">le llega el turno a los sobrecitos azules y de nuevo removeremos con movimientos envolventes<\/div>\n<\/div>\n<div>\n<div class=\"separator\" style=\"clear: both; text-align: center;\"><a style=\"margin-left: 1em; margin-right: 1em;\" href=\"http:\/\/3.bp.blogspot.com\/-aYDNEPgQIxg\/UzB2eB9Mn2I\/AAAAAAAAGso\/Qnx56zj7U5U\/s1600\/SAM_0193.JPG\"><img decoding=\"async\" loading=\"lazy\" src=\"https:\/\/elcalaixetdelaiaia.es\/wp-content\/uploads\/2014\/03\/SAM_0193.jpg\" width=\"640\" height=\"480\" border=\"0\" \/><\/a><\/div>\n<\/div>\n<div>\n<div style=\"text-align: center;\">untaremos con mantequilla un molde y epolvorearemos con harina<\/div>\n<\/div>\n<div>\n<div class=\"separator\" style=\"clear: both; text-align: center;\"><a style=\"margin-left: 1em; margin-right: 1em;\" href=\"http:\/\/1.bp.blogspot.com\/-hfNtJ41knDU\/UzB2fcBHBMI\/AAAAAAAAGsw\/kYFiny9wwDk\/s1600\/SAM_0194.JPG\"><img decoding=\"async\" loading=\"lazy\" src=\"https:\/\/elcalaixetdelaiaia.es\/wp-content\/uploads\/2014\/03\/SAM_0194.jpg\" width=\"640\" height=\"480\" border=\"0\" \/><\/a><\/div>\n<\/div>\n<div>\n<div style=\"text-align: center;\">volcamos la mezcla<\/div>\n<\/div>\n<div>\n<div class=\"separator\" style=\"clear: both; text-align: center;\"><a style=\"margin-left: 1em; margin-right: 1em;\" href=\"http:\/\/1.bp.blogspot.com\/-AUehBb--y5E\/UzB2g-yLI3I\/AAAAAAAAGs4\/nUwx0jFWzZo\/s1600\/SAM_0195.JPG\"><img decoding=\"async\" loading=\"lazy\" src=\"https:\/\/elcalaixetdelaiaia.es\/wp-content\/uploads\/2014\/03\/SAM_0195.jpg\" width=\"640\" height=\"480\" border=\"0\" \/><\/a><\/div>\n<div style=\"text-align: center;\">a\u00f1adimos los frutos secos picados, a mi me gusta que queden en el centro, pero podeis repartirlos mezcl\u00e1ndolos con la masa<\/div>\n<div class=\"separator\" style=\"clear: both; text-align: center;\"><a style=\"margin-left: 1em; margin-right: 1em;\" href=\"http:\/\/1.bp.blogspot.com\/-BmCrW1OMIfs\/UzB2iMwEZbI\/AAAAAAAAGtA\/ByL5QosNW9k\/s1600\/SAM_0196.JPG\"><img decoding=\"async\" loading=\"lazy\" src=\"https:\/\/elcalaixetdelaiaia.es\/wp-content\/uploads\/2014\/03\/SAM_0196.jpg\" width=\"640\" height=\"468\" border=\"0\" \/><\/a><\/div>\n<\/div>\n<div>\n<div style=\"text-align: center;\">las pasas escurridas de la mistela<\/div>\n<\/div>\n<div>\n<div class=\"separator\" style=\"clear: both; text-align: center;\"><a style=\"margin-left: 1em; margin-right: 1em;\" href=\"http:\/\/1.bp.blogspot.com\/-btL2uLou9_E\/UzB2jJ27LNI\/AAAAAAAAGtM\/tLm5JQmlx78\/s1600\/SAM_0197.JPG\"><img decoding=\"async\" loading=\"lazy\" src=\"https:\/\/elcalaixetdelaiaia.es\/wp-content\/uploads\/2014\/03\/SAM_0197.jpg\" width=\"640\" height=\"480\" border=\"0\" \/><\/a><\/div>\n<\/div>\n<div>\n<div style=\"text-align: center;\">\u00a0espolvoreamos con az\u00facar, clavo y canela<\/div>\n<\/div>\n<div>\n<div class=\"separator\" style=\"clear: both; text-align: center;\"><a style=\"margin-left: 1em; margin-right: 1em;\" href=\"http:\/\/3.bp.blogspot.com\/-umJhH7_tGsA\/UzB2kLr3vlI\/AAAAAAAAGtQ\/PlSDcgrF_ss\/s1600\/SAM_0198.JPG\"><img decoding=\"async\" loading=\"lazy\" src=\"https:\/\/elcalaixetdelaiaia.es\/wp-content\/uploads\/2014\/03\/SAM_0198.jpg\" width=\"640\" height=\"480\" border=\"0\" \/><\/a><\/div>\n<\/div>\n<div>\n<div style=\"text-align: center;\">y al horno a media altura aprovechando que estar\u00e1 caliente de haber asado la calabaza y habremos subido la temperatura a 180\u00ba,cada horno funciona de una forma id controlando no se os queme. A los 35 min. abrimos y pinchamos el bizcocho con una palo de brocheta, si sale limpio apagamos el horno y dejamos dentro un ratito con la puerta abierta, en \u00e9ste caso no estaba y lo he dejado diez minutos mas.Pasados unos minutos sacaremos y dejaremos enfriar totalmente<\/div>\n<\/div>\n<div>\n<div class=\"separator\" style=\"clear: both; text-align: center;\"><a style=\"margin-left: 1em; margin-right: 1em;\" href=\"http:\/\/1.bp.blogspot.com\/-iEsjoMorS68\/UzB2lNS6RhI\/AAAAAAAAGtY\/rP5-Llh2oyo\/s1600\/SAM_0199.JPG\"><img decoding=\"async\" loading=\"lazy\" src=\"https:\/\/elcalaixetdelaiaia.es\/wp-content\/uploads\/2014\/03\/SAM_0199.jpg\" width=\"640\" height=\"480\" border=\"0\" \/><\/a><\/div>\n<div style=\"text-align: center;\">desmoldamos<\/div>\n<div class=\"separator\" style=\"clear: both; text-align: center;\"><a style=\"margin-left: 1em; margin-right: 1em;\" href=\"http:\/\/1.bp.blogspot.com\/-qrcb6F8Zfe8\/UzB2m6-danI\/AAAAAAAAGtg\/k_zLh9lzi1s\/s1600\/SAM_0200.JPG\"><img decoding=\"async\" loading=\"lazy\" src=\"https:\/\/elcalaixetdelaiaia.es\/wp-content\/uploads\/2014\/03\/SAM_0200.jpg\" width=\"497\" height=\"640\" border=\"0\" \/><\/a><\/div>\n<div style=\"text-align: center;\">y tras espolvorear con az\u00facar glas<a style=\"margin-left: 1em; margin-right: 1em;\" href=\"http:\/\/2.bp.blogspot.com\/-05TT6jGXJhM\/UzB2niDK4HI\/AAAAAAAAGts\/T8UDwKWkIO8\/s1600\/SAM_0203.JPG\"><img decoding=\"async\" loading=\"lazy\" src=\"https:\/\/elcalaixetdelaiaia.es\/wp-content\/uploads\/2014\/03\/SAM_0203.jpg\" width=\"480\" height=\"640\" border=\"0\" \/><\/a><\/div>\n<\/div>\n<div>\n<div style=\"text-align: center;\">y listo para saborear un rico y sano bizcocho<\/div>\n<\/div>\n<div>\n<div class=\"separator\" style=\"clear: both; text-align: center;\"><a style=\"margin-left: 1em; margin-right: 1em;\" href=\"http:\/\/3.bp.blogspot.com\/-8QejoVH0ELc\/UzB2pAPE4vI\/AAAAAAAAGt4\/Cat-SKgJuMk\/s1600\/SAM_0207.JPG\"><img decoding=\"async\" loading=\"lazy\" src=\"https:\/\/elcalaixetdelaiaia.es\/wp-content\/uploads\/2014\/03\/SAM_0207.jpg\" width=\"492\" height=\"640\" border=\"0\" \/><\/a><\/div>\n<\/div>\n<div>\n<div style=\"text-align: center;\">\u00aba la taula i&#8230; BON PROFIT!!!<\/div>\n<\/div>\n<div>Si la cocin\u00e1is, ser\u00e1 estupendo ver vuestras fotos que publicar\u00e9 con mucho gusto. Cualquier duda&#8230;en comentarios. Gracias por leerme.<\/div>\n<div>\n<div>\n<div style=\"text-align: center;\">Si os gusta mi receta, pod\u00e9is compartirla compartir para que llegue a m\u00e1s gente.<\/div>\n<div style=\"text-align: center;\">Espero vuestro comentarios que para mi son MUY importantes y recordad que tambi\u00e9n estoy en Facebook <a href=\"https:\/\/www.facebook.com\/El-calaixet-de-la-iaia-533062140099386\/\">https:\/\/www.facebook.com\/El-calaixet-de-la-iaia-533062140099386\/<\/a><\/div>\n<\/div>\n<\/div>\n<\/div>\n<\/div>\n","protected":false},"excerpt":{"rendered":"<p>\u00abRefrany;Carabassa m&#8217;han donat i l&#8217;he presa per mel\u00f3: m\u00e9s m&#8217;estime carabassa que tocar el viol\u00f3\u00bb. Calabaza me han dado y la he tomado por mel\u00f3n, mas me estimo calabaza que tocar el viol\u00f3n. Si los ni\u00f1os no quieren comer vegetales, hemos de ingeni\u00e1rnoslas para que lo hagan aunque sea \u00aba &hellip; <\/p>\n","protected":false},"author":2,"featured_media":11546,"comment_status":"open","ping_status":"open","sticky":false,"template":"","format":"standard","meta":[],"categories":[6,1],"tags":[],"_links":{"self":[{"href":"https:\/\/elcalaixetdelaiaia.es\/index.php?rest_route=\/wp\/v2\/posts\/970"}],"collection":[{"href":"https:\/\/elcalaixetdelaiaia.es\/index.php?rest_route=\/wp\/v2\/posts"}],"about":[{"href":"https:\/\/elcalaixetdelaiaia.es\/index.php?rest_route=\/wp\/v2\/types\/post"}],"author":[{"embeddable":true,"href":"https:\/\/elcalaixetdelaiaia.es\/index.php?rest_route=\/wp\/v2\/users\/2"}],"replies":[{"embeddable":true,"href":"https:\/\/elcalaixetdelaiaia.es\/index.php?rest_route=%2Fwp%2Fv2%2Fcomments&post=970"}],"version-history":[{"count":9,"href":"https:\/\/elcalaixetdelaiaia.es\/index.php?rest_route=\/wp\/v2\/posts\/970\/revisions"}],"predecessor-version":[{"id":27341,"href":"https:\/\/elcalaixetdelaiaia.es\/index.php?rest_route=\/wp\/v2\/posts\/970\/revisions\/27341"}],"wp:featuredmedia":[{"embeddable":true,"href":"https:\/\/elcalaixetdelaiaia.es\/index.php?rest_route=\/wp\/v2\/media\/11546"}],"wp:attachment":[{"href":"https:\/\/elcalaixetdelaiaia.es\/index.php?rest_route=%2Fwp%2Fv2%2Fmedia&parent=970"}],"wp:term":[{"taxonomy":"category","embeddable":true,"href":"https:\/\/elcalaixetdelaiaia.es\/index.php?rest_route=%2Fwp%2Fv2%2Fcategories&post=970"},{"taxonomy":"post_tag","embeddable":true,"href":"https:\/\/elcalaixetdelaiaia.es\/index.php?rest_route=%2Fwp%2Fv2%2Ftags&post=970"}],"curies":[{"name":"wp","href":"https:\/\/api.w.org\/{rel}","templated":true}]}}