{"id":969,"date":"2014-03-25T10:21:00","date_gmt":"2014-03-25T10:21:00","guid":{"rendered":"http:\/\/elcalaixetdelaiaia.es\/origen-de-la-fideua"},"modified":"2020-05-19T17:29:50","modified_gmt":"2020-05-19T17:29:50","slug":"origen-de-la-fideua","status":"publish","type":"post","link":"https:\/\/elcalaixetdelaiaia.es\/?p=969","title":{"rendered":"Origen de la fideu\u00e0 valenciana, el verdadero y aut\u00e9ntico"},"content":{"rendered":"<p>\u00abRefrany; A cada u el que seu siga i a robar el que \u00e9s puga\u00bb A cada uno lo que suyo sea y a robar lo que se pueda.<\/p>\n<div><\/div>\n<div>ORIGEN DE LA FIDEU\u00c0<\/div>\n<div>Al C\u00e9sar lo que es del C\u00e9sar.<\/div>\n<div>\n<div><\/div>\n<div class=\"separator\" style=\"clear: both; text-align: center;\"><a style=\"margin-left: 1em; margin-right: 1em;\" href=\"http:\/\/2.bp.blogspot.com\/-GbMIExBXSfA\/UzFWdlFKMJI\/AAAAAAAAGvU\/YIhwIQEqISA\/s1600\/IMG_1082.jpg\"><img decoding=\"async\" loading=\"lazy\" src=\"https:\/\/elcalaixetdelaiaia.es\/wp-content\/uploads\/2014\/03\/IMG_1082.jpg\" width=\"640\" height=\"426\" border=\"0\" \/><\/a><\/div>\n<p>Mis iaios paternos eran de la Safor, al igual que mi padre, mis t\u00edos y mis antepasados paternos , fonters todos, de La Font D&#8217;Encarr\u00f2s, y all\u00ed he pasado todos los veranos de mi infancia y parte de mi juventud. Una maravillosa infancia rodeada de familia &#8230;.<\/p>\n<div class=\"separator\" style=\"clear: both; text-align: center;\"><a style=\"margin-left: 1em; margin-right: 1em;\" href=\"http:\/\/2.bp.blogspot.com\/-c8cgtHXEeD4\/UzFWXNQ5uzI\/AAAAAAAAGuY\/xdxPcIDxFJM\/s1600\/1jpg.jpg\"><img decoding=\"async\" loading=\"lazy\" src=\"https:\/\/elcalaixetdelaiaia.es\/wp-content\/uploads\/2014\/03\/1jpg.jpg\" width=\"640\" height=\"558\" border=\"0\" \/><\/a><\/div>\n<p>&#8230;\u00e9ramos un mont\u00f3n de t\u00edos y primos y hab\u00eda mucho amor, creo que la \u00abllavor\u00bb que plantaron mis iaios y mis padres en mi, para dar tanto protagonismo en la vida a LA FAMILIA, germin\u00f3 sobradamente. Mis recuerdos de las tierras gandienses y de sus gentes son inmejorables, claro que\u00bfcomo va a ser de otra forma si es el tierra de mis antepasados paternos, soy descendiente de La Safor y corre su esencia saforina por mis venas? pues lo mismo que me ocurre con el Grau de Val\u00e8ncia y el Cabanyal&#8230;..<\/p>\n<div class=\"separator\" style=\"clear: both; text-align: center;\"><a style=\"margin-left: 1em; margin-right: 1em;\" href=\"http:\/\/4.bp.blogspot.com\/-4b0K40vEW-8\/UzFXTtaXfKI\/AAAAAAAAGwQ\/MLDnAV--QB8\/s1600\/SAM_3273+modified.jpg\"><img decoding=\"async\" loading=\"lazy\" src=\"https:\/\/elcalaixetdelaiaia.es\/wp-content\/uploads\/2014\/03\/SAM_3273-modified.jpg\" width=\"640\" height=\"458\" border=\"0\" \/><\/a><\/div>\n<div><\/div>\n<p>Siempre me ha hechizado el mar, tengo una amiga que me quiere mucho que dice que yo soy mar, mi marido tambi\u00e9n me lo dice, debe ser que corre por mis venas&#8230;..<\/p>\n<p>Cuando estoy mal o estoy bien si me pierdo, mi gente sabe donde buscarme, junto al mar. SIEMPRE Con fr\u00edo, calor, sol, lluvia, viento&#8230;. la playa ha sido mi lugar de juegos y diversi\u00f3n, la Patacona para mi&#8230;unos de los mejores lugares del mundo, con maravillosos recuerdos de infancia juventud y madurez, aunque tambi\u00e9n las aguas gandienses, y de Oliva, pero las monta\u00f1as del Maro, el sec\u00e1 de Maro fueron grandes protagonistas en mi vida juvenil<\/p>\n<div class=\"separator\" style=\"clear: both; text-align: center;\"><a style=\"margin-left: 1em; margin-right: 1em;\" href=\"http:\/\/2.bp.blogspot.com\/-_jLijhrXr98\/UzFWXGV9gbI\/AAAAAAAAGuU\/9l4kqRql9IA\/s1600\/15.jpg\"><img decoding=\"async\" loading=\"lazy\" src=\"https:\/\/elcalaixetdelaiaia.es\/wp-content\/uploads\/2014\/03\/15.jpg\" width=\"640\" height=\"480\" border=\"0\" \/><\/a><\/div>\n<p>donde pas\u00e1bamos temporadas en verano, en el caseto de cuatro paredes, en el que dorm\u00edamos juntos padres, hijos y niet@s (\u00e9sta es la parte de la fam\u00edlia \u00abIN\u00bb como nos llaman mis hijos, porque casi todos los nombres de mi familia, tienen el diminutivo in, pero la parte de los Pons), en sacos de esparto rellenos de \u00abfulles de garrofera\u00bb que cada a\u00f1o cambi\u00e1bamos al llegar al sec\u00e1, alumbrados por el \u00abcresol\u00bb y las velas y cuyo porche estaba presidido por la\u00bbfiguera\u00bb y el \u00abpou\u00bb, sin luz ni agua corriente, pero libres, sanos y felices. Que divertido era \u00abpouar del pouet\u00bb y desde donde pod\u00edamos divisar incluso las monta\u00f1as de Cullera, rara era la noche que mi iaio Antoniet y mi madre, no nos delitaban con sus maravillosas voces, cant\u00e1ndonos unes \u00abalbaes\u00bb, y los dem\u00e1s, tocando el acorde\u00f3n, sacando notas de la botella de an\u00eds, raspado con un tenedor, las casta\u00f1uelas y los disfraces y los chistes, para acabar la noche escuchando cuentos inventados y contados por mi iaio Antoniet.<\/p>\n<p>\u00danicamente tengo un mal recuerdo de aquel lugar, provocado por unas avispas&#8230;&#8230;. ejem ejem&#8230;..<\/p>\n<p>A veces \u00edbamos a la caseta del alcalde, donde incluso ten\u00eda una fuente con pececitos de colores.<br \/>\nHab\u00eda que subir en el macho, por caminos de herradura y buscando el sombrajo de las garroferas (casi siempre el del t\u00edo Vicent i la t\u00eda Lluisa) poni\u00e9ndo en sus alforjas la comida y cargando en cestos los enseres necesarios, cuando baj\u00e1bamos y las alforjas iban de vac\u00edo nos pon\u00edan en ellas alg\u00fan ratito a los ni\u00f1os mas \u00abxicotets\u00bb, a pi\u00e9 subiendo y bajando las monta\u00f1as por aquellos estrechos camino y cuando lleg\u00e1bamos arriba a la cima, donde estaba el caseto, rodeado de pinos y garroferes, se ve\u00edan\u00a0 hasta las monta\u00f1as de Cullera, por las noches, todas las luces de la costa, desde aquella monta\u00f1a, una preciosidad&#8230;.que recuerdos mas felices.<\/p>\n<div>\u00a0Cuando est\u00e1bamos en el pueblo, mi madre preparaba las fiambreras, aquellas redondas o rectangulares de aluminio y las met\u00eda en la nevera de zinc, forrada con cuadros escoceses rojos y que cerraba con una cremallera, cog\u00edamos La Paloma Gandiense, y nos \u00edbamos a pasar el d\u00eda \u00aba la platja\u00bb, a Piles o Gand\u00eda (cuando ni Gand\u00eda ni su playa era ni por asomo lo que es ahora) hac\u00edamos trasbordo a La Marina Gandiense, para llegar al mar, nuestras favoritas eran la \u00abplatja de Piles y la de Gand\u00eda\u00bb he preguntado a mi padre, para confirmar mis recuerdos, y sobretodo los recuerdos que tengo que se han contado en casa sobre el origen de la fideu\u00e1.<\/div>\n<div>Siempre he o\u00eddo la misma historia, aunque ultimamente hay muchas variantes y creo que ninguna de estas es cierta, tan s\u00f3lo la \u00faltima.<\/div>\n<div><\/div>\n<div>\n<div class=\"separator\" style=\"clear: both; text-align: center;\"><a style=\"margin-left: 1em; margin-right: 1em;\" href=\"http:\/\/3.bp.blogspot.com\/-l6B7MLkoBPA\/UzFWaOYWZsI\/AAAAAAAAGu4\/FV29XsqWIjc\/s1600\/IMG_0200.jpg\"><img decoding=\"async\" loading=\"lazy\" class=\"aligncenter\" src=\"https:\/\/elcalaixetdelaiaia.es\/wp-content\/uploads\/2014\/03\/IMG_0200.jpg\" width=\"666\" height=\"443\" border=\"0\" \/><\/a><\/div>\n<p>Unos dicen que fu\u00e9 objeto de la picaresca de Joan Batiste Pascual, al que apodaban Z\u00e1balo, un pescador que pas\u00f3 toda su vida en la mar. Los pescadores contaban con el plato tradicional de caldo de pescado, para ponerlo en el arroz o \u2018arroz a banda\u2019 como dicen los marineros, y lo com\u00edan en la misma barca, durante la jornada en la mar.<\/p>\n<div class=\"separator\" style=\"clear: both; text-align: center;\"><\/div>\n<div class=\"separator\" style=\"clear: both; text-align: center;\"><a style=\"margin-left: 1em; margin-right: 1em;\" href=\"http:\/\/4.bp.blogspot.com\/-HFd8zP-_U9s\/UzFWhcagTqI\/AAAAAAAAGwE\/j8OFz8jUeUk\/s1600\/de+dans%25C3%25A1+a+15+mayo+149.jpg\"><img decoding=\"async\" loading=\"lazy\" src=\"https:\/\/elcalaixetdelaiaia.es\/wp-content\/uploads\/2014\/03\/de-dansC3A1-a-15-mayo-149.jpg\" width=\"640\" height=\"480\" border=\"0\" \/><\/a><\/div>\n<p>Com\u00edan todos del mismo caldero pero el patr\u00f3n tragaba m\u00e1s de lo debido y casi no dejaba raci\u00f3n al resto de tripulantes.<\/p>\n<div class=\"separator\" style=\"clear: both; text-align: center;\"><a style=\"margin-left: 1em; margin-right: 1em;\" href=\"http:\/\/3.bp.blogspot.com\/-q-_UWYbaahw\/UzFWhRtoxiI\/AAAAAAAAGwA\/8jYRgb0ZMQw\/s1600\/de+dans%25C3%25A1+a+15+mayo+160.jpg\"><img decoding=\"async\" loading=\"lazy\" src=\"https:\/\/elcalaixetdelaiaia.es\/wp-content\/uploads\/2014\/03\/de-dansC3A1-a-15-mayo-160.jpg\" width=\"640\" height=\"422\" border=\"0\" \/><\/a><\/div>\n<p>As\u00ed es que a Pascual que era el peque\u00f1o ayudante del cocinero de la barca, Gabriel Rodr\u00edguez Pastor,\u00a0 se le ocurri\u00f3 que una vez en tierra firme comprar\u00eda fideos para ponerlos en lugar del arroz, a ver si as\u00ed al patr\u00f3n no le gustaban tanto y dejaba m\u00e1s parte a los marineros. Acert\u00f3 y as\u00ed todos pudieron comer m\u00e1s.<\/p>\n<div class=\"separator\" style=\"clear: both; text-align: center;\"><a style=\"margin-left: 1em; margin-right: 1em;\" href=\"http:\/\/4.bp.blogspot.com\/-VMpoqhPCetQ\/UzFWatzetBI\/AAAAAAAAGu8\/-pFe8VtbtqE\/s1600\/IMG_0205.jpg\"><img decoding=\"async\" loading=\"lazy\" src=\"https:\/\/elcalaixetdelaiaia.es\/wp-content\/uploads\/2014\/03\/IMG_0205.jpg\" width=\"640\" height=\"426\" border=\"0\" \/><\/a><\/div>\n<p>Otros cuentan que el origen de este plato se debe a la intenci\u00f3n de unos pescadores del Grao de Gand\u00eda,de \u00a0hacerse una paella mientras faenaban en el mar, y de sustituir el arroz por lo \u00fanico que en ese momento ten\u00edan en el barco: fideos y pescado.<\/p>\n<div class=\"separator\" style=\"clear: both; text-align: center;\"><a style=\"margin-left: 1em; margin-right: 1em;\" href=\"http:\/\/4.bp.blogspot.com\/-dbLVVxd0_sg\/UzFWdEHyklI\/AAAAAAAAGvQ\/fM049DhcAPI\/s1600\/IMG_1067.jpg\"><img decoding=\"async\" loading=\"lazy\" src=\"https:\/\/elcalaixetdelaiaia.es\/wp-content\/uploads\/2014\/03\/IMG_1067.jpg\" width=\"640\" height=\"426\" border=\"0\" \/><\/a><\/div>\n<p>Pudieran ser \u00e9stas y otras leyendas&#8230;..pero yo tengo otra versi\u00f3n que o\u00ed contar de cuando Gand\u00eda era la playa y el puerto de los alcoianos, y es que la fideu\u00e1 fu\u00e9 objeto de las ganas de hacer algo distinto en la cocina, y fue la creaci\u00f3n de una mujer, de una cocinera, la de casa Barrina, MAR\u00cdA.<\/p>\n<div class=\"separator\" style=\"clear: both; text-align: center;\"><a style=\"margin-left: 1em; margin-right: 1em;\" href=\"http:\/\/4.bp.blogspot.com\/-rF_O7o3OSlw\/UzFWfdLzibI\/AAAAAAAAGvo\/KzwIfnu63ZE\/s1600\/IMG_3140.jpg\"><img decoding=\"async\" loading=\"lazy\" src=\"https:\/\/elcalaixetdelaiaia.es\/wp-content\/uploads\/2014\/03\/IMG_3140.jpg\" width=\"640\" height=\"426\" border=\"0\" \/><\/a><\/div>\n<p>Tampoco fue por los a\u00f1os 20&#8230;sino por los 40 y pico, unos pocos antes de que yo naciera. Por tanto, no es tan antigua la fideu\u00e1 como nos quieren hacer creer, ya que no tiene ni 70 a\u00f1os.<\/p>\n<div class=\"separator\" style=\"clear: both; text-align: center;\"><a style=\"margin-left: 1em; margin-right: 1em;\" href=\"http:\/\/3.bp.blogspot.com\/-CuOvPFG-bfo\/UzFWgVHhuyI\/AAAAAAAAGv4\/tJRg_0i6-pU\/s1600\/IMG_3141.jpg\"><img decoding=\"async\" loading=\"lazy\" src=\"https:\/\/elcalaixetdelaiaia.es\/wp-content\/uploads\/2014\/03\/IMG_3141.jpg\" width=\"640\" height=\"426\" border=\"0\" \/><\/a><\/div>\n<p>Esta es la versi\u00f3n que mas cierta veo, ahora, que cada cual piense como prefiera. Lo bien cierto es que si la creadora de la fideu\u00e1 fue ella&#8230; \u00a1OL\u00c9 POR MAR\u00cdA, DE CASA BARRINA!<\/p>\n<div class=\"separator\" style=\"clear: both; text-align: center;\"><a style=\"margin-left: 1em; margin-right: 1em;\" href=\"http:\/\/3.bp.blogspot.com\/-HC5W9v8pMB4\/UzFWX0TrD7I\/AAAAAAAAGuo\/TpGVNVXnjHI\/s1600\/IMGP9834.jpg\"><img decoding=\"async\" loading=\"lazy\" src=\"https:\/\/elcalaixetdelaiaia.es\/wp-content\/uploads\/2014\/03\/IMGP9834.jpg\" width=\"460\" height=\"640\" border=\"0\" \/><\/a><\/div>\n<p>gracias a ella podemos disfrutar de \u00e9ste delicioso manjar que he cocinado miles de veces,<\/p>\n<div class=\"separator\" style=\"clear: both; text-align: center;\"><a style=\"margin-left: 1em; margin-right: 1em;\" href=\"http:\/\/3.bp.blogspot.com\/-dUtf145PhXo\/UzFWgHVjpmI\/AAAAAAAAGvw\/QuDZwcxzgvQ\/s1600\/IMG_3145.jpg\"><img decoding=\"async\" loading=\"lazy\" src=\"https:\/\/elcalaixetdelaiaia.es\/wp-content\/uploads\/2014\/03\/IMG_3145.jpg\" width=\"640\" height=\"354\" border=\"0\" \/><\/a><\/div>\n<p>con \u00abcl\u00f2txines\u00bb,mejillones o sin ellos (por estar en otras tierras donde es imposible encontrarlos), a la le\u00f1a, a la vitro, al paellero de gas, con fideo curvo y grueso del n\u00ba 8 \u00a1ESO SIEMPRE!, al gas, al horno, en paella de hierro, esmaltada, de tefl\u00f3n, fideu\u00e1 del senyoret (con todo peladito)&#8230;fideu\u00e1,, fideu\u00e1 fide\u00faa&#8230;me encanta la fideu\u00e1, nos encanta en mi casa la fideu\u00e1. Es un plato seguro, con el que no fallo jam\u00e1s \ud83d\ude09<\/p>\n<p>Pero recordad la versi\u00f3n que yo conozco, que no es la que cuentan en otros sitios. Mi agradecimiento a\u00a0 Mar\u00eda de casa Barrina, por crear este famoso plato.<\/p>\n<p style=\"text-align: center;\"><a style=\"margin-left: 1em; margin-right: 1em;\" href=\"http:\/\/4.bp.blogspot.com\/-We8JQW6ktl4\/UzFWY5eXJ_I\/AAAAAAAAGus\/4z7xfT6GBX8\/s1600\/IMG_0199.jpg\"><img decoding=\"async\" loading=\"lazy\" src=\"https:\/\/elcalaixetdelaiaia.es\/wp-content\/uploads\/2014\/03\/IMG_0199.jpg\" width=\"640\" height=\"426\" border=\"0\" \/><\/a><\/p>\n<p>Gracias a ti, por leerme.<br \/>\nSi te gusta \u00e9sta entrada, si te gusta lo que cuento y piensas que puedo tener raz\u00f3n\u00a0 puedes compartir este post , para que llegue a m\u00e1s gente, as\u00ed mucha gente podr\u00e1 conocer un poquito de la historia de la fideu\u00e1.<\/p>\n<p>Como siempre en mis recetas de pescado y marisco, (yo tirando para casa) os recomiendo que si vais al Mercat de Russafa en Val\u00e8ncia, compr\u00e9is estos productos en los puestos 36\/42, mi querida sobrina Elena y su marido Pepe os atender\u00e1n con total profesionalidad y simpat\u00eda, aparte de que sus productos son de lo m\u00e1s frescos y de grand\u00edsima calidad.<\/p>\n<p>Espero tus comentarios y recuerda que tambi\u00e9n estoy en Facebook\u00a0<a href=\"https:\/\/www.facebook.com\/El-calaixet-de-la-iaia-533062140099386\/\">https:\/\/www.facebook.com\/El-calaixet-de-la-iaia-533062140099386\/<\/a><\/p>\n<p>Edito \u00e9sta entrada hoy 22\/04\/2014.<br \/>\nCasualidades de la vida y del mundo cibern\u00e9tico, \u00e9ste post del Calaixet de la iaia, lo ha encontrado Victor Jose Viciano Climent,a qui\u00e9n no conozco aboslutamente de nada, pero que me cuenta que es el nieto de Mar\u00eda de casa Barrina, la ut\u00e9ntica creadora de la fideu\u00e1. Tanto \u00e9l como su madre se han emocionado al leer este post, que simplemente cuenta lo que de siempre he oido decir por las gentes del pueblo y las voces del pueblo&#8230;&#8230; siempre cuentan la verdad.<br \/>\nPongo el enlace del blog que tan amablemente me env\u00edan Victor y su madre Rosario, la hija de Mar\u00eda, \u00a0a quien agradezco mucho sus buenas y cari\u00f1osas palabras y env\u00edo desde aqu\u00ed un fuerte, cari\u00f1oso y emocionado abrazo.<br \/>\n<a href=\"http:\/\/recetascocinacasabarrina.blogspot.com.es\/2013\/08\/fideua-la-verdadera-receta-e-historia.html\">http:\/\/recetascocinacasabarrina.blogspot.com.es\/2013\/08\/fideua-la-verdadera-receta-e-historia.html<\/a><br \/>\ny como homenaje a una mujer luchadora trabajadora y creadora de la fide\u00faa, con permiso incorporo aqui una imagen de Mar\u00eda, para que se conozca la belleza y las manos que inventaron la fideu\u00e1. Gracias V\u00edctor Jos\u00e9, gracias Rosario, MUCHAS GRACIAS MAR\u00cdA.<\/p>\n<div class=\"separator\" style=\"clear: both; text-align: center;\"><a style=\"margin-left: 1em; margin-right: 1em;\" href=\"https:\/\/elcalaixetdelaiaia.es\/wp-content\/uploads\/2014\/03\/mAR\u00cdA-DE-CASA-bARRINA.png\"><img decoding=\"async\" loading=\"lazy\" src=\"https:\/\/elcalaixetdelaiaia.es\/wp-content\/uploads\/2014\/03\/mAR\u00cdA-DE-CASA-bARRINA.png\" width=\"213\" height=\"320\" border=\"0\" \/><\/a><\/div>\n<div class=\"separator\" style=\"clear: both; text-align: center;\"><\/div>\n<div style=\"text-align: center;\">Mar\u00eda Mart\u00ednez Puig, oriunda de R\u00f3tova \u00abMar\u00eda La Tellola\u00bb<\/div>\n<div style=\"text-align: center;\">cocinera y propietaria junto a su marido de Casa Barrina<\/div>\n<div style=\"text-align: center;\">de Gand\u00eda. Creadora de la fideu\u00e1.<\/div>\n<\/div>\n<div><\/div>\n<div class=\"separator\" style=\"clear: both; text-align: center;\"><a style=\"margin-left: 1em; margin-right: 1em;\" href=\"https:\/\/elcalaixetdelaiaia.es\/wp-content\/uploads\/2014\/03\/Rosario-Climent-y-MarC3ADa-MartC3ADnez-1024x768.jpg\"><img decoding=\"async\" loading=\"lazy\" src=\"https:\/\/elcalaixetdelaiaia.es\/wp-content\/uploads\/2014\/03\/Rosario-Climent-y-MarC3ADa-MartC3ADnez-1024x768.jpg\" width=\"320\" height=\"240\" border=\"0\" \/><\/a><\/div>\n<div><\/div>\n<div>Mar\u00eda Mart\u00ednez de casa Barrina y su hija Rosario Climent. Estas im\u00e1genes son propiedad de Rosario Climent.<\/div>\n<\/div>\n","protected":false},"excerpt":{"rendered":"<p>\u00abRefrany; A cada u el que seu siga i a robar el que \u00e9s puga\u00bb A cada uno lo que suyo sea y a robar lo que se pueda. ORIGEN DE LA FIDEU\u00c0 Al C\u00e9sar lo que es del C\u00e9sar. Mis iaios paternos eran de la Safor, al igual que &hellip; <\/p>\n","protected":false},"author":2,"featured_media":17376,"comment_status":"open","ping_status":"open","sticky":false,"template":"","format":"standard","meta":[],"categories":[23,1,47],"tags":[],"_links":{"self":[{"href":"https:\/\/elcalaixetdelaiaia.es\/index.php?rest_route=\/wp\/v2\/posts\/969"}],"collection":[{"href":"https:\/\/elcalaixetdelaiaia.es\/index.php?rest_route=\/wp\/v2\/posts"}],"about":[{"href":"https:\/\/elcalaixetdelaiaia.es\/index.php?rest_route=\/wp\/v2\/types\/post"}],"author":[{"embeddable":true,"href":"https:\/\/elcalaixetdelaiaia.es\/index.php?rest_route=\/wp\/v2\/users\/2"}],"replies":[{"embeddable":true,"href":"https:\/\/elcalaixetdelaiaia.es\/index.php?rest_route=%2Fwp%2Fv2%2Fcomments&post=969"}],"version-history":[{"count":25,"href":"https:\/\/elcalaixetdelaiaia.es\/index.php?rest_route=\/wp\/v2\/posts\/969\/revisions"}],"predecessor-version":[{"id":21921,"href":"https:\/\/elcalaixetdelaiaia.es\/index.php?rest_route=\/wp\/v2\/posts\/969\/revisions\/21921"}],"wp:featuredmedia":[{"embeddable":true,"href":"https:\/\/elcalaixetdelaiaia.es\/index.php?rest_route=\/wp\/v2\/media\/17376"}],"wp:attachment":[{"href":"https:\/\/elcalaixetdelaiaia.es\/index.php?rest_route=%2Fwp%2Fv2%2Fmedia&parent=969"}],"wp:term":[{"taxonomy":"category","embeddable":true,"href":"https:\/\/elcalaixetdelaiaia.es\/index.php?rest_route=%2Fwp%2Fv2%2Fcategories&post=969"},{"taxonomy":"post_tag","embeddable":true,"href":"https:\/\/elcalaixetdelaiaia.es\/index.php?rest_route=%2Fwp%2Fv2%2Ftags&post=969"}],"curies":[{"name":"wp","href":"https:\/\/api.w.org\/{rel}","templated":true}]}}