{"id":968,"date":"2014-03-26T17:28:00","date_gmt":"2014-03-26T17:28:00","guid":{"rendered":"http:\/\/elcalaixetdelaiaia.es\/mejillones-al-vapor-clotxines-al-vapor"},"modified":"2025-05-19T08:13:41","modified_gmt":"2025-05-19T08:13:41","slug":"mejillones-al-vapor-clotxines-al-vapor","status":"publish","type":"post","link":"https:\/\/elcalaixetdelaiaia.es\/?p=968","title":{"rendered":"Mejillones al vapor. Cl\u00f2txines al vapor paso a paso foto a foto y bateras valencianas"},"content":{"rendered":"<p>\u00abRefrany; Del mateix lloc ve la cl\u00f2txina que la tellina.\u00bb Del mismo lugar viene el mejill\u00f3n que la tellina.<\/p>\n<p>Ten\u00eda \u00e9sta entrada ya un tiempo para subir y me he dado cuenta ahora de que no lo hab\u00eda hecho.<\/p>\n<p>C\u00f3mo siempre, comparto MI manera de hacerlas, que no es ni mejor, ni peor que otras, cada cu\u00e1l a su gusto, no faltaba m\u00e1s \u00bfverdad?<\/p>\n<p>Los mejillones y \u00abcl\u00f2txines\u00bb aunque parezca que son lo mismo&#8230; no lo son, y no solo porque una palabra es en castellano y otra en valenciano sino porque no tienen nada que ver, sobre todo en sabor.<\/p>\n<div class=\"separator\" style=\"clear: both; text-align: center;\"><a style=\"margin-left: 1em; margin-right: 1em;\" href=\"http:\/\/3.bp.blogspot.com\/--lwSGT1Yy3o\/UzMFMhzeKSI\/AAAAAAAAGyI\/ddXr3WpS6xk\/s1600\/fideuaaaaaaaaaaa.jpg\"><img decoding=\"async\" loading=\"lazy\" src=\"https:\/\/elcalaixetdelaiaia.es\/wp-content\/uploads\/2014\/03\/fideuaaaaaaaaaaa.jpg\" width=\"640\" height=\"390\" border=\"0\" \/><\/a><\/div>\n<p>La \u00abcl\u00f2txina\u00bb es nuestro mejill\u00f3n valenciano, criado en las rocas del Mediterr\u00e1neo o en alguna de las \u00abclotxineras\u00bb pero alimentadas con el placton que les da el mar, y no por pienso de harinas de pescado. Son aut\u00e9nticas supervivientes que se alimentan de lo que pueden y con un tama\u00f1o distinto unas de otras, seg\u00fan \u00a0de lo que se hayan podido alimentar, pero sabros\u00edsimas precisamente, por \u00e9sa alimentaci\u00f3n y vida natural.<br \/>\nEs rica en vitaminas, calcio, hierro, potasio, f\u00f3sforo, magnesio y Omega 3 y el caldito que queda de cocinarlas al vapor est\u00e1 buen\u00edsimo y se aprovecha hasta la \u00faltima gota para hacer arroces o fideu\u00e1s. Record\u00e1bamos el otro d\u00eda mi padre y yo, dando un paseo por el espig\u00f3n del puerto, cuando de peque\u00f1a \u00edbamos alg\u00fan domingo por la ma\u00f1ana muy muy temprano, con el \u00abentrep\u00e1 per al esmorzar, en la coixinereta\u00bb bocadillo para el almuerzo en un saquito de tela, a pasar la ma\u00f1ana dominguera en la \u00abcl\u00f2txinera\u00bb que trabajaba mi t\u00edo Pepe, el hermano de mi madre \u00a1Que bien se estaba bajo los rayos del sol, mecidos por el suave vaiv\u00e9n del mar y la brisa con aroma de yodo! recuerdos difusos pero que permanecen en mi mente y que puedo reforzar gracias a tener a\u00fan a mi padre conmigo.<\/p>\n<p>La \u00abcl\u00f2txina\u00bb no quiere pronunciar la \u00abR\u00bb. O simplemente, no puede. Es t\u00edmida por naturaleza, y la luna dicta siempre sus tiempos.<\/p>\n<p>Mi t\u00edo dec\u00eda que la cl\u00f3china solo se puede comer en verano, o en meses que no llevan la letra \u00abR\u00bb, el resto del a\u00f1o nos tenemos que conformar con el mejill\u00f3n. Recuerdos, recuerdos,maravillosos recuerdos que vienen a mi mente cada vez mas seguidos. Debe ser que me hago mayor&#8230; ma\u00f1ana ya caen 57 justo el a\u00f1o que nac\u00ed, el 57.<\/p>\n<p><img decoding=\"async\" loading=\"lazy\" class=\"alignnone size-large wp-image-16679\" src=\"https:\/\/elcalaixetdelaiaia.es\/wp-content\/uploads\/2014\/03\/cl\u00f2txines1-1024x768.jpg\" alt=\"\" width=\"750\" height=\"563\" srcset=\"https:\/\/elcalaixetdelaiaia.es\/wp-content\/uploads\/2014\/03\/cl\u00f2txines1-1024x768.jpg 1024w, https:\/\/elcalaixetdelaiaia.es\/wp-content\/uploads\/2014\/03\/cl\u00f2txines1-300x225.jpg 300w, https:\/\/elcalaixetdelaiaia.es\/wp-content\/uploads\/2014\/03\/cl\u00f2txines1-768x576.jpg 768w\" sizes=\"(max-width: 750px) 100vw, 750px\" \/><\/p>\n<p>Estas \u00abcl\u00f2txinas\u00bb las prepar\u00f3 uno de mis dos hermanos gemelos, mi tete Salva, un finde que pasamos con ellos en el chalet de Xal\u00f2, tal y como yo le iba indicando, a \u00e9ste paso me quita el puesto pues le sale todo riqu\u00edsimo, veo que pronto degustar\u00e9 en lugar de cocinar jeje.(risita suuuuperbrujeril)<br \/>\nAntes de seguir con la receta, me gustar\u00eda haceros una recomendaci\u00f3n, si sois de Valencia o alrededores os recomiendo encarecidamente una<br \/>\nparada de pescado del mercado de Ruzafa, son los palcos 36\/42, Elena y<br \/>\nPepe os atender\u00e1n con total profesionalidad y simpat\u00eda, aparte de que<br \/>\nsus productos son de lo m\u00e1s frescos y de grand\u00edsima calidad, y adem\u00e1s mi querida sobrina Elena, es la nieta de mi tio Pepe.<\/p>\n<p>Para conservar las cl\u00f3chinas en perfecto estado de un d\u00eda para otro, aqu\u00ed puse un truco;<br \/>\n<a href=\"https:\/\/elcalaixetdelaiaia.es\/?p=1184\">https:\/\/elcalaixetdelaiaia.es\/?p=1184<\/a><\/p>\n<p>Necesitaremos;<\/p>\n<p><a style=\"margin-left: 1em; margin-right: 1em;\" href=\"http:\/\/3.bp.blogspot.com\/-FwY9xUJ1cmA\/UzMFEIp0wkI\/AAAAAAAAGwo\/wsDR-MAGNxk\/s1600\/f.jpg\"><img decoding=\"async\" loading=\"lazy\" src=\"https:\/\/elcalaixetdelaiaia.es\/wp-content\/uploads\/2014\/03\/f-1.jpg\" width=\"640\" height=\"426\" border=\"0\" \/><\/a><\/p>\n<ol>\n<li>Dos kilos de \u00abcl\u00f2txinas\u00bb o en su defecto mejillones<\/li>\n<li>Dos limones<\/li>\n<li>Un chorrito de aceite de oliva<\/li>\n<li>Cuatro dientes de ajo<\/li>\n<li>Unos granitos de pimienta negra (no imprescindible)<\/li>\n<li>Piment\u00f3n de la Vera<\/li>\n<li>Tres hojitas de laurel<\/li>\n<\/ol>\n<div><\/div>\n<div class=\"separator\" style=\"clear: both; text-align: center;\"><a style=\"margin-left: 1em; margin-right: 1em;\" href=\"http:\/\/3.bp.blogspot.com\/-5-CfUpHhQP0\/UzMFDyYhn4I\/AAAAAAAAGws\/ayhbSJeghcw\/s1600\/fi.jpg\"><img decoding=\"async\" loading=\"lazy\" src=\"https:\/\/elcalaixetdelaiaia.es\/wp-content\/uploads\/2014\/03\/fi.jpg\" width=\"640\" height=\"426\" border=\"0\" \/><\/a><\/div>\n<div><\/div>\n<div style=\"text-align: center;\">Comenzaremos por limpiarlas como es debido. Les quitaremos con un cuchillo los bigotes, lapas o filamentos y rasparemos todo lo que lleve adherido a la concha \u00bfveis esa especie de volc\u00e1n o cuevecita) pues en ella se alojan a veces peque\u00f1os gusanitos, por tanto eliminarlas bien para no tener que acabar echando a la basura tan delicioso molusco, \u00a0a veces simplemente golpe\u00e1ndolas unas contra otra, salen sin problema.<br \/>\nUn truco superefectivo es fregarlos con un estropajo de acero tipo nanas&#8230; se quedan perfectooooosss<\/div>\n<div><img decoding=\"async\" loading=\"lazy\" class=\"alignnone size-full wp-image-25196\" src=\"https:\/\/elcalaixetdelaiaia.es\/wp-content\/uploads\/2014\/03\/WhatsApp-Image-2023-05-11-at-14.05.362.jpeg\" alt=\"\" width=\"768\" height=\"761\" srcset=\"https:\/\/elcalaixetdelaiaia.es\/wp-content\/uploads\/2014\/03\/WhatsApp-Image-2023-05-11-at-14.05.362.jpeg 768w, https:\/\/elcalaixetdelaiaia.es\/wp-content\/uploads\/2014\/03\/WhatsApp-Image-2023-05-11-at-14.05.362-300x297.jpeg 300w, https:\/\/elcalaixetdelaiaia.es\/wp-content\/uploads\/2014\/03\/WhatsApp-Image-2023-05-11-at-14.05.362-150x150.jpeg 150w, https:\/\/elcalaixetdelaiaia.es\/wp-content\/uploads\/2014\/03\/WhatsApp-Image-2023-05-11-at-14.05.362-60x60.jpeg 60w\" sizes=\"(max-width: 768px) 100vw, 768px\" \/><\/div>\n<div><\/div>\n<div>Para distinguir que sean Cl\u00f2txinas o no, os recordar\u00e9 que en la malla debe de ir una etiqueta\u00a0 con la D.O. de \u201cCl\u00f2txina de Val\u00e8ncia\u201d, una senyera, y lo MAS importante, la etiqueta del FROM.\u00a0 Si no lleva \u00e9sto, son mejillones.<\/div>\n<div style=\"text-align: center;\"><\/div>\n<div class=\"separator\" style=\"clear: both; text-align: center;\"><a style=\"margin-left: 1em; margin-right: 1em;\" href=\"http:\/\/3.bp.blogspot.com\/-Ue4-HNPKhtI\/UzMFD0OI4HI\/AAAAAAAAGw0\/m2MlVzCb-Iw\/s1600\/fide.jpg\"><img decoding=\"async\" loading=\"lazy\" src=\"https:\/\/elcalaixetdelaiaia.es\/wp-content\/uploads\/2014\/03\/fide.jpg\" width=\"640\" height=\"426\" border=\"0\" \/><\/a><\/div>\n<div style=\"text-align: center;\"><\/div>\n<div style=\"text-align: center;\">Hay que desechar \u00a0los mejillones que presenten la c\u00e1scara rota y si alguno se ha abierto, golp\u00e9alo y si no se cierra, hay que tirarlo, pues quiere decir que est\u00e1 en mal estado. Los enjuagaremos bien, pero sin sumergirlos en agua.<\/div>\n<div style=\"text-align: center;\"><\/div>\n<div class=\"separator\" style=\"clear: both; text-align: center;\"><a style=\"margin-left: 1em; margin-right: 1em;\" href=\"http:\/\/3.bp.blogspot.com\/-tDTaGokroGE\/UzMFFCCkO3I\/AAAAAAAAGw8\/NSqaEvxanUI\/s1600\/fideu.jpg\"><img decoding=\"async\" loading=\"lazy\" src=\"https:\/\/elcalaixetdelaiaia.es\/wp-content\/uploads\/2014\/03\/fideu.jpg\" width=\"640\" height=\"426\" border=\"0\" \/><\/a><\/div>\n<div style=\"text-align: center;\"><\/div>\n<div style=\"text-align: center;\">y los colocaremos en una cazuela profunda<\/div>\n<div style=\"text-align: center;\"><\/div>\n<div class=\"separator\" style=\"clear: both; text-align: center;\"><a style=\"margin-left: 1em; margin-right: 1em;\" href=\"http:\/\/3.bp.blogspot.com\/-gin2SkjcFHw\/UzMFGIve7kI\/AAAAAAAAGxE\/Xtk_JzEX5_M\/s1600\/fideuaa.jpg\"><img decoding=\"async\" loading=\"lazy\" src=\"https:\/\/elcalaixetdelaiaia.es\/wp-content\/uploads\/2014\/03\/fideuaa.jpg\" width=\"640\" height=\"426\" border=\"0\" \/><\/a><\/div>\n<div style=\"text-align: center;\"><\/div>\n<div style=\"text-align: center;\">enjuagamos tres hojtas de laurel y las echamos a la olla junto unos granitos de pimienta negra<\/div>\n<div style=\"text-align: center;\"><\/div>\n<div class=\"separator\" style=\"clear: both; text-align: center;\"><a style=\"margin-left: 1em; margin-right: 1em;\" href=\"http:\/\/2.bp.blogspot.com\/-KWWut1g9MrY\/UzMFGlYV8UI\/AAAAAAAAGxM\/kzYRSf1OBXQ\/s1600\/fideuaaa.jpg\"><img decoding=\"async\" loading=\"lazy\" src=\"https:\/\/elcalaixetdelaiaia.es\/wp-content\/uploads\/2014\/03\/fideuaaa.jpg\" width=\"640\" height=\"426\" border=\"0\" \/><\/a><\/div>\n<div style=\"text-align: center;\"><\/div>\n<div style=\"text-align: center;\">exprimiremos los dos limones pero echaremos dentro de la olla tambi\u00e9n la c\u00e1scara<\/div>\n<div style=\"text-align: center;\"><\/div>\n<div class=\"separator\" style=\"clear: both; text-align: center;\"><a style=\"margin-left: 1em; margin-right: 1em;\" href=\"http:\/\/2.bp.blogspot.com\/-HYP-ZoUw-mc\/UzMFHg6S56I\/AAAAAAAAGxU\/yARuoKR6kvc\/s1600\/fideuaaaa.jpg\"><img decoding=\"async\" loading=\"lazy\" src=\"https:\/\/elcalaixetdelaiaia.es\/wp-content\/uploads\/2014\/03\/fideuaaaa.jpg\" width=\"640\" height=\"426\" border=\"0\" \/><\/a><\/div>\n<div style=\"text-align: center;\"><\/div>\n<div style=\"text-align: center;\">un buen chorro de aceite de oliva<\/div>\n<div style=\"text-align: center;\"><\/div>\n<div class=\"separator\" style=\"clear: both; text-align: center;\"><a style=\"margin-left: 1em; margin-right: 1em;\" href=\"http:\/\/4.bp.blogspot.com\/-hivvrm-uMfI\/UzMFIAX6lDI\/AAAAAAAAGxc\/VKFPyCDwwUI\/s1600\/fideuaaaaa.jpg\"><img decoding=\"async\" loading=\"lazy\" src=\"https:\/\/elcalaixetdelaiaia.es\/wp-content\/uploads\/2014\/03\/fideuaaaaa.jpg\" width=\"640\" height=\"426\" border=\"0\" \/><\/a><\/div>\n<div style=\"text-align: center;\"><\/div>\n<div style=\"text-align: center;\">\n<div style=\"text-align: center;\">y espolvoreamos con piment\u00f3n de la Vera<\/div>\n<\/div>\n<div style=\"text-align: center;\"><\/div>\n<div class=\"separator\" style=\"clear: both; text-align: center;\"><a style=\"margin-left: 1em; margin-right: 1em;\" href=\"http:\/\/3.bp.blogspot.com\/-D9z0VDVpKDg\/UzMFJEJLUuI\/AAAAAAAAGxk\/hyR8_0lkkCY\/s1600\/fideuaaaaaa.jpg\"><img decoding=\"async\" loading=\"lazy\" src=\"https:\/\/elcalaixetdelaiaia.es\/wp-content\/uploads\/2014\/03\/fideuaaaaaa.jpg\" width=\"640\" height=\"426\" border=\"0\" \/><\/a><\/div>\n<div style=\"text-align: center;\"><\/div>\n<div style=\"text-align: center;\">sobre la tabla, daremos un golpe con el dorso de la mano a los dientes de ajo para abrirlos y los a\u00f1adiremos a las cl\u00f3chinas<\/div>\n<div style=\"text-align: center;\"><\/div>\n<div class=\"separator\" style=\"clear: both; text-align: center;\"><a style=\"margin-left: 1em; margin-right: 1em;\" href=\"http:\/\/2.bp.blogspot.com\/-Mrrn1R0RzIU\/UzMFJk-BYJI\/AAAAAAAAGxs\/l0i-hy-iyDA\/s1600\/fideuaaaaaaa.jpg\"><img decoding=\"async\" loading=\"lazy\" src=\"https:\/\/elcalaixetdelaiaia.es\/wp-content\/uploads\/2014\/03\/fideuaaaaaaa.jpg\" width=\"640\" height=\"426\" border=\"0\" \/><\/a><\/div>\n<div class=\"separator\" style=\"clear: both; text-align: center;\"><\/div>\n<div class=\"separator\" style=\"clear: both; text-align: center;\">Taparemos la olla y dejaremos a fuego fuerte hasta que veamos que empieza a salir el vapor, que al estar tapadas, es enseguida<\/div>\n<div class=\"separator\" style=\"clear: both; text-align: center;\"><\/div>\n<div class=\"separator\" style=\"clear: both; text-align: center;\"><a style=\"margin-left: 1em; margin-right: 1em;\" href=\"http:\/\/2.bp.blogspot.com\/-nsMrpVl4mkM\/UzMFKc6cu5I\/AAAAAAAAGx0\/CLaG93utLus\/s1600\/fideuaaaaaaaa.jpg\"><img decoding=\"async\" loading=\"lazy\" src=\"https:\/\/elcalaixetdelaiaia.es\/wp-content\/uploads\/2014\/03\/fideuaaaaaaaa.jpg\" width=\"640\" height=\"426\" border=\"0\" \/><\/a><\/div>\n<div class=\"separator\" style=\"clear: both; text-align: center;\"><\/div>\n<div style=\"text-align: center;\">entonces, con la tapa puesta \u00absacsar\u00e9m\u00bb removeremos el interior de la cazuela y dejaremos un par de minutos mas<\/div>\n<div style=\"text-align: center;\"><\/div>\n<div class=\"separator\" style=\"clear: both; text-align: center;\"><a style=\"margin-left: 1em; margin-right: 1em;\" href=\"http:\/\/2.bp.blogspot.com\/-8yeGXFoJF7w\/UzMFLJsT7qI\/AAAAAAAAGx8\/R6r3RBod85A\/s1600\/fideuaaaaaaaaa.jpg\"><img decoding=\"async\" loading=\"lazy\" src=\"https:\/\/elcalaixetdelaiaia.es\/wp-content\/uploads\/2014\/03\/fideuaaaaaaaaa.jpg\" width=\"640\" height=\"426\" border=\"0\" \/><\/a><\/div>\n<div style=\"text-align: center;\"><\/div>\n<div style=\"text-align: center;\">y repetiremos pero \u00e9sta vez no omitiremos usar un trapo encima de la tapa para no quemarnos con el vapor. Y otros dos minutos mas a fuego bajo.<\/div>\n<div style=\"text-align: center;\"><\/div>\n<div class=\"separator\" style=\"clear: both; text-align: center;\"><a style=\"margin-left: 1em; margin-right: 1em;\" href=\"http:\/\/1.bp.blogspot.com\/-oBM6MBbqUHc\/UzMFL2Lvs_I\/AAAAAAAAGyE\/o6L_FRC4dds\/s1600\/fideuaaaaaaaaaa.jpg\"><img decoding=\"async\" loading=\"lazy\" src=\"https:\/\/elcalaixetdelaiaia.es\/wp-content\/uploads\/2014\/03\/fideuaaaaaaaaaa.jpg\" width=\"640\" height=\"426\" border=\"0\" \/><\/a><\/div>\n<div class=\"separator\" style=\"clear: both; text-align: center;\"><\/div>\n<div style=\"text-align: center;\">y listas nuestras \u00abcl\u00f2txines\u00bbpara acompa\u00f1arlas con una cerveza fresquita o una copa de vino blanco muy muuuy fr\u00edo, que es como a mi me gusta \ud83d\ude09<\/div>\n<div><\/div>\n<div><img decoding=\"async\" loading=\"lazy\" class=\"alignnone size-large wp-image-16680\" src=\"https:\/\/elcalaixetdelaiaia.es\/wp-content\/uploads\/2014\/03\/cl\u00f2txines2-1024x768.jpg\" alt=\"\" width=\"750\" height=\"563\" srcset=\"https:\/\/elcalaixetdelaiaia.es\/wp-content\/uploads\/2014\/03\/cl\u00f2txines2-1024x768.jpg 1024w, https:\/\/elcalaixetdelaiaia.es\/wp-content\/uploads\/2014\/03\/cl\u00f2txines2-300x225.jpg 300w, https:\/\/elcalaixetdelaiaia.es\/wp-content\/uploads\/2014\/03\/cl\u00f2txines2-768x576.jpg 768w\" sizes=\"(max-width: 750px) 100vw, 750px\" \/><\/div>\n<div style=\"text-align: center;\"><\/div>\n<div style=\"text-align: center;\">En \u00e9ste caso, la mitad de \u00e9stas, se van directas al paellero exterior, ya que vamos a utilizarlas para hacer una rica FIDEU\u00c1<\/div>\n<div><\/div>\n<div><img decoding=\"async\" loading=\"lazy\" class=\"alignnone size-large wp-image-16681\" src=\"https:\/\/elcalaixetdelaiaia.es\/wp-content\/uploads\/2014\/03\/cl\u00f2txines3-1024x768.jpg\" alt=\"\" width=\"750\" height=\"563\" srcset=\"https:\/\/elcalaixetdelaiaia.es\/wp-content\/uploads\/2014\/03\/cl\u00f2txines3-1024x768.jpg 1024w, https:\/\/elcalaixetdelaiaia.es\/wp-content\/uploads\/2014\/03\/cl\u00f2txines3-300x225.jpg 300w, https:\/\/elcalaixetdelaiaia.es\/wp-content\/uploads\/2014\/03\/cl\u00f2txines3-768x576.jpg 768w\" sizes=\"(max-width: 750px) 100vw, 750px\" \/><\/div>\n<div><\/div>\n<div style=\"text-align: center;\">as\u00ed que emplearemos la carne, sin olvidar hasta la \u00faltima gota del caldo resultante de hacerlas al vapor, aunque hay quien dice que no le gusta a\u00f1adir este caldo al arroz u otros platos, en casa, mi iaia empleaba hasta la \u00faltima gota y as\u00ed lo sigo haciendo yo.<\/div>\n<div><\/div>\n<div><img decoding=\"async\" loading=\"lazy\" class=\"alignnone size-full wp-image-25170\" src=\"https:\/\/elcalaixetdelaiaia.es\/wp-content\/uploads\/2014\/03\/culleradeclotcina-scaled.jpg\" alt=\"\" width=\"2560\" height=\"1920\" srcset=\"https:\/\/elcalaixetdelaiaia.es\/wp-content\/uploads\/2014\/03\/culleradeclotcina-scaled.jpg 2560w, https:\/\/elcalaixetdelaiaia.es\/wp-content\/uploads\/2014\/03\/culleradeclotcina-300x225.jpg 300w, https:\/\/elcalaixetdelaiaia.es\/wp-content\/uploads\/2014\/03\/culleradeclotcina-1024x768.jpg 1024w, https:\/\/elcalaixetdelaiaia.es\/wp-content\/uploads\/2014\/03\/culleradeclotcina-768x576.jpg 768w, https:\/\/elcalaixetdelaiaia.es\/wp-content\/uploads\/2014\/03\/culleradeclotcina-1536x1152.jpg 1536w, https:\/\/elcalaixetdelaiaia.es\/wp-content\/uploads\/2014\/03\/culleradeclotcina-2048x1536.jpg 2048w\" sizes=\"(max-width: 2560px) 100vw, 2560px\" \/><\/div>\n<div style=\"text-align: center;\">\n<p>En casa, nos encanta el caldito que deja el vapor, y mi padre de peque\u00f1a, me ense\u00f1\u00f3 el truco que comparti\u00f3 con \u00e9l su suegro, mi iaio Vi\u00e7entet, para fabricar una cuchara y no dejar ni gota, cuando preparaban \u00ables cl\u00f2txines\u00bb en la barca, (por no beberlo directamente del plato, claro jeje)<\/p>\n<p><img decoding=\"async\" loading=\"lazy\" class=\"alignnone size-full wp-image-25172\" src=\"https:\/\/elcalaixetdelaiaia.es\/wp-content\/uploads\/2014\/03\/clotxinesicullera-4-scaled.jpg\" alt=\"\" width=\"2560\" height=\"1920\" srcset=\"https:\/\/elcalaixetdelaiaia.es\/wp-content\/uploads\/2014\/03\/clotxinesicullera-4-scaled.jpg 2560w, https:\/\/elcalaixetdelaiaia.es\/wp-content\/uploads\/2014\/03\/clotxinesicullera-4-300x225.jpg 300w, https:\/\/elcalaixetdelaiaia.es\/wp-content\/uploads\/2014\/03\/clotxinesicullera-4-1024x768.jpg 1024w, https:\/\/elcalaixetdelaiaia.es\/wp-content\/uploads\/2014\/03\/clotxinesicullera-4-768x576.jpg 768w, https:\/\/elcalaixetdelaiaia.es\/wp-content\/uploads\/2014\/03\/clotxinesicullera-4-1536x1152.jpg 1536w, https:\/\/elcalaixetdelaiaia.es\/wp-content\/uploads\/2014\/03\/clotxinesicullera-4-2048x1536.jpg 2048w\" sizes=\"(max-width: 2560px) 100vw, 2560px\" \/><\/p>\n<p>y yo se lo he ense\u00f1ado a mis hijos, y nietas, pas\u00e1ndolo de generaciones \ud83d\ude09<\/p>\n<p><img decoding=\"async\" loading=\"lazy\" class=\"alignnone size-full wp-image-26564\" src=\"https:\/\/elcalaixetdelaiaia.es\/wp-content\/uploads\/2014\/03\/clotxinesicullera-2-scaled.jpg\" alt=\"\" width=\"2560\" height=\"1920\" srcset=\"https:\/\/elcalaixetdelaiaia.es\/wp-content\/uploads\/2014\/03\/clotxinesicullera-2-scaled.jpg 2560w, https:\/\/elcalaixetdelaiaia.es\/wp-content\/uploads\/2014\/03\/clotxinesicullera-2-300x225.jpg 300w, https:\/\/elcalaixetdelaiaia.es\/wp-content\/uploads\/2014\/03\/clotxinesicullera-2-1024x768.jpg 1024w, https:\/\/elcalaixetdelaiaia.es\/wp-content\/uploads\/2014\/03\/clotxinesicullera-2-768x576.jpg 768w, https:\/\/elcalaixetdelaiaia.es\/wp-content\/uploads\/2014\/03\/clotxinesicullera-2-1536x1152.jpg 1536w, https:\/\/elcalaixetdelaiaia.es\/wp-content\/uploads\/2014\/03\/clotxinesicullera-2-2048x1536.jpg 2048w\" sizes=\"(max-width: 2560px) 100vw, 2560px\" \/><\/p>\n<p>Si las cocin\u00e1is, ser\u00e1 estupendo ver vuestras fotos. Cualquier duda o apunte&#8230; en comentarios. Gracias por leerme. Pero no os vay\u00e1is a\u00fan que bajo del todo, hay sorpresa y muy muy interesante, porque para sorpresas&#8230; las que te da la vida.<\/p>\n<div style=\"text-align: center;\">Si te gusta mi receta, puedes compartirla para que llegue a m\u00e1s gente.<\/div>\n<div style=\"text-align: center;\">Espero tus comentarios, que para mi son MUY importantes y prometo contestar lo antes posible. Gracias por tu visita.<br \/>\nY recuerda que tambi\u00e9n estoy en Facebook\u00a0<a href=\"https:\/\/www.facebook.com\/El-calaixet-de-la-iaia-533062140099386\/\">https:\/\/www.facebook.com\/El-calaixet-de-la-iaia-533062140099386\/<\/a><br \/>\nEdito \u00e9sta entrada el 28\/08\/2017<\/p>\n<div style=\"text-align: left;\">El mundo es un pa\u00f1uelo. A ra\u00edz de haber compartido \u00e9sta receta en mi p\u00e1gina de Facebook, ayer se puso en contacto conmigo por privado Jose Luis Mena P\u00e9rez, pregunt\u00e1ndome el apellido de mi t\u00edo. Tras unos cuantos mensajes privados, me cont\u00f3 que mi t\u00edo era amigo de su padre, Toni Mena dedicado toda la vida a la pesca, las bateas y el mar.<\/div>\n<div style=\"text-align: left;\">Se ofreci\u00f3 a enviarme unas fotos de las bateas donde trabajaban y las barcas, una fam\u00edlia dedicada a la pesca y las \u00abcl\u00f2txines\u00bb o clochinas de batera y que serv\u00edan a las pescader\u00edas de los mercados.<\/div>\n<div style=\"text-align: left;\">Las siguiente fotos son de los a\u00f1os 50, 60 y 70.<\/div>\n<div style=\"text-align: left;\"><\/div>\n<div class=\"separator\" style=\"clear: both; text-align: center;\"><a style=\"margin-left: 1em; margin-right: 1em;\" href=\"https:\/\/2.bp.blogspot.com\/-Wc74vl4GxVU\/WaPR8vFll9I\/AAAAAAAApdQ\/6b73YxNlLtUNg8-pROeItkege573L0wXwCLcBGAs\/s1600\/IMG_6550.PNG\"><img decoding=\"async\" loading=\"lazy\" src=\"https:\/\/elcalaixetdelaiaia.es\/wp-content\/uploads\/2014\/03\/IMG_6550.png\" width=\"460\" height=\"640\" border=\"0\" data-original-height=\"877\" data-original-width=\"633\" \/><\/a><\/div>\n<div style=\"text-align: left;\"><\/div>\n<div style=\"text-align: left;\">Probablemente en \u00e9sta misma batea, era en la que yo pasaba muchos ma\u00f1anas de domingo, cuando iba con mi padre a llevar los almuerzos que mi madre y mi iaia preparaban tambi\u00e9n para mi t\u00edo Pepe y que com\u00edamos los tres disfrutando de la brisa del mar, no recuerdo, si alguna vez, tambi\u00e9n vino mi hermano,<\/div>\n<div style=\"text-align: left;\"><\/div>\n<div class=\"separator\" style=\"clear: both; text-align: center;\"><a style=\"margin-left: 1em; margin-right: 1em;\" href=\"https:\/\/4.bp.blogspot.com\/-lxB1f5Y59Dg\/WaPR8azVFfI\/AAAAAAAApdU\/hGme_263sO8sJYfxZd4NC6tQp4jVZoDpACEwYBhgL\/s1600\/IMG_6549.PNG\"><img decoding=\"async\" loading=\"lazy\" src=\"https:\/\/elcalaixetdelaiaia.es\/wp-content\/uploads\/2014\/03\/IMG_6549.png\" width=\"640\" height=\"432\" border=\"0\" data-original-height=\"431\" data-original-width=\"638\" \/><\/a><\/div>\n<div style=\"text-align: left;\"><\/div>\n<div style=\"text-align: center;\">Mi agradecimiento a Jos\u00e9 Luis Mena P\u00e9rez por enviarme \u00e9stos documentos gr\u00e1ficos para que desde mi blog, pueda ense\u00f1aros como eran las bateas y las barcas de pescadores de entonces<\/div>\n<div style=\"text-align: center;\"><\/div>\n<div class=\"separator\" style=\"clear: both; text-align: center;\"><a style=\"margin-left: 1em; margin-right: 1em;\" href=\"https:\/\/4.bp.blogspot.com\/-_mDwH6ItIsY\/WaPTmDrOkzI\/AAAAAAAApdc\/K82FBnNccMs12LEYOUJTDVFt2H5hipPRQCEwYBhgL\/s1600\/IMG_6548.PNG\"><img decoding=\"async\" loading=\"lazy\" src=\"https:\/\/elcalaixetdelaiaia.es\/wp-content\/uploads\/2014\/03\/IMG_6548.png\" width=\"640\" height=\"456\" border=\"0\" data-original-height=\"398\" data-original-width=\"557\" \/><\/a><\/div>\n<div style=\"text-align: center;\"><\/div>\n<div class=\"separator\" style=\"clear: both; text-align: center;\"><\/div>\n<div class=\"separator\" style=\"clear: both; text-align: center;\"><a style=\"margin-left: 1em; margin-right: 1em;\" href=\"https:\/\/4.bp.blogspot.com\/-S1ugsKH88RY\/WaPR7zgFt2I\/AAAAAAAApdU\/xHadlwHH4SADfg7hvH_hQeMkKQQuRbAMQCEwYBhgL\/s1600\/IMG_6546.PNG\"><img decoding=\"async\" loading=\"lazy\" src=\"https:\/\/elcalaixetdelaiaia.es\/wp-content\/uploads\/2014\/03\/IMG_6546.png\" width=\"640\" height=\"436\" border=\"0\" data-original-height=\"434\" data-original-width=\"635\" \/><\/a><\/div>\n<div style=\"text-align: center;\"><\/div>\n<div class=\"separator\" style=\"clear: both; text-align: center;\"><a style=\"margin-left: 1em; margin-right: 1em;\" href=\"https:\/\/2.bp.blogspot.com\/-KBIcbealUBU\/WaPR7WjUTEI\/AAAAAAAApdU\/CVT0jgP-VgYGfI3fWptPM5rG3DfspGhOgCEwYBhgL\/s1600\/IMG_6545.PNG\"><img decoding=\"async\" loading=\"lazy\" src=\"https:\/\/elcalaixetdelaiaia.es\/wp-content\/uploads\/2014\/03\/IMG_6545.png\" width=\"640\" height=\"456\" border=\"0\" data-original-height=\"457\" data-original-width=\"640\" \/><\/a><\/div>\n<div style=\"text-align: center;\"><\/div>\n<div class=\"separator\" style=\"clear: both; text-align: center;\"><a style=\"margin-left: 1em; margin-right: 1em;\" href=\"https:\/\/2.bp.blogspot.com\/-kPqfJJWDbUQ\/WaPR79Jk3LI\/AAAAAAAApdU\/uJHZNNGAMm8UOcDZ4O85PXsoLsn4ACKJACEwYBhgL\/s1600\/IMG_6547.PNG\"><img decoding=\"async\" loading=\"lazy\" src=\"https:\/\/elcalaixetdelaiaia.es\/wp-content\/uploads\/2014\/03\/IMG_6547.png\" width=\"640\" height=\"356\" border=\"0\" data-original-height=\"356\" data-original-width=\"640\" \/><\/a><\/div>\n<div style=\"text-align: center;\"><\/div>\n<div style=\"text-align: center;\">A traves de las redes y de los a\u00f1os&#8230;<\/div>\n<\/div>\n<\/div>\n","protected":false},"excerpt":{"rendered":"<p>\u00abRefrany; Del mateix lloc ve la cl\u00f2txina que la tellina.\u00bb Del mismo lugar viene el mejill\u00f3n que la tellina. Ten\u00eda \u00e9sta entrada ya un tiempo para subir y me he dado cuenta ahora de que no lo hab\u00eda hecho. C\u00f3mo siempre, comparto MI manera de hacerlas, que no es ni &hellip; <\/p>\n","protected":false},"author":2,"featured_media":16679,"comment_status":"open","ping_status":"open","sticky":false,"template":"","format":"standard","meta":[],"categories":[37,1],"tags":[],"_links":{"self":[{"href":"https:\/\/elcalaixetdelaiaia.es\/index.php?rest_route=\/wp\/v2\/posts\/968"}],"collection":[{"href":"https:\/\/elcalaixetdelaiaia.es\/index.php?rest_route=\/wp\/v2\/posts"}],"about":[{"href":"https:\/\/elcalaixetdelaiaia.es\/index.php?rest_route=\/wp\/v2\/types\/post"}],"author":[{"embeddable":true,"href":"https:\/\/elcalaixetdelaiaia.es\/index.php?rest_route=\/wp\/v2\/users\/2"}],"replies":[{"embeddable":true,"href":"https:\/\/elcalaixetdelaiaia.es\/index.php?rest_route=%2Fwp%2Fv2%2Fcomments&post=968"}],"version-history":[{"count":29,"href":"https:\/\/elcalaixetdelaiaia.es\/index.php?rest_route=\/wp\/v2\/posts\/968\/revisions"}],"predecessor-version":[{"id":28194,"href":"https:\/\/elcalaixetdelaiaia.es\/index.php?rest_route=\/wp\/v2\/posts\/968\/revisions\/28194"}],"wp:featuredmedia":[{"embeddable":true,"href":"https:\/\/elcalaixetdelaiaia.es\/index.php?rest_route=\/wp\/v2\/media\/16679"}],"wp:attachment":[{"href":"https:\/\/elcalaixetdelaiaia.es\/index.php?rest_route=%2Fwp%2Fv2%2Fmedia&parent=968"}],"wp:term":[{"taxonomy":"category","embeddable":true,"href":"https:\/\/elcalaixetdelaiaia.es\/index.php?rest_route=%2Fwp%2Fv2%2Fcategories&post=968"},{"taxonomy":"post_tag","embeddable":true,"href":"https:\/\/elcalaixetdelaiaia.es\/index.php?rest_route=%2Fwp%2Fv2%2Ftags&post=968"}],"curies":[{"name":"wp","href":"https:\/\/api.w.org\/{rel}","templated":true}]}}