{"id":967,"date":"2014-03-27T19:50:00","date_gmt":"2014-03-27T19:50:00","guid":{"rendered":"http:\/\/elcalaixetdelaiaia.es\/cumplir-anos_27"},"modified":"2018-03-27T08:16:19","modified_gmt":"2018-03-27T08:16:19","slug":"cumplir-anos_27","status":"publish","type":"post","link":"https:\/\/elcalaixetdelaiaia.es\/?p=967","title":{"rendered":"Cumplir a\u00f1os"},"content":{"rendered":"<div style=\"text-align: center;\">Hoy es mi cumplea\u00f1os, 57 primaveras ya&#8230;.que bonito es cumplir a\u00f1os!<\/div>\n<p>Aunque sea cibern\u00e9ticamente, comparto con tod@s vosotr@s un trocito de mi tarta de cumplea\u00f1os;<\/p>\n<div class=\"separator\" style=\"clear: both; text-align: center;\"><a style=\"margin-left: 1em; margin-right: 1em;\" href=\"https:\/\/elcalaixetdelaiaia.es\/wp-content\/uploads\/2014\/03\/SAM_0297-modified-768x1024.jpg\"><img decoding=\"async\" loading=\"lazy\" src=\"https:\/\/elcalaixetdelaiaia.es\/wp-content\/uploads\/2014\/03\/SAM_0297-modified-768x1024.jpg\" width=\"240\" height=\"320\" border=\"0\" \/><\/a><\/div>\n<div class=\"separator\" style=\"clear: both; text-align: left;\"><\/div>\n<div class=\"separator\" style=\"clear: both; text-align: center;\">Me encanta celebrar mis cumplea\u00f1os, y me hace una enorme ilusi\u00f3n que me feliciten, en \u00e9so soy como una ni\u00f1a peque\u00f1a,<\/div>\n<p>aunque hay quien no comparta mi opini\u00f3n, qui\u00e9n se deprime cuando ve que ya ha pasado un a\u00f1o desde que apag\u00f3 las \u00faltimas velas, pero no es mi caso.<\/p>\n<p>Cuando veo quien oculta su edad o la disfraza, no se&#8230;.siento como un poco de pena \u00a1SI CUMPLIR A\u00d1OS ES MARAVILLOSOOOOO!<\/p>\n<p>Cada cumplea\u00f1os, al soplar mis velas pienso, gracias Dios mio por permitirme cumplir un a\u00f1o mas e irremediablemete, dedico ese soplo a mi amiga Loli, que muri\u00f3 muy muy joven a causa de un derrame celebral, dejando dos ni\u00f1as peque\u00f1as de la edad de mis hijos. Por ella, por ti Loli, que la vida no te dej\u00f3 soplar m\u00e1s que unas pocas velas y te fuieste cuando mas falta hac\u00edas.<br \/>\nClaro est\u00e1 que cuando veo que voy ganando peso, que la ley de la gravedad ataca mi cuerpo inexorablemente, o \u00e9sa arruga en el entrecejo que \u00a1antes no estaba! y que los ojos cada vez se ven mas hundidos peque\u00f1os y adornados de m\u00faltiples arrugas, que me cuesta mas hacer cualquier trabajo por simple que sea, que no puedo pasar ya sin las gafas, que van saliendo las canas, aunque me niego a te\u00f1irme&#8230;..no es plato de buen gusto, pero acepto que es el tributo que hay que pagar por vivir.<br \/>\nPienso que no hay que confundir hacerse mayor con envejecer, y que de todas maneras hay que hacerlo con dignidad, aunque a veces con los a\u00f1os llegan las enfermedades, las malditas enfermedades, las propias y las de las personas que nos acompa\u00f1an en el camino de la vida y que a veces&#8230;son de las peores que se pueden esperar y para las que nos estamos preparados.<br \/>\nEs entonces cuando las piedras del camino , se vuelven monta\u00f1as y es entonces cuando intento buscar la manera de escalarlas, ya que las fuerzas no permiten ya apartarlas del camino por el peso y el tama\u00f1o que van adquiriendo, en \u00e9so estamos, en intentar escalarlas, aunque haya que hacer muchos parones para descansar y seguir intentando llegar a la cima, para bajarla despu\u00e9s.<br \/>\nPeor es el ver que te van faltando personas queridas para comer la porci\u00f3n de tu tarta, para ayudarte a soplar \u00e9sas velas. Unos porque se los llev\u00f3 la vida, otr@s porque quisieron voluntariamente apartarse de la tuya y otras&#8230;porque se las llev\u00f3 el destino y no pueden celebrar contigo, aunque la celebraci\u00f3n se prorroga para mas tarde, cuando sea posible, cuando las circunstancias lo permitan.<br \/>\nPienso que hay que cumplir a\u00f1os con dignidad y no pretender aferrarse a los tiempos pasados, no se puede ser siempre joven, no se puede disfrazar el paso de los a\u00f1os, porque adem\u00e1s \u00e9stos nos ense\u00f1an a tener una visi\u00f3n distinta de la vida, con mas calma, con mas serenidad.<br \/>\nSea como fuere, soy feliz de cumplir a\u00f1os y espero y deseo dentro de un a\u00f1o, volver a daros la lata con la reflexi\u00f3n de mi 58 cumplea\u00f1os&#8230;.<\/p>\n<div style=\"text-align: center;\"><\/div>\n<div style=\"text-align: center;\"><iframe loading=\"lazy\" src=\"\/\/www.youtube.com\/embed\/v1eNDRNExqk\" width=\"480\" height=\"270\" frameborder=\"0\" allowfullscreen=\"allowfullscreen\"><\/iframe><\/div>\n<div style=\"text-align: center;\">darle al play que merece la pena ver y sobretodo escuchar&#8230;&#8230;<\/div>\n<p>Me despido con unas palabras de\u00a0Ingmar Bergman;<br \/>\n\u00abEnvejecer es como escalar una gran monta\u00f1a; mientras se sube las fuerzas disminuyen, pero la mirada es m\u00e1s libre, la vista m\u00e1s amplia y serena\u201d<\/p>\n<p>Un abrazo de iaia Maimen<\/p>\n","protected":false},"excerpt":{"rendered":"<p>Hoy es mi cumplea\u00f1os, 57 primaveras ya&#8230;.que bonito es cumplir a\u00f1os! Aunque sea cibern\u00e9ticamente, comparto con tod@s vosotr@s un trocito de mi tarta de cumplea\u00f1os; Me encanta celebrar mis cumplea\u00f1os, y me hace una enorme ilusi\u00f3n que me feliciten, en \u00e9so soy como una ni\u00f1a peque\u00f1a, aunque hay quien no &hellip; <\/p>\n","protected":false},"author":2,"featured_media":11506,"comment_status":"open","ping_status":"open","sticky":false,"template":"","format":"standard","meta":[],"categories":[23,1],"tags":[],"_links":{"self":[{"href":"https:\/\/elcalaixetdelaiaia.es\/index.php?rest_route=\/wp\/v2\/posts\/967"}],"collection":[{"href":"https:\/\/elcalaixetdelaiaia.es\/index.php?rest_route=\/wp\/v2\/posts"}],"about":[{"href":"https:\/\/elcalaixetdelaiaia.es\/index.php?rest_route=\/wp\/v2\/types\/post"}],"author":[{"embeddable":true,"href":"https:\/\/elcalaixetdelaiaia.es\/index.php?rest_route=\/wp\/v2\/users\/2"}],"replies":[{"embeddable":true,"href":"https:\/\/elcalaixetdelaiaia.es\/index.php?rest_route=%2Fwp%2Fv2%2Fcomments&post=967"}],"version-history":[{"count":5,"href":"https:\/\/elcalaixetdelaiaia.es\/index.php?rest_route=\/wp\/v2\/posts\/967\/revisions"}],"predecessor-version":[{"id":16481,"href":"https:\/\/elcalaixetdelaiaia.es\/index.php?rest_route=\/wp\/v2\/posts\/967\/revisions\/16481"}],"wp:featuredmedia":[{"embeddable":true,"href":"https:\/\/elcalaixetdelaiaia.es\/index.php?rest_route=\/wp\/v2\/media\/11506"}],"wp:attachment":[{"href":"https:\/\/elcalaixetdelaiaia.es\/index.php?rest_route=%2Fwp%2Fv2%2Fmedia&parent=967"}],"wp:term":[{"taxonomy":"category","embeddable":true,"href":"https:\/\/elcalaixetdelaiaia.es\/index.php?rest_route=%2Fwp%2Fv2%2Fcategories&post=967"},{"taxonomy":"post_tag","embeddable":true,"href":"https:\/\/elcalaixetdelaiaia.es\/index.php?rest_route=%2Fwp%2Fv2%2Ftags&post=967"}],"curies":[{"name":"wp","href":"https:\/\/api.w.org\/{rel}","templated":true}]}}