{"id":966,"date":"2014-08-15T10:32:00","date_gmt":"2014-08-15T10:32:00","guid":{"rendered":"http:\/\/elcalaixetdelaiaia.es\/fideua"},"modified":"2026-03-16T14:10:06","modified_gmt":"2026-03-16T14:10:06","slug":"fideua","status":"publish","type":"post","link":"https:\/\/elcalaixetdelaiaia.es\/?p=966","title":{"rendered":"Fideu\u00e1 valenciana paso a paso foto a foto"},"content":{"rendered":"<p>\u00abRefrany; Nom\u00e9s la sang, no fa als germans\u00bb. Solo la sangre, no hace a los hermanos.<\/p>\n<div>Sigo con entradas que olvid\u00e9 publicar en su d\u00eda. Ya os contaba el otro d\u00eda (lo que considero por los datos que tengo), el origen de la aut\u00e9ntica fideu\u00e1 y que pod\u00e9is leer entrando en este enlace <a href=\"https:\/\/elcalaixetdelaiaia.es\/?p=969\">https:\/\/elcalaixetdelaiaia.es\/?p=969<\/a><\/div>\n<div>Hoy os traigo una buen\u00edsima que nos hizo uno de mis hermanos, mi tete Salva siguiendo mis indicaciones,\u00a0 y os aseguro que&#8230; le sali\u00f3 \u00a1DE DIEZ! de MATRICULA DE HONOR, de chuparse los dedos&#8230; y as\u00ed lo hicimos, nos los chupamos literalmente&#8230;\u00a1que buena por Dios!, encima la disfrutamos en un marco incomparable, en \u00e9ste valle entre vi\u00f1edos, en la Marina Alta, rodeados de familia y cari\u00f1o un d\u00eda m\u00e1s, como siempre, y presidiendo la mesa el iaio, mi querido papi \u00bfque m\u00e1s se puede pedir?<\/div>\n<div>\n<div class=\"separator\" style=\"clear: both; text-align: center;\"><a style=\"margin-left: 1em; margin-right: 1em;\" href=\"http:\/\/1.bp.blogspot.com\/-bSojirtGoC8\/UzNebx2Lj1I\/AAAAAAAAGyU\/1t3V9jNJfas\/s1600\/fid.jpg\"><img decoding=\"async\" loading=\"lazy\" class=\"aligncenter\" src=\"https:\/\/elcalaixetdelaiaia.es\/wp-content\/uploads\/2014\/03\/fid.jpg\" width=\"640\" height=\"426\" border=\"0\" \/><\/a><\/div>\n<p>Necesitaremos;<\/p>\n<table class=\"tr-caption-container\" style=\"margin-left: auto; margin-right: auto; text-align: center;\" cellspacing=\"0\" cellpadding=\"0\" align=\"center\">\n<tbody>\n<tr>\n<td style=\"text-align: center;\"><a style=\"margin-left: auto; margin-right: auto;\" href=\"http:\/\/2.bp.blogspot.com\/-IH0le-Q9u7w\/UzVPl7gA17I\/AAAAAAAAG50\/P4kH_pj7Cyk\/s1600\/f.jpg\"><img decoding=\"async\" loading=\"lazy\" src=\"https:\/\/elcalaixetdelaiaia.es\/wp-content\/uploads\/2014\/03\/f.jpg\" width=\"640\" height=\"426\" border=\"0\" \/><\/a><\/td>\n<\/tr>\n<tr>\n<td class=\"tr-caption\" style=\"text-align: center;\">(Disculpad, la foto de primer plano sali\u00f3 borrosa)<\/td>\n<\/tr>\n<\/tbody>\n<\/table>\n<ol>\n<li>100 g de fideo curvo del n\u00ba 8 por comensal (si quer\u00e9is, podeis usar del recto, sin problemas)<\/li>\n<li>El doble de caldo de pescado (fumet natural casero) que de fideo<\/li>\n<li>Unos tomates maduros naturales<\/li>\n<li>Unos dientes de ajo<\/li>\n<li>Sepia<\/li>\n<li>Calamar<\/li>\n<li>Emperador o mero<\/li>\n<li>Cl\u00f2txineso o mejillones<\/li>\n<li>Cigalas, gambas,langostinos, galeras o gambones<\/li>\n<li>\u00a0Piment\u00f3n de la Vera<\/li>\n<li>Preparado de paella con azafr\u00e1n o azafr\u00e1n tostado<\/li>\n<li>Aceite de oliva<\/li>\n<li>\u00d1ora<\/li>\n<li>Sal<\/li>\n<\/ol>\n<p style=\"text-align: center;\">En cada casa, a\u00f1adir\u00e1n o quitar\u00e1n alg\u00fan ingrediente secundario o lo pondr\u00e1n antes o despu\u00e9s. \u00c9sta es mi manera de prepararla.<br \/>\nLe puedes a\u00f1adir chirlas, gamba rallada o lo que tu bolsillo te permita, pero con \u00e9stos ingredientes que ha hecho hoy mi tete, sale una fideu\u00e1 magn\u00edfica.<\/p>\n<div style=\"text-align: center;\">Primero, preparemos un fondo de pescado, con morralla<\/div>\n<div style=\"text-align: center;\"><a href=\"https:\/\/elcalaixetdelaiaia.es\/?p=977\">https:\/\/elcalaixetdelaiaia.es\/?p=977<\/a><\/div>\n<div style=\"text-align: center;\">Si no es posible, pues&#8230; lament\u00e1ndolo mucho, tendremos que utilizar el caldo que ya viene cocinado y envasado, como nos ha ocurrido en \u00e9sta ocasi\u00f3n, pero NO es lo que toca \u00bfeh?<\/div>\n<div style=\"text-align: center;\">Seguiremos limpiando y cocinando las \u00abcl\u00f2txines\u00bb <a href=\"https:\/\/elcalaixetdelaiaia.es\/?p=968\">https:\/\/elcalaixetdelaiaia.es\/?p=968<\/a><\/div>\n<div style=\"text-align: center;\">\u00a0y si no las vamos a consumir reci\u00e9n compradas, aqu\u00ed est\u00e1 el truco para conservarlas en perfecto estado<br \/>\n<a href=\"https:\/\/elcalaixetdelaiaia.es\/?p=1184\">https:\/\/elcalaixetdelaiaia.es\/?p=1184<\/a><\/div>\n<\/div>\n<div style=\"text-align: center;\">\n<p style=\"text-align: left;\">Antes de comenzar, pondremos a hidratar la \u00f1ora en agua caliente, parti\u00e9ndola por la mitad.<\/p>\n<p style=\"text-align: left;\">Siempre que cocino con \u00f1oras no puedo evitar recordar mi primera paella de arroz negro. Al poco de nacer mi hijo mayor, nos trasladamos a vivir a L&#8217;Oller\u00eda, (aprovecho para enviar desde aqu\u00ed todo mi cari\u00f1o a la familia LLorca\/Silvestre,\u00a0 que fueron mi familia en el pueblo, y a quien siempre estar\u00e9 agradecida) y cuando el nene cumpli\u00f3 su primer a\u00f1ito, lo celebramos esa casa, donde fuimos vecinos, e invitamos a la familia y amigos mas cercanos, ya que la casa era muy muy grande, pero nosotros somos much\u00edsima familia y amigos y a todos, era imposible, aparte de que se tuvieron que desplazar desde Val\u00e9ncia.<\/p>\n<\/div>\n<p style=\"text-align: center;\"><img decoding=\"async\" loading=\"lazy\" class=\" wp-image-16821 aligncenter\" src=\"https:\/\/elcalaixetdelaiaia.es\/wp-content\/uploads\/2018\/04\/IMG_E8930-1024x768.jpg\" alt=\"\" width=\"678\" height=\"509\" srcset=\"https:\/\/elcalaixetdelaiaia.es\/wp-content\/uploads\/2018\/04\/IMG_E8930-1024x768.jpg 1024w, https:\/\/elcalaixetdelaiaia.es\/wp-content\/uploads\/2018\/04\/IMG_E8930-300x225.jpg 300w, https:\/\/elcalaixetdelaiaia.es\/wp-content\/uploads\/2018\/04\/IMG_E8930-768x576.jpg 768w\" sizes=\"(max-width: 678px) 100vw, 678px\" \/><\/p>\n<div style=\"text-align: center;\">\n<p>Para agasajarlos, se me ocurri\u00f3 hacer una \u00abPaella d&#8217;arr\u00f2s negre\u00bb, en el paellero. Puse seis \u00f1oras pero&#8230; en mi ignorancia de novata, no se me ocurri\u00f3 otra cosa que hidratarlas, aunqueeee las puse tal cual, si, si, c\u00f3mo lee\u00e9is, enteras\u00a0 y con piel inclu\u00eddas. Cuando mi iaia, madre y t\u00edos vieron aquellos flotadores rojos, cual boyas en el mar, flotando entre el arroz negro, se part\u00edan de risa. Porque claro \u00bfa quien se le ocurre no sacar la carne de la \u00f1ora? pues ya v\u00e9is a miiiii&#8230; jajajajaja, como buena novata. Ya veis que nadie nacemos sabiendo, todo requiere un aprendizaje. Bueno pues ya sab\u00e9is, a la \u00f1ora (igual que al pimiento choricero) se le saca la carne c\u00f3mo ver\u00e9is luego, y para eso se pone a hidratar. Aunque os tengo que contar, que no hace mucho, fuimos a un restaurante muy conocido de la playa&#8230; y nos presentaron las \u00f1oras,\u00a0 en medio de la paella, preguntamos al cocinero y nos dijeron que las usaban como decoraci\u00f3n. Mare m\u00e8ua!<\/p>\n<\/div>\n<div>\n<div style=\"text-align: center;\">\n<div class=\"separator\" style=\"clear: both; text-align: center;\"><a style=\"margin-left: 1em; margin-right: 1em;\" href=\"http:\/\/4.bp.blogspot.com\/-jxPeXZSoKVU\/UzVH8-chg3I\/AAAAAAAAG38\/q51qVJzE8yI\/s1600\/f2.jpg\"><img decoding=\"async\" loading=\"lazy\" src=\"https:\/\/elcalaixetdelaiaia.es\/wp-content\/uploads\/2014\/03\/f2.jpg\" width=\"640\" height=\"426\" border=\"0\" \/><\/a><\/div>\n<p>Quitamos las barbas a las gambas, langostinos, cigalas&#8230; y con las tijeras, o con un palillo, haremos un corte en el lomo, para quitar el hilillo negro que son los intestinos, y los restos que pueda haber de arena, o si ya vienen limpio en la tripa, para facilitar sacar la molla en el momento de comerlas, (\u00e9sto lo hago siempre, como me ense\u00f1o mi iaia Conxeta, y a ella mi iaia Vi\u00e7entet, su marido, que era marino y pescador) y os aseguro que merece la pena)\u00a0 enjuagamos y dejamos escurriendo<\/p>\n<div class=\"separator\" style=\"clear: both; text-align: center;\"><a style=\"margin-left: 1em; margin-right: 1em;\" href=\"http:\/\/4.bp.blogspot.com\/-RKKe83kpO4k\/UzVICU8o3HI\/AAAAAAAAG4w\/Vth2owAwGA8\/s1600\/f3.jpg\"><img decoding=\"async\" loading=\"lazy\" src=\"https:\/\/elcalaixetdelaiaia.es\/wp-content\/uploads\/2014\/03\/f3.jpg\" width=\"640\" height=\"426\" border=\"0\" \/><\/a><\/div>\n<p style=\"text-align: center;\">troceamos y enjuagamos el emperador y la sepia<\/p>\n<div class=\"separator\" style=\"clear: both; text-align: center;\"><a style=\"margin-left: 1em; margin-right: 1em;\" href=\"http:\/\/1.bp.blogspot.com\/-TOv8G2hdiKM\/UzVIDTvuOBI\/AAAAAAAAG48\/44htKeDkJQY\/s1600\/f4.jpg\"><img decoding=\"async\" loading=\"lazy\" src=\"https:\/\/elcalaixetdelaiaia.es\/wp-content\/uploads\/2014\/03\/f4.jpg\" width=\"640\" height=\"426\" border=\"0\" \/><\/a><\/div>\n<p style=\"text-align: center;\">rallamos los tomates, (tanto en las paellas, como fideu\u00e1s y platos en general, procuro siempre poner el tomate natural, aunque lo pod\u00e9is utilizar de lata, en mi caso procuro poner siempre productos naturales) y los ajos<\/p>\n<div class=\"separator\" style=\"clear: both; text-align: center;\"><a style=\"margin-left: 1em; margin-right: 1em;\" href=\"http:\/\/4.bp.blogspot.com\/-7oNOZ2jurAo\/UzVID1fd5NI\/AAAAAAAAG5E\/gRvxq40B7uQ\/s1600\/f5.jpg\"><img decoding=\"async\" loading=\"lazy\" src=\"https:\/\/elcalaixetdelaiaia.es\/wp-content\/uploads\/2014\/03\/f5.jpg\" width=\"640\" height=\"426\" border=\"0\" \/><\/a><\/div>\n<p style=\"text-align: center;\">una vez todo limpio, salamos ligeramente<\/p>\n<div class=\"separator\" style=\"clear: both; text-align: center;\"><a style=\"margin-left: 1em; margin-right: 1em;\" href=\"http:\/\/1.bp.blogspot.com\/-WYtZ-WHPJVw\/UzVIEYwEjaI\/AAAAAAAAG5M\/dTmmpxX3pg8\/s1600\/f6.jpg\"><img decoding=\"async\" loading=\"lazy\" src=\"https:\/\/elcalaixetdelaiaia.es\/wp-content\/uploads\/2014\/03\/f6.jpg\" width=\"640\" height=\"458\" border=\"0\" \/><\/a><\/div>\n<p>procuramos tener todo dispuesto a mano antes de proceder a prenderle fuego a la paella. En \u00e9sta ocasi\u00f3n no pudimos usar caldo de morralla o fumet y tuvimos que conformarnos con caldo de brik comercial. Por supuesto \u00abcuando no hay lomo, de todo como\u00bb pero si pod\u00e9is usar el fondo de pescado o fumet casero, no dud\u00e9is en hacerlo \ud83d\ude09 de verdad que la diferencia es notoria<\/p>\n<div class=\"separator\" style=\"clear: both; text-align: center;\"><a style=\"margin-left: 1em; margin-right: 1em;\" href=\"http:\/\/1.bp.blogspot.com\/-MaIN4MSNkYk\/UzVIEwdGXeI\/AAAAAAAAG5Q\/pOFoh0p3mI0\/s1600\/f7.jpg\"><img decoding=\"async\" loading=\"lazy\" src=\"https:\/\/elcalaixetdelaiaia.es\/wp-content\/uploads\/2014\/03\/f7.jpg\" width=\"640\" height=\"458\" border=\"0\" \/><\/a><\/div>\n<div class=\"separator\" style=\"clear: both; text-align: center;\"><\/div>\n<div class=\"separator\" style=\"clear: both; text-align: center;\">prepararos todos los ingredientes necesarios antes de comenzar, una vez empecemos no es plan darnos cuentas de que nos falta alguno<\/div>\n<div><\/div>\n<div class=\"separator\" style=\"clear: both; text-align: center;\"><a style=\"margin-left: 1em; margin-right: 1em;\" href=\"http:\/\/2.bp.blogspot.com\/-WnYbv7UX6dM\/UzVIGFfoTaI\/AAAAAAAAG5c\/U-Ts6HCDUrA\/s1600\/f8.jpg\"><img decoding=\"async\" loading=\"lazy\" src=\"https:\/\/elcalaixetdelaiaia.es\/wp-content\/uploads\/2014\/03\/f8.jpg\" width=\"640\" height=\"426\" border=\"0\" \/><\/a><\/div>\n<p style=\"text-align: center;\">importante nivelar bien la paella que hoy vamos a hacer en el paellero de gas, porque nos hemos quedado sin le\u00f1a, anoche disfrutamos una buena torr\u00e1 de chuletas de cordero y embutido, mientras ve\u00edamos las perseidas y hoy es fiesta, est\u00e1 todo cerrado y olvidamos ayer aprovisionarnos de le\u00f1a \ud83d\ude41\u00a0 le faltar\u00e1 el sabor ahumado de la le\u00f1a, no es lo mismo peroooo igualmente salen divinas. Me hab\u00eda empe\u00f1ado en haceros hoy el paso a paso y aunque con faltas o cambios, lo hago de todas maneras, eso lo malo de cocinar en medio de la monta\u00f1a y un d\u00eda de fiesta Nacional&#8230;<\/p>\n<div class=\"separator\" style=\"clear: both; text-align: center;\"><a style=\"margin-left: 1em; margin-right: 1em;\" href=\"http:\/\/4.bp.blogspot.com\/-Qpp7YaJTjj4\/UzVIILnVULI\/AAAAAAAAG5o\/1SCwUmA9vEg\/s1600\/f9.jpg\"><img decoding=\"async\" loading=\"lazy\" src=\"https:\/\/elcalaixetdelaiaia.es\/wp-content\/uploads\/2014\/03\/f9.jpg\" width=\"640\" height=\"426\" border=\"0\" \/><\/a><\/div>\n<p style=\"text-align: center;\">agregamos el aceite de oliva en el centro de la paella para comprobar que est\u00e1 bien nivelada y agregamos la sal, para evitar que se nos queme la paella y que el aceite salpique demasiado<\/p>\n<div class=\"separator\" style=\"clear: both; text-align: center;\"><a style=\"margin-left: 1em; margin-right: 1em;\" href=\"http:\/\/2.bp.blogspot.com\/-TNnHQOc66II\/UzVH0GaOQYI\/AAAAAAAAG2s\/I7xzy0P21BA\/s1600\/f10.jpg\"><img decoding=\"async\" loading=\"lazy\" src=\"https:\/\/elcalaixetdelaiaia.es\/wp-content\/uploads\/2014\/03\/f10.jpg\" width=\"640\" height=\"426\" border=\"0\" \/><\/a><\/div>\n<p>mientras se calienta el aceite, removemos con la rasera o espumadera de palo largo el aceite, para que se integre con la sal<\/p>\n<div class=\"separator\" style=\"clear: both; text-align: center;\"><a style=\"margin-left: 1em; margin-right: 1em;\" href=\"http:\/\/4.bp.blogspot.com\/-k79VXXderTA\/UzVH0BfmFPI\/AAAAAAAAG2o\/gX2fAqEqTNM\/s1600\/f11.jpg\"><img decoding=\"async\" loading=\"lazy\" src=\"https:\/\/elcalaixetdelaiaia.es\/wp-content\/uploads\/2014\/03\/f11.jpg\" width=\"640\" height=\"426\" border=\"0\" \/><\/a><\/div>\n<p style=\"text-align: center;\">y vamos echando el marisco<\/p>\n<div class=\"separator\" style=\"clear: both; text-align: center;\"><a style=\"margin-left: 1em; margin-right: 1em;\" href=\"http:\/\/2.bp.blogspot.com\/-A6s9bL4aPXM\/UzVH2QnwNpI\/AAAAAAAAG3A\/o-PPKsWzBVc\/s1600\/f12.jpg\"><img decoding=\"async\" loading=\"lazy\" src=\"https:\/\/elcalaixetdelaiaia.es\/wp-content\/uploads\/2014\/03\/f12.jpg\" width=\"640\" height=\"426\" border=\"0\" \/><\/a><\/div>\n<p style=\"text-align: center;\">para que se vaya dorando<\/p>\n<p><a href=\"https:\/\/1.bp.blogspot.com\/-jTjIexJK9uk\/VztPXkg8MeI\/AAAAAAAAkM4\/65WwjUJ-CSMXlEhluVC0i1hYx6gabFQvQCKgB\/s1600\/IMG_9616.PNG\"><img decoding=\"async\" loading=\"lazy\" class=\"aligncenter\" src=\"https:\/\/elcalaixetdelaiaia.es\/wp-content\/uploads\/2016\/05\/IMG_9616.png\" width=\"640\" height=\"480\" border=\"0\" \/><\/a><\/p>\n<p>sacaremos la \u00f1ora del remojo, y con un cuchillo rasparemos la carne, separ\u00e1ndola de la piel y eliminando pieles y semillas<a style=\"margin-left: 1em; margin-right: 1em;\" href=\"http:\/\/1.bp.blogspot.com\/-cfTmKCftacM\/UzVH3OH2SOI\/AAAAAAAAG3E\/NcXjqDIdnUs\/s1600\/f13.jpg\"><img decoding=\"async\" loading=\"lazy\" class=\"aligncenter\" src=\"https:\/\/elcalaixetdelaiaia.es\/wp-content\/uploads\/2014\/03\/f13.jpg\" width=\"640\" height=\"426\" border=\"0\" \/><\/a><\/p>\n<p style=\"text-align: center;\">agregamos el tomate y los ajos, la \u00f1ora<\/p>\n<div class=\"separator\" style=\"clear: both; text-align: center;\"><a style=\"margin-left: 1em; margin-right: 1em;\" href=\"http:\/\/1.bp.blogspot.com\/-wB6HtUSjG_w\/UzVH3eSy1gI\/AAAAAAAAG3I\/qc1tacS7MWo\/s1600\/f14.jpg\"><img decoding=\"async\" loading=\"lazy\" src=\"https:\/\/elcalaixetdelaiaia.es\/wp-content\/uploads\/2014\/03\/f14.jpg\" width=\"640\" height=\"426\" border=\"0\" \/><\/a><\/div>\n<p style=\"text-align: center;\">y el piment\u00f3n, daremos una vuelya y de inmediato cortaremos la cocci\u00f3n para que el piment\u00f3n no se queme y amargue,<\/p>\n<div class=\"separator\" style=\"clear: both; text-align: center;\"><a style=\"margin-left: 1em; margin-right: 1em;\" href=\"http:\/\/3.bp.blogspot.com\/-4leBnjHp0Xc\/UzVH4pKjiZI\/AAAAAAAAG3Q\/otRfanNmhuY\/s1600\/f15.jpg\"><img decoding=\"async\" loading=\"lazy\" src=\"https:\/\/elcalaixetdelaiaia.es\/wp-content\/uploads\/2014\/03\/f15.jpg\" width=\"640\" height=\"426\" border=\"0\" \/><\/a><\/div>\n<p>echando los fideos para que se fr\u00edan un poquito con todo lo anterior y absorban los sabores, solo una vuelta y con cuidado de que no se nos queme el piment\u00f3n<\/p>\n<div class=\"separator\" style=\"clear: both; text-align: center;\"><a style=\"margin-left: 1em; margin-right: 1em;\" href=\"http:\/\/1.bp.blogspot.com\/-1nba95sYvow\/UzVH6DbF-eI\/AAAAAAAAG3g\/02-vqP9FlhQ\/s1600\/f16.jpg\"><img decoding=\"async\" loading=\"lazy\" src=\"https:\/\/elcalaixetdelaiaia.es\/wp-content\/uploads\/2014\/03\/f16.jpg\" width=\"640\" height=\"426\" border=\"0\" \/><\/a><\/div>\n<p style=\"text-align: center;\">y r\u00e1pidamente a\u00f1adimos el caldo de pescado, justo el doble cantidad que de fideos<\/p>\n<div class=\"separator\" style=\"clear: both; text-align: center;\"><a style=\"margin-left: 1em; margin-right: 1em;\" href=\"http:\/\/2.bp.blogspot.com\/-Usd5WU28Ci8\/UzVH5-Qv4KI\/AAAAAAAAG3c\/Hs6tUWirVEY\/s1600\/f17.jpg\"><img decoding=\"async\" loading=\"lazy\" src=\"https:\/\/elcalaixetdelaiaia.es\/wp-content\/uploads\/2014\/03\/f17.jpg\" width=\"640\" height=\"426\" border=\"0\" \/><\/a><\/div>\n<p>quitamos una de las conchas, balbas, o c\u00e1scaras y en otras les quitamos las dos, dejando solo la molla o carne de la cl\u00f2txina y \u00e9stas las integramos a la\u00a0fideu\u00e1 reservando las que tienen media balba, para la decoraci\u00f3n final<\/p>\n<div class=\"separator\" style=\"clear: both; text-align: center;\"><a style=\"margin-left: 1em; margin-right: 1em;\" href=\"http:\/\/1.bp.blogspot.com\/-jODlkiq24LI\/UzVH6w-8g_I\/AAAAAAAAG3s\/SKi9CAOHbqU\/s1600\/f18.jpg\"><img decoding=\"async\" loading=\"lazy\" src=\"https:\/\/elcalaixetdelaiaia.es\/wp-content\/uploads\/2014\/03\/f18.jpg\" width=\"640\" height=\"426\" border=\"0\" \/><\/a><\/div>\n<div class=\"separator\" style=\"clear: both; text-align: center;\"><\/div>\n<div class=\"separator\" style=\"clear: both; text-align: center;\">el jugo que ha quedado al cocinar los mejillones, que ser\u00e1 muy poquito pero muy sabroso, lo agregamos a la paella, en casa lo hacemos as\u00ed, aunque hay quien dice que este caldo es demasiado fuerte y lo desecha para el arroz o el fideo.<\/div>\n<div><\/div>\n<div><img decoding=\"async\" loading=\"lazy\" class=\"alignnone size-full wp-image-28196\" src=\"https:\/\/elcalaixetdelaiaia.es\/wp-content\/uploads\/2014\/08\/clotxinesicullera-4-2048x1536firm.jpg\" alt=\"\" width=\"2048\" height=\"1536\" srcset=\"https:\/\/elcalaixetdelaiaia.es\/wp-content\/uploads\/2014\/08\/clotxinesicullera-4-2048x1536firm.jpg 2048w, https:\/\/elcalaixetdelaiaia.es\/wp-content\/uploads\/2014\/08\/clotxinesicullera-4-2048x1536firm-300x225.jpg 300w, https:\/\/elcalaixetdelaiaia.es\/wp-content\/uploads\/2014\/08\/clotxinesicullera-4-2048x1536firm-1024x768.jpg 1024w, https:\/\/elcalaixetdelaiaia.es\/wp-content\/uploads\/2014\/08\/clotxinesicullera-4-2048x1536firm-768x576.jpg 768w, https:\/\/elcalaixetdelaiaia.es\/wp-content\/uploads\/2014\/08\/clotxinesicullera-4-2048x1536firm-1536x1152.jpg 1536w\" sizes=\"(max-width: 2048px) 100vw, 2048px\" \/><\/div>\n<div><\/div>\n<div><\/div>\n<div><img decoding=\"async\" loading=\"lazy\" class=\"alignnone size-full wp-image-28197\" src=\"https:\/\/elcalaixetdelaiaia.es\/wp-content\/uploads\/2014\/08\/culleradeclotcina-firm.jpg\" alt=\"\" width=\"2048\" height=\"1536\" srcset=\"https:\/\/elcalaixetdelaiaia.es\/wp-content\/uploads\/2014\/08\/culleradeclotcina-firm.jpg 2048w, https:\/\/elcalaixetdelaiaia.es\/wp-content\/uploads\/2014\/08\/culleradeclotcina-firm-300x225.jpg 300w, https:\/\/elcalaixetdelaiaia.es\/wp-content\/uploads\/2014\/08\/culleradeclotcina-firm-1024x768.jpg 1024w, https:\/\/elcalaixetdelaiaia.es\/wp-content\/uploads\/2014\/08\/culleradeclotcina-firm-768x576.jpg 768w, https:\/\/elcalaixetdelaiaia.es\/wp-content\/uploads\/2014\/08\/culleradeclotcina-firm-1536x1152.jpg 1536w\" sizes=\"(max-width: 2048px) 100vw, 2048px\" \/><\/div>\n<div><\/div>\n<div class=\"separator\" style=\"clear: both; text-align: center;\">Mi padre,desde que tengo recuerdos, cuando las hago al vapor, o las comemos as\u00ed fuera de casa (s\u00f3lo en lugares conocidos y recomendables)<\/div>\n<div><\/div>\n<div><img decoding=\"async\" loading=\"lazy\" class=\"size-full wp-image-28196 alignnone\" src=\"https:\/\/elcalaixetdelaiaia.es\/wp-content\/uploads\/2014\/08\/clotxinesicullera-4-2048x1536firm.jpg\" alt=\"\" width=\"2048\" height=\"1536\" srcset=\"https:\/\/elcalaixetdelaiaia.es\/wp-content\/uploads\/2014\/08\/clotxinesicullera-4-2048x1536firm.jpg 2048w, https:\/\/elcalaixetdelaiaia.es\/wp-content\/uploads\/2014\/08\/clotxinesicullera-4-2048x1536firm-300x225.jpg 300w, https:\/\/elcalaixetdelaiaia.es\/wp-content\/uploads\/2014\/08\/clotxinesicullera-4-2048x1536firm-1024x768.jpg 1024w, https:\/\/elcalaixetdelaiaia.es\/wp-content\/uploads\/2014\/08\/clotxinesicullera-4-2048x1536firm-768x576.jpg 768w, https:\/\/elcalaixetdelaiaia.es\/wp-content\/uploads\/2014\/08\/clotxinesicullera-4-2048x1536firm-1536x1152.jpg 1536w\" sizes=\"(max-width: 2048px) 100vw, 2048px\" \/><\/div>\n<div><\/div>\n<div>se \u00abfabrica\u00bb una cuchara con un tenedor y una concha y se lo bebe, tal cual, (por no beber del plato directamente, claro) y as\u00ed hemos ense\u00f1ado a hijos, nietas y sobrinos jajajaja<\/div>\n<div class=\"separator\" style=\"clear: both; text-align: center;\"><a style=\"margin-left: 1em; margin-right: 1em;\" href=\"http:\/\/4.bp.blogspot.com\/-X7_lStlfNkQ\/UzVH8HKT2II\/AAAAAAAAG3w\/AN1kayJIjdE\/s1600\/f19.jpg\"><img decoding=\"async\" loading=\"lazy\" class=\"aligncenter\" src=\"https:\/\/elcalaixetdelaiaia.es\/wp-content\/uploads\/2014\/03\/f19.jpg\" width=\"640\" height=\"426\" border=\"0\" \/><\/a><\/div>\n<div class=\"separator\" style=\"clear: both; text-align: center;\">bajaremos el fuego de intensidad, ya que el total de tiempo ha de ser de 20 min. mas 5 para el \u00absocarraet\u00bb<\/div>\n<div style=\"text-align: center;\">\u00a0\u00a0<a style=\"margin-left: 1em; margin-right: 1em; text-align: center;\" href=\"http:\/\/2.bp.blogspot.com\/-hcK5W5oK_gM\/UzVH9dgvhmI\/AAAAAAAAG4A\/OcEH73kDNRw\/s1600\/f20.jpg\"><img decoding=\"async\" loading=\"lazy\" src=\"https:\/\/elcalaixetdelaiaia.es\/wp-content\/uploads\/2014\/03\/f20.jpg\" width=\"640\" height=\"432\" border=\"0\" \/><\/a><\/div>\n<p style=\"text-align: center;\">Una vez pasados los 20 minutos, decoramos con \u00ables cl\u00f2txines\u00bb<\/p>\n<div class=\"separator\" style=\"clear: both; text-align: center;\"><a style=\"margin-left: 1em; margin-right: 1em;\" href=\"http:\/\/4.bp.blogspot.com\/-UmHuy_tsKco\/UzVH-6Db6pI\/AAAAAAAAG4M\/lLznytiTrg4\/s1600\/f21.jpg\"><img decoding=\"async\" loading=\"lazy\" src=\"https:\/\/elcalaixetdelaiaia.es\/wp-content\/uploads\/2014\/03\/f21.jpg\" width=\"640\" height=\"426\" border=\"0\" \/><\/a><\/div>\n<p>dejaremos secar&#8230; \u00abaixuar\u00bb decimos nosotros 5 minutos m\u00e1s, mientras se nos hace el \u00absocarraet\u00bb a fuego m\u00ednimo<\/p>\n<div class=\"separator\" style=\"clear: both; text-align: center;\"><a style=\"margin-left: 1em; margin-right: 1em;\" href=\"http:\/\/2.bp.blogspot.com\/-kBkelB8txQg\/UzVH_l9RbmI\/AAAAAAAAG4Y\/OJKz2LvrHxE\/s1600\/f22.jpg\"><img decoding=\"async\" loading=\"lazy\" src=\"https:\/\/elcalaixetdelaiaia.es\/wp-content\/uploads\/2014\/03\/f22.jpg\" width=\"640\" height=\"426\" border=\"0\" \/><\/a><\/div>\n<p style=\"text-align: center;\">retiramos de fuego, y lista nuestra fideu\u00e1<\/p>\n<div class=\"separator\" style=\"clear: both; text-align: center;\"><a style=\"margin-left: 1em; margin-right: 1em;\" href=\"http:\/\/1.bp.blogspot.com\/-35EDYBER0oY\/UzVH_S_eDcI\/AAAAAAAAG4Q\/N3z072_vtsg\/s1600\/f23.jpg\"><img decoding=\"async\" loading=\"lazy\" src=\"https:\/\/elcalaixetdelaiaia.es\/wp-content\/uploads\/2014\/03\/f23.jpg\" width=\"640\" height=\"416\" border=\"0\" \/><\/a><\/div>\n<p style=\"text-align: center;\">\u00aba la taula i al llit&#8230; al primer crit\u00bb<\/p>\n<div class=\"separator\" style=\"clear: both; text-align: center;\"><a style=\"margin-left: 1em; margin-right: 1em;\" href=\"http:\/\/4.bp.blogspot.com\/-iAaJcrjZBqU\/UzVIG0wps1I\/AAAAAAAAG5g\/C5apPB9B1KE\/s1600\/fide+reta+modified.jpg\"><img decoding=\"async\" loading=\"lazy\" src=\"https:\/\/elcalaixetdelaiaia.es\/wp-content\/uploads\/2014\/03\/fide-reta-modified.jpg\" width=\"452\" height=\"640\" border=\"0\" \/><\/a><\/div>\n<\/div>\n<div style=\"text-align: center;\"><\/div>\n<div style=\"text-align: center;\">de verdad que vi\u00e9ndola, entra hambre \u00bfno?<\/div>\n<div style=\"text-align: center;\"><\/div>\n<div style=\"text-align: center;\">\n<div class=\"separator\" style=\"clear: both; text-align: center;\"><a style=\"margin-left: 1em; margin-right: 1em;\" href=\"http:\/\/2.bp.blogspot.com\/-5rc38KLuzfk\/UzVH0xc7_pI\/AAAAAAAAG2w\/uiHlB3s6hOA\/s1600\/all+i+oli+firmada.jpg\"><img decoding=\"async\" loading=\"lazy\" src=\"https:\/\/elcalaixetdelaiaia.es\/wp-content\/uploads\/2014\/03\/all-i-oli-firmada.jpg\" width=\"640\" height=\"426\" border=\"0\" \/><\/a><\/div>\n<\/div>\n<div style=\"text-align: center;\"><\/div>\n<div style=\"text-align: center;\">la podemos acompa\u00f1ar de un buen chorro de lim\u00f3n o como les gusta a mis hijos, de una buena porci\u00f3n de un rico \u00aball i oli de morter\u00bb (no alioli) hecho a mano. Aqu\u00ed ten\u00e9is el paso a paso, pero se hace SIN HUEVO, que quede claro \ud83d\ude09<br \/>\n<a href=\"https:\/\/elcalaixetdelaiaia.es\/?p=1190\">https:\/\/elcalaixetdelaiaia.es\/?p=1190<\/a><\/div>\n<div><\/div>\n<div style=\"text-align: center;\">\n<div class=\"separator\" style=\"clear: both; text-align: center;\"><a style=\"margin-left: 1em; margin-right: 1em;\" href=\"http:\/\/4.bp.blogspot.com\/-3PuiCZRd8vc\/UzVIBeSwUsI\/AAAAAAAAG4k\/gDheGEbhsRk\/s1600\/f24.jpg\"><img decoding=\"async\" loading=\"lazy\" src=\"https:\/\/elcalaixetdelaiaia.es\/wp-content\/uploads\/2014\/03\/f24.jpg\" width=\"640\" height=\"426\" border=\"0\" \/><\/a><\/div>\n<\/div>\n<p style=\"text-align: center;\">pero sobre todo, de la mejor compa\u00f1\u00eda, la de la FAMILIA<\/p>\n<div class=\"separator\" style=\"clear: both; text-align: center;\"><a style=\"margin-left: 1em; margin-right: 1em;\" href=\"http:\/\/3.bp.blogspot.com\/-D7_D4YYMKMQ\/UzVIB4rLGXI\/AAAAAAAAG4o\/KjrT4t6QCbY\/s1600\/f25.jpg\"><img decoding=\"async\" loading=\"lazy\" src=\"https:\/\/elcalaixetdelaiaia.es\/wp-content\/uploads\/2014\/03\/f25.jpg\" width=\"640\" height=\"432\" border=\"0\" \/><\/a><\/div>\n<p style=\"text-align: center;\">y a disfrutar!!!<\/p>\n<p style=\"text-align: center;\">Como siempre en mis recetas de pescado y marisco, (yo tirando para casa) os recomiendo que si vais al Mercat de Russafa en Val\u00e8ncia, compr\u00e9is estos productos en los puestos 36\/42, mi querida sobrina Elena y su marido Pepe os atender\u00e1n con total profesionalidad y simpat\u00eda, aparte de que sus productos son de lo m\u00e1s frescos y de grand\u00edsima calidad.<\/p>\n<p style=\"text-align: center;\">Si te gusta \u00e9sta entrada,comp\u00e1rtela, as\u00ed mucha gente podr\u00e1 disfrutar de ella.Graciaaaaas&#8230;.<br \/>\nEspero vuestros comentarios que para mi son MUY importantes y recordad que tambi\u00e9n estoy en Facebook <a href=\"https:\/\/www.facebook.com\/El-calaixet-de-la-iaia-533062140099386\/\">https:\/\/www.facebook.com\/El-calaixet-de-la-iaia-533062140099386\/<\/a><\/p>\n<\/div>\n","protected":false},"excerpt":{"rendered":"<p>\u00abRefrany; Nom\u00e9s la sang, no fa als germans\u00bb. Solo la sangre, no hace a los hermanos. Sigo con entradas que olvid\u00e9 publicar en su d\u00eda. Ya os contaba el otro d\u00eda (lo que considero por los datos que tengo), el origen de la aut\u00e9ntica fideu\u00e1 y que pod\u00e9is leer entrando &hellip; <\/p>\n","protected":false},"author":2,"featured_media":17362,"comment_status":"open","ping_status":"open","sticky":false,"template":"","format":"standard","meta":[],"categories":[14,37,1],"tags":[],"_links":{"self":[{"href":"https:\/\/elcalaixetdelaiaia.es\/index.php?rest_route=\/wp\/v2\/posts\/966"}],"collection":[{"href":"https:\/\/elcalaixetdelaiaia.es\/index.php?rest_route=\/wp\/v2\/posts"}],"about":[{"href":"https:\/\/elcalaixetdelaiaia.es\/index.php?rest_route=\/wp\/v2\/types\/post"}],"author":[{"embeddable":true,"href":"https:\/\/elcalaixetdelaiaia.es\/index.php?rest_route=\/wp\/v2\/users\/2"}],"replies":[{"embeddable":true,"href":"https:\/\/elcalaixetdelaiaia.es\/index.php?rest_route=%2Fwp%2Fv2%2Fcomments&post=966"}],"version-history":[{"count":37,"href":"https:\/\/elcalaixetdelaiaia.es\/index.php?rest_route=\/wp\/v2\/posts\/966\/revisions"}],"predecessor-version":[{"id":29376,"href":"https:\/\/elcalaixetdelaiaia.es\/index.php?rest_route=\/wp\/v2\/posts\/966\/revisions\/29376"}],"wp:featuredmedia":[{"embeddable":true,"href":"https:\/\/elcalaixetdelaiaia.es\/index.php?rest_route=\/wp\/v2\/media\/17362"}],"wp:attachment":[{"href":"https:\/\/elcalaixetdelaiaia.es\/index.php?rest_route=%2Fwp%2Fv2%2Fmedia&parent=966"}],"wp:term":[{"taxonomy":"category","embeddable":true,"href":"https:\/\/elcalaixetdelaiaia.es\/index.php?rest_route=%2Fwp%2Fv2%2Fcategories&post=966"},{"taxonomy":"post_tag","embeddable":true,"href":"https:\/\/elcalaixetdelaiaia.es\/index.php?rest_route=%2Fwp%2Fv2%2Ftags&post=966"}],"curies":[{"name":"wp","href":"https:\/\/api.w.org\/{rel}","templated":true}]}}