{"id":957,"date":"2014-04-01T22:36:00","date_gmt":"2014-04-01T22:36:00","guid":{"rendered":"http:\/\/elcalaixetdelaiaia.es\/como-quitar-manchas-de-vino-tinto"},"modified":"2018-01-10T15:53:52","modified_gmt":"2018-01-10T15:53:52","slug":"como-quitar-manchas-de-vino-tinto","status":"publish","type":"post","link":"https:\/\/elcalaixetdelaiaia.es\/?p=957","title":{"rendered":"Como quitar manchas de vino tinto"},"content":{"rendered":"<p>\u00abRefrany;<br \/>\nEres pitjor que una taca de vi negre\u00bb<br \/>\nEres peor que una mancha de vino tinto.<br \/>\nAl ir a lavar el mantel de la cena de cumplea\u00f1os, me encontr\u00e9 con la temida mancha de vino tinto.<\/p>\n<div class=\"separator\" style=\"clear: both; text-align: center;\"><a style=\"margin-left: 1em; margin-right: 1em;\" href=\"http:\/\/2.bp.blogspot.com\/-R36xE4G8AoU\/Uzs8clImKCI\/AAAAAAAAHLw\/i1VaMnXfkto\/s1600\/2014-03-28+09.54.34+-+copia.jpg\"><img decoding=\"async\" loading=\"lazy\" src=\"https:\/\/elcalaixetdelaiaia.es\/wp-content\/uploads\/2014\/04\/2014-03-28-09.54.34-copia.jpg\" width=\"640\" height=\"384\" border=\"0\" \/><\/a><\/div>\n<p style=\"text-align: center;\">La mas peque\u00f1a ya estaba seca<\/p>\n<div class=\"separator\" style=\"clear: both; text-align: center;\"><a style=\"margin-left: 1em; margin-right: 1em;\" href=\"http:\/\/1.bp.blogspot.com\/-j91c6UxNz3g\/Uzs8cqHa1aI\/AAAAAAAAHL0\/R8HS2UXismc\/s1600\/2014-03-28+09.55.35+-+copia.jpg\"><img decoding=\"async\" loading=\"lazy\" src=\"https:\/\/elcalaixetdelaiaia.es\/wp-content\/uploads\/2014\/04\/2014-03-28-09.55.35-copia.jpg\" width=\"640\" height=\"384\" border=\"0\" \/><\/a><\/div>\n<p style=\"text-align: center;\">y la mas grande h\u00fameda a\u00fan,as\u00ed que apliqu\u00e9 dos trucos distintos<\/p>\n<div class=\"separator\" style=\"clear: both; text-align: center;\"><a style=\"margin-left: 1em; margin-right: 1em;\" href=\"http:\/\/3.bp.blogspot.com\/-KEpyIYSsbAQ\/Uzs8vBojzII\/AAAAAAAAHNA\/OJcicDLndkU\/s1600\/2014-03-29+18.39.02.jpg\"><img decoding=\"async\" loading=\"lazy\" src=\"https:\/\/elcalaixetdelaiaia.es\/wp-content\/uploads\/2014\/04\/2014-03-29-18.39.02.jpg\" width=\"400\" height=\"640\" border=\"0\" \/><\/a><\/div>\n<p style=\"text-align: center;\">para la mancha h\u00fameda, us\u00e9 espuma de afeitar<\/p>\n<div class=\"separator\" style=\"clear: both; text-align: center;\"><a style=\"margin-left: 1em; margin-right: 1em;\" href=\"http:\/\/2.bp.blogspot.com\/-Syut32XWmpA\/Uzs8dYWjaPI\/AAAAAAAAHMM\/yk-MUr6c86s\/s1600\/2014-03-28+10.00.09+-+copia.jpg\"><img decoding=\"async\" loading=\"lazy\" src=\"https:\/\/elcalaixetdelaiaia.es\/wp-content\/uploads\/2014\/04\/2014-03-28-10.00.09-copia.jpg\" width=\"640\" height=\"384\" border=\"0\" \/><\/a><\/div>\n<p style=\"text-align: center;\">rociamos la mancha<\/p>\n<div class=\"separator\" style=\"clear: both; text-align: center;\"><a style=\"margin-left: 1em; margin-right: 1em;\" href=\"http:\/\/1.bp.blogspot.com\/-Dpkt76dBXJg\/Uzs8dyQIWYI\/AAAAAAAAHMI\/HWDcHrX8SZU\/s1600\/2014-03-28+10.02.15+-+copia.jpg\"><img decoding=\"async\" loading=\"lazy\" src=\"https:\/\/elcalaixetdelaiaia.es\/wp-content\/uploads\/2014\/04\/2014-03-28-10.02.15-copia.jpg\" width=\"640\" height=\"384\" border=\"0\" \/><\/a><\/div>\n<p style=\"text-align: center;\">esparcimos la espuma \u00a0por la tela<\/p>\n<div class=\"separator\" style=\"clear: both; text-align: center;\"><a style=\"margin-left: 1em; margin-right: 1em;\" href=\"http:\/\/4.bp.blogspot.com\/-gHIlqNicxvs\/Uzs8e51R80I\/AAAAAAAAHMc\/rghWWrkyXJE\/s1600\/2014-03-28+10.11.54+-+copia.jpg\"><img decoding=\"async\" loading=\"lazy\" src=\"https:\/\/elcalaixetdelaiaia.es\/wp-content\/uploads\/2014\/04\/2014-03-28-10.11.54-copia.jpg\" width=\"640\" height=\"384\" border=\"0\" \/><\/a><\/div>\n<p style=\"text-align: center;\">y unos minutos despu\u00e9s&#8230;lista para ir a la lavadora con el detergente habitual<\/p>\n<div class=\"separator\" style=\"clear: both; text-align: center;\"><a style=\"margin-left: 1em; margin-right: 1em;\" href=\"http:\/\/2.bp.blogspot.com\/-5eYZS_gDW8s\/Uzs8vHHHgeI\/AAAAAAAAHNE\/VEGpETdJSmA\/s1600\/2014-03-29+18.38.52.jpg\"><img decoding=\"async\" loading=\"lazy\" src=\"https:\/\/elcalaixetdelaiaia.es\/wp-content\/uploads\/2014\/04\/2014-03-29-18.38.52.jpg\" width=\"432\" height=\"640\" border=\"0\" \/><\/a><\/div>\n<p style=\"text-align: center;\">la mancha seca necesitar\u00e1 leche caliente<\/p>\n<div class=\"separator\" style=\"clear: both; text-align: center;\"><a style=\"margin-left: 1em; margin-right: 1em;\" href=\"http:\/\/1.bp.blogspot.com\/-U832Pyruq8I\/Uzs8cRy5aYI\/AAAAAAAAHLs\/cW89L2bUTes\/s1600\/2014-03-28+09.58.11+-+copia.jpg\"><img decoding=\"async\" loading=\"lazy\" src=\"https:\/\/elcalaixetdelaiaia.es\/wp-content\/uploads\/2014\/04\/2014-03-28-09.58.11-copia.jpg\" width=\"640\" height=\"384\" border=\"0\" \/><\/a><\/div>\n<p style=\"text-align: center;\">pondremos un poca de leche en un cuenco y lo calentaremos en el microondas<\/p>\n<div class=\"separator\" style=\"clear: both; text-align: center;\"><a style=\"margin-left: 1em; margin-right: 1em;\" href=\"http:\/\/3.bp.blogspot.com\/-bF-AaBIy5NI\/Uzs8dq39IDI\/AAAAAAAAHME\/sk0tT0wymMk\/s1600\/2014-03-28+10.01.38+-+copia.jpg\"><img decoding=\"async\" loading=\"lazy\" src=\"https:\/\/elcalaixetdelaiaia.es\/wp-content\/uploads\/2014\/04\/2014-03-28-10.01.38-copia.jpg\" width=\"640\" height=\"384\" border=\"0\" \/><\/a><\/div>\n<p style=\"text-align: center;\">sumergeremos el trozo de mantel en el cuenco con la leche caliente<\/p>\n<div class=\"separator\" style=\"clear: both; text-align: center;\"><a style=\"margin-left: 1em; margin-right: 1em;\" href=\"http:\/\/1.bp.blogspot.com\/-Dq1TBSI0wOc\/Uzs8fKUFOBI\/AAAAAAAAHMg\/WVLrmfRyOX8\/s1600\/2014-03-28+10.12.56+-+copia.jpg\"><img decoding=\"async\" loading=\"lazy\" src=\"https:\/\/elcalaixetdelaiaia.es\/wp-content\/uploads\/2014\/04\/2014-03-28-10.12.56-copia.jpg\" width=\"640\" height=\"384\" border=\"0\" \/><\/a><\/div>\n<p style=\"text-align: center;\">y unos minutos despu\u00e9s, la mancha ha desaparecido<\/p>\n<div class=\"separator\" style=\"clear: both; text-align: center;\"><a style=\"margin-left: 1em; margin-right: 1em;\" href=\"http:\/\/2.bp.blogspot.com\/-hLGTw3ZpXmE\/Uzs8fDcoJlI\/AAAAAAAAHMo\/N6CXnt5ZQZQ\/s1600\/2014-03-28+10.13.05+-+copia.jpg\"><img decoding=\"async\" loading=\"lazy\" src=\"https:\/\/elcalaixetdelaiaia.es\/wp-content\/uploads\/2014\/04\/2014-03-28-10.13.05-copia.jpg\" width=\"640\" height=\"384\" border=\"0\" \/><\/a><\/div>\n<p style=\"text-align: center;\">y lista \u00a0para ir<\/p>\n<div class=\"separator\" style=\"clear: both; text-align: center;\"><a style=\"margin-left: 1em; margin-right: 1em;\" href=\"http:\/\/2.bp.blogspot.com\/-54uPHPzJNqg\/Uzs8gB9UXII\/AAAAAAAAHMw\/XjO-nvS9ocg\/s1600\/2014-03-28+10.19.51.jpg\"><img decoding=\"async\" loading=\"lazy\" src=\"https:\/\/elcalaixetdelaiaia.es\/wp-content\/uploads\/2014\/04\/2014-03-28-10.19.51.jpg\" width=\"640\" height=\"384\" border=\"0\" \/><\/a><\/div>\n<p style=\"text-align: center;\">a la lavadora con el detergente habitual<\/p>\n<div class=\"separator\" style=\"clear: both; text-align: center;\"><a style=\"margin-left: 1em; margin-right: 1em;\" href=\"http:\/\/4.bp.blogspot.com\/-7UxXLTOVLVo\/Uzs8gQzr_JI\/AAAAAAAAHM0\/xAmmC5p4f3E\/s1600\/2014-03-28+16.11.06.jpg\"><img decoding=\"async\" loading=\"lazy\" src=\"https:\/\/elcalaixetdelaiaia.es\/wp-content\/uploads\/2014\/04\/2014-03-28-16.11.06.jpg\" width=\"640\" height=\"384\" border=\"0\" \/><\/a><\/div>\n<p style=\"text-align: center;\">despu\u00e9s de lavado y seco, listo para la siguiente celebraci\u00f3n.<\/p>\n<p>Estos son algunos de mis trucos para las manchas &#8230;pero tengo muchos m\u00e1s, poco a poco los ir\u00e9 publicando. Gracias por seguirme.<\/p>\n<p>Espero que mi truco te sea de utilidad si es as\u00ed y quieres compartir, lo conocer\u00e1 m\u00e1s gente y si quieres comentar, tus comentarios para mi son MUY importantes y recuerda que tambi\u00e9n estoy en Facebook <a href=\"https:\/\/www.facebook.com\/El-calaixet-de-la-iaia-533062140099386\/\">https:\/\/www.facebook.com\/El-calaixet-de-la-iaia-533062140099386\/<\/a><\/p>\n<ul class=\"uiList _2ne _4kg\" style=\"list-style-type: none; margin: 0px; padding: 0px;\" aria-atomic=\"false\" aria-live=\"polite\" aria-relevant=\"additions\">\n<li id=\"wm:mid.1391105692202:6624a8ebd4fefd9e81\" class=\"webMessengerMessageGroup clearfix\" style=\"border-width: 1px 0px 0px; padding: 8px 20px 7px; position: relative; zoom: 1;\">\n<div>Si quieres recibir mis actualizaciones por mail, al final de \u00e9sta p\u00e1gina a la izquierda tienes como hacer para introducir tu correo electr\u00f3nico y no perderte ninguna de mis publicaciones \u00a1Gracias!<\/div>\n<\/li>\n<\/ul>\n","protected":false},"excerpt":{"rendered":"<p>\u00abRefrany; Eres pitjor que una taca de vi negre\u00bb Eres peor que una mancha de vino tinto. Al ir a lavar el mantel de la cena de cumplea\u00f1os, me encontr\u00e9 con la temida mancha de vino tinto. La mas peque\u00f1a ya estaba seca y la mas grande h\u00fameda a\u00fan,as\u00ed que &hellip; <\/p>\n","protected":false},"author":2,"featured_media":15498,"comment_status":"open","ping_status":"open","sticky":false,"template":"","format":"standard","meta":[],"categories":[1,95],"tags":[],"_links":{"self":[{"href":"https:\/\/elcalaixetdelaiaia.es\/index.php?rest_route=\/wp\/v2\/posts\/957"}],"collection":[{"href":"https:\/\/elcalaixetdelaiaia.es\/index.php?rest_route=\/wp\/v2\/posts"}],"about":[{"href":"https:\/\/elcalaixetdelaiaia.es\/index.php?rest_route=\/wp\/v2\/types\/post"}],"author":[{"embeddable":true,"href":"https:\/\/elcalaixetdelaiaia.es\/index.php?rest_route=\/wp\/v2\/users\/2"}],"replies":[{"embeddable":true,"href":"https:\/\/elcalaixetdelaiaia.es\/index.php?rest_route=%2Fwp%2Fv2%2Fcomments&post=957"}],"version-history":[{"count":8,"href":"https:\/\/elcalaixetdelaiaia.es\/index.php?rest_route=\/wp\/v2\/posts\/957\/revisions"}],"predecessor-version":[{"id":15503,"href":"https:\/\/elcalaixetdelaiaia.es\/index.php?rest_route=\/wp\/v2\/posts\/957\/revisions\/15503"}],"wp:featuredmedia":[{"embeddable":true,"href":"https:\/\/elcalaixetdelaiaia.es\/index.php?rest_route=\/wp\/v2\/media\/15498"}],"wp:attachment":[{"href":"https:\/\/elcalaixetdelaiaia.es\/index.php?rest_route=%2Fwp%2Fv2%2Fmedia&parent=957"}],"wp:term":[{"taxonomy":"category","embeddable":true,"href":"https:\/\/elcalaixetdelaiaia.es\/index.php?rest_route=%2Fwp%2Fv2%2Fcategories&post=957"},{"taxonomy":"post_tag","embeddable":true,"href":"https:\/\/elcalaixetdelaiaia.es\/index.php?rest_route=%2Fwp%2Fv2%2Ftags&post=957"}],"curies":[{"name":"wp","href":"https:\/\/api.w.org\/{rel}","templated":true}]}}