{"id":956,"date":"2014-04-03T15:01:00","date_gmt":"2014-04-03T15:01:00","guid":{"rendered":"http:\/\/elcalaixetdelaiaia.es\/reciclar-una-cajita-de-madera"},"modified":"2026-03-03T09:50:04","modified_gmt":"2026-03-03T09:50:04","slug":"reciclar-una-cajita-de-madera","status":"publish","type":"post","link":"https:\/\/elcalaixetdelaiaia.es\/?p=956","title":{"rendered":"Reciclar una cajita de madera para el pelo de valenciana paso a paso foto a foto"},"content":{"rendered":"<p>Refr\u00e1n; \u00abAmb dinerets, torronets, i amb pessetetes, caixetes\u00bb. Con dinerito turroncitos y con pesetitas cajitas.<\/p>\n<div>Me regalaron una botella de aceite de oliva virgen, buen\u00edsimo, oro l\u00edquido, que rico. La botella, ven\u00eda dentro de una cajita de madera que en cuanto la vi, le di destino, pero en la tapa exterior, iba grabada la marca del aceite y no me gustaba.<\/div>\n<div>Mir\u00e9 en los armarios (\u00e9sos que con raz\u00f3n dice mi marido, que parecen la cueva de Al\u00ed-bab\u00e1, ya que no tiro nunca nada, me llaman la trastera mayor del reino, y do\u00f1a \u00abpor si acaso\u00bb, mi marido siempre dice, que si quieren verme feliz, me den armarios&#8230; que los lleno en un pis pas, y tengo que reconocer que es absolutamente cierto, jajajaja), y tras un intenso registro encontr\u00e9 lo necesario para tunear la caja a mi gusto.<\/div>\n<div>Cuando le cont\u00e9 a mi chico, para que quer\u00eda las cajitas de madera, me consigui\u00f3 dos m\u00e1s de puros, e hice las tres, c\u00f3mo ver\u00e9is al final.<\/div>\n<div><\/div>\n<div>Necesitaremos;<\/div>\n<div class=\"separator\" style=\"clear: both; text-align: center;\"><a style=\"margin-left: 1em; margin-right: 1em;\" href=\"http:\/\/3.bp.blogspot.com\/-n-KjgL-LZO0\/Uz13D5sImiI\/AAAAAAAAHOA\/GIePQhmxsVM\/s1600\/20140401_092751.jpg\"><img decoding=\"async\" loading=\"lazy\" src=\"https:\/\/elcalaixetdelaiaia.es\/wp-content\/uploads\/2014\/04\/20140401_092751.jpg\" width=\"640\" height=\"384\" border=\"0\" \/><\/a><\/div>\n<div>\n<ol>\n<li>Un tela que nos guste<\/li>\n<li>un trozo de pasamaner\u00eda o gal\u00f3n<\/li>\n<li>Cola de contacto<\/li>\n<li>Cola blanca<\/li>\n<li>Un cepillo de tinte de pelo<\/li>\n<li>Papel de antelina adhesivo (no imprescindible)<\/li>\n<\/ol>\n<div class=\"separator\" style=\"clear: both; text-align: center;\"><a style=\"margin-left: 1em; margin-right: 1em;\" href=\"http:\/\/2.bp.blogspot.com\/-RVlxNk9LdYM\/Uz13CutJxLI\/AAAAAAAAHNY\/Z7_uux3MyKk\/s1600\/20140331_094953.jpg\"><img decoding=\"async\" loading=\"lazy\" src=\"https:\/\/elcalaixetdelaiaia.es\/wp-content\/uploads\/2014\/04\/20140331_094953.jpg\" width=\"640\" height=\"384\" border=\"0\" \/><\/a><\/div>\n<div>\n<div style=\"text-align: center;\"><\/div>\n<\/div>\n<div>\n<div style=\"text-align: center;\">As\u00ed estaba la caja<\/div>\n<\/div>\n<div>\n<div style=\"text-align: center;\"><\/div>\n<\/div>\n<div class=\"separator\" style=\"clear: both; text-align: center;\"><a style=\"margin-left: 1em; margin-right: 1em;\" href=\"http:\/\/4.bp.blogspot.com\/-jWSUeCWVz6w\/Uz13ClwZVjI\/AAAAAAAAHNo\/B3ZGE0y_9_Y\/s1600\/20140331_094706.jpg\"><img decoding=\"async\" loading=\"lazy\" src=\"https:\/\/elcalaixetdelaiaia.es\/wp-content\/uploads\/2014\/04\/20140331_094706.jpg\" width=\"640\" height=\"384\" border=\"0\" \/><\/a><\/div>\n<div>\n<div style=\"text-align: center;\"><\/div>\n<\/div>\n<div>\n<div style=\"text-align: center;\">Prepararemos en un vasito de pl\u00e1stico, una mezcla de dos cucharadas soperas de cola, rebajada con una cucharada de agua<\/div>\n<\/div>\n<div>\n<div style=\"text-align: center;\"><\/div>\n<\/div>\n<div class=\"separator\" style=\"clear: both; text-align: center;\"><a style=\"margin-left: 1em; margin-right: 1em;\" href=\"http:\/\/3.bp.blogspot.com\/-BKy8Z2xaElQ\/Uz13Ci3uVmI\/AAAAAAAAHNg\/m0gw21SM5ws\/s1600\/20140331_095109.jpg\"><img decoding=\"async\" loading=\"lazy\" src=\"https:\/\/elcalaixetdelaiaia.es\/wp-content\/uploads\/2014\/04\/20140331_095109.jpg\" width=\"640\" height=\"384\" border=\"0\" \/><\/a><\/div>\n<div>\n<div style=\"text-align: center;\"><\/div>\n<\/div>\n<div>\n<div style=\"text-align: center;\">pintamos la superficie<\/div>\n<\/div>\n<div>\n<div style=\"text-align: center;\"><\/div>\n<\/div>\n<div class=\"separator\" style=\"clear: both; text-align: center;\"><a style=\"margin-left: 1em; margin-right: 1em;\" href=\"http:\/\/3.bp.blogspot.com\/-qsQQHzrlmus\/Uz13DkOBmhI\/AAAAAAAAHNw\/o6tq79ubdqg\/s1600\/20140331_095339.jpg\"><img decoding=\"async\" loading=\"lazy\" src=\"https:\/\/elcalaixetdelaiaia.es\/wp-content\/uploads\/2014\/04\/20140331_095339.jpg\" width=\"640\" height=\"384\" border=\"0\" \/><\/a><\/div>\n<div>\n<div style=\"text-align: center;\"><\/div>\n<\/div>\n<div>\n<div style=\"text-align: center;\">recortamos la tela y la pegamos<\/div>\n<\/div>\n<div>\n<div style=\"text-align: center;\"><\/div>\n<\/div>\n<div class=\"separator\" style=\"clear: both; text-align: center;\"><a style=\"margin-left: 1em; margin-right: 1em;\" href=\"http:\/\/4.bp.blogspot.com\/-R0tb5yK4JvM\/Uz13FEF55dI\/AAAAAAAAHOE\/507NaFM7KwI\/s1600\/20140402_095154.jpg\"><img decoding=\"async\" loading=\"lazy\" src=\"https:\/\/elcalaixetdelaiaia.es\/wp-content\/uploads\/2014\/04\/20140402_095154.jpg\" width=\"640\" height=\"384\" border=\"0\" \/><\/a><\/div>\n<div>\n<div style=\"text-align: center;\"><\/div>\n<\/div>\n<div>\n<div style=\"text-align: center;\">aseamos pegando con cola de contacto la pasamaner\u00eda<\/div>\n<\/div>\n<div>\n<div style=\"text-align: center;\"><\/div>\n<\/div>\n<div class=\"separator\" style=\"clear: both; text-align: center;\"><a style=\"margin-left: 1em; margin-right: 1em;\" href=\"http:\/\/4.bp.blogspot.com\/-eQhx_qXK21s\/Uz13EX1Zd5I\/AAAAAAAAHN8\/_aKbg2g5P4Q\/s1600\/20140402_095139.jpg\"><img decoding=\"async\" loading=\"lazy\" src=\"https:\/\/elcalaixetdelaiaia.es\/wp-content\/uploads\/2014\/04\/20140402_095139.jpg\" width=\"640\" height=\"384\" border=\"0\" \/><\/a><\/div>\n<div>\n<div style=\"text-align: center;\"><\/div>\n<\/div>\n<div>\n<div style=\"text-align: center;\">dejaremos secar, y al d\u00eda siguiente, nuestra flamante caja, lista,<\/div>\n<div><\/div>\n<div><img decoding=\"async\" loading=\"lazy\" class=\"alignnone size-full wp-image-27086\" src=\"https:\/\/elcalaixetdelaiaia.es\/wp-content\/uploads\/2014\/04\/caixetadefustaambmallesmonyo.jpg\" alt=\"\" width=\"1604\" height=\"1028\" srcset=\"https:\/\/elcalaixetdelaiaia.es\/wp-content\/uploads\/2014\/04\/caixetadefustaambmallesmonyo.jpg 1604w, https:\/\/elcalaixetdelaiaia.es\/wp-content\/uploads\/2014\/04\/caixetadefustaambmallesmonyo-300x192.jpg 300w, https:\/\/elcalaixetdelaiaia.es\/wp-content\/uploads\/2014\/04\/caixetadefustaambmallesmonyo-1024x656.jpg 1024w, https:\/\/elcalaixetdelaiaia.es\/wp-content\/uploads\/2014\/04\/caixetadefustaambmallesmonyo-768x492.jpg 768w, https:\/\/elcalaixetdelaiaia.es\/wp-content\/uploads\/2014\/04\/caixetadefustaambmallesmonyo-1536x984.jpg 1536w\" sizes=\"(max-width: 1604px) 100vw, 1604px\" \/><\/div>\n<div style=\"text-align: center;\">yo la he usado para \u00e9sto<br \/>\nque fue en lo que pens\u00e9 en cuanto la vi, porque mi mami, guardaba siempre las mallas de pelo en cajas de madera, envueltas en papel peri\u00f3dico, o de seda, y con puros u hojas de laurel pero cada cual, para lo que la queramos usar.<\/div>\n<div><img decoding=\"async\" loading=\"lazy\" class=\"alignnone size-full wp-image-27091\" src=\"https:\/\/elcalaixetdelaiaia.es\/wp-content\/uploads\/2014\/04\/WhatsApp-Image-2024-02-25-at-11.39.22.jpeg\" alt=\"\" width=\"1600\" height=\"1600\" srcset=\"https:\/\/elcalaixetdelaiaia.es\/wp-content\/uploads\/2014\/04\/WhatsApp-Image-2024-02-25-at-11.39.22.jpeg 1600w, https:\/\/elcalaixetdelaiaia.es\/wp-content\/uploads\/2014\/04\/WhatsApp-Image-2024-02-25-at-11.39.22-300x300.jpeg 300w, https:\/\/elcalaixetdelaiaia.es\/wp-content\/uploads\/2014\/04\/WhatsApp-Image-2024-02-25-at-11.39.22-1024x1024.jpeg 1024w, https:\/\/elcalaixetdelaiaia.es\/wp-content\/uploads\/2014\/04\/WhatsApp-Image-2024-02-25-at-11.39.22-150x150.jpeg 150w, https:\/\/elcalaixetdelaiaia.es\/wp-content\/uploads\/2014\/04\/WhatsApp-Image-2024-02-25-at-11.39.22-768x768.jpeg 768w, https:\/\/elcalaixetdelaiaia.es\/wp-content\/uploads\/2014\/04\/WhatsApp-Image-2024-02-25-at-11.39.22-1536x1536.jpeg 1536w, https:\/\/elcalaixetdelaiaia.es\/wp-content\/uploads\/2014\/04\/WhatsApp-Image-2024-02-25-at-11.39.22-60x60.jpeg 60w, https:\/\/elcalaixetdelaiaia.es\/wp-content\/uploads\/2014\/04\/WhatsApp-Image-2024-02-25-at-11.39.22-235x235.jpeg 235w, https:\/\/elcalaixetdelaiaia.es\/wp-content\/uploads\/2014\/04\/WhatsApp-Image-2024-02-25-at-11.39.22-255x255.jpeg 255w\" sizes=\"(max-width: 1600px) 100vw, 1600px\" \/><\/div>\n<\/div>\n<div>Y estas son las cajas de puros.\u00a0 No pude esperar a tomar la foto y la cajita gris, a\u00fan est\u00e1 con la tela mojada por la cola de pegar.<\/div>\n<div>\n<div><img decoding=\"async\" loading=\"lazy\" class=\"alignnone size-full wp-image-27088\" src=\"https:\/\/elcalaixetdelaiaia.es\/wp-content\/uploads\/2014\/04\/caixetesfustamallesfirmada.jpeg\" alt=\"\" width=\"2048\" height=\"1412\" srcset=\"https:\/\/elcalaixetdelaiaia.es\/wp-content\/uploads\/2014\/04\/caixetesfustamallesfirmada.jpeg 2048w, https:\/\/elcalaixetdelaiaia.es\/wp-content\/uploads\/2014\/04\/caixetesfustamallesfirmada-300x207.jpeg 300w, https:\/\/elcalaixetdelaiaia.es\/wp-content\/uploads\/2014\/04\/caixetesfustamallesfirmada-1024x706.jpeg 1024w, https:\/\/elcalaixetdelaiaia.es\/wp-content\/uploads\/2014\/04\/caixetesfustamallesfirmada-768x530.jpeg 768w, https:\/\/elcalaixetdelaiaia.es\/wp-content\/uploads\/2014\/04\/caixetesfustamallesfirmada-1536x1059.jpeg 1536w\" sizes=\"(max-width: 2048px) 100vw, 2048px\" \/><\/div>\n<div style=\"text-align: center;\">Encontr\u00e9 un ante adhesivo color blanco, en un bazar, y las forr\u00e9 todas por dentro, aunque envolvi\u00e9ndolas en papel, de seda y encima el peri\u00f3dico, no es necesario.<\/div>\n<div><img decoding=\"async\" loading=\"lazy\" class=\"alignnone size-full wp-image-27089\" src=\"https:\/\/elcalaixetdelaiaia.es\/wp-content\/uploads\/2014\/04\/caixetafustamallesfirmada.jpeg\" alt=\"\" width=\"2048\" height=\"1536\" srcset=\"https:\/\/elcalaixetdelaiaia.es\/wp-content\/uploads\/2014\/04\/caixetafustamallesfirmada.jpeg 2048w, https:\/\/elcalaixetdelaiaia.es\/wp-content\/uploads\/2014\/04\/caixetafustamallesfirmada-300x225.jpeg 300w, https:\/\/elcalaixetdelaiaia.es\/wp-content\/uploads\/2014\/04\/caixetafustamallesfirmada-1024x768.jpeg 1024w, https:\/\/elcalaixetdelaiaia.es\/wp-content\/uploads\/2014\/04\/caixetafustamallesfirmada-768x576.jpeg 768w, https:\/\/elcalaixetdelaiaia.es\/wp-content\/uploads\/2014\/04\/caixetafustamallesfirmada-1536x1152.jpeg 1536w\" sizes=\"(max-width: 2048px) 100vw, 2048px\" \/><\/div>\n<div>La verdad es que como somos ya tres a peinarnos, he reciclado varias cajas, como \u00e9stas, pero de vino y puros, y as\u00ed, tengo todo el pelo bien guardado y protegido \ud83d\ude09<\/div>\n<\/div>\n<div>\n<div>\n<p>Recomiendo a quienes est\u00e9is interesados en saber cual es la autentica indumentaria valenciana varios libros como son;<\/p>\n<p>(seguro que olvido algunos mas, y todos recomendables)<\/p>\n<p>-\u00abSeda, Oro y Plata en Valencia\u00bb, Gar\u00edn, 258 a\u00f1os. (Libro de Gar\u00edn)<br \/>\n-\u00abIndumentaria Valenciana Siglos XVIII-XIX, De dentro afuera, De arriba abajo\u00bb, M\u00aa Victoria Liceras Ferreres;<br \/>\n-A la moda valenciana. La dona al segle XVIII\u2019, Salvador Mercado Mach\u00ed<br \/>\n&#8211; Justillos i gipons Paquita Roca i Josep Vidal<br \/>\n&#8211; La moda en la Valencia del siglo XV de Mar\u00eda Purificaci\u00f3n Benito Vidal<\/p>\n<div>&#8211; Faldes, vions i faldilles Inmaculada Puig y Paquita Roca<br \/>\n-Mocadors de pit de Paquita Roca e Imma Puig<br \/>\n&#8211; La nova col-lecci\u00f3 d&#8217;indument\u00e0ria del Museu Etn\u00f2logic- Una visi\u00f3 evolutiva<br \/>\nY como no\u2026os aconsejo encarecidamente las generos\u00edsimas y aclaradoras aportaciones del gran Vicent Ferrandis Mas en;<br \/>\n<a href=\"http:\/\/filadis.blogspot.com.es\/\">http:\/\/filadis.blogspot.com.es\/<\/a> y<br \/>\n<a href=\"http:\/\/www.calameo.com\/subscriptions\/1077466\">http:\/\/www.calameo.com\/subscriptions\/1077466<\/a><br \/>\ny \u00e9ste art\u00edculo;<a href=\"http:\/\/www.levante-emv.com\/valencia\/2011\/03\/24\/investigadores-afirman-moda-desvirtuado-traje-valenciana\/792866.html\">http:\/\/www.levante-emv.com\/valencia\/2011\/03\/24\/investigadores-afirman-moda-desvirtuado-traje-valenciana\/792866.html<\/a>,<\/div>\n<p>donde podr\u00e9is encontrar toda la informaci\u00f3n.<\/p>\n<div>\n<div>\n<div>\u00abPer a saber festejar, ning\u00fa com els de la Vall, que es possen capa i sombrero i\u00a0es muden de dalt a baix\u00bb.\u00bb<\/div>\n<\/div>\n<div>\u00abArrima&#8217;t cap ac\u00ed, que este capot \u00e9s estret,que no em diga ta mare que per mi has patit fred\u00bb<\/div>\n<div>\u00abDe les ales d\u2019un mosquit \u00a0en tinc que fer una capa, i\u00a0de les ratalladures;\u00a0Jupa, jupet\u00ed i casaca\u00bb<\/div>\n<div>\u00abQui t\u00e9 capa es tapa, i qui t\u00e9 capot\u00a0si pot.\u00bb<\/div>\n<div>\n<div>\u00abPer calor no deixes la capa,\u00a0Ni per fred la carabassa\u00bb<\/div>\n<div><\/div>\n<div>Si te gusta \u00e9ste post, puedes compartirlo para que llegue a m\u00e1s gente. No pretendo molestar ni ofender a nadie, cada cual es muy libre de vestir como quiera, solo comparto lo que he aprendido y que cada cual decida como hacerlo pero eso si, por favor, de \u00abfallera\u00bb o tradicional, pero sin disfraces, no estropeemos m\u00e1s nuestra tan da\u00f1ada y manipulada indumentaria.<\/div>\n<div>Si te gusta \u00e9sta entrada puedes\u00a0 compartir con tus amigos. Gracias.<\/div>\n<\/div>\n<\/div>\n<\/div>\n<div>\n<div>Recuerda que tambi\u00e9n estoy en Facebook\u00a0 <a href=\"https:\/\/www.facebook.com\/El-calaixet-de-la-iaia-533062140099386\/\">https:\/\/www.facebook.com\/El-calaixet-de-la-iaia-533062140099386\/<\/a><\/div>\n<\/div>\n<\/div>\n<\/div>\n","protected":false},"excerpt":{"rendered":"<p>Refr\u00e1n; \u00abAmb dinerets, torronets, i amb pessetetes, caixetes\u00bb. Con dinerito turroncitos y con pesetitas cajitas. Me regalaron una botella de aceite de oliva virgen, buen\u00edsimo, oro l\u00edquido, que rico. La botella, ven\u00eda dentro de una cajita de madera que en cuanto la vi, le di destino, pero en la tapa &hellip; <\/p>\n","protected":false},"author":2,"featured_media":27086,"comment_status":"open","ping_status":"open","sticky":false,"template":"","format":"standard","meta":[],"categories":[1,11],"tags":[],"_links":{"self":[{"href":"https:\/\/elcalaixetdelaiaia.es\/index.php?rest_route=\/wp\/v2\/posts\/956"}],"collection":[{"href":"https:\/\/elcalaixetdelaiaia.es\/index.php?rest_route=\/wp\/v2\/posts"}],"about":[{"href":"https:\/\/elcalaixetdelaiaia.es\/index.php?rest_route=\/wp\/v2\/types\/post"}],"author":[{"embeddable":true,"href":"https:\/\/elcalaixetdelaiaia.es\/index.php?rest_route=\/wp\/v2\/users\/2"}],"replies":[{"embeddable":true,"href":"https:\/\/elcalaixetdelaiaia.es\/index.php?rest_route=%2Fwp%2Fv2%2Fcomments&post=956"}],"version-history":[{"count":12,"href":"https:\/\/elcalaixetdelaiaia.es\/index.php?rest_route=\/wp\/v2\/posts\/956\/revisions"}],"predecessor-version":[{"id":29135,"href":"https:\/\/elcalaixetdelaiaia.es\/index.php?rest_route=\/wp\/v2\/posts\/956\/revisions\/29135"}],"wp:featuredmedia":[{"embeddable":true,"href":"https:\/\/elcalaixetdelaiaia.es\/index.php?rest_route=\/wp\/v2\/media\/27086"}],"wp:attachment":[{"href":"https:\/\/elcalaixetdelaiaia.es\/index.php?rest_route=%2Fwp%2Fv2%2Fmedia&parent=956"}],"wp:term":[{"taxonomy":"category","embeddable":true,"href":"https:\/\/elcalaixetdelaiaia.es\/index.php?rest_route=%2Fwp%2Fv2%2Fcategories&post=956"},{"taxonomy":"post_tag","embeddable":true,"href":"https:\/\/elcalaixetdelaiaia.es\/index.php?rest_route=%2Fwp%2Fv2%2Ftags&post=956"}],"curies":[{"name":"wp","href":"https:\/\/api.w.org\/{rel}","templated":true}]}}