{"id":954,"date":"2014-04-03T17:56:00","date_gmt":"2014-04-03T17:56:00","guid":{"rendered":"http:\/\/elcalaixetdelaiaia.es\/como-lavar-y-conservar-las-mallas-de"},"modified":"2026-02-16T09:18:34","modified_gmt":"2026-02-16T09:18:34","slug":"como-lavar-y-conservar-las-mallas-de","status":"publish","type":"post","link":"https:\/\/elcalaixetdelaiaia.es\/?p=954","title":{"rendered":"Como lavar y conservar las mallas de pelo de valenciana paso a paso foto a foto"},"content":{"rendered":"<p>Refr\u00e1n; \u00abA cabells honrats i blancs, no hi ha panys\u00bb\u00a0 A cabellos honrados y blancos, no hay cerraduras.<\/p>\n<div>Las pobres mallas despu\u00e9s del ajetreo de \u00e9stos d\u00edas de fallas est\u00e1n llenas de gomina, laca, o zaragatona.<\/div>\n<div><a href=\"https:\/\/elcalaixetdelaiaia.es\/?p=962\">https:\/\/elcalaixetdelaiaia.es\/?p=962<\/a><\/div>\n<div><a style=\"margin-left: 1em; margin-right: 1em;\" href=\"http:\/\/3.bp.blogspot.com\/-GcZd0eJDD14\/Uz17qyEorJI\/AAAAAAAAHOg\/hMJY7epzQJ4\/s1600\/SAM_0076.JPG\"><img decoding=\"async\" loading=\"lazy\" src=\"https:\/\/elcalaixetdelaiaia.es\/wp-content\/uploads\/2014\/04\/SAM_0076.jpg\" width=\"640\" height=\"454\" border=\"0\" \/><\/a><\/div>\n<div>\n<p>Si us\u00e1is zaragatona, apenas ensucia(aunque quede acartonado), y con un leve cepillado est\u00e1n listas para aguantar mas peinados, pero si el producto que utiliz\u00e1is es la gomina y la laca, cada tres o cuatro peinados es aconsejable realizar un lavado de mallas porque con tanto producto llega un momento, que son dif\u00edcil de manejar y el pelo se estropea.<br \/>\nLo ideal ser\u00e1 dejarlas limpias y listas para el siguiente uso. Pero por si acaso no las ten\u00e9is a punto, aqu\u00ed va mi manera de lavarlas.<br \/>\nPara ello, necesitaremos simplemente un champ\u00fa suave, neutro y si es de beb\u00e9 mejor.<\/p>\n<div class=\"separator\" style=\"clear: both; text-align: center;\"><a style=\"margin-left: 1em; margin-right: 1em;\" href=\"http:\/\/4.bp.blogspot.com\/-itj8lQ5jpdQ\/Uz17p4b4i1I\/AAAAAAAAHOY\/512vvCFPFik\/s1600\/SAM_0077.JPG\"><img decoding=\"async\" loading=\"lazy\" src=\"https:\/\/elcalaixetdelaiaia.es\/wp-content\/uploads\/2014\/04\/SAM_0077.jpg\" width=\"640\" height=\"480\" border=\"0\" \/><\/a><\/div>\n<p>En el lavabo aclararemos bien las mallas bajo del grifo y pondremos un poco de champ\u00fa<\/p>\n<div class=\"separator\" style=\"clear: both; text-align: center;\"><a style=\"margin-left: 1em; margin-right: 1em;\" href=\"http:\/\/4.bp.blogspot.com\/-l3sPTzVuG0Y\/Uz17pi1moxI\/AAAAAAAAHOU\/kOQ7sABy15U\/s1600\/SAM_0078.JPG\"><img decoding=\"async\" loading=\"lazy\" src=\"https:\/\/elcalaixetdelaiaia.es\/wp-content\/uploads\/2014\/04\/SAM_0078.jpg\" width=\"640\" height=\"480\" border=\"0\" \/><\/a><\/div>\n<p>siempre de <strong>arriba hacia<\/strong> <strong>abajo,\u00a0<\/strong> en la direcci\u00f3n del pelo, deslizaremos la mano para que penetre bien el agua y el jab\u00f3n y puedan eliminarse los resto <strong>jam\u00e1s frot\u00e9is las mallas<\/strong> \u00e9sto es muy, muy muy importante, ya que si lo hac\u00e9is, pod\u00e9is enredar el pelo y se estropean, sin arreglo posible. No hace falta utilizar ning\u00fan tipo de suavizante, pero os recomiendo un chorrito de vinagre en el \u00faltimo aclarado, es lo que me ense\u00f1\u00f3 mi mami a hacer, cada vez que terminaban fallas, y de esto sab\u00eda ella un rato, ya que fue \u00abpentinadora\u00bb como a ella le gustaba que la llamaran, en realidad peluquer, pero especializada en peinados de fiesta, boda, fiesta, eventos y principalmente, de valenciana, pein\u00f3 a much\u00ediiiissimas valencianas durante toda su vida.<\/p>\n<div class=\"separator\" style=\"clear: both; text-align: center;\"><a style=\"margin-left: 1em; margin-right: 1em;\" href=\"http:\/\/2.bp.blogspot.com\/-OgGSqdAy6YQ\/Uz17tMuK42I\/AAAAAAAAHOs\/9LdQKL_5o7o\/s1600\/SAM_0079.JPG\"><img decoding=\"async\" loading=\"lazy\" src=\"https:\/\/elcalaixetdelaiaia.es\/wp-content\/uploads\/2014\/04\/SAM_0079.jpg\" width=\"640\" height=\"480\" border=\"0\" \/><\/a><\/div>\n<p>Enjuagamos a conciencia y con dos dedos hacemos presi\u00f3n de arriba abajo para eliminar el exceso de agua sobrante.<\/p>\n<div class=\"separator\" style=\"clear: both; text-align: center;\"><\/div>\n<div class=\"separator\" style=\"clear: both; text-align: center;\"><a style=\"margin-left: 1em; margin-right: 1em;\" href=\"http:\/\/1.bp.blogspot.com\/-bu6-j3QhJho\/Uz17tT5u1_I\/AAAAAAAAHOw\/jbLnstet6HY\/s1600\/SAM_0080.JPG\"><img decoding=\"async\" loading=\"lazy\" src=\"https:\/\/elcalaixetdelaiaia.es\/wp-content\/uploads\/2014\/04\/SAM_0080.jpg\" width=\"480\" height=\"640\" border=\"0\" \/><\/a><\/div>\n<p>Sin cepillar colgamos en el tendedero&#8230; me hace gracia cuando lavo todas mis mallas y las de mi nieta (que son unas cuantas, y curiosamente, del mismo color,\u00a0 y tono de casta\u00f1o, al contrario que con el pelo de mi madre, que era negro azabache), que parece el tendedero de un poblado sioux con las cabelleras colgando, siempre me recuerdan a las pelis del indio Jer\u00f3nimo.<\/p>\n<div class=\"separator\" style=\"clear: both; text-align: center;\"><a style=\"margin-left: 1em; margin-right: 1em;\" href=\"http:\/\/3.bp.blogspot.com\/-sd6jbeHCNzs\/Uz2efOJbnWI\/AAAAAAAAHPQ\/cM2HjU5ryEA\/s1600\/SAM_0425.JPG\"><img decoding=\"async\" loading=\"lazy\" src=\"https:\/\/elcalaixetdelaiaia.es\/wp-content\/uploads\/2014\/04\/SAM_0425.jpg\" width=\"640\" height=\"480\" border=\"0\" \/><\/a><\/div>\n<p>Una vez secas, es cuando las cepillamos.<br \/>\nA mi me gusta guardarlas trenzadas y enrolladas, aunque por supuesto sin ning\u00fan tipo de laca ni nada por el estilo. Como recicl\u00e9 hace poco una caja de madera \u00a0<a href=\"https:\/\/elcalaixetdelaiaia.es\/?p=956\">https:\/\/elcalaixetdelaiaia.es\/?p=956<\/a><br \/>\ny la vieja que ten\u00eda de puros, estaba bastante deteriorada, ya tengo caja nueva para las mallas.<\/p>\n<div class=\"separator\" style=\"clear: both; text-align: center;\"><a style=\"margin-left: 1em; margin-right: 1em;\" href=\"http:\/\/1.bp.blogspot.com\/-OVYTLULD_AA\/Uz2efdM7H-I\/AAAAAAAAHPU\/Pf-eWShbQZU\/s1600\/SAM_0426.JPG\"><img decoding=\"async\" loading=\"lazy\" src=\"https:\/\/elcalaixetdelaiaia.es\/wp-content\/uploads\/2014\/04\/SAM_0426.jpg\" width=\"640\" height=\"480\" border=\"0\" \/><\/a><\/div>\n<p>Las envolvemos en papel de seda o de peri\u00f3dico, junto a un par de hojas de laurel, con alg\u00fan puro. Esto se hace para mantener alejados a los bichitos que puedan estropear nuestro pelo, y lo mismo con las mantillas de encaje guipur o similares, teniendo la precauci\u00f3n de que el puro quede entre el papel de seda.<\/p>\n<div class=\"separator\" style=\"clear: both; text-align: center;\"><a style=\"margin-left: 1em; margin-right: 1em;\" href=\"http:\/\/3.bp.blogspot.com\/-5BwVoHGfZDk\/Uz2efY9D70I\/AAAAAAAAHPY\/TMQzIjyvKfc\/s1600\/SAM_0427.JPG\"><img decoding=\"async\" loading=\"lazy\" src=\"https:\/\/elcalaixetdelaiaia.es\/wp-content\/uploads\/2014\/04\/SAM_0427.jpg\" width=\"640\" height=\"480\" border=\"0\" \/><\/a><\/div>\n<p>Cuando estuve trabajando de secretaria de direcci\u00f3n en Lorilleux Lefranc Espa\u00f1ola S.A. (f\u00e1brica de tintas para imprentas y peri\u00f3dicos) el \u00a0Sr. Li\u00f1ana, el qu\u00edmico me explic\u00f3 que uno de los componentes que se usa para fabricar la tinta de peri\u00f3dico es muy efectivo para ahuyentar la polilla y otros bichos, de ah\u00ed el uso del papel de peri\u00f3dico, aparte de la composici\u00f3n del propio papel, que es un aislante contra la humedad. Mi madre y mi iaia guardaban el pelo as\u00ed, y os puedo asegurar que se conserva en perfect\u00edsimo estado&#8230; mas de cien a\u00f1os.<\/p>\n<div class=\"separator\" style=\"clear: both; text-align: center;\"><a style=\"margin-left: 1em; margin-right: 1em;\" href=\"http:\/\/3.bp.blogspot.com\/-1fY9iiZvjFc\/Uz2ehXywcJI\/AAAAAAAAHPg\/twqlqnwuQFc\/s1600\/SAM_0428.JPG\"><img decoding=\"async\" loading=\"lazy\" src=\"https:\/\/elcalaixetdelaiaia.es\/wp-content\/uploads\/2014\/04\/SAM_0428.jpg\" width=\"640\" height=\"414\" border=\"0\" \/><\/a><\/div>\n<p>Ya est\u00e1n limpias guardadas y dispuestas para el pr\u00f3ximo uso. Me preguntaban el otro d\u00eda donde compro yo las mallas, peero, todas las mallas que tengo son de nuestro pelo, no he tenido necesidad de comprarlo nunca, y ahora, c\u00f3mo tenemos muchas mallas, lo donamos, porque no tengo canas, jam\u00e1s me he te\u00f1ido y es pelo natural, pero en la zona de la calle San Vicente y Avda. Mar\u00eda Cristina, es donde siempre hemos llevado nuestro cabello, para confeccionar las mallas y s\u00e9 que all\u00ed tambi\u00e9n venden.<\/p>\n<p>Si te gusta \u00e9sta entrada, puedes compartirla para que llegue a m\u00e1s gente.<\/p>\n<p>Espero tus comentarios y recuerda que tambi\u00e9n estoy en Facebook\u00a0<a href=\"https:\/\/www.facebook.com\/El-calaixet-de-la-iaia-533062140099386\/\">https:\/\/www.facebook.com\/El-calaixet-de-la-iaia-533062140099386\/<\/a><\/p>\n<\/div>\n","protected":false},"excerpt":{"rendered":"<p>Refr\u00e1n; \u00abA cabells honrats i blancs, no hi ha panys\u00bb\u00a0 A cabellos honrados y blancos, no hay cerraduras. Las pobres mallas despu\u00e9s del ajetreo de \u00e9stos d\u00edas de fallas est\u00e1n llenas de gomina, laca, o zaragatona. https:\/\/elcalaixetdelaiaia.es\/?p=962 Si us\u00e1is zaragatona, apenas ensucia(aunque quede acartonado), y con un leve cepillado est\u00e1n &hellip; <\/p>\n","protected":false},"author":2,"featured_media":16319,"comment_status":"open","ping_status":"open","sticky":false,"template":"","format":"standard","meta":[],"categories":[78,1,47,95],"tags":[],"_links":{"self":[{"href":"https:\/\/elcalaixetdelaiaia.es\/index.php?rest_route=\/wp\/v2\/posts\/954"}],"collection":[{"href":"https:\/\/elcalaixetdelaiaia.es\/index.php?rest_route=\/wp\/v2\/posts"}],"about":[{"href":"https:\/\/elcalaixetdelaiaia.es\/index.php?rest_route=\/wp\/v2\/types\/post"}],"author":[{"embeddable":true,"href":"https:\/\/elcalaixetdelaiaia.es\/index.php?rest_route=\/wp\/v2\/users\/2"}],"replies":[{"embeddable":true,"href":"https:\/\/elcalaixetdelaiaia.es\/index.php?rest_route=%2Fwp%2Fv2%2Fcomments&post=954"}],"version-history":[{"count":13,"href":"https:\/\/elcalaixetdelaiaia.es\/index.php?rest_route=\/wp\/v2\/posts\/954\/revisions"}],"predecessor-version":[{"id":28938,"href":"https:\/\/elcalaixetdelaiaia.es\/index.php?rest_route=\/wp\/v2\/posts\/954\/revisions\/28938"}],"wp:featuredmedia":[{"embeddable":true,"href":"https:\/\/elcalaixetdelaiaia.es\/index.php?rest_route=\/wp\/v2\/media\/16319"}],"wp:attachment":[{"href":"https:\/\/elcalaixetdelaiaia.es\/index.php?rest_route=%2Fwp%2Fv2%2Fmedia&parent=954"}],"wp:term":[{"taxonomy":"category","embeddable":true,"href":"https:\/\/elcalaixetdelaiaia.es\/index.php?rest_route=%2Fwp%2Fv2%2Fcategories&post=954"},{"taxonomy":"post_tag","embeddable":true,"href":"https:\/\/elcalaixetdelaiaia.es\/index.php?rest_route=%2Fwp%2Fv2%2Ftags&post=954"}],"curies":[{"name":"wp","href":"https:\/\/api.w.org\/{rel}","templated":true}]}}