{"id":944,"date":"2014-04-08T16:57:00","date_gmt":"2014-04-08T16:57:00","guid":{"rendered":"http:\/\/elcalaixetdelaiaia.es\/tiramisu-de-fresas-tuperware"},"modified":"2023-12-30T15:37:48","modified_gmt":"2023-12-30T15:37:48","slug":"tiramisu-de-fresas-tuperware","status":"publish","type":"post","link":"https:\/\/elcalaixetdelaiaia.es\/?p=944","title":{"rendered":"Tiramis\u00fa de fresones Tuperware paso a paso foto a foto"},"content":{"rendered":"<div>\u00abRefrany;<br \/>\nA ning\u00fa li amarga un dol\u00e7\u00bb\u00a0 A nadie le amarga un dulce.<\/div>\n<div>\n<p>Hace ya unos cuantos a\u00f1os&#8230; como cuaytantos largos, una temporada que estuve sin trabajo, fui presentadora-vendedora \u00a0de Tuperware. En los cursillos que nos impartieron, hab\u00edan varias recetas para quien quisiera hacerlas durante las presentaciones, en las casas de las anfitrionas. Una de las que yo eleg\u00ed, era \u00e9ste tiramis\u00fa que llevaba en recipientes por separado desde casa, y montaba durante la presentaci\u00f3n invitando luego merendar a l@s asistentes. En temporada de fresones hac\u00eda&#8230; muuuchos tiramis\u00fas. Durante todo el a\u00f1o, podemos encontrar fresas o fresones, pero es ahora, que nuestros mercados lucen ya en sus puestos el maravilloso aspecto y colorido del fres\u00f3n, estamos en plena temporada y vamos a aprovecharnos \u00bfno?<\/p>\n<div class=\"separator\" style=\"clear: both; text-align: center;\"><a style=\"margin-left: 1em; margin-right: 1em;\" href=\"http:\/\/1.bp.blogspot.com\/-pxkTEHHaMic\/U0QrJrJuvUI\/AAAAAAAAHs4\/xMeYjcL-6qw\/s1600\/2014-04-08+13.17.45.jpg\"><img decoding=\"async\" loading=\"lazy\" src=\"https:\/\/elcalaixetdelaiaia.es\/wp-content\/uploads\/2014\/04\/2014-04-08-13.17.45.jpg\" width=\"640\" height=\"384\" border=\"0\" \/><\/a><\/div>\n<p>Como los productos Taper son de tanta calidad y entonces tuve que comprar el muestrario entero, pr\u00e1cticamente conservo casi todos los recipientes y en uno de ellos, el Jelly, es donde hago siempre \u00e9ste tiramis\u00fa que he variado algo del original (c\u00f3mo en casi todo, yo doy mi toque personal \ud83d\ude09 ) y que tiene mucho \u00e9xito en casa cada vez que lo preparo.<\/p>\n<p>Necesitaremos;<\/p>\n<div class=\"separator\" style=\"clear: both; text-align: center;\"><a style=\"margin-left: 1em; margin-right: 1em;\" href=\"http:\/\/2.bp.blogspot.com\/-iAUVWHu2JMg\/U0QrJx9rtwI\/AAAAAAAAHs8\/bZG7G7ju1To\/s1600\/2014-04-08+13.14.46.jpg\"><img decoding=\"async\" loading=\"lazy\" src=\"https:\/\/elcalaixetdelaiaia.es\/wp-content\/uploads\/2014\/04\/2014-04-08-13.14.46.jpg\" width=\"640\" height=\"384\" border=\"0\" \/><\/a><\/div>\n<ol>\n<li>Dos huevos XL<\/li>\n<li>160 g de az\u00facar \u00a0(80 por cada huevo),mas una cucharada para macerar las fresas<\/li>\n<li>Una taza de caf\u00e9 de wisky<\/li>\n<li>250 g. (una tarrina) de queso Mascarpone<\/li>\n<li>200 g. de mermelada de fresa<\/li>\n<li>Media cucharadita de caf\u00e9 de vainilla en polvo<\/li>\n<li>Medio paquete de bizcochos de soletilla<\/li>\n<li>Medio k. de fresones<\/li>\n<\/ol>\n<div class=\"separator\" style=\"clear: both; text-align: center;\"><a style=\"margin-left: 1em; margin-right: 1em;\" href=\"http:\/\/1.bp.blogspot.com\/-KOfPKMBzEqg\/U0QrLAhDwZI\/AAAAAAAAHtQ\/5FveCsBlWXo\/s1600\/2014-04-08+13.49.05.jpg\"><img decoding=\"async\" loading=\"lazy\" src=\"https:\/\/elcalaixetdelaiaia.es\/wp-content\/uploads\/2014\/04\/2014-04-08-13.49.05.jpg\" width=\"640\" height=\"384\" border=\"0\" \/><\/a><\/div>\n<div style=\"text-align: center;\"><\/div>\n<div style=\"text-align: center;\">\n<div style=\"text-align: center;\">Comenzaremos limpiando los fresones. Los lavaremos muy bien para eliminar la tierra, y cualquier producto que hayan puesto al cultivarlas, pero sin retirar el ped\u00ednculo (rabito) y el s\u00e9palo (hojas o c\u00e1liz). para que no se encharquen de agua, las pondremos a remojo con unas gotitas de vinagre con el fin de eliminar los productos qu\u00edmicos que puedan haberle a\u00f1adido en el<br \/>\ncultivo ,y volveremos a enjuagar, ahora ya podemos proceder a retirar el ped\u00ednculo, mi manera f\u00e1cil y limpia de hacerlo, es esta <a href=\"https:\/\/elcalaixetdelaiaia.es\/?p=420\">https:\/\/elcalaixetdelaiaia.es\/?p=420<\/a> \u00a0\u00a0\u00a0 Unos los partiremos por la mitad, otras reservaremos la parte central para decorar y el resto lo trocearemos y a\u00f1adiremos una cucharada de az\u00facar dej\u00e1ndolos macerar<\/div>\n<\/div>\n<div style=\"text-align: center;\"><\/div>\n<div class=\"separator\" style=\"clear: both; text-align: center;\"><a style=\"margin-left: 1em; margin-right: 1em;\" href=\"http:\/\/2.bp.blogspot.com\/-M3C9aVTFIxE\/U0QrJ2p5I3I\/AAAAAAAAHtA\/3rwhbv5Wz6s\/s1600\/2014-04-08+13.21.43.jpg\"><img decoding=\"async\" loading=\"lazy\" src=\"https:\/\/elcalaixetdelaiaia.es\/wp-content\/uploads\/2014\/04\/2014-04-08-13.21.43.jpg\" width=\"640\" height=\"398\" border=\"0\" \/><\/a><\/div>\n<div style=\"text-align: center;\"><\/div>\n<div style=\"text-align: center;\">En la batidora(puede ser la de brazo), prepararemos la crema con el queso mascarpone, los huevos y el az\u00facar<\/div>\n<div class=\"separator\" style=\"clear: both; text-align: center;\"><a style=\"margin-left: 1em; margin-right: 1em;\" href=\"http:\/\/4.bp.blogspot.com\/-3V6WZmxwEkU\/U0QrKqaTTII\/AAAAAAAAHtY\/ygsmIeiPhXY\/s1600\/2014-04-08+13.23.48.jpg\"><img decoding=\"async\" loading=\"lazy\" src=\"https:\/\/elcalaixetdelaiaia.es\/wp-content\/uploads\/2014\/04\/2014-04-08-13.23.48.jpg\" width=\"640\" height=\"384\" border=\"0\" \/><\/a><\/div>\n<div style=\"text-align: center;\"><\/div>\n<div style=\"text-align: center;\">a\u00f1adiremos la vainilla y mezclaremos hasta conseguir una pasta cremosa<\/div>\n<div style=\"text-align: center;\"><\/div>\n<div class=\"separator\" style=\"clear: both; text-align: center;\"><a style=\"margin-left: 1em; margin-right: 1em;\" href=\"http:\/\/4.bp.blogspot.com\/-hifI3Ua2djk\/U0QrLl1SypI\/AAAAAAAAHtc\/XYj1DKrWNKY\/s1600\/2014-04-08+13.50.50.jpg\"><img decoding=\"async\" loading=\"lazy\" src=\"https:\/\/elcalaixetdelaiaia.es\/wp-content\/uploads\/2014\/04\/2014-04-08-13.50.50.jpg\" width=\"640\" height=\"384\" border=\"0\" \/><\/a><\/div>\n<div style=\"text-align: center;\"><\/div>\n<div style=\"text-align: center;\">mezclaremos la mermelada con el wisky y mezclaremos y<\/div>\n<div style=\"text-align: center;\"><\/div>\n<div class=\"separator\" style=\"clear: both; text-align: center;\"><a style=\"margin-left: 1em; margin-right: 1em;\" href=\"http:\/\/1.bp.blogspot.com\/-3aJKA50tyGY\/U0QrMin2fQI\/AAAAAAAAHtg\/VkzumG8wcUo\/s1600\/2014-04-08+13.53.54.jpg\"><img decoding=\"async\" loading=\"lazy\" src=\"https:\/\/elcalaixetdelaiaia.es\/wp-content\/uploads\/2014\/04\/2014-04-08-13.53.54.jpg\" width=\"640\" height=\"384\" border=\"0\" \/><\/a><\/div>\n<div style=\"text-align: center;\"><\/div>\n<div style=\"text-align: center;\">rebozaremos los bizcochos en \u00e9sta mezcla<\/div>\n<div style=\"text-align: center;\"><\/div>\n<div class=\"separator\" style=\"clear: both; text-align: center;\"><a style=\"margin-left: 1em; margin-right: 1em;\" href=\"http:\/\/2.bp.blogspot.com\/-kfwVJx_LWXA\/U0QrMzpnd3I\/AAAAAAAAHt8\/jX2jGkc3tQ0\/s1600\/2014-04-08+13.55.53.jpg\"><img decoding=\"async\" loading=\"lazy\" src=\"https:\/\/elcalaixetdelaiaia.es\/wp-content\/uploads\/2014\/04\/2014-04-08-13.55.53.jpg\" width=\"640\" height=\"384\" border=\"0\" \/><\/a><\/div>\n<div style=\"text-align: center;\">En un molde, (yo en el Jelly) o una fuente de cristal que luego invertiremos al volcar, iremos colocando en el fondo los bizcochos<\/div>\n<div class=\"separator\" style=\"clear: both; text-align: center;\"><a style=\"margin-left: 1em; margin-right: 1em;\" href=\"http:\/\/4.bp.blogspot.com\/-XL7F-lS0Xug\/U0QrNYEcHrI\/AAAAAAAAHtw\/-Tn2oYQKOR8\/s1600\/2014-04-08+14.01.04.jpg\"><img decoding=\"async\" loading=\"lazy\" src=\"https:\/\/elcalaixetdelaiaia.es\/wp-content\/uploads\/2014\/04\/2014-04-08-14.01.04.jpg\" width=\"640\" height=\"384\" border=\"0\" \/><\/a><\/div>\n<div style=\"text-align: center;\"><\/div>\n<div style=\"text-align: center;\">posteriormente una capa de fresones, una de crema una de bizcochos y as\u00ed sucesivamente<\/div>\n<div style=\"text-align: center;\"><\/div>\n<div class=\"separator\" style=\"clear: both; text-align: center;\"><a style=\"margin-left: 1em; margin-right: 1em;\" href=\"http:\/\/3.bp.blogspot.com\/-H22pszpShXM\/U0QrOyQIauI\/AAAAAAAAHuA\/Qo_VsrxQ3Fo\/s1600\/2014-04-08+14.12.39.jpg\"><img decoding=\"async\" loading=\"lazy\" src=\"https:\/\/elcalaixetdelaiaia.es\/wp-content\/uploads\/2014\/04\/2014-04-08-14.12.39.jpg\" width=\"640\" height=\"384\" border=\"0\" \/><\/a><\/div>\n<div style=\"text-align: center;\"><\/div>\n<div style=\"text-align: center;\">cuando lleguemos al final pondremos los fresones cortados por la mitad, con la cara del corte pegada al molde \u00a0y terminaremos con una capa de bizcochos.<\/div>\n<div style=\"text-align: center;\"><\/div>\n<div class=\"separator\" style=\"clear: both; text-align: center;\"><a style=\"margin-left: 1em; margin-right: 1em;\" href=\"http:\/\/3.bp.blogspot.com\/-o-0F12-7Ot0\/U0QrPIwBvuI\/AAAAAAAAHuI\/Ljy1yo4ofxw\/s1600\/2014-04-08+14.13.02.jpg\"><img decoding=\"async\" loading=\"lazy\" src=\"https:\/\/elcalaixetdelaiaia.es\/wp-content\/uploads\/2014\/04\/2014-04-08-14.13.02.jpg\" width=\"640\" height=\"384\" border=\"0\" \/><\/a><\/div>\n<div style=\"text-align: center;\"><\/div>\n<div style=\"text-align: center;\">taparemos bien con tapa o con papel film e introduciremos en el frigo un buen rato, yo lo tengo un par de horas<\/div>\n<div style=\"text-align: center;\"><\/div>\n<div class=\"separator\" style=\"clear: both; text-align: center;\"><a style=\"margin-left: 1em; margin-right: 1em;\" href=\"http:\/\/2.bp.blogspot.com\/-fXjt_nrv7wA\/U0Qy0c9gxMI\/AAAAAAAAHug\/D5_wC2dh3G8\/s1600\/SAM_0444.JPG\"><img decoding=\"async\" loading=\"lazy\" src=\"https:\/\/elcalaixetdelaiaia.es\/wp-content\/uploads\/2014\/04\/SAM_0444.jpg\" width=\"640\" height=\"418\" border=\"0\" \/><\/a><\/div>\n<div style=\"text-align: center;\"><\/div>\n<div style=\"text-align: center;\">desmoldamos con cuidado<\/div>\n<div style=\"text-align: center;\"><\/div>\n<div class=\"separator\" style=\"clear: both; text-align: center;\"><a style=\"margin-left: 1em; margin-right: 1em;\" href=\"http:\/\/1.bp.blogspot.com\/-CSqoFoWtE2U\/U0Qy4HiecgI\/AAAAAAAAHu8\/XjDp5RqnSMw\/s1600\/SAM_0448.JPG\"><img decoding=\"async\" loading=\"lazy\" src=\"https:\/\/elcalaixetdelaiaia.es\/wp-content\/uploads\/2014\/04\/SAM_0448.jpg\" width=\"640\" height=\"480\" border=\"0\" \/><\/a><\/div>\n<div style=\"text-align: center;\"><\/div>\n<div style=\"text-align: center;\">y decoramos con las fresas que tenemos reservadas<\/div>\n<div class=\"separator\" style=\"clear: both; text-align: center;\"><a style=\"margin-left: 1em; margin-right: 1em;\" href=\"http:\/\/1.bp.blogspot.com\/-Vmqk6ITF3kI\/U0Qy1QUON_I\/AAAAAAAAHuk\/j0Xf5chLRj0\/s1600\/SAM_0458.JPG\"><img decoding=\"async\" loading=\"lazy\" src=\"https:\/\/elcalaixetdelaiaia.es\/wp-content\/uploads\/2014\/04\/SAM_0458.jpg\" width=\"494\" height=\"640\" border=\"0\" \/><\/a><\/div>\n<div style=\"text-align: center;\"><\/div>\n<div style=\"text-align: center;\">se sirve MUY frio<\/div>\n<div class=\"separator\" style=\"clear: both; text-align: center;\"><a style=\"margin-left: 1em; margin-right: 1em;\" href=\"http:\/\/4.bp.blogspot.com\/-v5OeZEUmpIc\/U0Qy3NGwr8I\/AAAAAAAAHuw\/Kw9Nc_Varv0\/s1600\/SAM_0459.JPG\"><img decoding=\"async\" loading=\"lazy\" src=\"https:\/\/elcalaixetdelaiaia.es\/wp-content\/uploads\/2014\/04\/SAM_0459.jpg\" width=\"640\" height=\"480\" border=\"0\" \/><\/a><\/div>\n<div style=\"text-align: center;\"><\/div>\n<div style=\"text-align: center;\">os recomiendo que la hag\u00e1is antes de que acabe la temporada del fres\u00f3n, aunque ahora, podemos encontrarlos durante todo el a\u00f1o<\/div>\n<div style=\"text-align: center;\"><\/div>\n<div class=\"separator\" style=\"clear: both; text-align: center;\"><a style=\"margin-left: 1em; margin-right: 1em;\" href=\"http:\/\/2.bp.blogspot.com\/-RcH6nSL299U\/U0Qy3xP90gI\/AAAAAAAAHvA\/jlJtYhqGMR0\/s1600\/SAM_0460.JPG\"><img decoding=\"async\" loading=\"lazy\" src=\"https:\/\/elcalaixetdelaiaia.es\/wp-content\/uploads\/2014\/04\/SAM_0460.jpg\" width=\"640\" height=\"422\" border=\"0\" \/><\/a><\/div>\n<div style=\"text-align: center;\"><\/div>\n<div style=\"text-align: center;\">es un postre o meriendo deliciosa y mas f\u00e1cil de hacer que de explicar.<\/div>\n<div style=\"text-align: center;\">\u00abA la taula i&#8230; BON PROFIT!!!<\/div>\n<div style=\"text-align: center;\">Si te gusta mi receta, puedes compartirla para que llegue a m\u00e1s gente.<\/div>\n<div>Espero tus comentarios y recuerda que tambi\u00e9n estoy en Facebook\u00a0<a href=\"https:\/\/www.facebook.com\/El-calaixet-de-la-iaia-533062140099386\/\">https:\/\/www.facebook.com\/El-calaixet-de-la-iaia-533062140099386\/<\/a><\/div>\n<\/div>\n","protected":false},"excerpt":{"rendered":"<p>\u00abRefrany; A ning\u00fa li amarga un dol\u00e7\u00bb\u00a0 A nadie le amarga un dulce. Hace ya unos cuantos a\u00f1os&#8230; como cuaytantos largos, una temporada que estuve sin trabajo, fui presentadora-vendedora \u00a0de Tuperware. En los cursillos que nos impartieron, hab\u00edan varias recetas para quien quisiera hacerlas durante las presentaciones, en las casas &hellip; <\/p>\n","protected":false},"author":2,"featured_media":17044,"comment_status":"open","ping_status":"open","sticky":false,"template":"","format":"standard","meta":[],"categories":[6,1],"tags":[],"_links":{"self":[{"href":"https:\/\/elcalaixetdelaiaia.es\/index.php?rest_route=\/wp\/v2\/posts\/944"}],"collection":[{"href":"https:\/\/elcalaixetdelaiaia.es\/index.php?rest_route=\/wp\/v2\/posts"}],"about":[{"href":"https:\/\/elcalaixetdelaiaia.es\/index.php?rest_route=\/wp\/v2\/types\/post"}],"author":[{"embeddable":true,"href":"https:\/\/elcalaixetdelaiaia.es\/index.php?rest_route=\/wp\/v2\/users\/2"}],"replies":[{"embeddable":true,"href":"https:\/\/elcalaixetdelaiaia.es\/index.php?rest_route=%2Fwp%2Fv2%2Fcomments&post=944"}],"version-history":[{"count":11,"href":"https:\/\/elcalaixetdelaiaia.es\/index.php?rest_route=\/wp\/v2\/posts\/944\/revisions"}],"predecessor-version":[{"id":26478,"href":"https:\/\/elcalaixetdelaiaia.es\/index.php?rest_route=\/wp\/v2\/posts\/944\/revisions\/26478"}],"wp:featuredmedia":[{"embeddable":true,"href":"https:\/\/elcalaixetdelaiaia.es\/index.php?rest_route=\/wp\/v2\/media\/17044"}],"wp:attachment":[{"href":"https:\/\/elcalaixetdelaiaia.es\/index.php?rest_route=%2Fwp%2Fv2%2Fmedia&parent=944"}],"wp:term":[{"taxonomy":"category","embeddable":true,"href":"https:\/\/elcalaixetdelaiaia.es\/index.php?rest_route=%2Fwp%2Fv2%2Fcategories&post=944"},{"taxonomy":"post_tag","embeddable":true,"href":"https:\/\/elcalaixetdelaiaia.es\/index.php?rest_route=%2Fwp%2Fv2%2Ftags&post=944"}],"curies":[{"name":"wp","href":"https:\/\/api.w.org\/{rel}","templated":true}]}}