{"id":936,"date":"2014-04-13T17:16:00","date_gmt":"2014-04-13T17:16:00","guid":{"rendered":"http:\/\/elcalaixetdelaiaia.es\/bacalao-la-riojana"},"modified":"2026-03-26T16:28:50","modified_gmt":"2026-03-26T16:28:50","slug":"bacalao-con-tomate-y-pimientos-asados-paso-a-paso-foto-a-foto","status":"publish","type":"post","link":"https:\/\/elcalaixetdelaiaia.es\/?p=936","title":{"rendered":"Bacalao con tomate y pimientos asados paso a paso foto a foto"},"content":{"rendered":"<div class=\"separator\" style=\"clear: both; text-align: justify;\">\u00abRefrany;<\/div>\n<div class=\"separator\" style=\"clear: both; text-align: justify;\">Hu\u00ed es diumenge, diumenge de Rams. A l\u2019atre diumenge, la mona entre mans\u00bb<\/div>\n<div style=\"text-align: justify;\">Hoy es domingo, domingo de Ramos, al otro domingo la mona entre manos.<\/div>\n<p>Hoy otra comida de Cuaresma, Bacalao con tomate y pimientos, tambi\u00e9n llamado Bacalao a la riojana, seg\u00fan me dijo una amiga de N\u00e1jera, aunque mi receta es la cabanyalera, no se si all\u00ed en La Rioja lo har\u00e1n igual, tambi\u00e9n hay quien le pone el pimiento choricero y el bacalao desmigado y le llama Bacalao ajoarriero, (aunque para mil, el bacalao ajoarriero, es totalmente distinto, nada que ver, con este)\u00a0 pero este es el que siempre han hecho mis iaias, y comparto con todos vosotros su receta tradicional.<\/p>\n<p><a style=\"margin-left: 1em; margin-right: 1em;\" href=\"http:\/\/1.bp.blogspot.com\/-72LnWrbD1RI\/U0q3djU9gyI\/AAAAAAAAIKc\/y-NsSjoSBP4\/s1600\/SAM_0620.JPG\"><img decoding=\"async\" loading=\"lazy\" src=\"https:\/\/elcalaixetdelaiaia.es\/wp-content\/uploads\/2014\/04\/SAM_0620.jpg\" width=\"640\" height=\"480\" border=\"0\" \/><\/a><\/p>\n<p>Se puede hacer con o sin pimientos indistintamente, a mi me gusta a\u00f1adirle pimientos, pero pod\u00e9is hacerlo sin ellos, solo con el tomate tambi\u00e9n es un plato delicioso, \u00e9so ya a vuestra elecci\u00f3n. En el Cabanyal, en semana santa desde muy antiguo, es t\u00edpico llenar las mesas de algunos platos tradicionales, para comer con los amigos y familiares, durante los actos de nuestra maravillosa Semana Santa Marinera, se disponen las mesas (normalmente, junto a las entradas de las casas) y cubiertas con los mejores manteles y vajillas de cada casa, se llenen de platos deliciosos. Ttitaina, Mandoguilles d&#8217;abaetxo, esgarraet, Coca salada de titaina, escabeche de sardinas, sepia con cebolla y esto s\u00f3lo es parte de lo salado, porque de dulce. hay otro tanto m\u00e1s.<\/p>\n<p>Necesitaremos para tres comensales;<\/p>\n<div class=\"separator\" style=\"clear: both; text-align: center;\"><a style=\"margin-left: 1em; margin-right: 1em;\" href=\"http:\/\/4.bp.blogspot.com\/-oCKOSAp9e48\/U0q3KfIoJWI\/AAAAAAAAIIM\/sWljMNa7UBY\/s1600\/SAM_0594.JPG\"><img decoding=\"async\" loading=\"lazy\" src=\"https:\/\/elcalaixetdelaiaia.es\/wp-content\/uploads\/2014\/04\/SAM_0594.jpg\" width=\"480\" height=\"640\" border=\"0\" \/><\/a><\/div>\n<ol>\n<li>Medio de bacalao en salaz\u00f3n<\/li>\n<li>Medio k. de tomates<\/li>\n<li>6 dientes de ajo<\/li>\n<li>Dos cebollas<\/li>\n<li>Harina<\/li>\n<li>Aceite de oliva<\/li>\n<li>Piment\u00f3n de la Vera<\/li>\n<li>Dos pimientos rojos y uno verde<\/li>\n<li>Una hojita de laurel<\/li>\n<li>Medio terroncito de az\u00facar<\/li>\n<li>Sal<\/li>\n<li>Pimienta<\/li>\n<\/ol>\n<p>Todos los ingredientes est\u00e1n comprados en el Mercat del Cabanyal, donde es una gozada comprar cualquier producto, son frescos y naturales, a\u00a0 \u00e9ste bacalao le llaman bacalao labrador y viene a estar por unos 12\u20ac el k. mas o menos. Pedid que os lo troceen.<\/p>\n<p style=\"text-align: center;\">Como todos los platos con bacalao en salaz\u00f3n, hemos de empezar la preparaci\u00f3n unas 24 horas antes<\/p>\n<div class=\"separator\" style=\"clear: both; text-align: center;\"><a style=\"margin-left: 1em; margin-right: 1em;\" href=\"http:\/\/2.bp.blogspot.com\/-_tSO0Szh32o\/U0q3IhD0wyI\/AAAAAAAAIIE\/Q7-QCtKTkZI\/s1600\/SAM_0591.JPG\"><img decoding=\"async\" loading=\"lazy\" src=\"https:\/\/elcalaixetdelaiaia.es\/wp-content\/uploads\/2014\/04\/SAM_0591.jpg\" width=\"640\" height=\"480\" border=\"0\" \/><\/a><\/div>\n<div class=\"separator\" style=\"clear: both; text-align: center;\"><\/div>\n<div class=\"separator\" style=\"clear: both; text-align: center;\">pondremos el bacalao bajo el grifo con chorro del agua fresca y enjuagaremos a conciencia<\/div>\n<div class=\"separator\" style=\"clear: both; text-align: center;\"><\/div>\n<div class=\"separator\" style=\"clear: both; text-align: center;\"><a style=\"margin-left: 1em; margin-right: 1em;\" href=\"http:\/\/3.bp.blogspot.com\/-nyO3_HbsgCI\/U0q3Il3iI2I\/AAAAAAAAIH8\/w1ASBe8K_Aw\/s1600\/SAM_0592.JPG\"><img decoding=\"async\" loading=\"lazy\" src=\"https:\/\/elcalaixetdelaiaia.es\/wp-content\/uploads\/2014\/04\/SAM_0592.jpg\" width=\"640\" height=\"484\" border=\"0\" \/><\/a><\/div>\n<div class=\"separator\" style=\"clear: both; text-align: center;\"><\/div>\n<div class=\"separator\" style=\"clear: both; text-align: center;\">Lo cubriremos con agua y dejaremos en la nevera toda la noche<\/div>\n<div class=\"separator\" style=\"clear: both; text-align: center;\"><\/div>\n<div class=\"separator\" style=\"clear: both; text-align: center;\"><a style=\"margin-left: 1em; margin-right: 1em;\" href=\"http:\/\/1.bp.blogspot.com\/-bU5BDyETLhE\/U0q3IpCn6fI\/AAAAAAAAIIA\/ct9Y8Yz2rcY\/s1600\/SAM_0593.JPG\"><img decoding=\"async\" loading=\"lazy\" src=\"https:\/\/elcalaixetdelaiaia.es\/wp-content\/uploads\/2014\/04\/SAM_0593.jpg\" width=\"640\" height=\"480\" border=\"0\" \/><\/a><\/div>\n<div class=\"separator\" style=\"clear: both; text-align: center;\"><\/div>\n<div class=\"separator\" style=\"clear: both; text-align: center;\">Al d\u00eda siguiente haremos tres cambios de agua<\/div>\n<div class=\"separator\" style=\"clear: both; text-align: center;\"><\/div>\n<div class=\"separator\" style=\"clear: both; text-align: center;\"><a style=\"margin-left: 1em; margin-right: 1em;\" href=\"http:\/\/1.bp.blogspot.com\/-qRt0mLr3MDY\/U0q3L7O4HHI\/AAAAAAAAIIU\/axeUDJkdVZw\/s1600\/SAM_0596.JPG\"><img decoding=\"async\" loading=\"lazy\" src=\"https:\/\/elcalaixetdelaiaia.es\/wp-content\/uploads\/2014\/04\/SAM_0596.jpg\" width=\"640\" height=\"480\" border=\"0\" \/><\/a><\/div>\n<div class=\"separator\" style=\"clear: both; text-align: center;\"><\/div>\n<div class=\"separator\" style=\"clear: both; text-align: center;\">En el momento de cocinar lo escurriremos y lo tendremos listo, mirad como ha aumentado la molla.<\/div>\n<div>\n<p>Ahora seguiremos envolviendo los pimientos en papel aluminio, y los asaremos al horno.<\/p>\n<div class=\"separator\" style=\"clear: both; text-align: center;\"><a style=\"margin-left: 1em; margin-right: 1em;\" href=\"http:\/\/3.bp.blogspot.com\/-NoTqnY6849E\/U0q3NTdnNRI\/AAAAAAAAIIg\/d6RqYYwcwkU\/s1600\/SAM_0598.JPG\"><img decoding=\"async\" loading=\"lazy\" src=\"https:\/\/elcalaixetdelaiaia.es\/wp-content\/uploads\/2014\/04\/SAM_0598.jpg\" width=\"640\" height=\"480\" border=\"0\" \/><\/a><\/div>\n<div class=\"separator\" style=\"clear: both; text-align: center;\"><\/div>\n<div class=\"separator\" style=\"clear: both; text-align: center;\">Pelamos los pimientos y los troceamos, dejando unas tiras largas para la decoraci\u00f3n final<\/div>\n<div class=\"separator\" style=\"clear: both; text-align: center;\"><\/div>\n<div class=\"separator\" style=\"clear: both; text-align: center;\"><a style=\"margin-left: 1em; margin-right: 1em;\" href=\"http:\/\/3.bp.blogspot.com\/-Ze0T-eLSLgE\/U0q3M5A4KzI\/AAAAAAAAIIc\/Y-Njl-Ck9HE\/s1600\/SAM_0597.JPG\"><img decoding=\"async\" loading=\"lazy\" src=\"https:\/\/elcalaixetdelaiaia.es\/wp-content\/uploads\/2014\/04\/SAM_0597.jpg\" width=\"480\" height=\"640\" border=\"0\" \/><\/a><\/div>\n<p style=\"text-align: center;\">\u00a0Rallamos la cebolla y el tomate. Siempre que os sea posible, usad tomates naturales maduros, no tienen nada que ver con los tomates en conserva comercializados, y no cuesta tanto rallarlos&#8230;..<\/p>\n<div class=\"separator\" style=\"clear: both; text-align: center;\"><a style=\"margin-left: 1em; margin-right: 1em;\" href=\"http:\/\/1.bp.blogspot.com\/-ZrXgdkqeks4\/U0q3Owgu1ZI\/AAAAAAAAIIo\/l51DTZOSmOg\/s1600\/SAM_0600.JPG\"><img decoding=\"async\" loading=\"lazy\" src=\"https:\/\/elcalaixetdelaiaia.es\/wp-content\/uploads\/2014\/04\/SAM_0600.jpg\" width=\"640\" height=\"480\" border=\"0\" \/><\/a><\/div>\n<p style=\"text-align: center;\">\u00a0Ponemos una sart\u00e9n con aceite a calentar, y echamos la cebolla<\/p>\n<div class=\"separator\" style=\"clear: both; text-align: center;\"><a style=\"margin-left: 1em; margin-right: 1em;\" href=\"http:\/\/4.bp.blogspot.com\/-y3HXKqQPATE\/U0q3R-WzCMI\/AAAAAAAAIJI\/SKpGk6IRQz8\/s1600\/SAM_0604.JPG\"><img decoding=\"async\" loading=\"lazy\" src=\"https:\/\/elcalaixetdelaiaia.es\/wp-content\/uploads\/2014\/04\/SAM_0604.jpg\" width=\"640\" height=\"480\" border=\"0\" \/><\/a><\/div>\n<p style=\"text-align: center;\">a\u00f1adimos la hoja de laurel enjuagada y dejamos pochar a fuego lento<\/p>\n<div class=\"separator\" style=\"clear: both; text-align: center;\"><a style=\"margin-left: 1em; margin-right: 1em;\" href=\"http:\/\/1.bp.blogspot.com\/-pCj3vpwJjmM\/U0q3RIWFWSI\/AAAAAAAAIJA\/nwmTkQhyJmo\/s1600\/SAM_0603.JPG\"><img decoding=\"async\" loading=\"lazy\" src=\"https:\/\/elcalaixetdelaiaia.es\/wp-content\/uploads\/2014\/04\/SAM_0603.jpg\" width=\"640\" height=\"480\" border=\"0\" \/><\/a><\/div>\n<div class=\"separator\" style=\"clear: both; text-align: center;\"><\/div>\n<div class=\"separator\" style=\"clear: both; text-align: center;\">laminamos 5 dientes de ajo y los ponemos a dorar en otra sart\u00e9n con aceite de oliva caliente<\/div>\n<div class=\"separator\" style=\"clear: both; text-align: center;\"><\/div>\n<div class=\"separator\" style=\"clear: both; text-align: center;\"><a style=\"margin-left: 1em; margin-right: 1em;\" href=\"http:\/\/1.bp.blogspot.com\/-OJkBEkawkvE\/U0rZxTm4poI\/AAAAAAAAIMc\/ywkL-LQ4KrA\/s1600\/SAM_0607.JPG\"><img decoding=\"async\" loading=\"lazy\" src=\"https:\/\/elcalaixetdelaiaia.es\/wp-content\/uploads\/2014\/04\/SAM_0607.jpg\" width=\"640\" height=\"480\" border=\"0\" \/><\/a><\/div>\n<div class=\"separator\" style=\"clear: both; text-align: center;\"><\/div>\n<div class=\"separator\" style=\"clear: both; text-align: center;\">el otro ajo lo trocearemos para freir con el tomate<\/div>\n<div class=\"separator\" style=\"clear: both; text-align: center;\"><\/div>\n<div class=\"separator\" style=\"clear: both; text-align: center;\"><a style=\"margin-left: 1em; margin-right: 1em;\" href=\"http:\/\/1.bp.blogspot.com\/-yC1QvEI0ddA\/U0q3WYYThpI\/AAAAAAAAIJo\/HiKtek96KWg\/s1600\/SAM_0608.JPG\"><img decoding=\"async\" loading=\"lazy\" src=\"https:\/\/elcalaixetdelaiaia.es\/wp-content\/uploads\/2014\/04\/SAM_0608.jpg\" width=\"640\" height=\"480\" border=\"0\" \/><\/a><\/div>\n<div style=\"text-align: center;\"><\/div>\n<div class=\"separator\" style=\"clear: both; text-align: center;\">\u00a0a\u00f1adimos a la cebolla pochada el piment\u00f3n de la Vera, sacamos del fuego y reservamos<\/div>\n<div style=\"text-align: center;\"><\/div>\n<div class=\"separator\" style=\"clear: both; text-align: center;\"><a style=\"margin-left: 1em; margin-right: 1em;\" href=\"http:\/\/2.bp.blogspot.com\/-LHHZ2XDwA9c\/U0q3P9JJmsI\/AAAAAAAAIIw\/0EYiXg54QVU\/s1600\/SAM_0602.JPG\"><img decoding=\"async\" loading=\"lazy\" src=\"https:\/\/elcalaixetdelaiaia.es\/wp-content\/uploads\/2014\/04\/SAM_0602.jpg\" width=\"480\" height=\"640\" border=\"0\" \/><\/a><\/div>\n<div class=\"separator\" style=\"clear: both; text-align: center;\"><\/div>\n<div class=\"separator\" style=\"clear: both; text-align: center;\">rebozamos \u00a0en harina el bacalao con nuestro truco; \u00a0 \u00a0<a href=\"https:\/\/elcalaixetdelaiaia.es\/truco-para-rebozar\">https:\/\/elcalaixetdelaiaia.es\/truco-para-rebozar<\/a><\/div>\n<div style=\"text-align: center;\"><\/div>\n<div class=\"separator\" style=\"clear: both; text-align: center;\"><a style=\"margin-left: 1em; margin-right: 1em;\" href=\"http:\/\/4.bp.blogspot.com\/-FyDfEd8OcGg\/U0q3TwDhOeI\/AAAAAAAAIJM\/Jup6e1MyBUo\/s1600\/SAM_0605.JPG\"><img decoding=\"async\" loading=\"lazy\" src=\"https:\/\/elcalaixetdelaiaia.es\/wp-content\/uploads\/2014\/04\/SAM_0605.jpg\" width=\"640\" height=\"480\" border=\"0\" \/><\/a><\/div>\n<p style=\"text-align: center;\">Una vez dorados los ajos, los sacamos de aceite y reservamos, recordad que han de estar dorados, pero no quemados o amargar\u00e1n.<\/p>\n<div class=\"separator\" style=\"clear: both; text-align: center;\"><a style=\"margin-left: 1em; margin-right: 1em;\" href=\"http:\/\/3.bp.blogspot.com\/-1gjb4CYEp_U\/U0q3UxTvVzI\/AAAAAAAAIJQ\/aE6VtoI0Wc4\/s1600\/SAM_0606.JPG\"><img decoding=\"async\" loading=\"lazy\" src=\"https:\/\/elcalaixetdelaiaia.es\/wp-content\/uploads\/2014\/04\/SAM_0606.jpg\" width=\"640\" height=\"446\" border=\"0\" \/><\/a><\/div>\n<p style=\"text-align: center;\">En el mismo aceite ponemos a rebozar el bacalao enharinado<\/p>\n<div class=\"separator\" style=\"clear: both; text-align: center;\"><a style=\"margin-left: 1em; margin-right: 1em;\" href=\"http:\/\/4.bp.blogspot.com\/-RLeFN_736uE\/U0q3ZD1Ac3I\/AAAAAAAAIJ8\/qIli-GYC-Uc\/s1600\/SAM_0611.JPG\"><img decoding=\"async\" loading=\"lazy\" src=\"https:\/\/elcalaixetdelaiaia.es\/wp-content\/uploads\/2014\/04\/SAM_0611.jpg\" width=\"640\" height=\"480\" border=\"0\" \/><\/a><\/div>\n<p style=\"text-align: center;\">los freimos, sacamos y reservamos,<\/p>\n<div class=\"separator\" style=\"clear: both; text-align: center;\"><a style=\"margin-left: 1em; margin-right: 1em;\" href=\"http:\/\/1.bp.blogspot.com\/-ZuUlVc9xkJk\/U0q3YV7rg_I\/AAAAAAAAIJs\/_yNwnMDrXzg\/s1600\/SAM_0609.JPG\"><img decoding=\"async\" loading=\"lazy\" src=\"https:\/\/elcalaixetdelaiaia.es\/wp-content\/uploads\/2014\/04\/SAM_0609.jpg\" width=\"640\" height=\"480\" border=\"0\" \/><\/a><\/div>\n<p style=\"text-align: center;\">y en el mismo aceite ponemos a freir el tomate<\/p>\n<div class=\"separator\" style=\"clear: both; text-align: center;\"><a style=\"margin-left: 1em; margin-right: 1em;\" href=\"http:\/\/2.bp.blogspot.com\/-7rAQZMCfV3g\/U0q3Z-f0_iI\/AAAAAAAAIJ4\/xUCxoL-JM8E\/s1600\/SAM_0612.JPG\"><img decoding=\"async\" loading=\"lazy\" src=\"https:\/\/elcalaixetdelaiaia.es\/wp-content\/uploads\/2014\/04\/SAM_0612.jpg\" width=\"640\" height=\"480\" border=\"0\" \/><\/a><\/div>\n<p style=\"text-align: center;\">A los 15 minutos a\u00f1adimos la cebolla con el laurel y el piment\u00f3n de la Vera, salpimentamos y ponemos medio terr\u00f3n de az\u00facar o media cucharadita de caf\u00e9. Tapamos y dejamos 5 minutos m\u00e1s a fuego m\u00ednimo<\/p>\n<div class=\"separator\" style=\"clear: both; text-align: center;\"><a style=\"margin-left: 1em; margin-right: 1em;\" href=\"http:\/\/3.bp.blogspot.com\/-2DSM3FwzP2A\/U0q3a97vTEI\/AAAAAAAAIKI\/k1ohBPMJExc\/s1600\/SAM_0613.JPG\"><img decoding=\"async\" loading=\"lazy\" src=\"https:\/\/elcalaixetdelaiaia.es\/wp-content\/uploads\/2014\/04\/SAM_0613.jpg\" width=\"640\" height=\"480\" border=\"0\" \/><\/a><\/div>\n<p style=\"text-align: center;\">a\u00f1adimos los pimientos&#8230;y cinco minutos m\u00e1s a fuego m\u00ednimo<\/p>\n<div class=\"separator\" style=\"clear: both; text-align: center;\"><a style=\"margin-left: 1em; margin-right: 1em;\" href=\"http:\/\/1.bp.blogspot.com\/-h53D2Xei-4g\/U0q3_EhNvgI\/AAAAAAAAIKo\/kpaVQAwqqnc\/s1600\/SAM_0618+modified.jpg\"><img decoding=\"async\" loading=\"lazy\" src=\"https:\/\/elcalaixetdelaiaia.es\/wp-content\/uploads\/2014\/04\/SAM_0618-modified.jpg\" width=\"640\" height=\"480\" border=\"0\" \/><\/a><\/div>\n<p style=\"text-align: center;\">pasamos todo a una cazuela de barro, y a\u00f1adimos el bacalao (con la piel hacia abajo para que la gelatina pase al tomate) y unos ajitos y dejamos dar unos hervores suaves unos cinco minutos,<\/p>\n<div class=\"separator\" style=\"clear: both; text-align: center;\"><a style=\"margin-left: 1em; margin-right: 1em;\" href=\"http:\/\/2.bp.blogspot.com\/-klzdaXySI-A\/U0q3dKO7wxI\/AAAAAAAAIKM\/4A5aQ6DZ6YA\/s1600\/SAM_0619.JPG\"><img decoding=\"async\" loading=\"lazy\" src=\"https:\/\/elcalaixetdelaiaia.es\/wp-content\/uploads\/2014\/04\/SAM_0619.jpg\" width=\"640\" height=\"480\" border=\"0\" \/><\/a><\/div>\n<div class=\"separator\" style=\"clear: both; text-align: center;\"><\/div>\n<p style=\"text-align: center;\">\u00a0pasados los cuales, decoraremos con las tiras de pimiento y los ajos restantes.<\/p>\n<div class=\"separator\" style=\"clear: both; text-align: center;\"><\/div>\n<div class=\"separator\" style=\"clear: both; text-align: center;\"><a style=\"margin-left: 1em; margin-right: 1em;\" href=\"http:\/\/1.bp.blogspot.com\/-jiO-uorRnWo\/U0q3eQVDPgI\/AAAAAAAAIKY\/MZLGKJ3Ey_g\/s1600\/SAM_0623.JPG\"><img decoding=\"async\" loading=\"lazy\" src=\"https:\/\/elcalaixetdelaiaia.es\/wp-content\/uploads\/2014\/04\/SAM_0623.jpg\" width=\"640\" height=\"480\" border=\"0\" \/><\/a><\/div>\n<div class=\"separator\" style=\"clear: both; text-align: center;\"><\/div>\n<div class=\"separator\" style=\"clear: both; text-align: center;\">Esta vez, he puesto de guarnici\u00f3n unas patatas panadera y ahora ya<\/div>\n<div class=\"separator\" style=\"clear: both; text-align: center;\">\u00aba la taula i&#8230;..BON PROFIT!!!<\/div>\n<p>Si te gusta mi receta, puedes compartirla para que llegue a m\u00e1s gente.<br \/>\nEspero tus comentarios y recuerda que tambi\u00e9n estoy en Facebook\u00a0<a href=\"https:\/\/www.facebook.com\/El-calaixet-de-la-iaia-533062140099386\/\">https:\/\/www.facebook.com\/El-calaixet-de-la-iaia-533062140099386\/<\/a><\/p>\n<div class=\"clear\" style=\"-webkit-text-stroke-width: 0px; background-color: white; box-sizing: border-box; clear: both; color: #333333; font-family: 'Helvetica Neue', Helvetica, Arial, sans-serif; font-size: 14px; font-style: normal; font-variant: normal; font-weight: normal; letter-spacing: normal; line-height: 20px; orphans: auto; text-align: start; text-indent: 0px; text-transform: none; white-space: normal; widows: auto; word-spacing: 0px;\"><\/div>\n<\/div>\n","protected":false},"excerpt":{"rendered":"<p>\u00abRefrany; Hu\u00ed es diumenge, diumenge de Rams. A l\u2019atre diumenge, la mona entre mans\u00bb Hoy es domingo, domingo de Ramos, al otro domingo la mona entre manos. Hoy otra comida de Cuaresma, Bacalao con tomate y pimientos, tambi\u00e9n llamado Bacalao a la riojana, seg\u00fan me dijo una amiga de N\u00e1jera, &hellip; <\/p>\n","protected":false},"author":2,"featured_media":11095,"comment_status":"open","ping_status":"open","sticky":false,"template":"","format":"standard","meta":[],"categories":[37,1,58],"tags":[],"_links":{"self":[{"href":"https:\/\/elcalaixetdelaiaia.es\/index.php?rest_route=\/wp\/v2\/posts\/936"}],"collection":[{"href":"https:\/\/elcalaixetdelaiaia.es\/index.php?rest_route=\/wp\/v2\/posts"}],"about":[{"href":"https:\/\/elcalaixetdelaiaia.es\/index.php?rest_route=\/wp\/v2\/types\/post"}],"author":[{"embeddable":true,"href":"https:\/\/elcalaixetdelaiaia.es\/index.php?rest_route=\/wp\/v2\/users\/2"}],"replies":[{"embeddable":true,"href":"https:\/\/elcalaixetdelaiaia.es\/index.php?rest_route=%2Fwp%2Fv2%2Fcomments&post=936"}],"version-history":[{"count":10,"href":"https:\/\/elcalaixetdelaiaia.es\/index.php?rest_route=\/wp\/v2\/posts\/936\/revisions"}],"predecessor-version":[{"id":29437,"href":"https:\/\/elcalaixetdelaiaia.es\/index.php?rest_route=\/wp\/v2\/posts\/936\/revisions\/29437"}],"wp:featuredmedia":[{"embeddable":true,"href":"https:\/\/elcalaixetdelaiaia.es\/index.php?rest_route=\/wp\/v2\/media\/11095"}],"wp:attachment":[{"href":"https:\/\/elcalaixetdelaiaia.es\/index.php?rest_route=%2Fwp%2Fv2%2Fmedia&parent=936"}],"wp:term":[{"taxonomy":"category","embeddable":true,"href":"https:\/\/elcalaixetdelaiaia.es\/index.php?rest_route=%2Fwp%2Fv2%2Fcategories&post=936"},{"taxonomy":"post_tag","embeddable":true,"href":"https:\/\/elcalaixetdelaiaia.es\/index.php?rest_route=%2Fwp%2Fv2%2Ftags&post=936"}],"curies":[{"name":"wp","href":"https:\/\/api.w.org\/{rel}","templated":true}]}}