{"id":929,"date":"2014-04-15T16:08:00","date_gmt":"2014-04-15T16:08:00","guid":{"rendered":"http:\/\/elcalaixetdelaiaia.es\/torrijas-llesques-amb-ou"},"modified":"2026-03-29T11:01:42","modified_gmt":"2026-03-29T11:01:42","slug":"torrijas-llesques-amb-ou","status":"publish","type":"post","link":"https:\/\/elcalaixetdelaiaia.es\/?p=929","title":{"rendered":"Torrijas.\u00bb Llesques amb ou\u00bb paso a paso foto a foto"},"content":{"rendered":"<div class=\"separator\" style=\"clear: both; text-align: center;\"><\/div>\n<div class=\"separator\" style=\"clear: both; text-align: left;\">\u00abRefranny;\u00a0 Dimunge de rams, qui no estrena, note mans\u00bb\u00a0 Domingo de ramos, quien no estrena, no tiene manos.<\/div>\n<div class=\"separator\" style=\"clear: both; text-align: left;\"><\/div>\n<div class=\"separator\" style=\"clear: both; text-align: left;\">Torrijas o \u00abLesques amb ou\u00bb<\/div>\n<div class=\"separator\" style=\"clear: both; text-align: left;\"><\/div>\n<div class=\"separator\" style=\"clear: both; text-align: center;\">Mi padre no pod\u00eda esperar al Viernes Santo, (que es cuando hago normalmente en Semana Santa comienzo a prepararlas) y ya el domingo pasado, quer\u00eda torrijas, pero\u00a0 no se las pude hacer, as\u00ed que hoy, al regreso de la proces\u00f3 de Rams, als \u00c1ngels, ya se las he preparado, para merendar, como anticipo de fiestas ya que como dec\u00eda mi iaio Antoniet, su padre, \u00abqui no te la vespra, no te la festa\u00bb que viene a decir, Quien no tiene la v\u00edspera, no tiene la fiesta .<\/div>\n<div class=\"separator\" style=\"clear: both; text-align: center;\"><\/div>\n<div class=\"separator\" style=\"clear: both; text-align: center;\"><a style=\"margin-left: 1em; margin-right: 1em;\" href=\"http:\/\/3.bp.blogspot.com\/-H6TRFABGkSs\/U01Ty1HMCoI\/AAAAAAAAId0\/vVAhkhkMSLw\/s1600\/2014-04-15+11.22.59.jpg\"><img decoding=\"async\" loading=\"lazy\" src=\"https:\/\/elcalaixetdelaiaia.es\/wp-content\/uploads\/2014\/04\/2014-04-15-11.22.59.jpg\" width=\"640\" height=\"402\" border=\"0\" \/><\/a><\/div>\n<p>Las Torrijas no solo son t\u00edpicas en Cuaresma y Semana Santa, las hago en cuanto tengo pan duro ya que los ingredientes b\u00e1sicos de este dulce son la leche, el pan, los huevos y el az\u00facar, a los que despu\u00e9s se le pueden a\u00f1adir varios aderezos a gusto del consumidor como la miel el lim\u00f3n, el clavo , el vino blanco , tinto,o moscatel, la canela, o incluso el an\u00eds o la casalleta \ud83d\ude09<br \/>\nLa torrija b\u00e1sica es uno de los postres de aprovechamiento mas rica y casera, la torrija o torreja aparece ya documentada en el siglo XV citada por Juan del Encina \u00abmiel y muchos huevos para hacer torrejas\u00bb, al parecer como plato indicado para la recuperaci\u00f3n de parturientas. La torrija era a comienzos de siglo XX, muy habitual en las tabernas y se serv\u00eda con vasos de vino o chatos.<\/p>\n<div class=\"separator\" style=\"clear: both; text-align: center;\"><a style=\"margin-left: 1em; margin-right: 1em;\" href=\"http:\/\/2.bp.blogspot.com\/-AGGwCIbL6zI\/U01T0I4URqI\/AAAAAAAAIdw\/63KzOE0rOtI\/s1600\/2014-04-15+11.37.38.jpg\"><img decoding=\"async\" loading=\"lazy\" src=\"https:\/\/elcalaixetdelaiaia.es\/wp-content\/uploads\/2014\/04\/2014-04-15-11.37.38.jpg\" width=\"384\" height=\"640\" border=\"0\" \/><\/a><\/div>\n<p>Su asociaci\u00f3n a la cuaresma se debe tal vez a la necesidad de aprovechamiento del pan sobrante, que, durante el tiempo en que no se pod\u00eda comer carne, era por ello menos consumido, aunque las familias elaboraban la misma cantidad.<\/p>\n<p>Se utiliza pan en rebanadas. Las rebanadas deben ser de un grosor aproximado a 2 cm. Se prefiere pan casero o de campo de un d\u00eda o dos antes de preparar las torrijas ya que absorbe mejor la leche, aunque si tenemos mucha prisa se pueden cortar pan del d\u00eda y poner las rodajas al sol para que endurezcan un poco pero lo ideal, es pan del d\u00eda anterior.<\/p>\n<div>\n<p>Hago varias recetas de torrijas, pero hoy comienzo con la b\u00e1sica porque es la que con diferencia, mas me gusta aparte de la rellena de crema. Esta es la receta que mi iaia Conxeta hac\u00eda siempre en casa, desde que yo recuerdo.<\/p>\n<div><\/div>\n<div>Necesitaremos;<\/div>\n<div><\/div>\n<div class=\"separator\" style=\"clear: both; text-align: center;\"><a style=\"margin-left: 1em; margin-right: 1em;\" href=\"http:\/\/1.bp.blogspot.com\/-M2u8Mwgap0A\/U01TuSlqxII\/AAAAAAAAIcs\/WGqLKt2kMCU\/s1600\/2014-04-15+10.08.28.jpg\"><img decoding=\"async\" loading=\"lazy\" src=\"https:\/\/elcalaixetdelaiaia.es\/wp-content\/uploads\/2014\/04\/2014-04-15-10.08.28.jpg\" width=\"640\" height=\"384\" border=\"0\" \/><\/a><\/div>\n<div><\/div>\n<div>\n<ol>\n<li>Un pan del d\u00eda anterior<\/li>\n<li>124g de az\u00facar<\/li>\n<li>400 ml de leche entera<\/li>\n<li>Una rama de canela<\/li>\n<li>La corteza de un lim\u00f3n<\/li>\n<li>Dos clavos de olor<\/li>\n<li>Canela en polvo<\/li>\n<li>Dos huevos XL<\/li>\n<li>Aceite de girasol<\/li>\n<\/ol>\n<div><\/div>\n<div class=\"separator\" style=\"clear: both; text-align: center;\"><a style=\"margin-left: 1em; margin-right: 1em;\" href=\"http:\/\/2.bp.blogspot.com\/-J2o0Lex02fU\/U01Tqrx4NGI\/AAAAAAAAIcE\/3kGj_Ylk4rQ\/s1600\/2014-04-15+10.14.46.jpg\"><img decoding=\"async\" loading=\"lazy\" src=\"https:\/\/elcalaixetdelaiaia.es\/wp-content\/uploads\/2014\/04\/2014-04-15-10.14.46-1.jpg\" width=\"640\" height=\"384\" border=\"0\" \/><\/a><\/div>\n<div class=\"separator\" style=\"clear: both; text-align: center;\"><\/div>\n<div>Comenzaremos poniendo a hervir la leche, la canela, la piel del lim\u00f3n (sin la parte blanca porque amarga) y tres clavos de olor. Que de un par de hervores y la dejaremos reposar unos minutos para que se asienten bien los aromas.<\/div>\n<div><\/div>\n<div class=\"separator\" style=\"clear: both; text-align: center;\"><a style=\"margin-left: 1em; margin-right: 1em;\" href=\"http:\/\/3.bp.blogspot.com\/-vEnhEURQEqI\/U01Tp4jjo3I\/AAAAAAAAIb4\/_dL2nkVhO2s\/s1600\/2014-04-15+10.18.55.jpg\"><img decoding=\"async\" loading=\"lazy\" src=\"https:\/\/elcalaixetdelaiaia.es\/wp-content\/uploads\/2014\/04\/2014-04-15-10.18.55-1.jpg\" width=\"640\" height=\"384\" border=\"0\" \/><\/a><\/div>\n<div><\/div>\n<div>La colaremos<\/div>\n<div><\/div>\n<div class=\"separator\" style=\"clear: both; text-align: center;\"><a style=\"margin-left: 1em; margin-right: 1em;\" href=\"http:\/\/4.bp.blogspot.com\/-dysK6EHORT8\/U01Ttpw9B6I\/AAAAAAAAIco\/43O0l00uAvs\/s1600\/2014-04-15+10.45.58.jpg\"><img decoding=\"async\" loading=\"lazy\" src=\"https:\/\/elcalaixetdelaiaia.es\/wp-content\/uploads\/2014\/04\/2014-04-15-10.45.58-1.jpg\" width=\"640\" height=\"384\" border=\"0\" \/><\/a><\/div>\n<div style=\"text-align: center;\"><\/div>\n<div style=\"text-align: center;\">y la dejaremos enfriar tapando con papel film pegado a la superficie para evitar que se forme costra<\/div>\n<div style=\"text-align: center;\"><\/div>\n<div class=\"separator\" style=\"clear: both; text-align: center;\"><a style=\"margin-left: 1em; margin-right: 1em;\" href=\"http:\/\/2.bp.blogspot.com\/-O6sLBkZHWc8\/U01TrT2hENI\/AAAAAAAAIcQ\/KoGfT2FcUDo\/s1600\/2014-04-15+10.20.07.jpg\"><img decoding=\"async\" loading=\"lazy\" src=\"https:\/\/elcalaixetdelaiaia.es\/wp-content\/uploads\/2014\/04\/2014-04-15-10.20.07-1.jpg\" width=\"640\" height=\"384\" border=\"0\" \/><\/a><\/div>\n<div style=\"text-align: center;\"><\/div>\n<div style=\"text-align: center;\">Cortaremos el pan (desechando las puntas) en rodajas de unos dos cm.<\/div>\n<div style=\"text-align: center;\"><\/div>\n<div class=\"separator\" style=\"clear: both; text-align: center;\"><a style=\"margin-left: 1em; margin-right: 1em;\" href=\"http:\/\/3.bp.blogspot.com\/-x0sDZk8B4Hc\/U01TsngQ6fI\/AAAAAAAAIcM\/uM3qleOPPWw\/s1600\/2014-04-15+10.39.59.jpg\"><img decoding=\"async\" loading=\"lazy\" src=\"https:\/\/elcalaixetdelaiaia.es\/wp-content\/uploads\/2014\/04\/2014-04-15-10.39.59-1.jpg\" width=\"640\" height=\"384\" border=\"0\" \/><\/a><\/div>\n<div style=\"text-align: center;\">Batiremos los huevos<\/div>\n<div style=\"text-align: center;\"><\/div>\n<div class=\"separator\" style=\"clear: both; text-align: center;\"><a style=\"margin-left: 1em; margin-right: 1em;\" href=\"http:\/\/4.bp.blogspot.com\/-VMPU7THhnXE\/U01TurVpqWI\/AAAAAAAAIck\/-MyJmtc3uVg\/s1600\/2014-04-15+10.59.09.jpg\"><img decoding=\"async\" loading=\"lazy\" src=\"https:\/\/elcalaixetdelaiaia.es\/wp-content\/uploads\/2014\/04\/2014-04-15-10.59.09-1.jpg\" width=\"640\" height=\"384\" border=\"0\" \/><\/a><\/div>\n<div style=\"text-align: center;\"><\/div>\n<div style=\"text-align: center;\">remojamos el pan en la leche vuelta y vuelta e iremos dejando en un plato<\/div>\n<div style=\"text-align: center;\"><\/div>\n<div class=\"separator\" style=\"clear: both; text-align: center;\"><a style=\"margin-left: 1em; margin-right: 1em;\" href=\"http:\/\/1.bp.blogspot.com\/-fYBlEK74LWU\/U01TwQ0JyBI\/AAAAAAAAIdE\/HkrCq3jrhf0\/s1600\/2014-04-15+11.00.05.jpg\"><img decoding=\"async\" loading=\"lazy\" src=\"https:\/\/elcalaixetdelaiaia.es\/wp-content\/uploads\/2014\/04\/2014-04-15-11.00.05-2.jpg\" width=\"640\" height=\"384\" border=\"0\" \/><\/a><\/div>\n<div style=\"text-align: center;\"><\/div>\n<div style=\"text-align: center;\">ponemos el aceite de girasol a calentar en un sart\u00e9n, la cantidad suficiente para que casi cubra cada rodaja y preparamos al lado una bandeja con papel de cocina<\/div>\n<div style=\"text-align: center;\"><\/div>\n<div class=\"separator\" style=\"clear: both; text-align: center;\"><a style=\"margin-left: 1em; margin-right: 1em;\" href=\"http:\/\/2.bp.blogspot.com\/-rfxGFwN8SuM\/U01TvvRc9HI\/AAAAAAAAIc8\/JE8wqIF8HmI\/s1600\/2014-04-15+11.02.48.jpg\"><img decoding=\"async\" loading=\"lazy\" src=\"https:\/\/elcalaixetdelaiaia.es\/wp-content\/uploads\/2014\/04\/2014-04-15-11.02.48-1.jpg\" width=\"640\" height=\"384\" border=\"0\" \/><\/a><\/div>\n<div style=\"text-align: center;\"><\/div>\n<div style=\"text-align: center;\">rebozamos las rodajas en huevo una a una e iremos colocando en la sart\u00e9n con el aceite caliente<\/div>\n<div style=\"text-align: center;\"><\/div>\n<div class=\"separator\" style=\"clear: both; text-align: center;\"><a style=\"margin-left: 1em; margin-right: 1em;\" href=\"http:\/\/4.bp.blogspot.com\/-xmBPfV1UmoA\/U01TwCSAibI\/AAAAAAAAIdU\/UF6jrfd1L84\/s1600\/2014-04-15+11.06.06.jpg\"><img decoding=\"async\" loading=\"lazy\" src=\"https:\/\/elcalaixetdelaiaia.es\/wp-content\/uploads\/2014\/04\/2014-04-15-11.06.06-1.jpg\" width=\"640\" height=\"384\" border=\"0\" \/><\/a><\/div>\n<div style=\"text-align: center;\"><\/div>\n<div style=\"text-align: center;\">hemos de cuidar de que se fr\u00eda por fuera pero por dentro queden sin hacer, procurad no tostarlas mucho<\/div>\n<div style=\"text-align: center;\"><\/div>\n<div class=\"separator\" style=\"clear: both; text-align: center;\"><a style=\"margin-left: 1em; margin-right: 1em;\" href=\"http:\/\/1.bp.blogspot.com\/-MdJSyOHWU5k\/U01Tw9ANV1I\/AAAAAAAAIdM\/Cg7fHIGF1qU\/s1600\/2014-04-15+11.09.29.jpg\"><img decoding=\"async\" loading=\"lazy\" src=\"https:\/\/elcalaixetdelaiaia.es\/wp-content\/uploads\/2014\/04\/2014-04-15-11.09.29-1.jpg\" width=\"384\" height=\"640\" border=\"0\" \/><\/a><\/div>\n<div class=\"separator\" style=\"clear: both; text-align: center;\"><\/div>\n<div style=\"text-align: center;\">las iremos colocando sobre el papel de cocina para que absorba el aceite sobrante<\/div>\n<div style=\"text-align: center;\"><\/div>\n<div class=\"separator\" style=\"clear: both; text-align: center;\"><a style=\"margin-left: 1em; margin-right: 1em;\" href=\"http:\/\/1.bp.blogspot.com\/-0Ohsx8Y2QsA\/U01TxVMynNI\/AAAAAAAAIdc\/QZ_rahyMqWo\/s1600\/2014-04-15+11.13.14.jpg\"><img decoding=\"async\" loading=\"lazy\" src=\"https:\/\/elcalaixetdelaiaia.es\/wp-content\/uploads\/2014\/04\/2014-04-15-11.13.14-1.jpg\" width=\"640\" height=\"384\" border=\"0\" \/><\/a><\/div>\n<div class=\"separator\" style=\"clear: both; text-align: center;\"><\/div>\n<div style=\"text-align: center;\">las voltearemos y trasladaremos con cuidado para que no se nos rompan<\/div>\n<div style=\"text-align: center;\"><\/div>\n<div class=\"separator\" style=\"clear: both; text-align: center;\"><a style=\"margin-left: 1em; margin-right: 1em;\" href=\"http:\/\/3.bp.blogspot.com\/-dIAAUCQG0W8\/U01Txxnt8WI\/AAAAAAAAIdk\/qZzyLhm9cPY\/s1600\/2014-04-15+11.16.13.jpg\"><img decoding=\"async\" loading=\"lazy\" src=\"https:\/\/elcalaixetdelaiaia.es\/wp-content\/uploads\/2014\/04\/2014-04-15-11.16.13-1.jpg\" width=\"384\" height=\"640\" border=\"0\" \/><\/a><\/div>\n<div class=\"separator\" style=\"clear: both; text-align: center;\"><\/div>\n<div style=\"text-align: center;\">mezclaremos el az\u00facar, si es az\u00facar moreno mejor, con canela y antes de que se enfr\u00eden rebozaremos en la mezcla cada torrija<\/div>\n<div style=\"text-align: center;\"><\/div>\n<div class=\"separator\" style=\"clear: both; text-align: center;\"><a style=\"margin-left: 1em; margin-right: 1em;\" href=\"http:\/\/4.bp.blogspot.com\/-KmTqwySYba0\/U01T0oUJU9I\/AAAAAAAAId4\/d9Sq8OoqpI8\/s1600\/2014-04-15+11.24.11.jpg\"><img decoding=\"async\" loading=\"lazy\" src=\"https:\/\/elcalaixetdelaiaia.es\/wp-content\/uploads\/2014\/04\/2014-04-15-11.24.11.jpg\" width=\"640\" height=\"384\" border=\"0\" \/><\/a><\/div>\n<div style=\"text-align: center;\">emplatamos<\/div>\n<div style=\"text-align: center;\"><\/div>\n<div class=\"separator\" style=\"clear: both; text-align: center;\"><a style=\"margin-left: 1em; margin-right: 1em;\" href=\"http:\/\/1.bp.blogspot.com\/-5fYe8AK1C9A\/U01T3lXzndI\/AAAAAAAAIeU\/egOT9aC-MkE\/s1600\/2014-04-15+11.37.53.jpg\"><img decoding=\"async\" loading=\"lazy\" src=\"https:\/\/elcalaixetdelaiaia.es\/wp-content\/uploads\/2014\/04\/2014-04-15-11.37.53.jpg\" width=\"384\" height=\"640\" border=\"0\" \/><\/a><\/div>\n<div>\n<div style=\"text-align: center;\">\u00aba la taula i&#8230;.BON PROFIT!!<\/div>\n<div style=\"text-align: center;\">Para acompa\u00f1ar \u00e9stas deliciosas torrijas, nada mejor que un Aguardiente con andrinas casero que preparo cada a\u00f1o con andrinas de Fr\u00edas de Albarrac\u00edn, o una misteleta valenciana, bien fresquita&#8230; Si te gusta mi receta, puedes compartirla para que llegue a m\u00e1s gente.<\/div>\n<\/div>\n<p>Espero tus comentarios y recuerda que tambi\u00e9n estoy en Facebook\u00a0<a href=\"https:\/\/www.facebook.com\/El-calaixet-de-la-iaia-533062140099386\/\">https:\/\/www.facebook.com\/El-calaixet-de-la-iaia-533062140099386\/<\/a><\/p>\n<p>Edito esta entrada el 19\/01\/2020 porque mi querida amiga Vanesa Ordu\u00f1a Civera, ha preparado mi receta y desde Marbach am Neckar, en Alemania, ha sido taaan amable de enviarme esta bandeja tan apetecible de torrijas, que son una aut\u00e9ntica maravilla y todo un honor para mi. Mil gracias Vane, eres un soool \ud83d\ude09<\/p>\n<\/div>\n<\/div>\n<p><img decoding=\"async\" loading=\"lazy\" class=\"alignnone size-full wp-image-24936\" src=\"https:\/\/elcalaixetdelaiaia.es\/wp-content\/uploads\/2014\/04\/llesquesdeVane-1024x576-1.jpg\" alt=\"\" width=\"1024\" height=\"576\" srcset=\"https:\/\/elcalaixetdelaiaia.es\/wp-content\/uploads\/2014\/04\/llesquesdeVane-1024x576-1.jpg 1024w, https:\/\/elcalaixetdelaiaia.es\/wp-content\/uploads\/2014\/04\/llesquesdeVane-1024x576-1-300x169.jpg 300w, https:\/\/elcalaixetdelaiaia.es\/wp-content\/uploads\/2014\/04\/llesquesdeVane-1024x576-1-768x432.jpg 768w\" sizes=\"(max-width: 1024px) 100vw, 1024px\" \/><\/p>\n<p>La Lola MarMar, una de mis seguidoras, ha hecho mi receta de \u00abLlesques amb ou\u00bb y ha tenido la amabilidad de enviar foto,\u00a0 y tambi\u00e9n a\u00f1ado a la receta al blog. Much\u00edsimas gracias Lola, pintaza&#8230; <span class=\"x1xsqp64 xiy17q3 x1o6pynw x19co3pv xdj266r xcwd3tp xat24cr x39eecv x2b8uid\" data-testid=\"emoji\"><span class=\"xexx8yu xn5pp95 x18d9i69 x2fxd7x x1yqt14a x1bhl96m\">\ud83d\ude0b<\/span><\/span><span class=\"x1xsqp64 xiy17q3 x1o6pynw x19co3pv xdj266r xcwd3tp xat24cr x39eecv x2b8uid\" data-testid=\"emoji\"><span class=\"xexx8yu xn5pp95 x18d9i69 x2fxd7x x1yqt14a x1bhl96m\">\ud83d\ude0b<\/span><\/span><span class=\"x1xsqp64 xiy17q3 x1o6pynw x19co3pv xdj266r xcwd3tp xat24cr x39eecv x2b8uid\" data-testid=\"emoji\"><span class=\"xexx8yu xn5pp95 x18d9i69 x2fxd7x x1yqt14a x1bhl96m\">\ud83d\ude0b<\/span><\/span><span class=\"x1xsqp64 xiy17q3 x1o6pynw x19co3pv xdj266r xcwd3tp xat24cr x39eecv x2b8uid\" data-testid=\"emoji\"><span class=\"xexx8yu xn5pp95 x18d9i69 x2fxd7x x1yqt14a x1bhl96m\">\ud83d\ude0b<\/span><\/span><\/p>\n<p><img decoding=\"async\" loading=\"lazy\" class=\"alignnone size-full wp-image-24939\" src=\"https:\/\/elcalaixetdelaiaia.es\/wp-content\/uploads\/2014\/04\/Llesques-La-Lola-MarMar-ok.jpg\" alt=\"\" width=\"1084\" height=\"1440\" srcset=\"https:\/\/elcalaixetdelaiaia.es\/wp-content\/uploads\/2014\/04\/Llesques-La-Lola-MarMar-ok.jpg 1084w, https:\/\/elcalaixetdelaiaia.es\/wp-content\/uploads\/2014\/04\/Llesques-La-Lola-MarMar-ok-226x300.jpg 226w, https:\/\/elcalaixetdelaiaia.es\/wp-content\/uploads\/2014\/04\/Llesques-La-Lola-MarMar-ok-771x1024.jpg 771w, https:\/\/elcalaixetdelaiaia.es\/wp-content\/uploads\/2014\/04\/Llesques-La-Lola-MarMar-ok-768x1020.jpg 768w\" sizes=\"(max-width: 1084px) 100vw, 1084px\" \/><\/p>\n<p>y sigo editando con much\u00edsima ilusi\u00f3n porque otra de mis seguidoras; T\u00fcnder Beyxer<\/p>\n<p><img decoding=\"async\" loading=\"lazy\" class=\"alignnone size-full wp-image-24952\" src=\"https:\/\/elcalaixetdelaiaia.es\/wp-content\/uploads\/2014\/04\/Tunder-BeyxerTorrijas.jpg\" alt=\"\" width=\"1440\" height=\"1080\" srcset=\"https:\/\/elcalaixetdelaiaia.es\/wp-content\/uploads\/2014\/04\/Tunder-BeyxerTorrijas.jpg 1440w, https:\/\/elcalaixetdelaiaia.es\/wp-content\/uploads\/2014\/04\/Tunder-BeyxerTorrijas-300x225.jpg 300w, https:\/\/elcalaixetdelaiaia.es\/wp-content\/uploads\/2014\/04\/Tunder-BeyxerTorrijas-1024x768.jpg 1024w, https:\/\/elcalaixetdelaiaia.es\/wp-content\/uploads\/2014\/04\/Tunder-BeyxerTorrijas-768x576.jpg 768w\" sizes=\"(max-width: 1440px) 100vw, 1440px\" \/><\/p>\n<p>ha cocinado \u00abLes llesques amb ou\u00bb y ha tenido la amabilidad, de hacer fotos y envi\u00e1rmelas, me dice que les ha a\u00f1adido un chorrito de an\u00eds \ud83d\ude09<\/p>\n<p>Much\u00edsimas gracias T\u00fcnder .<\/p>\n","protected":false},"excerpt":{"rendered":"<p>\u00abRefranny;\u00a0 Dimunge de rams, qui no estrena, note mans\u00bb\u00a0 Domingo de ramos, quien no estrena, no tiene manos. Torrijas o \u00abLesques amb ou\u00bb Mi padre no pod\u00eda esperar al Viernes Santo, (que es cuando hago normalmente en Semana Santa comienzo a prepararlas) y ya el domingo pasado, quer\u00eda torrijas, pero\u00a0 &hellip; <\/p>\n","protected":false},"author":2,"featured_media":11071,"comment_status":"open","ping_status":"open","sticky":false,"template":"","format":"standard","meta":[],"categories":[6,1,47],"tags":[],"_links":{"self":[{"href":"https:\/\/elcalaixetdelaiaia.es\/index.php?rest_route=\/wp\/v2\/posts\/929"}],"collection":[{"href":"https:\/\/elcalaixetdelaiaia.es\/index.php?rest_route=\/wp\/v2\/posts"}],"about":[{"href":"https:\/\/elcalaixetdelaiaia.es\/index.php?rest_route=\/wp\/v2\/types\/post"}],"author":[{"embeddable":true,"href":"https:\/\/elcalaixetdelaiaia.es\/index.php?rest_route=\/wp\/v2\/users\/2"}],"replies":[{"embeddable":true,"href":"https:\/\/elcalaixetdelaiaia.es\/index.php?rest_route=%2Fwp%2Fv2%2Fcomments&post=929"}],"version-history":[{"count":14,"href":"https:\/\/elcalaixetdelaiaia.es\/index.php?rest_route=\/wp\/v2\/posts\/929\/revisions"}],"predecessor-version":[{"id":29455,"href":"https:\/\/elcalaixetdelaiaia.es\/index.php?rest_route=\/wp\/v2\/posts\/929\/revisions\/29455"}],"wp:featuredmedia":[{"embeddable":true,"href":"https:\/\/elcalaixetdelaiaia.es\/index.php?rest_route=\/wp\/v2\/media\/11071"}],"wp:attachment":[{"href":"https:\/\/elcalaixetdelaiaia.es\/index.php?rest_route=%2Fwp%2Fv2%2Fmedia&parent=929"}],"wp:term":[{"taxonomy":"category","embeddable":true,"href":"https:\/\/elcalaixetdelaiaia.es\/index.php?rest_route=%2Fwp%2Fv2%2Fcategories&post=929"},{"taxonomy":"post_tag","embeddable":true,"href":"https:\/\/elcalaixetdelaiaia.es\/index.php?rest_route=%2Fwp%2Fv2%2Ftags&post=929"}],"curies":[{"name":"wp","href":"https:\/\/api.w.org\/{rel}","templated":true}]}}