{"id":92,"date":"2017-08-12T15:56:00","date_gmt":"2017-08-12T15:56:00","guid":{"rendered":"http:\/\/elcalaixetdelaiaia.es\/tarta-nayara-de-chocolate-rellena-con"},"modified":"2026-02-13T19:17:21","modified_gmt":"2026-02-13T19:17:21","slug":"tarta-nayara-de-chocolate-rellena-con","status":"publish","type":"post","link":"https:\/\/elcalaixetdelaiaia.es\/?p=92","title":{"rendered":"Tarta Nayara de chocolate rellena con coraz\u00f3n de fresa paso a paso fotoa foto"},"content":{"rendered":"<p>\u00abRefrany; Corona dels vells s\u00f3n els n\u00e9ts i gl\u00f2ria dels fills els pares d&#8217;ells\u00bb\u00a0\u00a0 Corona de los viejos, son los nietos y gloria de los hijos los padres de ellos.<\/p>\n<p>Mis nietas, junto a mis hijos y nueras, son mi corona, mi tesoro m\u00e1s preciado, la cuerda de la que me agarro para tirar hacia\u00a0 arriba, el motivo y la raz\u00f3n por el que vale la pena despertar cada d\u00eda&#8230; son toda mi vida y junto a ellos, claro, mis hermanos, cu\u00f1adas (que las dos, son mis hermanas) y sobrinos,<strong> mi familia.<\/strong><br \/>\n<a style=\"margin-left: 1em; margin-right: 1em;\" href=\"https:\/\/4.bp.blogspot.com\/-dhJjBFDRpWM\/WY4oLPKqq2I\/AAAAAAAApYk\/LXOLG6qzXh4mUoBGRsi5_ISMyUb8H79VQCEwYBhgL\/s1600\/IMG_2152.PNG\"><img decoding=\"async\" loading=\"lazy\" src=\"https:\/\/elcalaixetdelaiaia.es\/wp-content\/uploads\/2017\/08\/IMG_2152.png\" width=\"640\" height=\"480\" border=\"0\" data-original-height=\"1200\" data-original-width=\"1600\" \/><\/a><\/p>\n<p>Mi mayor cumple ya 10 a\u00f1itos y \u00e9ste es un cumplea\u00f1os dif\u00edcil a la vez que feliz.<br \/>\nSu primer cumple sin su iaio&#8230; muy duro, pero haremos lo imposible porque disfrute de un d\u00eda maravilloso.<br \/>\nLe encantan los corazones, como a mi, as\u00ed que mi marido y yo, planeamos para \u00e9ste a\u00f1o hacerle una fiesta con tarta especial, con bizcocho de chocolate, pero que en cada cortada aparezca un coraz\u00f3n de crema de nata, queso y fresas, para ello su iaio y yo hab\u00edamos comprado por Enero un molde Milton, con idea de hacer \u00e9sta tarta que ya no probar\u00e1 su iaio, aunque fu\u00e9 \u00e9l quien hizo las gestiones para realizar el pedido por internet, ilusionados por la carita que pondr\u00eda la nena, al cortar una porci\u00f3n de tarta, fue mi marido quien en nuestra \u00faltima visita al centro juntos, para hacer unos tramites notariales, vio las velas de corazones, las bengalas&#8230; y las compr\u00f3 para \u00e9ste cumple, sin saber que \u00e9l no estar\u00eda presente para celebrarlo&#8230;<br \/>\n<a style=\"margin-left: 1em; margin-right: 1em;\" href=\"https:\/\/3.bp.blogspot.com\/-md3g1mzJG98\/WY4oZEuG-sI\/AAAAAAAApYw\/OtxZkm5HtusklpqunZ7EMjtD7nMNHm3aQCEwYBhgL\/s1600\/IMG_2159.PNG\"><img decoding=\"async\" loading=\"lazy\" src=\"https:\/\/elcalaixetdelaiaia.es\/wp-content\/uploads\/2017\/08\/IMG_2159.png\" width=\"640\" height=\"480\" border=\"0\" data-original-height=\"1200\" data-original-width=\"1600\" \/><\/a><\/p>\n<p>La vida, a veces es as\u00ed de dura, caprichosa y cruel, pero hay que tirar hacia arriba por ellas, su padre y su t\u00edo, y por todos los dem\u00e1s, que no me han soltado de la mano, en ning\u00fan momento&#8230; as\u00ed que, haciendo de tripas coraz\u00f3n, nunca mejor dicho, manos a la obra aunque con una pena infinita y sorbi\u00e9ndome las l\u00e1grimas.<br \/>\nEsta ha sido hasta ahora, la tarta mas dif\u00edcil de hacer (y no por la elaboraci\u00f3n, sino por mi estado de \u00e1nimo), pero la que mas l\u00e1grimas y\u00a0 coraz\u00f3n lleva.<\/p>\n<p>Necesitaremos;<\/p>\n<p>Para el bizcocho de chocolate;<\/p>\n<div class=\"separator\" style=\"clear: both; text-align: center;\"><a style=\"margin-left: 1em; margin-right: 1em;\" href=\"https:\/\/4.bp.blogspot.com\/-YB17BYagP2k\/WRWnPFQ0qyI\/AAAAAAAApJE\/5hlCOn-GQ84TuwF1UhNL334XKOuq_OU7ACEw\/s1600\/IMG_1921.PNG\"><img decoding=\"async\" loading=\"lazy\" src=\"https:\/\/elcalaixetdelaiaia.es\/wp-content\/uploads\/2017\/08\/IMG_1921.png\" width=\"640\" height=\"478\" border=\"0\" \/><\/a><\/div>\n<ol>\n<li>260g de harina<\/li>\n<li>40g de cacao en polvo sin az\u00facar Valor<\/li>\n<li>4 huevos XL a temperatura ambiente<\/li>\n<li>200g de mantequilla a temperatura ambiente<\/li>\n<li>200g de az\u00facar blanquilla<\/li>\n<li>Una pizca de sal<\/li>\n<li>Un sobre de levadura en polvo (16g)<\/li>\n<\/ol>\n<p>Para la crema de fresas;<\/p>\n<div class=\"separator\" style=\"clear: both; text-align: center;\"><a style=\"margin-left: 1em; margin-right: 1em;\" href=\"https:\/\/2.bp.blogspot.com\/-tSrpTp5r3tg\/WRWnL2AHKPI\/AAAAAAAApJE\/vW_7wMrQC74kQNs5XQ1oNClaRAMWyfEWQCEw\/s1600\/IMG_1924.PNG\"><img decoding=\"async\" loading=\"lazy\" src=\"https:\/\/elcalaixetdelaiaia.es\/wp-content\/uploads\/2017\/08\/IMG_1924.png\" width=\"640\" height=\"478\" border=\"0\" \/><\/a><\/div>\n<ol>\n<li>00g de az\u00facar blanquilla<\/li>\n<li>400g de crema de leche o nata de montar<\/li>\n<li>300g de fresones<\/li>\n<li>6 hojas de gelatina<\/li>\n<li>250g de Mascarpone<\/li>\n<\/ol>\n<p>Adornos diversos en forma de coraz\u00f3n, velas, bengalas etc.<\/p>\n<div style=\"text-align: center;\"><img decoding=\"async\" loading=\"lazy\" src=\"https:\/\/elcalaixetdelaiaia.es\/wp-content\/uploads\/2017\/08\/IMG_1922.png\" width=\"640\" height=\"478\" border=\"0\" \/><\/div>\n<div style=\"text-align: center;\">Este es el molde Milton, que podeis comprar por internet. Precalentamos el horno a 180\u00ba<\/div>\n<div style=\"text-align: center;\">Untaremos con mantequilla a conciencia el interior de los moldes. Pondremos en un cuenco los huevos y blanquearemos con el az\u00facar, a\u00f1adiremos la mantequilla derretida, una pizca de sal, batiremos<\/div>\n<div style=\"text-align: center;\"><\/div>\n<div style=\"text-align: center;\"><img decoding=\"async\" loading=\"lazy\" src=\"https:\/\/elcalaixetdelaiaia.es\/wp-content\/uploads\/2017\/08\/IMG_2121.png\" width=\"640\" height=\"480\" border=\"0\" \/><\/div>\n<div style=\"text-align: center;\"><\/div>\n<div style=\"text-align: center;\">Tamizaremos sobre el cuenco la harina y el cacaco sin az\u00facar Valor,(si no encontr\u00e1is chocolate en polvo, se puede utilizar chocolate de tableta derretido) incorporamos un sobre de levadura en polvo y mezclaremos por completo hasta que no queden grumos.<\/div>\n<div style=\"text-align: center;\"><\/div>\n<div class=\"separator\" style=\"clear: both; text-align: center;\"><img decoding=\"async\" loading=\"lazy\" src=\"https:\/\/elcalaixetdelaiaia.es\/wp-content\/uploads\/2017\/08\/IMG_1923.png\" width=\"640\" height=\"478\" border=\"0\" \/><\/div>\n<div style=\"text-align: center;\"><\/div>\n<div style=\"text-align: center;\">Repartimos la mezcla en los dos moldes hasta que veamos el molde cubierto y los colocamos sobre un trapo de cocina para proteger la bancada<\/div>\n<div style=\"text-align: center;\"><\/div>\n<div style=\"text-align: center;\"><a style=\"margin-left: 1em; margin-right: 1em;\" href=\"https:\/\/3.bp.blogspot.com\/-e0QOv51fe3U\/WRWpAwWNP9I\/AAAAAAAApLU\/Qqfmzim4uYQ8vGye94FFUpwPsHrdQDEDgCEw\/s1600\/IMG_2122.PNG\"><img decoding=\"async\" loading=\"lazy\" src=\"https:\/\/elcalaixetdelaiaia.es\/wp-content\/uploads\/2017\/08\/IMG_2122.png\" width=\"640\" height=\"480\" border=\"0\" \/><\/a><\/div>\n<div style=\"text-align: center;\"><\/div>\n<div style=\"text-align: center;\">damos unos golpes sobre el trapo para equilibrar la mezcla en los moldes y horneamos a media altura a 180\u00aa aproximadamente unos 30 minutos.<\/div>\n<div style=\"text-align: center;\">\u00a0<a style=\"margin-left: 1em; margin-right: 1em;\" href=\"https:\/\/2.bp.blogspot.com\/-A3ljv3r7qUs\/WRWpH5m_flI\/AAAAAAAApLU\/J0ZjlL7LsbkPcgbD6fztBMvukdZPwj1iwCEw\/s1600\/IMG_2123.PNG\"><img decoding=\"async\" loading=\"lazy\" src=\"https:\/\/elcalaixetdelaiaia.es\/wp-content\/uploads\/2017\/08\/IMG_2123.png\" width=\"640\" height=\"480\" border=\"0\" \/><\/a><\/div>\n<div style=\"text-align: center;\"><\/div>\n<div style=\"text-align: center;\">Estos tiempos son en mi horno pero ya sab\u00e9is que cada horno necesita unos tiempos. Pod\u00e9is hacer el truco del palo de brocheta, si pinch\u00e1is en el centro del bizcocho y sale limpio est\u00e1 listo \ud83d\ude09<\/div>\n<div style=\"text-align: center;\"><\/div>\n<div class=\"separator\" style=\"clear: both; text-align: center;\"><a style=\"margin-left: 1em; margin-right: 1em;\" href=\"https:\/\/2.bp.blogspot.com\/-l4QWzawZBBk\/WRWoQCRcSGI\/AAAAAAAApLU\/H9G7xi8eZcEYgXNRMqqU1kf8-rBayQhPwCEw\/s1600\/IMG_2117.PNG\"><img decoding=\"async\" loading=\"lazy\" src=\"https:\/\/elcalaixetdelaiaia.es\/wp-content\/uploads\/2017\/08\/IMG_2117.png\" width=\"640\" height=\"480\" border=\"0\" \/><\/a><\/div>\n<div><\/div>\n<div style=\"text-align: center;\">sacaremos del horno<\/div>\n<div style=\"text-align: center;\">\u00a0<a style=\"margin-left: 1em; margin-right: 1em;\" href=\"https:\/\/3.bp.blogspot.com\/-7rz9mY-6ey0\/WRWpR3D-JWI\/AAAAAAAApLU\/A3GUZcyTiaIP_gDBd5wXyd6o9DNyCLoZgCEw\/s1600\/IMG_2124.PNG\"><img decoding=\"async\" loading=\"lazy\" src=\"https:\/\/elcalaixetdelaiaia.es\/wp-content\/uploads\/2017\/08\/IMG_2124.png\" width=\"640\" height=\"480\" border=\"0\" \/><\/a><\/div>\n<div style=\"text-align: center;\"><\/div>\n<div style=\"text-align: center;\">y dejaremos enfriar sobre las rejillas para que el enfriado sea uniforme.<\/div>\n<div style=\"text-align: center;\">Es muy importante que quede absolutamente fr\u00edos. Yo los suelo dejar un par de horas y mientras&#8230;<\/div>\n<div><\/div>\n<div class=\"separator\" style=\"clear: both; text-align: center;\"><a style=\"margin-left: 1em; margin-right: 1em;\" href=\"https:\/\/3.bp.blogspot.com\/-IFAhsquvoy8\/WRWog3DjhpI\/AAAAAAAApLU\/6e2P132FXY8TeY_ScGa-TWDZDAKEgpk6ACEw\/s1600\/IMG_2118.PNG\"><img decoding=\"async\" loading=\"lazy\" src=\"https:\/\/elcalaixetdelaiaia.es\/wp-content\/uploads\/2017\/08\/IMG_2118.png\" width=\"640\" height=\"480\" border=\"0\" \/><\/a><\/div>\n<div style=\"text-align: center;\">vamos a limpiar y poner a macerar los fresones, primero los pondremos a remojo un par de minutos<\/div>\n<div class=\"separator\" style=\"clear: both; text-align: center;\"><a style=\"margin-left: 1em; margin-right: 1em;\" href=\"https:\/\/1.bp.blogspot.com\/-7w9fWOCXhpA\/WRWoiVwPryI\/AAAAAAAApLU\/7Azwdl7ogKoqJ-iqEbhrlIcc2FdxHmo4gCEw\/s1600\/IMG_2119.PNG\"><img decoding=\"async\" loading=\"lazy\" src=\"https:\/\/elcalaixetdelaiaia.es\/wp-content\/uploads\/2017\/08\/IMG_2119.png\" width=\"640\" height=\"480\" border=\"0\" \/><\/a><\/div>\n<div style=\"text-align: center;\">y tras el enjuague, procederemos a limpiar los fresones<\/div>\n<div class=\"separator\" style=\"clear: both; text-align: center;\"><a style=\"margin-left: 1em; margin-right: 1em;\" href=\"https:\/\/3.bp.blogspot.com\/-qvIJ0m0kWC8\/WRWotFB0V8I\/AAAAAAAApLU\/1w_sCnuCTo4sg1kvlimBHw5t2QZjPcoCgCEw\/s1600\/IMG_2120.PNG\"><img decoding=\"async\" loading=\"lazy\" src=\"https:\/\/elcalaixetdelaiaia.es\/wp-content\/uploads\/2017\/08\/IMG_2120.png\" width=\"640\" height=\"480\" border=\"0\" \/><\/a><\/div>\n<div style=\"text-align: center;\">los trocearemos y a\u00f1adiremos el az\u00facar,dejaremos macerando unas dos horas.<\/div>\n<div style=\"text-align: center;\"><\/div>\n<div class=\"separator\" style=\"clear: both; text-align: center;\"><a style=\"margin-left: 1em; margin-right: 1em;\" href=\"https:\/\/1.bp.blogspot.com\/-Wx17-DddpwE\/WRWpdhzsu3I\/AAAAAAAApLU\/P-ryNY0-R98i4ZsJ7yPahhSI49-w2ea4gCEw\/s1600\/IMG_2125.PNG\"><img decoding=\"async\" loading=\"lazy\" src=\"https:\/\/elcalaixetdelaiaia.es\/wp-content\/uploads\/2017\/08\/IMG_2125.png\" width=\"640\" height=\"480\" border=\"0\" \/><\/a><\/div>\n<div style=\"text-align: center;\">desmoldaremos los bizcochos, y ahora un truqui para que sep\u00e1is cual es el monde que ir\u00e1 arriba y el que ir\u00e1 abajo para poder formar el coraz\u00f3n. Si os fij\u00e1is ver\u00e9is que el molde de la izquierda,tiene un surco mas que el de la derecha, pues el del surco (el de la izquierda) lo marcaremos con un palillo en un lateral, ya que es el que tendremos que poner encima del otro<\/div>\n<div class=\"separator\" style=\"clear: both; text-align: center;\"><a style=\"margin-left: 1em; margin-right: 1em;\" href=\"https:\/\/1.bp.blogspot.com\/-LlRJAgQr44w\/WRWpjv7gsPI\/AAAAAAAApLU\/QHa55b-aTlQkjm3h9fxP_XPef4UXoeRFACEw\/s1600\/IMG_2126.PNG\"><img decoding=\"async\" loading=\"lazy\" src=\"https:\/\/elcalaixetdelaiaia.es\/wp-content\/uploads\/2017\/08\/IMG_2126.png\" width=\"640\" height=\"480\" border=\"0\" \/><\/a><\/div>\n<div style=\"text-align: center;\">pondremos a hidratar las 6 hojas de gelatina como indique el fabricante<\/div>\n<div style=\"text-align: center;\"><\/div>\n<div class=\"separator\" style=\"clear: both; text-align: center;\"><a style=\"margin-left: 1em; margin-right: 1em;\" href=\"https:\/\/1.bp.blogspot.com\/-UXaPYQ-4a34\/WRWputKp-tI\/AAAAAAAApLU\/Vbc86NanJ30FtFsXsjt-xucETqS27A6KwCEw\/s1600\/IMG_2127.PNG\"><img decoding=\"async\" loading=\"lazy\" src=\"https:\/\/elcalaixetdelaiaia.es\/wp-content\/uploads\/2017\/08\/IMG_2127.png\" width=\"640\" height=\"480\" border=\"0\" \/><\/a><\/div>\n<div style=\"text-align: center;\">una vez macerados los fresones, los trituramos<\/div>\n<div style=\"text-align: center;\"><\/div>\n<div class=\"separator\" style=\"clear: both; text-align: center;\"><a style=\"margin-left: 1em; margin-right: 1em;\" href=\"https:\/\/4.bp.blogspot.com\/-MQWufN5OveA\/WRWp1YCVHjI\/AAAAAAAApLU\/VSHjYfuHKJkFpCfgemgXAIMm3ub1Zj_yACEw\/s1600\/IMG_2128.PNG\"><img decoding=\"async\" loading=\"lazy\" src=\"https:\/\/elcalaixetdelaiaia.es\/wp-content\/uploads\/2017\/08\/IMG_2128.png\" width=\"640\" height=\"480\" border=\"0\" \/><\/a><\/div>\n<div style=\"text-align: center;\">y los pasaremos por un colador para eliminar las posibles semillitas o aquenios que hayan podido quedar y reservamos<\/div>\n<div style=\"text-align: center;\"><\/div>\n<div class=\"separator\" style=\"clear: both; text-align: center;\"><a style=\"margin-left: 1em; margin-right: 1em;\" href=\"https:\/\/3.bp.blogspot.com\/-TkZgREk32-4\/WRWp_zShubI\/AAAAAAAApLU\/1hWWXy1btrsp4LrO3EXH1VwxJXJiJ1usACEw\/s1600\/IMG_2129.PNG\"><img decoding=\"async\" loading=\"lazy\" src=\"https:\/\/elcalaixetdelaiaia.es\/wp-content\/uploads\/2017\/08\/IMG_2129.png\" width=\"640\" height=\"480\" border=\"0\" \/><\/a><\/div>\n<div style=\"text-align: center;\">volcaremos en un bol el queso mascarpone<\/div>\n<div class=\"separator\" style=\"clear: both; text-align: center;\"><a style=\"margin-left: 1em; margin-right: 1em;\" href=\"https:\/\/2.bp.blogspot.com\/-sh-UhT_Tcvg\/WRWqEqmnotI\/AAAAAAAApLU\/5uSbHcsiG086YBvl-SOOhwPtbarPlkCbwCEw\/s1600\/IMG_2130.PNG\"><img decoding=\"async\" loading=\"lazy\" src=\"https:\/\/elcalaixetdelaiaia.es\/wp-content\/uploads\/2017\/08\/IMG_2130.png\" width=\"640\" height=\"480\" border=\"0\" \/><\/a><\/div>\n<div style=\"text-align: center;\">Nos dispondremos a montar la nata. Para que monte bien la pondremos previamente un buen rato en el frigo, al igual que las varillas y el recipiente<\/div>\n<div class=\"separator\" style=\"clear: both; text-align: center;\"><a style=\"margin-left: 1em; margin-right: 1em;\" href=\"https:\/\/1.bp.blogspot.com\/-Okkafu5B1uE\/WRWqSSg7M-I\/AAAAAAAApLU\/H3V1dqf-4sg2ICgCa5Hl_bMiNFN8mgmSwCEw\/s1600\/IMG_2131.PNG\"><img decoding=\"async\" loading=\"lazy\" src=\"https:\/\/elcalaixetdelaiaia.es\/wp-content\/uploads\/2017\/08\/IMG_2131.png\" width=\"640\" height=\"480\" border=\"0\" \/><\/a><\/div>\n<div style=\"text-align: center;\">ver\u00e9is como monta enseguida<\/div>\n<div class=\"separator\" style=\"clear: both; text-align: center;\"><a style=\"margin-left: 1em; margin-right: 1em;\" href=\"https:\/\/3.bp.blogspot.com\/-vCtxaWQAb9Q\/WRWqSOwxGTI\/AAAAAAAApLU\/Og9PwTZrhnoKriHHxCWRDD7nCYXNXjQewCEw\/s1600\/IMG_2132.PNG\"><img decoding=\"async\" loading=\"lazy\" src=\"https:\/\/elcalaixetdelaiaia.es\/wp-content\/uploads\/2017\/08\/IMG_2132.png\" width=\"640\" height=\"480\" border=\"0\" \/><\/a><\/div>\n<div style=\"text-align: center;\">escurrimos la gelatina hidratada y mezclamos con los fresones triturados<\/div>\n<div class=\"separator\" style=\"clear: both; text-align: center;\"><a style=\"margin-left: 1em; margin-right: 1em;\" href=\"https:\/\/1.bp.blogspot.com\/-Z28dxLfPbGk\/WRWqYnZcg_I\/AAAAAAAApLU\/6OBNDTR4PBkFxpzzwgRIm8xCqdrvln_SACEw\/s1600\/IMG_2133.PNG\"><img decoding=\"async\" loading=\"lazy\" src=\"https:\/\/elcalaixetdelaiaia.es\/wp-content\/uploads\/2017\/08\/IMG_2133.png\" width=\"640\" height=\"480\" border=\"0\" \/><\/a><\/div>\n<div style=\"text-align: center;\">iremos a\u00f1adiendo a \u00e9sta mezcla la nata montada, con suavidad, delicadeza y movimientos envolventes de arriba a abajo con el fin de que no baje demasiado<\/div>\n<div class=\"separator\" style=\"clear: both; text-align: center;\"><a style=\"margin-left: 1em; margin-right: 1em;\" href=\"https:\/\/4.bp.blogspot.com\/-Y24x1lk59jc\/WRWqeGDREZI\/AAAAAAAApLU\/DCS2fkE6PiEECKHlZ5K9_NwoEgh-_Qb8wCEw\/s1600\/IMG_2135.PNG\"><img decoding=\"async\" loading=\"lazy\" src=\"https:\/\/elcalaixetdelaiaia.es\/wp-content\/uploads\/2017\/08\/IMG_2135.png\" width=\"640\" height=\"480\" border=\"0\" \/><\/a><\/div>\n<div style=\"text-align: center;\">repartiremos la mezcla en el interior de los dos bizcochos, procurando que no se manche nada del bizcocho exterior y con mucho cuidado<\/div>\n<div class=\"separator\" style=\"clear: both; text-align: center;\"><a style=\"margin-left: 1em; margin-right: 1em;\" href=\"https:\/\/1.bp.blogspot.com\/-rcmTs1iUi6I\/WRWqmlqHOpI\/AAAAAAAApLU\/6BBzLNfK1wwTjoHwAup0Z6Hzodx-xLkkACEw\/s1600\/IMG_2136.PNG\"><img decoding=\"async\" loading=\"lazy\" src=\"https:\/\/elcalaixetdelaiaia.es\/wp-content\/uploads\/2017\/08\/IMG_2136.png\" width=\"640\" height=\"480\" border=\"0\" \/><\/a><\/div>\n<div style=\"text-align: center;\">pondremos el bizcocho que ten\u00edamos<br \/>\nmarcado con el palillo (el que tienen un surco mas) sobre el otro,<br \/>\nprocurando que queden lo mas centrados posibles<\/div>\n<div class=\"separator\" style=\"clear: both; text-align: center;\"><a style=\"margin-left: 1em; margin-right: 1em;\" href=\"https:\/\/1.bp.blogspot.com\/-B7TiCC6kX9E\/WRWqs58H-3I\/AAAAAAAApLU\/O4j1_xoaf1kViucSLz_yd2DGpf2Ro093wCEw\/s1600\/IMG_2137.PNG\"><img decoding=\"async\" loading=\"lazy\" src=\"https:\/\/elcalaixetdelaiaia.es\/wp-content\/uploads\/2017\/08\/IMG_2137.png\" width=\"640\" height=\"480\" border=\"0\" \/><\/a><\/div>\n<div style=\"text-align: center;\">para no ensuciar la blonda de papel, pondremos sobre la misma dos trozos de papel aluminio o papel de horno un poco superpuestos, colocaremos los bizcochos sobre ellos<\/div>\n<div class=\"separator\" style=\"clear: both; text-align: center;\"><a style=\"margin-left: 1em; margin-right: 1em;\" href=\"https:\/\/3.bp.blogspot.com\/-oZbwVhxRLVk\/WRWq08lZ9YI\/AAAAAAAApLU\/OoU43a8Mgrgv_X05saUAZ0JA2VQxLH95wCEw\/s1600\/IMG_2138.PNG\"><img decoding=\"async\" loading=\"lazy\" src=\"https:\/\/elcalaixetdelaiaia.es\/wp-content\/uploads\/2017\/08\/IMG_2138.png\" width=\"640\" height=\"480\" border=\"0\" \/><\/a><\/div>\n<div style=\"text-align: center;\">y procederemos a cubrir uniformemente con la crema de mousse de fresa queso y nata, primero la parte de arriba<\/div>\n<div class=\"separator\" style=\"clear: both; text-align: center;\"><a style=\"margin-left: 1em; margin-right: 1em;\" href=\"https:\/\/2.bp.blogspot.com\/-DhHc57l7CkE\/WRWq9lSfB-I\/AAAAAAAApLU\/LOkwn7bHwQcsWTXwyW7ZLw5vj7BSM-1mwCEw\/s1600\/IMG_2139.PNG\"><img decoding=\"async\" loading=\"lazy\" src=\"https:\/\/elcalaixetdelaiaia.es\/wp-content\/uploads\/2017\/08\/IMG_2139.png\" width=\"640\" height=\"480\" border=\"0\" \/><\/a><\/div>\n<div style=\"text-align: center;\">y luego los laterales<\/div>\n<div class=\"separator\" style=\"clear: both; text-align: center;\"><a style=\"margin-left: 1em; margin-right: 1em;\" href=\"https:\/\/3.bp.blogspot.com\/-yLXg4AP3nVc\/WRWrGkFyUXI\/AAAAAAAApLU\/AZ7e62OD07cYycZbkXpfeNTlCzDb9rjEACEw\/s1600\/IMG_2140.PNG\"><img decoding=\"async\" loading=\"lazy\" src=\"https:\/\/elcalaixetdelaiaia.es\/wp-content\/uploads\/2017\/08\/IMG_2140.png\" width=\"640\" height=\"480\" border=\"0\" \/><\/a><\/div>\n<div style=\"text-align: center;\">procederemos a decorar la tarta a nuestro gusto,<\/div>\n<div class=\"separator\" style=\"clear: both; text-align: center;\"><a style=\"margin-left: 1em; margin-right: 1em;\" href=\"https:\/\/2.bp.blogspot.com\/-OJxcBEPHQ6o\/WRWrPwZWfHI\/AAAAAAAApLU\/x7YtnUWLss8xqYelI8p9p3TckctZunMeQCEw\/s1600\/IMG_2141.PNG\"><img decoding=\"async\" loading=\"lazy\" src=\"https:\/\/elcalaixetdelaiaia.es\/wp-content\/uploads\/2017\/08\/IMG_2141.png\" width=\"640\" height=\"480\" border=\"0\" \/><\/a><\/div>\n<div style=\"text-align: center;\">inspiraci\u00f3n, tiempo para ello, o seg\u00fan los materiales con los que contemos en el momento (ahora ya podemos proceder a retirar el papel aluminio o de horno, tirando hacia fuera suavemente a la vez de los dos extremos)<\/div>\n<div class=\"separator\" style=\"clear: both; text-align: center;\"><a style=\"margin-left: 1em; margin-right: 1em;\" href=\"https:\/\/2.bp.blogspot.com\/-pGujEkJRJ9s\/WRWrXgsznEI\/AAAAAAAApLU\/s0S0pYMfB24d70WXSx4whVfijiekVoGcQCEw\/s1600\/IMG_2142.PNG\"><img decoding=\"async\" loading=\"lazy\" src=\"https:\/\/elcalaixetdelaiaia.es\/wp-content\/uploads\/2017\/08\/IMG_2142.png\" width=\"640\" height=\"480\" border=\"0\" \/><\/a><\/div>\n<div style=\"text-align: center;\">y claro est\u00e1,<\/div>\n<div class=\"separator\" style=\"clear: both; text-align: center;\"><a style=\"margin-left: 1em; margin-right: 1em;\" href=\"https:\/\/4.bp.blogspot.com\/-LL0_pEuIXtI\/WRWrg88S81I\/AAAAAAAApLU\/6zmwOAnlHlk244SdlStFWpIhXmRmMYaiQCEw\/s1600\/IMG_2143.PNG\"><img decoding=\"async\" loading=\"lazy\" src=\"https:\/\/elcalaixetdelaiaia.es\/wp-content\/uploads\/2017\/08\/IMG_2143.png\" width=\"640\" height=\"480\" border=\"0\" \/><\/a><\/div>\n<div style=\"text-align: center;\">pensando no s\u00f3lo en nuestros gustos<\/div>\n<div class=\"separator\" style=\"clear: both; text-align: center;\"><a style=\"margin-left: 1em; margin-right: 1em;\" href=\"https:\/\/3.bp.blogspot.com\/-Tf6hKTZzZVk\/WRWrnuDvCRI\/AAAAAAAApLU\/CCgloeyWomw1fSKrZLybIwg58QbRYHExACEw\/s1600\/IMG_2144.PNG\"><img decoding=\"async\" loading=\"lazy\" src=\"https:\/\/elcalaixetdelaiaia.es\/wp-content\/uploads\/2017\/08\/IMG_2144.png\" width=\"640\" height=\"480\" border=\"0\" \/><\/a><\/div>\n<div style=\"text-align: center;\">sino los de la persona<\/div>\n<div class=\"separator\" style=\"clear: both; text-align: center;\"><a style=\"margin-left: 1em; margin-right: 1em;\" href=\"https:\/\/3.bp.blogspot.com\/-LfGz7somt_c\/WRWrvj2pHdI\/AAAAAAAApLU\/gdCH6XrNxz8m7cbWg5ouWbovCjNVAm0FgCEw\/s1600\/IMG_2145.PNG\"><img decoding=\"async\" loading=\"lazy\" src=\"https:\/\/elcalaixetdelaiaia.es\/wp-content\/uploads\/2017\/08\/IMG_2145.png\" width=\"640\" height=\"480\" border=\"0\" \/><\/a><\/div>\n<div style=\"text-align: center;\">a quien vaya destinada<\/div>\n<div class=\"separator\" style=\"clear: both; text-align: center;\"><a style=\"margin-left: 1em; margin-right: 1em;\" href=\"https:\/\/3.bp.blogspot.com\/-p73mmPAWubU\/WRWr2YQVxJI\/AAAAAAAApLU\/6Zr6dqgffKEb-wqb_n9Pb4wCNN9JBYb8ACEw\/s1600\/IMG_2146.PNG\"><img decoding=\"async\" loading=\"lazy\" src=\"https:\/\/elcalaixetdelaiaia.es\/wp-content\/uploads\/2017\/08\/IMG_2146.png\" width=\"640\" height=\"480\" border=\"0\" \/><\/a><\/div>\n<div style=\"text-align: center;\">nuestra tarta<\/div>\n<div class=\"separator\" style=\"clear: both; text-align: center;\"><a style=\"margin-left: 1em; margin-right: 1em;\" href=\"https:\/\/2.bp.blogspot.com\/-kIJh9Cwk274\/WRWr_wK4SxI\/AAAAAAAApLU\/R-6sAz2gIm079fmhQQN6sVgji1I7H0r1ACEw\/s1600\/IMG_2147.PNG\"><img decoding=\"async\" loading=\"lazy\" src=\"https:\/\/elcalaixetdelaiaia.es\/wp-content\/uploads\/2017\/08\/IMG_2147.png\" width=\"640\" height=\"480\" border=\"0\" \/><\/a><\/div>\n<div style=\"text-align: center;\">\u00bfSer\u00e1 por corazones?\u00a0<a style=\"margin-left: 1em; margin-right: 1em;\" href=\"https:\/\/2.bp.blogspot.com\/-o1FAqnb8vgI\/WY4oWeRavcI\/AAAAAAAApYs\/WWQ34b3wmzsVK6f2o7ypODaLzFXAKJI7QCEwYBhgL\/s1600\/IMG_2155.PNG\"><img decoding=\"async\" loading=\"lazy\" src=\"https:\/\/elcalaixetdelaiaia.es\/wp-content\/uploads\/2017\/08\/IMG_2155.png\" width=\"640\" height=\"480\" border=\"0\" data-original-height=\"1200\" data-original-width=\"1600\" \/><\/a><\/div>\n<div style=\"text-align: center;\">\u00a0He colocado toooodooos los que compro para ella su iaio Jero.<\/div>\n<div class=\"separator\" style=\"clear: both; text-align: center;\"><a style=\"margin-left: 1em; margin-right: 1em;\" href=\"https:\/\/4.bp.blogspot.com\/-POFyGNBRx5s\/WY4p4qo4YfI\/AAAAAAAApZI\/bSOVYXVWkxcWMC17eIi_KnG_MNtQziIwQCLcBGAs\/s1600\/IMG_2253%2B%25282%2529.PNG\"><img decoding=\"async\" loading=\"lazy\" src=\"https:\/\/elcalaixetdelaiaia.es\/wp-content\/uploads\/2017\/08\/IMG_225328229.png\" width=\"478\" height=\"640\" border=\"0\" data-original-height=\"947\" data-original-width=\"709\" \/><\/a><\/div>\n<div style=\"text-align: center;\">\u00a0Todo un \u00e9xito&#8230; la fiesta familiar fue preciosa y emotiva, a mis ni\u00f1as les encant\u00f3 la tarta de la princesa mayor, llena de corazones por dentro y por fuera, seguro que desde el cielo, el iaio&#8230; y los iaios vellets, tambi\u00e9n lo celebraron contentos con nosotros.<\/div>\n<div class=\"separator\" style=\"clear: both; text-align: center;\"><a style=\"margin-left: 1em; margin-right: 1em;\" href=\"https:\/\/4.bp.blogspot.com\/-3kP7Ki_0wyY\/WY4oZJdz2MI\/AAAAAAAApY0\/2blrZb9P7ogHFFCZH8ajMdpbPip9RzfWgCEwYBhgL\/s1600\/IMG_2163.PNG\"><img decoding=\"async\" loading=\"lazy\" src=\"https:\/\/elcalaixetdelaiaia.es\/wp-content\/uploads\/2017\/08\/IMG_2163.png\" width=\"532\" height=\"640\" border=\"0\" data-original-height=\"1392\" data-original-width=\"1160\" \/><\/a><\/div>\n<div style=\"text-align: center;\">Aqu\u00ed se pueden ver los corazones que iban saliendo en cada corte<\/div>\n<div class=\"separator\" style=\"clear: both; text-align: center;\"><a style=\"margin-left: 1em; margin-right: 1em;\" href=\"https:\/\/2.bp.blogspot.com\/--NrYwH4Gcok\/WY4oaeYfmrI\/AAAAAAAApY8\/SrPLwX-rcBUAQ99azEW2U_QvZTRTSp7YwCEwYBhgL\/s1600\/IMG_2168.PNG\"><img decoding=\"async\" loading=\"lazy\" src=\"https:\/\/elcalaixetdelaiaia.es\/wp-content\/uploads\/2017\/08\/IMG_2168.png\" width=\"540\" height=\"640\" border=\"0\" data-original-height=\"1325\" data-original-width=\"1118\" \/><\/a><\/div>\n<div style=\"text-align: center;\">\u00a0Y el relleno de mousse de fresa a contraste con el bizcocho de chocolate&#8230; mmmmmmmm<\/div>\n<div class=\"separator\" style=\"clear: both; text-align: center;\"><a style=\"margin-left: 1em; margin-right: 1em;\" href=\"https:\/\/2.bp.blogspot.com\/-snnXHFareIc\/WY4oamVIAkI\/AAAAAAAApY4\/HOG6PpngYqAzoAKgdkC-WKeyZp1IdOP_ACEwYBhgL\/s1600\/IMG_2171.JPG\"><img decoding=\"async\" loading=\"lazy\" src=\"https:\/\/elcalaixetdelaiaia.es\/wp-content\/uploads\/2017\/08\/IMG_2171.jpg\" width=\"640\" height=\"632\" border=\"0\" data-original-height=\"1185\" data-original-width=\"1200\" \/><\/a><\/div>\n<div style=\"text-align: center;\">Absolutamente deliciosa, y os aseguro que nada complicado de hacer, no os asusteis por la fotos, cuesta mas explicarlo que hacerlo, sobre todo poniendo \u00e9so si, muuuucho amor.<\/div>\n<div class=\"separator\" style=\"clear: both; text-align: center;\"><a style=\"margin-left: 1em; margin-right: 1em;\" href=\"https:\/\/4.bp.blogspot.com\/-AfvlH0OUHvM\/WY4qzTB9j8I\/AAAAAAAApZU\/U1C7inNVpBgI9XwAyHHCwE0osStyg7rnwCLcBGAs\/s1600\/IMG_2016.PNG\"><img decoding=\"async\" loading=\"lazy\" src=\"https:\/\/elcalaixetdelaiaia.es\/wp-content\/uploads\/2017\/08\/IMG_2016.png\" width=\"640\" height=\"478\" border=\"0\" data-original-height=\"1200\" data-original-width=\"1600\" \/><\/a><\/div>\n<p>&#8230; Y ya que estaba en el l\u00edo, hice(a pesar de tener una cocina en la que no me puedo ni mover) dos por una, tambi\u00e9n \u00e9sta otra casi igual, para que la llevara al cole y lo celebrara con su profe y sus compa\u00f1eros. Al parecer, les gust\u00f3 much\u00edsimoooooooo.<\/p>\n<p>Ahhhh se me olvidaba con tanta explicaci\u00f3n y tanta foto&#8230; mantenerla en el frigor\u00edfico unas 6 horas antes de comerla, bien fresquita est\u00e1&#8230; mmmmm. Incluso admite maravillosamente bien el congelado \ud83d\ude09<\/p>\n<div style=\"text-align: center;\">Si hab\u00e9is llegado hasta aqu\u00ed abajo, gracias por vuestra paciencia y si<br \/>\nos gusta mi tarta,y no os hab\u00e9is aburrido de ver taaaaaanta foto<br \/>\njajajaja, pod\u00e9is compartirla, para que llegue a m\u00e1s<br \/>\ngente.<\/div>\n<div style=\"text-align: center;\">Espero vuestro comentarios que para mi son MUY importantes y recordad que tambi\u00e9n estoy en Facebook <a href=\"https:\/\/www.facebook.com\/El-calaixet-de-la-iaia-533062140099386\/\">https:\/\/www.facebook.com\/El-calaixet-de-la-iaia-533062140099386\/<\/a><\/div>\n","protected":false},"excerpt":{"rendered":"<p>\u00abRefrany; Corona dels vells s\u00f3n els n\u00e9ts i gl\u00f2ria dels fills els pares d&#8217;ells\u00bb\u00a0\u00a0 Corona de los viejos, son los nietos y gloria de los hijos los padres de ellos. Mis nietas, junto a mis hijos y nueras, son mi corona, mi tesoro m\u00e1s preciado, la cuerda de la que &hellip; <\/p>\n","protected":false},"author":2,"featured_media":2167,"comment_status":"open","ping_status":"open","sticky":false,"template":"","format":"standard","meta":[],"categories":[6,1],"tags":[],"_links":{"self":[{"href":"https:\/\/elcalaixetdelaiaia.es\/index.php?rest_route=\/wp\/v2\/posts\/92"}],"collection":[{"href":"https:\/\/elcalaixetdelaiaia.es\/index.php?rest_route=\/wp\/v2\/posts"}],"about":[{"href":"https:\/\/elcalaixetdelaiaia.es\/index.php?rest_route=\/wp\/v2\/types\/post"}],"author":[{"embeddable":true,"href":"https:\/\/elcalaixetdelaiaia.es\/index.php?rest_route=\/wp\/v2\/users\/2"}],"replies":[{"embeddable":true,"href":"https:\/\/elcalaixetdelaiaia.es\/index.php?rest_route=%2Fwp%2Fv2%2Fcomments&post=92"}],"version-history":[{"count":11,"href":"https:\/\/elcalaixetdelaiaia.es\/index.php?rest_route=\/wp\/v2\/posts\/92\/revisions"}],"predecessor-version":[{"id":28925,"href":"https:\/\/elcalaixetdelaiaia.es\/index.php?rest_route=\/wp\/v2\/posts\/92\/revisions\/28925"}],"wp:featuredmedia":[{"embeddable":true,"href":"https:\/\/elcalaixetdelaiaia.es\/index.php?rest_route=\/wp\/v2\/media\/2167"}],"wp:attachment":[{"href":"https:\/\/elcalaixetdelaiaia.es\/index.php?rest_route=%2Fwp%2Fv2%2Fmedia&parent=92"}],"wp:term":[{"taxonomy":"category","embeddable":true,"href":"https:\/\/elcalaixetdelaiaia.es\/index.php?rest_route=%2Fwp%2Fv2%2Fcategories&post=92"},{"taxonomy":"post_tag","embeddable":true,"href":"https:\/\/elcalaixetdelaiaia.es\/index.php?rest_route=%2Fwp%2Fv2%2Ftags&post=92"}],"curies":[{"name":"wp","href":"https:\/\/api.w.org\/{rel}","templated":true}]}}