{"id":914,"date":"2014-04-26T22:03:00","date_gmt":"2014-04-26T22:03:00","guid":{"rendered":"http:\/\/elcalaixetdelaiaia.es\/victor"},"modified":"2024-06-18T10:48:42","modified_gmt":"2024-06-18T10:48:42","slug":"victor","status":"publish","type":"post","link":"https:\/\/elcalaixetdelaiaia.es\/?p=914","title":{"rendered":"V\u00edctor"},"content":{"rendered":"<p>Desde peque\u00f1a, he estado enferma a causa de una meningitis que sufr\u00ed a los tres a\u00f1itos y que al parecer, seg\u00fan dec\u00edan err\u00f3neamente los innumerables m\u00e9dicos a quienes me llevaban mis padres, no hab\u00eda dejado consecuencias.<\/p>\n<div class=\"separator\" style=\"clear: both;\"><\/div>\n<div class=\"separator\" style=\"clear: both; text-align: center;\"><a style=\"margin-left: 1em; margin-right: 1em;\" href=\"http:\/\/3.bp.blogspot.com\/-9jrKn9vJQnQ\/U1rXtBz73zI\/AAAAAAAAJ4Y\/qcrDe4m0dAc\/s1600\/el-sofa-amarillo-cojin-de-alianzas-de-tela-de-saco%2528pp_w677_h450%2529.jpg\"><img decoding=\"async\" loading=\"lazy\" src=\"https:\/\/elcalaixetdelaiaia.es\/wp-content\/uploads\/2014\/04\/el-sofa-amarillo-cojin-de-alianzas-de-tela-de-saco28pp_w677_h45029.jpg\" width=\"320\" height=\"212\" border=\"0\" \/><\/a><\/div>\n<div class=\"separator\" style=\"clear: both;\"><\/div>\n<div class=\"separator\" style=\"clear: both; text-align: center;\">Pero si hubieron secuelas, tal y como tem\u00edamos por las evidencias&#8230; y las descubrimos a\u00f1os despu\u00e9s.<\/div>\n<p>Mucho antes de nuestra boda, fue un peregrinar de m\u00e9dico en m\u00e9dico. Me dec\u00edan que no me encontraban nada. Pruebas, reconocimientos an\u00e1lisis&#8230; no ten\u00eda NADA, pero yo no estaba bien, a pesar de intentar hasta entonces hacer una vida normal, yo no me encontraba bien.<br \/>\nNuestro viaje de novios fue accidentado en su recta final. Estuvimos en Mallorca, Formentera, Ibiza y Barcelona, yo, cada d\u00eda me encontraba peor y en Barcelona se acab\u00f3 de torcer nuestra luna de miel.<br \/>\nHab\u00edamos quedado en encontrarnos en Mallorca con unos amigos de Castelldefels, Cristobalina y Fran\u00e7esc, compa\u00f1ero \u00e9l de mili de mi marido, que justo se casaron el d\u00eda despu\u00e9s que nosotros, s\u00f3lo pudimos compartir all\u00ed dos d\u00edas, y prometimos pasar a visitarles de regreso a Valencia.<\/p>\n<div class=\"separator\" style=\"clear: both; text-align: center;\"><a style=\"margin-left: 1em; margin-right: 1em;\" href=\"http:\/\/3.bp.blogspot.com\/-m2dUIBf_z-U\/U1rXtT9jPrI\/AAAAAAAAJ4c\/0FGIMaaP_gk\/s1600\/isla-de-formentera.jpg\"><img decoding=\"async\" loading=\"lazy\" class=\"aligncenter\" src=\"https:\/\/elcalaixetdelaiaia.es\/wp-content\/uploads\/2014\/04\/isla-de-formentera.jpg\" width=\"320\" height=\"239\" border=\"0\" \/><\/a><\/div>\n<p>En Barcelona tuvimos al mejor cicerone, el primo Santiago (como lo echamos de menos&#8230;) nos llev\u00f3 una tarde, tras todo el d\u00eda andando a ver el estreno de Grease, all\u00ed sufr\u00ed un ataque, tuvieron que parar la proyecci\u00f3n y una ambulancia me llev\u00f3 al hospital. Me diagnosticaron graves problemas, y me aconsejaron regresar a casa y buscar cuanto antes un buen m\u00e9dico.<br \/>\nTuvimos que interrumpir el viaje y avisar a Sisco y Cris de lo ocurrido, y de que no podr\u00edamos pasar unos d\u00edas con ellos en Castelldefels, pero se empe\u00f1aron en organizar una visita con su padrino de bautismo y boda D. Francisco Pay\u00e1s Casamada, catedr\u00e1tico de Ginecolog\u00eda en la Universidad de Barcelona por aquel entonces, y en la de Toulousse .<br \/>\nAl d\u00eda siguiente nos recibi\u00f3 amablemente en su casa por ser amigos de Sisco, su ahijado.<br \/>\nEl Dtr. Pay\u00e1s confirm\u00f3 su diagnostico inicial , tras las pertinentes pruebas y eran preocupantes&#8230; tuberculosis en las trompas de falopio producida por aquella meningitis tuberculosa, una enorme infecci\u00f3n&#8230; y unas cuantas cosas mas, por lo que propuso un tratamiento para prepararme para una intervenci\u00f3n que resultar\u00eda complicada.<br \/>\n\u00c9ramos reci\u00e9n casados y aunque el doctor, nos regal\u00f3 sus manos, el equipo m\u00e9dico y la cl\u00ednica&#8230; eran muy, caras por lo que tuvimos que pedir prestado a nuestros padres para poder pagarlo todo.<br \/>\nA los tres meses, cuando ya estaba preparada por mi m\u00e9dico para la intervenci\u00f3n, alquilamos un apartamento en Castelldefels, y me somet\u00ed a una intervenci\u00f3n quir\u00fargica que me salv\u00f3 la vida, me extirparon un ovario y algunas cosas mas pero&#8230; a costa seg\u00fan me dijeron, de posiblemente no tener hijos.<\/p>\n<div class=\"separator\" style=\"clear: both; text-align: center;\"><a style=\"margin-left: 1em; margin-right: 1em;\" href=\"http:\/\/2.bp.blogspot.com\/-a2g_JgyPdiA\/U1rWSr91TtI\/AAAAAAAAJ2g\/IsuG6J_9GLg\/s1600\/ID-10069803.jpg\"><img decoding=\"async\" loading=\"lazy\" src=\"https:\/\/elcalaixetdelaiaia.es\/wp-content\/uploads\/2014\/04\/ID-10069803.jpg\" width=\"320\" height=\"231\" border=\"0\" \/><\/a><\/div>\n<p>Fue muy traum\u00e1tica la noticia, nosotros pens\u00e1bamos tener varios hijos, a mi marido y a mi, nos encantan los ni\u00f1os, y los dos ven\u00edamos de familias numerosas.<br \/>\nMi chico intent\u00f3 consolarme dici\u00e9ndome que si no ven\u00edan los ni\u00f1os, intentar\u00edamos la adopci\u00f3n. \u00c9ramos muy j\u00f3venes, yo con 22 a\u00f1os y mi marido con 25.<\/p>\n<div class=\"separator\" style=\"clear: both; text-align: center;\"><a style=\"margin-left: 1em; margin-right: 1em;\" href=\"http:\/\/4.bp.blogspot.com\/-cQ5tgpItyCw\/U1rWfKczxbI\/AAAAAAAAJ3I\/oy2n2hNI_Aw\/s1600\/embarazada.jpg\"><img decoding=\"async\" src=\"https:\/\/elcalaixetdelaiaia.es\/wp-content\/uploads\/2014\/04\/embarazada.jpg\" border=\"0\" \/><\/a><\/div>\n<p>Pocos meses despu\u00e9s, cuando empezaba a sentirme recuperada y para mi sorpresa, tuve un retraso, y una anal\u00edtica confirm\u00f3 la noticia que cre\u00edmos no recibir jam\u00e1s.\u00a1\u00a1\u00a1ESTABA EMBARAZADA!!!<br \/>\nFue un embarazo de alto riesgo, y desde el primer momento y ocult\u00e1ndomelo a mi, avisaron a mi marido y a mi madre de que posiblemente, muy posiblemente, desgraciadamente\u00a0 no llegara a t\u00e9rmino, por la complicada medicaci\u00f3n que tomaba y el estado de mi salud, y en el improbable caso que lo hiciera, pudiera costarnos la vida a ambos, ya que habr\u00eda que deshacer un injerto hecho en mis trompas para que pudiera nacer mi beb\u00e9.<\/p>\n<p><a style=\"margin-left: 1em; margin-right: 1em;\" href=\"http:\/\/3.bp.blogspot.com\/-C1CoeYuhSZA\/U1rWdZYLZiI\/AAAAAAAAJ2w\/Iyr4i_K9xSs\/s1600\/cama.jpg\"><img decoding=\"async\" loading=\"lazy\" class=\"aligncenter\" src=\"https:\/\/elcalaixetdelaiaia.es\/wp-content\/uploads\/2014\/04\/cama.jpg\" width=\"320\" height=\"212\" border=\"0\" \/><\/a><br \/>\nTuve que guardar reposo absoluto todo el tiempo, v\u00f3mitos y manchado desde el primer d\u00eda. Solo sal\u00eda de la cama para, acostada en el asiento trasero del coche, viajar a Barcelona, con el fin de controlar la gestaci\u00f3n.<br \/>\nY milagrosamente, mi beb\u00e9 iba creciendo en mi vientre contra viento y marea.<br \/>\nEn aquella \u00e9poca no exist\u00edan a\u00fan las ecograf\u00edas, solo aquel aparato de ultrasonido Doppler, por el que o\u00eda latir su coraz\u00f3n con la fuerza del trote de un caballo y que grabamos con un casette.<br \/>\nCada visita a Barcelona, tumbada todo el viaje en el asiento trasero del coche era un enorme esfuerzo, pero el regreso a casa lleno de ilusi\u00f3n y esperanza, un mes m\u00e1s nuestro hijo, segu\u00eda creciendo dentro de mi.<\/p>\n<div class=\"separator\" style=\"clear: both; text-align: center;\"><a style=\"margin-left: 1em; margin-right: 1em;\" href=\"http:\/\/2.bp.blogspot.com\/-5iZb2j9pHNI\/U1rWiH0S0aI\/AAAAAAAAJ3g\/Ms64SS1V8Zc\/s1600\/mama-249x300.gif\"><img decoding=\"async\" src=\"https:\/\/elcalaixetdelaiaia.es\/wp-content\/uploads\/2014\/04\/mama-249x300.gif\" border=\"0\" \/><\/a><\/div>\n<p>No sab\u00edamos el sexo&#8230; ni lo hubi\u00e9ramos querido saber. Nos daba igual, y decidimos que si era ni\u00f1a se llamar\u00eda Victoria y si era ni\u00f1o V\u00edctor, como ganador, vencedor, victorioso&#8230; en su lucha por nacer, por vivir, a pesar de todo.<br \/>\nDebido a la intervenci\u00f3n, y a una fractura de coxis que sufr\u00ed siendo muy peque\u00f1a, no era factible un parto natural, puesto que si el beb\u00e9 nac\u00eda por el canal del parto, mi coxis lastimar\u00eda grave e irremediablemente su cabecita. La \u00fanica posibilidad era una ces\u00e1rea programada, adem\u00e1s, hac\u00eda muy poco tiempo que me hab\u00edan abierto toda la tripa para la intervenci\u00f3n quir\u00fargica y organizamos todo para alquilar de nuevo el piso de Castelldefels, y a los ocho meses de gestaci\u00f3n irme a vivir all\u00ed, para estar cerca de mi m\u00e9dico. El 28 de Abril cerrar\u00edamos la casa, har\u00edamos las maletas y nos ir\u00edamos para esperar el momento adecuado de practicar la ces\u00e1rea programada. Yo solo sab\u00eda que a pesar del cont\u00ednuo sangrado, todo val\u00eda la pena, porque mi beb\u00e9 iba venciendo, no entend\u00eda la cara de preocupaci\u00f3n de mi madre y marido, la falta de ilusi\u00f3n de \u00e1mbos y las recomendaciones de no preparar cunita ni carro, peroooo si mi beb\u00e9 iba adelante!!!!<\/p>\n<p><a style=\"margin-left: 1em; margin-right: 1em;\" href=\"http:\/\/2.bp.blogspot.com\/-Jd3I3HjL45g\/U1rWhcMG_JI\/AAAAAAAAJ3c\/tXeSDG-pjUw\/s1600\/madre-35G.jpg\"><img decoding=\"async\" loading=\"lazy\" class=\"aligncenter\" src=\"https:\/\/elcalaixetdelaiaia.es\/wp-content\/uploads\/2014\/04\/madre-35G.jpg\" width=\"320\" height=\"226\" border=\"0\" \/><\/a><br \/>\nPero&#8230; el d\u00eda 25 de Abril de 1980 viernes por la noche, mientras ve\u00edamos por la tele el programa de Chicho Ib\u00e1\u00f1ez Serrador que se llamaba Ding Dong la cocina, empec\u00e9 a sentirme indispuesta. De madrugada comenc\u00e9 a sentir molestias que despuntando el d\u00eda se fueron intensificando. Llamamos al Dtr. Pay\u00e1s, a quien casualmente localizamos saliendo de su casa, a pasar el fin de semana en su refugio de Montserrat. Al explicarle los s\u00edntomas nos dijo que el parto se adelantaba, ya que los signos eran inequ\u00edvocos. \u00a1\u00a1\u00a1 DIOS M\u00cdO SI FALTABA M\u00c1S DE UN MES!!!<br \/>\n\u00bfQu\u00e9 hacer? nos aconsej\u00f3 que cogi\u00e9ramos todo el historial y nos dirigi\u00e9ramos al hospital m\u00e1s cercano, pero yo no quer\u00eda, yo solo confiaba en \u00e9l. \u00c9l me salv\u00f3 la vida, consigui\u00f3 que me quedara embarazada y el ten\u00eda que ayudarme a que mi beb\u00e9 naciera, \u00fanica y exclusivamente el Dtr. Pay\u00e1s.<br \/>\nNos dijo que sali\u00e9ramos hacia Barcelona que \u00e9l iba a conseguir una ambulancia con quir\u00f3fano, alguna enfermera y que sal\u00eda por la autopista hacia Valencia para encontrarnos si era posible en el \u00e1rea de descanso de Hospitalet del Infante.<br \/>\nLlamamos a mis padres para que nos acompa\u00f1aran y a mi t\u00eda Conxeta y mi t\u00edo Pepe que ten\u00edan reci\u00e9n comprado su \u00faltimo coche un Supermirafiori. Mi t\u00edo recibi\u00f3 la llamada reci\u00e9n enjabonado en la ducha, se sec\u00f3 sin aclarar y salieron corriendo a recoger a mis padres, y a mi casa.<br \/>\nMientras tanto, nosotros ten\u00edamos problemas. All\u00ed estaba yo con mi maleta y la del beb\u00e9 dentro del coche, con dolores de parto&#8230; \u00a1Y EL COCHE QUE NO ARRANCABA!<br \/>\nAl final se puso en marcha&#8230; mi t\u00eda y mi madre pasaron a mi coche e iniciamos el viaje&#8230; aquel viaje&#8230; angustioso e interminable de un s\u00e1bado de Abril lluvioso, fr\u00edo y desapacible.<br \/>\nEntonces no hab\u00eda m\u00f3viles, era muy dif\u00edcil la comunicaci\u00f3n y en un momento dado, nuestro coche no iba a mas de 80&#8230; decidimos parar, yo pas\u00e9 al coche de mi t\u00edo con mi madre y mi t\u00eda, y mi padre, pas\u00f3 al m\u00edo con mi marido, que no pod\u00eda correr m\u00e1s y estaba el pobre muy angustiado.<br \/>\nYo iba intentando tranquilizar a mi madre y a mi t\u00eda, mientras me clavaba las u\u00f1as en las palmas de las manos&#8230; recuerdo que los \u00e1rboles junto a la autopista pasaban como rayas verdes, llov\u00eda intensamente, a mi t\u00edo le picaba todo el cuerpo por el jab\u00f3n seco y corr\u00eda mucho mucho&#8230; todo lo que su coche permit\u00eda&#8230; menudo rodaje le hizo.<br \/>\nPor fin llegamos a Hospitalet del Infante, y al entrar a la zona del \u00e1rea de servicio nos invadi\u00f3 una sensaci\u00f3n de tranquilidad, all\u00ed estaba la ambulancia, y mi doctor.<br \/>\nMe pasaron a la camilla, me reconoci\u00f3 y pensamos que podr\u00eda llegar a Barcelona y hacia all\u00ed salimos, dejando a mi t\u00eda a pi\u00e9 de carretera, un lluvioso y fr\u00edo d\u00eda de Abril, sin chaqueta ni paraguas y helada de fr\u00edo, sin medias por las prisas&#8230; para avisar a mi padre y mi marido, cuando llegaran al \u00e1rea de servicio, que yo ya iba en la ambulancia con Francisco&#8230;<br \/>\nY entr\u00e9 en Barcelona, sangrando ya mucho, escoltada por la Guardia Civil, que nos abri\u00f3 paso hasta la Calle del Escorial y la Cl\u00ednica del Remei, donde el equipo m\u00e9dico nos esperaba con todo listo.<\/p>\n<p><a style=\"margin-left: 1em; margin-right: 1em;\" href=\"http:\/\/4.bp.blogspot.com\/-jJLDWZ4TUH8\/U1rWkl000HI\/AAAAAAAAJ34\/hOM5uR-J6dI\/s1600\/sonrisa.jpg\"><img decoding=\"async\" loading=\"lazy\" class=\"aligncenter\" src=\"https:\/\/elcalaixetdelaiaia.es\/wp-content\/uploads\/2014\/04\/sonrisa.jpg\" width=\"213\" height=\"320\" border=\"0\" \/><\/a><br \/>\nMe anestesiaron recuerdo, con la ropa, (un vestido fruncido a cuadros marrones y beig y con un gran volante en el pecho y en el bajo, en auqella \u00e9poca, a\u00fan era muy normal, vestir a las embarazadas tipo mesa camilla) y las botas camperas puestas, para una ces\u00e1rea de extrema urgencia, y a las dos menos cuarto del medio-d\u00eda, a falta de dos d\u00edas para los ocho meses de gestaci\u00f3n, mientras mi padre y mi marido pensaban que no llegaban&#8230; naci\u00f3 mi primer hijo V\u00cdCTOR un precioso, pel\u00f3n (sin cejas ni pesta\u00f1as siquiera) y rollizo beb\u00e9 de 3 kilos y medio, sano fuerte e inmensamente maravilloso. Dios m\u00edo, todo hab\u00eda salido bien, mi hijo estaba con vida y pesar de los malos presagios, yo tambi\u00e9n. Luego supe los horribles meses que pasaron mi madre y mi marido, temiendo que si llegaba el embarazo a t\u00e9rmino, en el momento del nacimiento \u00e1mbos perdi\u00e9ramos la vida.<\/p>\n<p><a style=\"margin-left: 1em; margin-right: 1em;\" href=\"http:\/\/3.bp.blogspot.com\/-cHjDCBbEtdE\/U1rWen47y2I\/AAAAAAAAJ28\/3Hsf2djYOE4\/s1600\/AP110410036781.jpg\"><img decoding=\"async\" loading=\"lazy\" class=\"aligncenter\" src=\"https:\/\/elcalaixetdelaiaia.es\/wp-content\/uploads\/2014\/04\/AP110410036781-1024x768.jpg\" width=\"320\" height=\"240\" border=\"0\" \/><\/a><br \/>\nCuando despert\u00e9, mi marido y mi familia estaban junto a mi. Se hab\u00eda obrado el milagro, \u00e9ramos padres.<br \/>\nY as\u00ed naci\u00f3 mi hijo, llen\u00e1ndonos de alegr\u00eda y felicidad. Nuestro hijo deseado y amado, que a su vez, ha incrementado nuestra felicidad d\u00e1ndonos a dos preciosas y maravillosas nietas que junto a mi hijo peque\u00f1o Pau, nos hacen los mas felices del mundo.<\/p>\n<p><a style=\"margin-left: 1em; margin-right: 1em;\" href=\"http:\/\/4.bp.blogspot.com\/-9Bq2wgqW0zI\/U1rWkHJWLpI\/AAAAAAAAJ3w\/WeSfEAvY2S8\/s1600\/papa1.jpg\"><img decoding=\"async\" loading=\"lazy\" class=\"aligncenter\" src=\"https:\/\/elcalaixetdelaiaia.es\/wp-content\/uploads\/2014\/04\/papa1.jpg\" width=\"261\" height=\"320\" border=\"0\" \/><\/a><br \/>\nSe que \u00e9sta entrada es muy larga, siempre me han dicho que el nacimiento de V\u00edctor era para hacer una pel\u00edcula, (y eso que he resumido y no he contado todo, ni mucho menos), aunque el de Pau fue todo previsto&#8230; tambi\u00e9n fue una odis\u00e9a. A veces, la realidad supera la ficci\u00f3n. \u00c9ste post lo he escrito para que mis nietas alg\u00fan d\u00eda, si no pueden o\u00edrlo de mis labios, sepan&#8230; c\u00f3mo naci\u00f3 su pap\u00e1.<\/p>\n<p>Much\u00edsimas felicidades V\u00edctor y por muchos, muchos a\u00f1os cari\u00f1o. Sabes que igual que tu hermano, fuiste un beb\u00e9 muy deseado, y que a\u00fan sabiendo ahora, que me podr\u00eda costar la vida, intentar\u00eda una y mil mil veces tu nacimiento, \u00bfque no har\u00eda una madre por sus hijos?<\/p>\n<p>Te queremos hijo, no lo olvides nunca, TE QUEREMOS MUCH\u00cdSIMO, siempre, pase lo que pase, aqu\u00ed hemos estado, estamos y estaremos a tu lado, contigo y junto a ti, sabes que puedes contar con nosotros SIEMPRE, con tus padres, que te adoran.<\/p>\n<p>Mam\u00e1.<\/p>\n","protected":false},"excerpt":{"rendered":"<p>Desde peque\u00f1a, he estado enferma a causa de una meningitis que sufr\u00ed a los tres a\u00f1itos y que al parecer, seg\u00fan dec\u00edan err\u00f3neamente los innumerables m\u00e9dicos a quienes me llevaban mis padres, no hab\u00eda dejado consecuencias. Pero si hubieron secuelas, tal y como tem\u00edamos por las evidencias&#8230; y las descubrimos &hellip; <\/p>\n","protected":false},"author":2,"featured_media":0,"comment_status":"open","ping_status":"open","sticky":false,"template":"","format":"standard","meta":[],"categories":[23,1],"tags":[],"_links":{"self":[{"href":"https:\/\/elcalaixetdelaiaia.es\/index.php?rest_route=\/wp\/v2\/posts\/914"}],"collection":[{"href":"https:\/\/elcalaixetdelaiaia.es\/index.php?rest_route=\/wp\/v2\/posts"}],"about":[{"href":"https:\/\/elcalaixetdelaiaia.es\/index.php?rest_route=\/wp\/v2\/types\/post"}],"author":[{"embeddable":true,"href":"https:\/\/elcalaixetdelaiaia.es\/index.php?rest_route=\/wp\/v2\/users\/2"}],"replies":[{"embeddable":true,"href":"https:\/\/elcalaixetdelaiaia.es\/index.php?rest_route=%2Fwp%2Fv2%2Fcomments&post=914"}],"version-history":[{"count":10,"href":"https:\/\/elcalaixetdelaiaia.es\/index.php?rest_route=\/wp\/v2\/posts\/914\/revisions"}],"predecessor-version":[{"id":27787,"href":"https:\/\/elcalaixetdelaiaia.es\/index.php?rest_route=\/wp\/v2\/posts\/914\/revisions\/27787"}],"wp:attachment":[{"href":"https:\/\/elcalaixetdelaiaia.es\/index.php?rest_route=%2Fwp%2Fv2%2Fmedia&parent=914"}],"wp:term":[{"taxonomy":"category","embeddable":true,"href":"https:\/\/elcalaixetdelaiaia.es\/index.php?rest_route=%2Fwp%2Fv2%2Fcategories&post=914"},{"taxonomy":"post_tag","embeddable":true,"href":"https:\/\/elcalaixetdelaiaia.es\/index.php?rest_route=%2Fwp%2Fv2%2Ftags&post=914"}],"curies":[{"name":"wp","href":"https:\/\/api.w.org\/{rel}","templated":true}]}}