{"id":912,"date":"2014-04-26T20:32:00","date_gmt":"2014-04-26T20:32:00","guid":{"rendered":"http:\/\/elcalaixetdelaiaia.es\/tosta-de-colmenillas-con-foie-y-huevos"},"modified":"2017-12-05T15:32:30","modified_gmt":"2017-12-05T15:32:30","slug":"tosta-de-colmenillas-con-foie-y-huevos","status":"publish","type":"post","link":"https:\/\/elcalaixetdelaiaia.es\/?p=912","title":{"rendered":"Tosta de colmenillas con foie y huevos de codorniz paso a paso foto a foto"},"content":{"rendered":"<p>\u00abRefrany;<\/p>\n<div>\nFins al setanta d&#8217;abril no et lleves un fil\u00bb.<br \/>\nHasta el setenta de Abril no te quites un hilo.<\/p>\n<div class=\"separator\" style=\"clear: both; text-align: center;\">\n<a href=\"http:\/\/1.bp.blogspot.com\/-ZvpwPBBvBf0\/U1v8B6Z61VI\/AAAAAAAAKEQ\/vLYmrKKAIpI\/s1600\/2014-04-24+22.34.24.jpg\" imageanchor=\"1\" style=\"margin-left: 1em; margin-right: 1em;\"><img decoding=\"async\" loading=\"lazy\" border=\"0\" height=\"384\" src=\"https:\/\/elcalaixetdelaiaia.es\/wp-content\/uploads\/2014\/04\/2014-04-24-22.34.24.jpg\" width=\"640\" \/><\/a><\/div>\n<ol>Hoy os traigo un plato que es bocata di cardinali; tosta de foie con colmenillas y huevos de codorniz<\/ol>\n<div class=\"separator\" style=\"clear: both; text-align: center;\">\n<a href=\"http:\/\/3.bp.blogspot.com\/-Z-uCF_RCEKU\/U1wD5Yyzw9I\/AAAAAAAAKFY\/clY32gmAMhw\/s1600\/SAM_0838.JPG\" imageanchor=\"1\" style=\"margin-left: 1em; margin-right: 1em;\"><img decoding=\"async\" loading=\"lazy\" border=\"0\" height=\"480\" src=\"https:\/\/elcalaixetdelaiaia.es\/wp-content\/uploads\/2014\/04\/SAM_0838.jpg\" width=\"640\" \/><\/a><\/div>\n<p><\/div>\n<div class=\"separator\" style=\"clear: both; text-align: center;\">\n<\/div>\n<div>\nLas morchella, colmenillas, cagarrias,morillas, crispillas o m\u00fargoles son hongos ascomicetos comestibles, caracterizados por poseer ascocarpos de aspecto reticulado. Son muy apreciadas por los gourmets franceses y espa\u00f1oles.<\/p>\n<div class=\"separator\" style=\"clear: both; text-align: center;\">\n<a href=\"http:\/\/2.bp.blogspot.com\/-teZ9MJ136EI\/U1wDkcmq_II\/AAAAAAAAKFQ\/1BC13XT0ztE\/s1600\/SAM_0837.JPG\" imageanchor=\"1\" style=\"margin-left: 1em; margin-right: 1em;\"><img decoding=\"async\" loading=\"lazy\" border=\"0\" height=\"480\" src=\"https:\/\/elcalaixetdelaiaia.es\/wp-content\/uploads\/2014\/04\/SAM_0837.jpg\" width=\"640\" \/><\/a><\/div>\n<p>\nLas colmenillas son una variedad muy particular de hongo que se encuentra en los bosques donde hay tierra h\u00fameda. Estamos en tiempo de colmenillas pero hace falta alg\u00fan chaparr\u00f3n m\u00e1s,(que llevamos mucha sequ\u00eda), que las temperaturas no caigan en picado y que el viento se mantenga en calma. Es una&nbsp; seta delicada y exclusiva. No resulta f\u00e1cil localizarla, pero lo cierto es que cada vez cuenta con m\u00e1s seguidores. <\/p>\n<p>Tiene la colmenilla ese halo de seta distinta, rara, dif\u00edcil de encontrar; tan arom\u00e1tica y de una textura cartilaginosa tan especial, que bien podr\u00eda decirse que estamos ante uno de los hongos m\u00e1s exclusivos. Un tesoro que brinda la naturaleza con la llegada de la primavera y que cada vez cuenta con m\u00e1s seguidores entre los aficionados a la micolog\u00eda, que no paran de crecer. <\/p>\n<p>En la forma y en el fondo, la colmenilla es \u00fanica. En<br \/>\nla forma, porque su aspecto de panal piramidal, de curvas sinuosas y<br \/>\nmisteriosa apariencia, le concede una presencia que en nada se parece a<br \/>\nla de cualquier otro hongo. Y en el fondo, porque son muchos los<br \/>\ncocineros y los paladares bien entrenados que hablan maravillas de ella,<br \/>\n as\u00ed que algo tendr\u00e1 para concitar tantas buenas impresiones.<\/p>\n<p>A pesar de que las colmenillas deben cocinarse antes de poder comerlas, son una deliciosa y saludable adici\u00f3n para las recetas que llevan champi\u00f1ones. Las colmenillas, al igual que muchos hongos, tienen muchos beneficios para la salud asociados con su consumo , ya que puede mejorar las condiciones del coraz\u00f3n debido a sus altos niveles de cobre, vitamina E y potasio. Un estudio realizado por la Universidad de Illinois, confirm\u00f3 esta evidencia de que el consumo de hongos ayuda a la salud del coraz\u00f3n aunque no s\u00f3lo comerla, porque el paseo y las acachadas que has de hacer si vas a buscarlas&#8230;&#8230;ya contribuyen a ello. Todo un placer disfrutar del bosque en primavera para buscar la ansiada y codiciada colmenilla, aunque de noche ya, cuando cierras los ojos en la cama&#8230;.no paras de ver colmenillas confundidas con pi\u00f1as jajajajajaja.<\/p>\n<div class=\"separator\" style=\"clear: both; text-align: center;\">\n<a href=\"http:\/\/4.bp.blogspot.com\/-02UWElLFPGw\/U1v-Vih7r2I\/AAAAAAAAKE4\/ewfv7-ChfH8\/s1600\/SAM_0834.JPG\" imageanchor=\"1\" style=\"margin-left: 1em; margin-right: 1em;\"><img decoding=\"async\" loading=\"lazy\" border=\"0\" height=\"390\" src=\"https:\/\/elcalaixetdelaiaia.es\/wp-content\/uploads\/2014\/04\/SAM_0834.jpg\" width=\"640\" \/><\/a><\/div>\n<p>\nIncluso he le\u00eddo que las colmenillas pueden disminuir el riesgo de c\u00e1ncer, especialmente el de pr\u00f3stata, debido a sus altos niveles de selenio y niacina. Estos resultados se observaron en el estudio de Investigaci\u00f3n del C\u00e1ncer del Reino Unido sobre los efectos de los hongos en el tratamiento del c\u00e1ncer, tambi\u00e9n son ricas en antioxidantes, lo que estimula el sistema inmunol\u00f3gico y ayuda al cuerpo a resistir las enfermedades y dolencias , pueden ayudar a reducir los niveles de az\u00facar y a mantenerlos equilibrados, por lo que son \u00fatiles para el tratamiento natural de la diabetes, pero por descontado&#8230;..CONSULTA SIEMPRE A TU M\u00c9DICO. <\/p>\n<div class=\"separator\" style=\"clear: both; text-align: center;\">\n<a href=\"http:\/\/4.bp.blogspot.com\/-GFqAC_ZpvZM\/U1wBybhLcHI\/AAAAAAAAKFA\/f9N6FfdhIqg\/s1600\/SAM_0839a.jpg\" imageanchor=\"1\" style=\"margin-left: 1em; margin-right: 1em;\"><img decoding=\"async\" loading=\"lazy\" border=\"0\" height=\"432\" src=\"https:\/\/elcalaixetdelaiaia.es\/wp-content\/uploads\/2014\/04\/SAM_0839a.jpg\" width=\"640\" \/><\/a><\/div>\n<p>\nAfortunadamente yo tengo la suerte de poder coger cada a\u00f1o y disfrutar de \u00e9ste manjar de la naturaleza, tan efimero como sabroso, gracias a que mi chico es un gran enamorado del monte, de la naturaleza y de la micolog\u00eda, ya que es su pasi\u00f3n y en cuanto salen las primeras, ya las tengo en mi cocina y en mi mesa.<\/p>\n<div class=\"separator\" style=\"clear: both; text-align: center;\">\n<a href=\"http:\/\/3.bp.blogspot.com\/-r07wpfoPso8\/U1wCtdTNLGI\/AAAAAAAAKFI\/5lnBDaz-77w\/s1600\/2014-04-24+17.00.32.jpg\" imageanchor=\"1\" style=\"margin-left: 1em; margin-right: 1em;\"><img decoding=\"async\" loading=\"lazy\" border=\"0\" height=\"384\" src=\"https:\/\/elcalaixetdelaiaia.es\/wp-content\/uploads\/2014\/04\/2014-04-24-17.00.32.jpg\" width=\"640\" \/><\/a><\/div>\n<p>\nNecesitaremos;<\/p>\n<p><\/p>\n<div class=\"separator\" style=\"clear: both; text-align: center;\">\n<a href=\"http:\/\/3.bp.blogspot.com\/-Vt8VIYz0jaI\/U1v1v4hCNcI\/AAAAAAAAKCw\/9iGgg2uijZ4\/s1600\/2014-04-24+21.42.58.jpg\" imageanchor=\"1\" style=\"margin-left: 1em; margin-right: 1em;\"><img decoding=\"async\" loading=\"lazy\" border=\"0\" height=\"384\" src=\"https:\/\/elcalaixetdelaiaia.es\/wp-content\/uploads\/2014\/04\/2014-04-24-21.42.58.jpg\" width=\"640\" \/><\/a><\/div>\n<div class=\"separator\" style=\"clear: both; text-align: center;\">\n<\/div>\n<ol>\n<li>Aceite de oliva<\/li>\n<li>Pan de pueblo<\/li>\n<li>Huevos de codorniz<\/li>\n<li>Un taco de foie<\/li>\n<li>Sal<\/li>\n<li>Perejil fresco<\/li>\n<\/ol>\n<div class=\"separator\" style=\"clear: both; text-align: center;\">\n<a href=\"http:\/\/4.bp.blogspot.com\/-eZSg4BwGhwo\/U1v1jcV_iUI\/AAAAAAAAKCg\/TbY_HMTWYhw\/s1600\/2014-04-24+21.43.37.jpg\" imageanchor=\"1\" style=\"margin-left: 1em; margin-right: 1em;\"><img decoding=\"async\" loading=\"lazy\" border=\"0\" height=\"384\" src=\"https:\/\/elcalaixetdelaiaia.es\/wp-content\/uploads\/2014\/04\/2014-04-24-21.43.37.jpg\" width=\"640\" \/><\/a><\/div>\n<div>\n<\/div>\n<div style=\"text-align: center;\">\nComenzaremos por cortar la base del tronco y limpiar las colmenillas con un cepillito \u00a1\u00a1\u00a1\u00a1jamas remojar!!!, como mucho un poco de agua con una pasada r\u00e1pida por el grifo si tienen mucha tierra que normalmente no suelen tener<\/div>\n<\/div>\n<div style=\"text-align: center;\">\n<\/div>\n<div class=\"separator\" style=\"clear: both; text-align: center;\">\n<a href=\"http:\/\/2.bp.blogspot.com\/-ifkqGTzxUNo\/U1v1ndKY6kI\/AAAAAAAAKCo\/AGQsyfP1Tvs\/s1600\/2014-04-24+21.47.19.jpg\" imageanchor=\"1\" style=\"margin-left: 1em; margin-right: 1em;\"><img decoding=\"async\" loading=\"lazy\" border=\"0\" height=\"384\" src=\"https:\/\/elcalaixetdelaiaia.es\/wp-content\/uploads\/2014\/04\/2014-04-24-21.47.19.jpg\" width=\"640\" \/><\/a><\/div>\n<div style=\"text-align: center;\">\n<ol>rociamos con aceite de oliva,<\/ol>\n<div class=\"separator\" style=\"clear: both;\">\n<a href=\"http:\/\/3.bp.blogspot.com\/-nD9ugMCj718\/U1v2rduvf9I\/AAAAAAAAKDA\/2RDKtpRWLVI\/s1600\/2014-04-24+21.49.08.jpg\" imageanchor=\"1\" style=\"margin-left: 1em; margin-right: 1em;\"><img decoding=\"async\" loading=\"lazy\" border=\"0\" height=\"384\" src=\"https:\/\/elcalaixetdelaiaia.es\/wp-content\/uploads\/2014\/04\/2014-04-24-21.49.08.jpg\" width=\"640\" \/><\/a><\/div>\n<ol>perejil fresco picado y un poco de sal &nbsp;y hornear hasta que desaparezca el agua y est\u00e9n doraditas<\/ol>\n<div class=\"separator\" style=\"clear: both;\">\n<a href=\"http:\/\/4.bp.blogspot.com\/-Coh0SwVx6j0\/U1v2ogwjIWI\/AAAAAAAAKC4\/4RpLuylanS0\/s1600\/2014-04-24+21.51.59.jpg\" imageanchor=\"1\" style=\"margin-left: 1em; margin-right: 1em;\"><img decoding=\"async\" loading=\"lazy\" border=\"0\" height=\"384\" src=\"https:\/\/elcalaixetdelaiaia.es\/wp-content\/uploads\/2014\/04\/2014-04-24-21.51.59.jpg\" width=\"640\" \/><\/a><\/div>\n<ol>Cortar tantas rodajas de pan como tostas queramos preparar<\/ol>\n<div class=\"separator\" style=\"clear: both;\">\n<a href=\"http:\/\/1.bp.blogspot.com\/-mLoEl3sGx9U\/U1v4LgBIrbI\/AAAAAAAAKDg\/LNMhjdPHo0M\/s1600\/2014-04-24+21.52.38.jpg\" imageanchor=\"1\" style=\"margin-left: 1em; margin-right: 1em;\"><img decoding=\"async\" loading=\"lazy\" border=\"0\" height=\"384\" src=\"https:\/\/elcalaixetdelaiaia.es\/wp-content\/uploads\/2014\/04\/2014-04-24-21.52.38.jpg\" width=\"640\" \/><\/a><\/div>\n<ol>Las ponemos en una bandeja de horno y aprovechamos que tenemos las colmenillas en el mismo para tostarlas<\/ol>\n<div class=\"separator\" style=\"clear: both;\">\n<a href=\"http:\/\/4.bp.blogspot.com\/-N2Rc_XOetCs\/U1v4JW3YBuI\/AAAAAAAAKDY\/mo6PozkRHCo\/s1600\/2014-04-24+22.12.18.jpg\" imageanchor=\"1\" style=\"margin-left: 1em; margin-right: 1em;\"><img decoding=\"async\" loading=\"lazy\" border=\"0\" height=\"384\" src=\"https:\/\/elcalaixetdelaiaia.es\/wp-content\/uploads\/2014\/04\/2014-04-24-22.12.18.jpg\" width=\"640\" \/><\/a><\/div>\n<ol>troceamos el foie<\/ol>\n<div class=\"separator\" style=\"clear: both;\">\n<a href=\"http:\/\/1.bp.blogspot.com\/-X-7MxEiCbHk\/U1v44TGgS5I\/AAAAAAAAKDo\/vtpVxTFLAOs\/s1600\/2014-04-24+22.18.04.jpg\" imageanchor=\"1\" style=\"margin-left: 1em; margin-right: 1em;\"><img decoding=\"async\" loading=\"lazy\" border=\"0\" height=\"384\" src=\"https:\/\/elcalaixetdelaiaia.es\/wp-content\/uploads\/2014\/04\/2014-04-24-22.18.04.jpg\" width=\"640\" \/><\/a><\/div>\n<ol>y vamos preparando los huevos de codorniz para freir, que como cuestan de abrir, aqu\u00ed os pongo mi manera de hacerlo&#8230;.&nbsp;<a href=\"https:\/\/elcalaixetdelaiaia.es\/como-abrir-los-huevos-de-codorniz\">https:\/\/elcalaixetdelaiaia.es\/como-abrir-los-huevos-de-codorniz<\/a><\/ol>\n<div class=\"separator\" style=\"clear: both;\">\n<a href=\"http:\/\/2.bp.blogspot.com\/-84VBgxg7iuo\/U1v6HsH8X_I\/AAAAAAAAKD4\/huK-n9I9KXw\/s1600\/2014-04-24+22.26.08.jpg\" imageanchor=\"1\" style=\"margin-left: 1em; margin-right: 1em;\"><img decoding=\"async\" loading=\"lazy\" border=\"0\" height=\"384\" src=\"https:\/\/elcalaixetdelaiaia.es\/wp-content\/uploads\/2014\/04\/2014-04-24-22.26.08.jpg\" width=\"640\" \/><\/a><\/div>\n<ol>sacamos las setas<\/ol>\n<div class=\"separator\" style=\"clear: both;\">\n<a href=\"http:\/\/2.bp.blogspot.com\/-sThoWdrQ3_0\/U1v7IrE3TaI\/AAAAAAAAKEA\/8zZb82IErxo\/s1600\/2014-04-24+22.29.02.jpg\" imageanchor=\"1\" style=\"margin-left: 1em; margin-right: 1em;\"><img decoding=\"async\" loading=\"lazy\" border=\"0\" height=\"384\" src=\"https:\/\/elcalaixetdelaiaia.es\/wp-content\/uploads\/2014\/04\/2014-04-24-22.29.02.jpg\" width=\"640\" \/><\/a><\/div>\n<ol>untamos el foie sobre el pan<\/ol>\n<div class=\"separator\" style=\"clear: both;\">\n<a href=\"http:\/\/3.bp.blogspot.com\/-mOSaLcvWUU4\/U1v7OO1SwgI\/AAAAAAAAKEI\/USTpj9_PRoI\/s1600\/2014-04-24+22.29.09.jpg\" imageanchor=\"1\" style=\"margin-left: 1em; margin-right: 1em;\"><img decoding=\"async\" loading=\"lazy\" border=\"0\" height=\"384\" src=\"https:\/\/elcalaixetdelaiaia.es\/wp-content\/uploads\/2014\/04\/2014-04-24-22.29.09.jpg\" width=\"640\" \/><\/a><\/div>\n<ol>y colocamos sobre el foie las setas<\/ol>\n<div class=\"separator\" style=\"clear: both;\">\n<a href=\"http:\/\/3.bp.blogspot.com\/-MSHmkbQxujM\/U1v4Af8fPnI\/AAAAAAAAKDQ\/wFgjT5_hrII\/s1600\/2014-04-24+21.57.50.jpg\" imageanchor=\"1\" style=\"margin-left: 1em; margin-right: 1em;\"><img decoding=\"async\" loading=\"lazy\" border=\"0\" height=\"396\" src=\"https:\/\/elcalaixetdelaiaia.es\/wp-content\/uploads\/2014\/04\/2014-04-24-21.57.50.jpg\" width=\"640\" \/><\/a><\/div>\n<ol>En una peque\u00f1a sarten, ponemos el aceite a calentar, y freimos uno a uno los huevos de codorniz<\/ol>\n<div class=\"separator\" style=\"clear: both;\">\n<a href=\"http:\/\/2.bp.blogspot.com\/-hD0VO0NdmrA\/U1v8_w2EkzI\/AAAAAAAAKEw\/EBa_ijv2jSA\/s1600\/2014-04-24+22.39.39.jpg\" imageanchor=\"1\" style=\"margin-left: 1em; margin-right: 1em;\"><img decoding=\"async\" loading=\"lazy\" border=\"0\" height=\"384\" src=\"https:\/\/elcalaixetdelaiaia.es\/wp-content\/uploads\/2014\/04\/2014-04-24-22.39.39.jpg\" width=\"640\" \/><\/a><\/div>\n<ol>y los iremos colocando sobre las celdillas<\/ol>\n<div class=\"separator\" style=\"clear: both;\">\n<a href=\"http:\/\/1.bp.blogspot.com\/-cEM9or9cVBE\/U1v8S-CbvXI\/AAAAAAAAKEg\/P1D5ZDgSDdA\/s1600\/2014-04-24+22.34.51.jpg\" imageanchor=\"1\" style=\"margin-left: 1em; margin-right: 1em;\"><img decoding=\"async\" loading=\"lazy\" border=\"0\" height=\"384\" src=\"https:\/\/elcalaixetdelaiaia.es\/wp-content\/uploads\/2014\/04\/2014-04-24-22.34.51.jpg\" width=\"640\" \/><\/a><\/div>\n<div class=\"separator\" style=\"clear: both;\">\n<\/div>\n<div class=\"separator\" style=\"clear: both;\">\nemplatamos<\/div>\n<div class=\"separator\" style=\"clear: both;\">\n<\/div>\n<div class=\"separator\" style=\"clear: both;\">\n<a href=\"http:\/\/2.bp.blogspot.com\/-Q_c9kXK7uAc\/U1v861Ih4RI\/AAAAAAAAKEo\/je45b_P2AJw\/s1600\/2014-04-24+22.34.57.jpg\" imageanchor=\"1\" style=\"margin-left: 1em; margin-right: 1em;\"><img decoding=\"async\" loading=\"lazy\" border=\"0\" height=\"384\" src=\"https:\/\/elcalaixetdelaiaia.es\/wp-content\/uploads\/2014\/04\/2014-04-24-22.34.57.jpg\" width=\"640\" \/><\/a><\/div>\n<ol>\u00aba la taula i&#8230;BON PROFIT!!<\/ol>\n<p>Si te gusta mi receta, puedes compartirla y clicar en g+1 para que llegue a m\u00e1s gente.<br \/>\nEspero tus comentarios y recuerda que tambi\u00e9n estoy en Facebook&nbsp;<a href=\"https:\/\/www.facebook.com\/El-calaixet-de-la-iaia-533062140099386\/\">https:\/\/www.facebook.com\/El-calaixet-de-la-iaia-533062140099386\/<\/a><\/div>\n","protected":false},"excerpt":{"rendered":"<p>\u00abRefrany; Fins al setanta d&#8217;abril no et lleves un fil\u00bb. Hasta el setenta de Abril no te quites un hilo. Hoy os traigo un plato que es bocata di cardinali; tosta de foie con colmenillas y huevos de codorniz Las morchella, colmenillas, cagarrias,morillas, crispillas o m\u00fargoles son hongos ascomicetos comestibles, &hellip; <\/p>\n","protected":false},"author":2,"featured_media":10927,"comment_status":"open","ping_status":"open","sticky":false,"template":"","format":"standard","meta":[],"categories":[67,55,131,1],"tags":[],"_links":{"self":[{"href":"https:\/\/elcalaixetdelaiaia.es\/index.php?rest_route=\/wp\/v2\/posts\/912"}],"collection":[{"href":"https:\/\/elcalaixetdelaiaia.es\/index.php?rest_route=\/wp\/v2\/posts"}],"about":[{"href":"https:\/\/elcalaixetdelaiaia.es\/index.php?rest_route=\/wp\/v2\/types\/post"}],"author":[{"embeddable":true,"href":"https:\/\/elcalaixetdelaiaia.es\/index.php?rest_route=\/wp\/v2\/users\/2"}],"replies":[{"embeddable":true,"href":"https:\/\/elcalaixetdelaiaia.es\/index.php?rest_route=%2Fwp%2Fv2%2Fcomments&post=912"}],"version-history":[{"count":2,"href":"https:\/\/elcalaixetdelaiaia.es\/index.php?rest_route=\/wp\/v2\/posts\/912\/revisions"}],"predecessor-version":[{"id":14398,"href":"https:\/\/elcalaixetdelaiaia.es\/index.php?rest_route=\/wp\/v2\/posts\/912\/revisions\/14398"}],"wp:featuredmedia":[{"embeddable":true,"href":"https:\/\/elcalaixetdelaiaia.es\/index.php?rest_route=\/wp\/v2\/media\/10927"}],"wp:attachment":[{"href":"https:\/\/elcalaixetdelaiaia.es\/index.php?rest_route=%2Fwp%2Fv2%2Fmedia&parent=912"}],"wp:term":[{"taxonomy":"category","embeddable":true,"href":"https:\/\/elcalaixetdelaiaia.es\/index.php?rest_route=%2Fwp%2Fv2%2Fcategories&post=912"},{"taxonomy":"post_tag","embeddable":true,"href":"https:\/\/elcalaixetdelaiaia.es\/index.php?rest_route=%2Fwp%2Fv2%2Ftags&post=912"}],"curies":[{"name":"wp","href":"https:\/\/api.w.org\/{rel}","templated":true}]}}