{"id":902,"date":"2014-05-08T08:49:00","date_gmt":"2014-05-08T08:49:00","guid":{"rendered":"http:\/\/elcalaixetdelaiaia.es\/los-anos-80"},"modified":"2023-02-19T10:14:54","modified_gmt":"2023-02-19T10:14:54","slug":"los-anos-80","status":"publish","type":"post","link":"https:\/\/elcalaixetdelaiaia.es\/?p=902","title":{"rendered":"Los a\u00f1os 80"},"content":{"rendered":"<p>\u00a1Como hemos cambiado!<br \/>\n\u00bfSer\u00e1 que hemos perdido la capacidad de disfrutar de las peque\u00f1as cosas?<br \/>\nNo siempre todo el tiempo pasado fue mejor pero en muchas cosas si lo era. Por descontado que lo primero que tenemos que tener en cuenta es que viv\u00edamos en una dictadura, aunque ahora estamos viviendo una situaci\u00f3n que recuerda mucho desgraciadamente, a aquellos tiempos&#8230;<br \/>\nAhora es mucho mas f\u00e1cil tirar lo que se estropea, sin molestarnos en intentar la reparaci\u00f3n, estamos en una \u00e9poca en que todo es desechable, muebles, casas, juguetes, relaciones y hasta parejas, si no funciona&#8230; a la basura.<br \/>\nIncluso las tradiciones hoy son pretexto del comercio, y no de la recuperaci\u00f3n de nuestras ra\u00edces, como debiera ser.<br \/>\nLos j\u00f3venes no sab\u00e9is de que os hablo, hab\u00e9is nacido en la era de la cibern\u00e9tica, y no estoy en contra de ella \u00bfeh?, me parece un maravilloso invento sin el cual ahora mismo no os podr\u00eda llegar mi reflexi\u00f3n y un enorme abrazo cibern\u00e9tico que te env\u00edo a ti, que ahora estas leyendo \u00e9sto. Pero hemos perdido muchas, muchas cosas, hay demasiada gente que no sabe dar el valor en su justa medida y que no sabe lo que es por ejemplo \u00abla reparaci\u00f3n\u00bb.<br \/>\nRecuerdo que hace ya un tiempo escrib\u00ed sobre algo similar\u00a0<a href=\"https:\/\/elcalaixetdelaiaia.es\/raparar-reclicar-restaurar\">https:\/\/elcalaixetdelaiaia.es\/raparar-reclicar-restaurar<\/a><\/p>\n<p>Mi reflexi\u00f3n viene acompa\u00f1ada del extracto de un escrito en un libro titulado \u00abCambiar las gafas para mirar el mundo\u00bb de ecologistas en acci\u00f3n, os recomiendo su lectura, y el texto dice as\u00ed;<\/p>\n<div class=\"separator\" style=\"clear: both; text-align: center;\"><a style=\"margin-left: 1em; margin-right: 1em;\" href=\"https:\/\/elcalaixetdelaiaia.es\/wp-content\/uploads\/2014\/05\/texto.png\"><img decoding=\"async\" loading=\"lazy\" src=\"https:\/\/elcalaixetdelaiaia.es\/wp-content\/uploads\/2014\/05\/texto.png\" width=\"400\" height=\"362\" border=\"0\" \/><\/a><\/div>\n<p>Si quer\u00e9is leer el libro entero, pod\u00e9is hacerlo gratuitamente aqu\u00ed <a href=\"http:\/\/es.scribd.com\/doc\/80147213\/Cambiar-las-gafas-para-mirar-el-mundo\">http:\/\/es.scribd.com\/doc\/80147213\/Cambiar-las-gafas-para-mirar-el-mundo<\/a>\u00a0 No todo es blanco o negro, tambi\u00e9n existe el color GRIS, pero&#8230;<br \/>\nCreo que no estar\u00eda de mas&#8230; reflexionar un poco \u00bfno os parece?<\/p>\n","protected":false},"excerpt":{"rendered":"<p>\u00a1Como hemos cambiado! \u00bfSer\u00e1 que hemos perdido la capacidad de disfrutar de las peque\u00f1as cosas? No siempre todo el tiempo pasado fue mejor pero en muchas cosas si lo era. Por descontado que lo primero que tenemos que tener en cuenta es que viv\u00edamos en una dictadura, aunque ahora estamos &hellip; <\/p>\n","protected":false},"author":2,"featured_media":10865,"comment_status":"open","ping_status":"open","sticky":false,"template":"","format":"standard","meta":[],"categories":[23,1],"tags":[],"_links":{"self":[{"href":"https:\/\/elcalaixetdelaiaia.es\/index.php?rest_route=\/wp\/v2\/posts\/902"}],"collection":[{"href":"https:\/\/elcalaixetdelaiaia.es\/index.php?rest_route=\/wp\/v2\/posts"}],"about":[{"href":"https:\/\/elcalaixetdelaiaia.es\/index.php?rest_route=\/wp\/v2\/types\/post"}],"author":[{"embeddable":true,"href":"https:\/\/elcalaixetdelaiaia.es\/index.php?rest_route=\/wp\/v2\/users\/2"}],"replies":[{"embeddable":true,"href":"https:\/\/elcalaixetdelaiaia.es\/index.php?rest_route=%2Fwp%2Fv2%2Fcomments&post=902"}],"version-history":[{"count":4,"href":"https:\/\/elcalaixetdelaiaia.es\/index.php?rest_route=\/wp\/v2\/posts\/902\/revisions"}],"predecessor-version":[{"id":24557,"href":"https:\/\/elcalaixetdelaiaia.es\/index.php?rest_route=\/wp\/v2\/posts\/902\/revisions\/24557"}],"wp:featuredmedia":[{"embeddable":true,"href":"https:\/\/elcalaixetdelaiaia.es\/index.php?rest_route=\/wp\/v2\/media\/10865"}],"wp:attachment":[{"href":"https:\/\/elcalaixetdelaiaia.es\/index.php?rest_route=%2Fwp%2Fv2%2Fmedia&parent=902"}],"wp:term":[{"taxonomy":"category","embeddable":true,"href":"https:\/\/elcalaixetdelaiaia.es\/index.php?rest_route=%2Fwp%2Fv2%2Fcategories&post=902"},{"taxonomy":"post_tag","embeddable":true,"href":"https:\/\/elcalaixetdelaiaia.es\/index.php?rest_route=%2Fwp%2Fv2%2Ftags&post=902"}],"curies":[{"name":"wp","href":"https:\/\/api.w.org\/{rel}","templated":true}]}}