{"id":901,"date":"2014-05-09T22:18:00","date_gmt":"2014-05-09T22:18:00","guid":{"rendered":"http:\/\/elcalaixetdelaiaia.es\/bombas-rellenas-de-carne"},"modified":"2024-03-10T17:43:17","modified_gmt":"2024-03-10T17:43:17","slug":"bombas-rellenas-de-carne","status":"publish","type":"post","link":"https:\/\/elcalaixetdelaiaia.es\/?p=901","title":{"rendered":"Bombas rellenas de carne paso a paso foto a foto"},"content":{"rendered":"<p>\u00abRefrany; A totes hores creilles&#8230;..bollides, torrades o fregides\u00bbA todas horas patatas&#8230;.hervidas, asadas o fritas.<\/p>\n<p>Traigo hoy la receta de las bombas de patata, un plato que tiene mucha aceptaci\u00f3n sobre todo entre la gente joven en casa, aunque los mayores no dejan ni el perejil \u00bfeh?<\/p>\n<div class=\"separator\" style=\"clear: both; text-align: center;\"><a style=\"margin-left: 1em; margin-right: 1em;\" href=\"http:\/\/3.bp.blogspot.com\/-5Tt465WHEkg\/U2vxIiNB6wI\/AAAAAAAAMKU\/3LATiLuF4Fk\/s1600\/2014-04-26+19.07.48.jpg\"><img decoding=\"async\" loading=\"lazy\" src=\"https:\/\/elcalaixetdelaiaia.es\/wp-content\/uploads\/2014\/05\/2014-04-26-19.07.48.jpg\" width=\"640\" height=\"384\" border=\"0\" \/><\/a><\/div>\n<div class=\"separator\" style=\"clear: both; text-align: center;\"><\/div>\n<p style=\"text-align: center;\">\u00a0En \u00e9sta ocasi\u00f3n las he cocinado con carne picada de pavo y pollo,<\/p>\n<div class=\"separator\" style=\"clear: both; text-align: center;\"><a style=\"margin-left: 1em; margin-right: 1em;\" href=\"http:\/\/1.bp.blogspot.com\/-4Gn1E7FfJ1M\/U2vwcVgCA8I\/AAAAAAAAMJk\/iTdol597zP0\/s1600\/2014-04-25+21.58.50.jpg\"><img decoding=\"async\" loading=\"lazy\" src=\"https:\/\/elcalaixetdelaiaia.es\/wp-content\/uploads\/2014\/05\/2014-04-25-21.58.50.jpg\" width=\"640\" height=\"384\" border=\"0\" \/><\/a><\/div>\n<p style=\"text-align: center;\">pero las pod\u00e9is hacer con picada de ternera o cerdo, ya que son todo un acierto.<\/p>\n<p style=\"text-align: center;\">No hag\u00e1is mucho caso de las fotos, est\u00e1n hechas con un m\u00f3vil viejo, y no hacen justicia a lo riqu\u00edsimo que es este plato.<\/p>\n<p>Necesitaremos;<\/p>\n<div class=\"separator\" style=\"clear: both; text-align: center;\"><a style=\"margin-left: 1em; margin-right: 1em;\" href=\"http:\/\/3.bp.blogspot.com\/-FXm4V8UWS-g\/U2vuaXfCWpI\/AAAAAAAAMHs\/NmDcWZo3S7A\/s1600\/2014-04-25+17.32.11.jpg\"><img decoding=\"async\" loading=\"lazy\" src=\"https:\/\/elcalaixetdelaiaia.es\/wp-content\/uploads\/2014\/05\/2014-04-25-17.32.11.jpg\" width=\"640\" height=\"358\" border=\"0\" \/><\/a><\/div>\n<p>&nbsp;<\/p>\n<ol>\n<li>\u00a01k de patatas<\/li>\n<li>300 gr de pavo p\u00eccado<\/li>\n<li>300 gr de pollo picado<\/li>\n<li>\u00b73 yemas y dos huevos enteros<\/li>\n<li>Pan rallado<\/li>\n<li>Una cebolla<\/li>\n<li>Tomate frito<\/li>\n<li>Aceite de oliva<\/li>\n<li>Piment\u00f3n de la Vera<\/li>\n<li>Queso cremoso<\/li>\n<li>Perejil<\/li>\n<li>Sal<\/li>\n<li>Pimienta<\/li>\n<\/ol>\n<div class=\"separator\" style=\"clear: both; text-align: center;\"><a style=\"margin-left: 1em; margin-right: 1em;\" href=\"http:\/\/4.bp.blogspot.com\/-X_4dD4gQvBc\/U2vubkTXvlI\/AAAAAAAAMH0\/uSHR6xqbCXo\/s1600\/2014-04-25+17.37.15.jpg\"><img decoding=\"async\" loading=\"lazy\" src=\"https:\/\/elcalaixetdelaiaia.es\/wp-content\/uploads\/2014\/05\/2014-04-25-17.37.15.jpg\" width=\"640\" height=\"384\" border=\"0\" \/><\/a><\/div>\n<div style=\"text-align: center;\"><\/div>\n<div style=\"text-align: center;\">Enjuagaremos las patatas para quitarles la posible tierra y las pondremos a hervir con agua y sal<\/div>\n<div style=\"text-align: center;\"><\/div>\n<div class=\"separator\" style=\"clear: both; text-align: center;\"><a style=\"margin-left: 1em; margin-right: 1em;\" href=\"http:\/\/1.bp.blogspot.com\/-QWYWYDK5-Eg\/U2vudi8tVzI\/AAAAAAAAMH8\/zLIdu2573io\/s1600\/2014-04-25+17.38.48.jpg\"><img decoding=\"async\" loading=\"lazy\" src=\"https:\/\/elcalaixetdelaiaia.es\/wp-content\/uploads\/2014\/05\/2014-04-25-17.38.48.jpg\" width=\"640\" height=\"384\" border=\"0\" \/><\/a><\/div>\n<div style=\"text-align: center;\"><\/div>\n<div style=\"text-align: center;\">durante unos 20 minutos aproximadamente, el tiempo depende del tama\u00f1o de las patatas. Para saber si est\u00e1n listas, las pincharemos con un palo de brocheta.<\/div>\n<div style=\"text-align: center;\"><\/div>\n<div class=\"separator\" style=\"clear: both; text-align: center;\"><a style=\"margin-left: 1em; margin-right: 1em;\" href=\"http:\/\/3.bp.blogspot.com\/-7Ky2ukznGo0\/U2vu2dx9xZI\/AAAAAAAAMIU\/3B4z_F9jAls\/s1600\/2014-04-25+18.56.21.jpg\"><img decoding=\"async\" loading=\"lazy\" src=\"https:\/\/elcalaixetdelaiaia.es\/wp-content\/uploads\/2014\/05\/2014-04-25-18.56.21.jpg\" width=\"640\" height=\"384\" border=\"0\" \/><\/a><\/div>\n<div class=\"separator\" style=\"clear: both; text-align: center;\"><\/div>\n<div style=\"text-align: center;\">Las escurriremos y dejaremos enfriar lo suficiente para no quemarnos al pelarlas<\/div>\n<div style=\"text-align: center;\"><\/div>\n<div class=\"separator\" style=\"clear: both; text-align: center;\"><a style=\"margin-left: 1em; margin-right: 1em;\" href=\"http:\/\/1.bp.blogspot.com\/-vqfx-jWjbcY\/U2vuy-z-XxI\/AAAAAAAAMIE\/qhUxr6BIBTw\/s1600\/2014-04-25+19.35.54.jpg\"><img decoding=\"async\" loading=\"lazy\" src=\"https:\/\/elcalaixetdelaiaia.es\/wp-content\/uploads\/2014\/05\/2014-04-25-19.35.54.jpg\" width=\"640\" height=\"384\" border=\"0\" \/><\/a><\/div>\n<div class=\"separator\" style=\"clear: both; text-align: center;\"><\/div>\n<div class=\"separator\" style=\"clear: both; text-align: center;\">Una vez peladas las asaremos por el chino o pasapur\u00e9s. Si no ten\u00e9is las pod\u00e9is pisar simplemente con un tenedor, pero no us\u00e9is la mini pimer porque no es esa la textura que buscamos.<\/div>\n<div class=\"separator\" style=\"clear: both; text-align: center;\"><\/div>\n<div class=\"separator\" style=\"clear: both; text-align: center;\"><a style=\"margin-left: 1em; margin-right: 1em;\" href=\"http:\/\/1.bp.blogspot.com\/-nLWRMZ6qWfs\/U2vu1sMpwKI\/AAAAAAAAMIM\/dy8kjXMk3ts\/s1600\/2014-04-25+19.38.11.jpg\"><img decoding=\"async\" loading=\"lazy\" src=\"https:\/\/elcalaixetdelaiaia.es\/wp-content\/uploads\/2014\/05\/2014-04-25-19.38.11.jpg\" width=\"640\" height=\"384\" border=\"0\" \/><\/a><\/div>\n<div class=\"separator\" style=\"clear: both; text-align: center;\"><\/div>\n<div class=\"separator\" style=\"clear: both; text-align: center;\">ponemos el aceite de oliva a calentar<\/div>\n<div class=\"separator\" style=\"clear: both; text-align: center;\"><\/div>\n<div class=\"separator\" style=\"clear: both; text-align: center;\"><a style=\"margin-left: 1em; margin-right: 1em;\" href=\"http:\/\/4.bp.blogspot.com\/-pAGQNyPu_PE\/U2vvIUgzjdI\/AAAAAAAAMIc\/wRrHBQbj9lg\/s1600\/2014-04-25+19.39.48.jpg\"><img decoding=\"async\" loading=\"lazy\" src=\"https:\/\/elcalaixetdelaiaia.es\/wp-content\/uploads\/2014\/05\/2014-04-25-19.39.48.jpg\" width=\"640\" height=\"384\" border=\"0\" \/><\/a><\/div>\n<div class=\"separator\" style=\"clear: both; text-align: center;\"><\/div>\n<div class=\"separator\" style=\"clear: both; text-align: center;\">y freimos la carne<\/div>\n<div class=\"separator\" style=\"clear: both; text-align: center;\"><\/div>\n<div class=\"separator\" style=\"clear: both; text-align: center;\"><a style=\"margin-left: 1em; margin-right: 1em;\" href=\"http:\/\/4.bp.blogspot.com\/-3IEODaO_PBY\/U2vvO4B_l8I\/AAAAAAAAMIk\/4N2lriJQr0o\/s1600\/2014-04-25+19.48.01.jpg\"><img decoding=\"async\" loading=\"lazy\" src=\"https:\/\/elcalaixetdelaiaia.es\/wp-content\/uploads\/2014\/05\/2014-04-25-19.48.01.jpg\" width=\"640\" height=\"384\" border=\"0\" \/><\/a><\/div>\n<div class=\"separator\" style=\"clear: both; text-align: center;\"><\/div>\n<div class=\"separator\" style=\"clear: both; text-align: center;\">mientras tanto, en otra sart\u00e9n haremos lo mismo con la cebolla que previamente habremos pelado y rallado<\/div>\n<div class=\"separator\" style=\"clear: both; text-align: center;\"><\/div>\n<div class=\"separator\" style=\"clear: both; text-align: center;\"><a style=\"margin-left: 1em; margin-right: 1em;\" href=\"http:\/\/1.bp.blogspot.com\/-n8NkrMPdj1Q\/U2vvWOXNG3I\/AAAAAAAAMIs\/FV8WCWDp4O4\/s1600\/2014-04-25+19.56.30.jpg\"><img decoding=\"async\" loading=\"lazy\" src=\"https:\/\/elcalaixetdelaiaia.es\/wp-content\/uploads\/2014\/05\/2014-04-25-19.56.30.jpg\" width=\"640\" height=\"384\" border=\"0\" \/><\/a><\/div>\n<div class=\"separator\" style=\"clear: both; text-align: center;\"><\/div>\n<div class=\"separator\" style=\"clear: both; text-align: center;\">una vez sofrita la carne a\u00f1adimos el piment\u00f3n de la vera y salpimentamos<\/div>\n<div class=\"separator\" style=\"clear: both; text-align: center;\"><\/div>\n<div class=\"separator\" style=\"clear: both; text-align: center;\"><a style=\"margin-left: 1em; margin-right: 1em;\" href=\"http:\/\/1.bp.blogspot.com\/-yt775HG7PmE\/U21P4nQpGvI\/AAAAAAAAMLU\/67IN5nFdQ7Q\/s1600\/2014-04-25+20.03.05.jpg\"><img decoding=\"async\" loading=\"lazy\" src=\"https:\/\/elcalaixetdelaiaia.es\/wp-content\/uploads\/2014\/05\/2014-04-25-20.03.05.jpg\" width=\"640\" height=\"384\" border=\"0\" \/><\/a><\/div>\n<div class=\"separator\" style=\"clear: both; text-align: center;\"><\/div>\n<div style=\"text-align: center;\">\n<p>A\u00f1adimos el tomate y la cebolla frita y apagamos.<\/p>\n<div class=\"separator\" style=\"clear: both;\"><a style=\"margin-left: 1em; margin-right: 1em;\" href=\"http:\/\/1.bp.blogspot.com\/-m7atViLrWB8\/U21PwEOOhzI\/AAAAAAAAMLM\/uLZa0xR8w34\/s1600\/2014-04-25+20.25.30.jpg\"><img decoding=\"async\" loading=\"lazy\" src=\"https:\/\/elcalaixetdelaiaia.es\/wp-content\/uploads\/2014\/05\/2014-04-25-20.25.30.jpg\" width=\"640\" height=\"384\" border=\"0\" \/><\/a><\/div>\n<p>En un bol, mezclamos las tres yemas de huevo con el pur\u00e9 de patatas y rectificamos de sal<\/p>\n<div class=\"separator\" style=\"clear: both;\"><a style=\"margin-left: 1em; margin-right: 1em;\" href=\"http:\/\/4.bp.blogspot.com\/-L7u_li4m0AU\/U21P5qDh-mI\/AAAAAAAAMLc\/pHROnL372hc\/s1600\/2014-04-25+20.45.27.jpg\"><img decoding=\"async\" loading=\"lazy\" src=\"https:\/\/elcalaixetdelaiaia.es\/wp-content\/uploads\/2014\/05\/2014-04-25-20.45.27.jpg\" width=\"640\" height=\"384\" border=\"0\" \/><\/a><\/div>\n<p>formamos unas tortitas con el pur\u00e9 de patatas y en el centro ponemos el relleno junto a dos bueos trozos de queso cremoso, yo he usado el queso rojo de Reny Picott, y formamos unas bolas<\/p>\n<div class=\"separator\" style=\"clear: both;\"><a style=\"margin-left: 1em; margin-right: 1em;\" href=\"http:\/\/1.bp.blogspot.com\/-8-dG6p-Jf8w\/U21QG6WO3MI\/AAAAAAAAMLk\/SLZ1sRowPLY\/s1600\/2014-04-25+21.34.00.jpg\"><img decoding=\"async\" loading=\"lazy\" src=\"https:\/\/elcalaixetdelaiaia.es\/wp-content\/uploads\/2014\/05\/2014-04-25-21.34.00.jpg\" width=\"640\" height=\"384\" border=\"0\" \/><\/a><\/div>\n<p>preparamos en dos platos o bol el pan rallado en uno y batimos dos huevos en el otro<\/p>\n<div class=\"separator\" style=\"clear: both;\"><a style=\"margin-left: 1em; margin-right: 1em;\" href=\"http:\/\/4.bp.blogspot.com\/-YAssxc-bCTk\/U21QQjS_2nI\/AAAAAAAAMLs\/4y29k32dpuo\/s1600\/2014-04-25+21.38.52.jpg\"><img decoding=\"async\" loading=\"lazy\" src=\"https:\/\/elcalaixetdelaiaia.es\/wp-content\/uploads\/2014\/05\/2014-04-25-21.38.52.jpg\" width=\"640\" height=\"384\" border=\"0\" \/><\/a><\/div>\n<p>pasamos las bolas primero por pan rallado y luego por los huevos batidos<\/p>\n<div class=\"separator\" style=\"clear: both;\"><a style=\"margin-left: 1em; margin-right: 1em;\" href=\"http:\/\/3.bp.blogspot.com\/-TQpJoxDWVa8\/U21QR5siVeI\/AAAAAAAAML0\/kaxXSEd19Lc\/s1600\/2014-04-25+21.39.11.jpg\"><img decoding=\"async\" loading=\"lazy\" src=\"https:\/\/elcalaixetdelaiaia.es\/wp-content\/uploads\/2014\/05\/2014-04-25-21.39.11.jpg\" width=\"640\" height=\"384\" border=\"0\" \/><\/a><\/div>\n<p>y freimos en el aceite muy caliente a fuego medio procurando que se doren por toda la superficie igual<\/p>\n<div class=\"separator\" style=\"clear: both;\"><a style=\"margin-left: 1em; margin-right: 1em;\" href=\"http:\/\/3.bp.blogspot.com\/-cJXPTkzNCgQ\/U21QxFUbr_I\/AAAAAAAAMMI\/hE3dqHKjozA\/s1600\/2014-04-25+22.00.18.jpg\"><img decoding=\"async\" loading=\"lazy\" src=\"https:\/\/elcalaixetdelaiaia.es\/wp-content\/uploads\/2014\/05\/2014-04-25-22.00.18.jpg\" width=\"640\" height=\"384\" border=\"0\" \/><\/a><\/div>\n<div class=\"separator\" style=\"clear: both;\"><\/div>\n<p>las vamos colocando sobre papel de cocina para que absorban el exceso de aceite<\/p>\n<div class=\"separator\" style=\"clear: both;\"><a style=\"margin-left: 1em; margin-right: 1em;\" href=\"http:\/\/3.bp.blogspot.com\/-Trcgo_JYXh0\/U21QjXthGwI\/AAAAAAAAML8\/F23B3nJkH3s\/s1600\/2014-04-25+21.59.06.jpg\"><img decoding=\"async\" loading=\"lazy\" src=\"https:\/\/elcalaixetdelaiaia.es\/wp-content\/uploads\/2014\/05\/2014-04-25-21.59.06.jpg\" width=\"640\" height=\"384\" border=\"0\" \/><\/a><\/div>\n<div class=\"separator\" style=\"clear: both;\"><\/div>\n<p>las podemos decorar con ketchup y mostaza<\/p>\n<div class=\"separator\" style=\"clear: both;\"><a style=\"margin-left: 1em; margin-right: 1em;\" href=\"http:\/\/3.bp.blogspot.com\/-HkVh-vLv0pY\/U21Q7oYd4FI\/AAAAAAAAMMU\/K4cOsC81oTI\/s1600\/2014-04-26+19.07.13.jpg\"><img decoding=\"async\" loading=\"lazy\" src=\"https:\/\/elcalaixetdelaiaia.es\/wp-content\/uploads\/2014\/05\/2014-04-26-19.07.13.jpg\" width=\"640\" height=\"384\" border=\"0\" \/><\/a><\/div>\n<p>o con mayonesa, ajonesa o all i oli<\/p>\n<div class=\"separator\" style=\"clear: both;\"><a style=\"margin-left: 1em; margin-right: 1em;\" href=\"http:\/\/2.bp.blogspot.com\/-RAz7FCangGc\/U21QxDvxuMI\/AAAAAAAAMMM\/K6pIlcmr6aM\/s1600\/2014-04-25+22.00.26.jpg\"><img decoding=\"async\" loading=\"lazy\" src=\"https:\/\/elcalaixetdelaiaia.es\/wp-content\/uploads\/2014\/05\/2014-04-25-22.00.26.jpg\" width=\"640\" height=\"384\" border=\"0\" \/><\/a><\/div>\n<p>as\u00ed quedan por dentro nuestras bombas rellenas de carne. Mmmmm riquisimas.<\/p>\n<div class=\"separator\" style=\"clear: both;\"><a style=\"margin-left: 1em; margin-right: 1em;\" href=\"http:\/\/2.bp.blogspot.com\/-Pjdu9MvT2lk\/U21RFi6SmcI\/AAAAAAAAMMc\/Od8lakYZaAk\/s1600\/2014-04-26+19.07.28.jpg\"><img decoding=\"async\" loading=\"lazy\" src=\"https:\/\/elcalaixetdelaiaia.es\/wp-content\/uploads\/2014\/05\/2014-04-26-19.07.28.jpg\" width=\"640\" height=\"384\" border=\"0\" \/><\/a><\/div>\n<p>servirlas calientes. \u00abA la taula i&#8230; BON PROFIT\u00bb<br \/>\nSi te gusta mi receta, puedes compartirla para que llegue a m\u00e1s gente.<br \/>\nEspero tus comentarios y recuerda que tambi\u00e9n estoy en Facebook\u00a0<a href=\"https:\/\/www.facebook.com\/El-calaixet-de-la-iaia-533062140099386\/\">https:\/\/www.facebook.com\/El-calaixet-de-la-iaia-533062140099386\/<\/a><\/p>\n<\/div>\n","protected":false},"excerpt":{"rendered":"<p>\u00abRefrany; A totes hores creilles&#8230;..bollides, torrades o fregides\u00bbA todas horas patatas&#8230;.hervidas, asadas o fritas. Traigo hoy la receta de las bombas de patata, un plato que tiene mucha aceptaci\u00f3n sobre todo entre la gente joven en casa, aunque los mayores no dejan ni el perejil \u00bfeh? \u00a0En \u00e9sta ocasi\u00f3n las &hellip; <\/p>\n","protected":false},"author":2,"featured_media":10842,"comment_status":"open","ping_status":"open","sticky":false,"template":"","format":"standard","meta":[],"categories":[40,1],"tags":[],"_links":{"self":[{"href":"https:\/\/elcalaixetdelaiaia.es\/index.php?rest_route=\/wp\/v2\/posts\/901"}],"collection":[{"href":"https:\/\/elcalaixetdelaiaia.es\/index.php?rest_route=\/wp\/v2\/posts"}],"about":[{"href":"https:\/\/elcalaixetdelaiaia.es\/index.php?rest_route=\/wp\/v2\/types\/post"}],"author":[{"embeddable":true,"href":"https:\/\/elcalaixetdelaiaia.es\/index.php?rest_route=\/wp\/v2\/users\/2"}],"replies":[{"embeddable":true,"href":"https:\/\/elcalaixetdelaiaia.es\/index.php?rest_route=%2Fwp%2Fv2%2Fcomments&post=901"}],"version-history":[{"count":6,"href":"https:\/\/elcalaixetdelaiaia.es\/index.php?rest_route=\/wp\/v2\/posts\/901\/revisions"}],"predecessor-version":[{"id":27255,"href":"https:\/\/elcalaixetdelaiaia.es\/index.php?rest_route=\/wp\/v2\/posts\/901\/revisions\/27255"}],"wp:featuredmedia":[{"embeddable":true,"href":"https:\/\/elcalaixetdelaiaia.es\/index.php?rest_route=\/wp\/v2\/media\/10842"}],"wp:attachment":[{"href":"https:\/\/elcalaixetdelaiaia.es\/index.php?rest_route=%2Fwp%2Fv2%2Fmedia&parent=901"}],"wp:term":[{"taxonomy":"category","embeddable":true,"href":"https:\/\/elcalaixetdelaiaia.es\/index.php?rest_route=%2Fwp%2Fv2%2Fcategories&post=901"},{"taxonomy":"post_tag","embeddable":true,"href":"https:\/\/elcalaixetdelaiaia.es\/index.php?rest_route=%2Fwp%2Fv2%2Ftags&post=901"}],"curies":[{"name":"wp","href":"https:\/\/api.w.org\/{rel}","templated":true}]}}