{"id":90,"date":"2018-02-14T11:29:29","date_gmt":"2018-02-14T11:29:29","guid":{"rendered":"http:\/\/elcalaixetdelaiaia.es\/?p=90"},"modified":"2024-02-11T15:00:42","modified_gmt":"2024-02-11T15:00:42","slug":"panacotta-de-san-valentin","status":"publish","type":"post","link":"https:\/\/elcalaixetdelaiaia.es\/?p=90","title":{"rendered":"Panna cotta de San Valent\u00edn  paso a paso foto a foto"},"content":{"rendered":"<div class=\"fauxcolumn-outer fauxcolumn-center-outer\">\n<div class=\"cap-top\">\u00a0\u00abRefrany;<span class=\"st\"> No oblides cuidar-lo, no oblides voler-lo, per si dem\u00e0 en lloc de veure-lo&#8230; et toca nom\u00e9s recordar-lo\u00bb<\/span><\/div>\n<div>No olvides cuidarlo, no olvides amarlo, por si ma\u00f1ana en lugar de verlo&#8230; te toca s\u00f3lo recordarlo.<\/div>\n<div><\/div>\n<\/div>\n<div><strong><em>Panna cotta de San Valent\u00edn\u00a0<\/em><\/strong><\/div>\n<div>D\u00eda de San Valent\u00edn&#8230; el segundo sin mi amor, que hace un a\u00f1o, apenas hac\u00eda unos d\u00edas que se hab\u00eda ido para siempre.<\/div>\n<div><\/div>\n<div>Os pongo la receta con la suficiente antelaci\u00f3n por si quer\u00e9is sorprender a vuestra chica o chico prepar\u00e1ndola para una cena o comida especial, con la familia, y si no ten\u00e9is chico o chica&#8230; para vosotros mismos, que los que estamos solos, tambi\u00e9n nos tenemos que endulzar la vida \u00bfno?<\/div>\n<div>Incluso \u00e9sta panna cotta, pod\u00e9is hacerla cualquier d\u00eda y si no quer\u00e9is poner un coraz\u00f3n de gelatina, se puede poner cualquier tipo de molde cortador y hacer puntitos, estrellas&#8230; lo que se os ocurra.<\/div>\n<div>Necesitaremos para cuatro;<\/div>\n<div><\/div>\n<div><img decoding=\"async\" loading=\"lazy\" class=\"alignnone size-large wp-image-15532\" src=\"https:\/\/elcalaixetdelaiaia.es\/wp-content\/uploads\/2018\/01\/IMG_1857-1024x768.png\" alt=\"\" width=\"750\" height=\"563\" srcset=\"https:\/\/elcalaixetdelaiaia.es\/wp-content\/uploads\/2018\/01\/IMG_1857-1024x768.png 1024w, https:\/\/elcalaixetdelaiaia.es\/wp-content\/uploads\/2018\/01\/IMG_1857-300x225.png 300w, https:\/\/elcalaixetdelaiaia.es\/wp-content\/uploads\/2018\/01\/IMG_1857-768x576.png 768w, https:\/\/elcalaixetdelaiaia.es\/wp-content\/uploads\/2018\/01\/IMG_1857.png 1600w\" sizes=\"(max-width: 750px) 100vw, 750px\" \/><\/div>\n<div class=\"fauxcolumn-outer fauxcolumn-center-outer\">\n<div class=\"cap-bottom\">\n<ol>\n<li>10ml de leche entera<\/li>\n<li>400ml de nata de montar<\/li>\n<li>Un sobre de gelatina de fresa<\/li>\n<li>30g de az\u00facar blanquilla<\/li>\n<li>Tres l\u00e1minas de gelatina<\/li>\n<li>120g de chocolate blanco postres<\/li>\n<li>Una cucharadita de esencia de vainilla<\/li>\n<\/ol>\n<p style=\"text-align: center;\">Comenzaremos preparando la gelatina roja ya que necesita un m\u00ednimo de dos horas de reposo en frigo para gelatinizarse. <img decoding=\"async\" loading=\"lazy\" class=\"alignnone size-large wp-image-15504\" src=\"https:\/\/elcalaixetdelaiaia.es\/wp-content\/uploads\/2018\/01\/IMG_1858-1024x768.png\" alt=\"\" width=\"750\" height=\"563\" srcset=\"https:\/\/elcalaixetdelaiaia.es\/wp-content\/uploads\/2018\/01\/IMG_1858-1024x768.png 1024w, https:\/\/elcalaixetdelaiaia.es\/wp-content\/uploads\/2018\/01\/IMG_1858-300x225.png 300w, https:\/\/elcalaixetdelaiaia.es\/wp-content\/uploads\/2018\/01\/IMG_1858-768x576.png 768w, https:\/\/elcalaixetdelaiaia.es\/wp-content\/uploads\/2018\/01\/IMG_1858.png 1600w\" sizes=\"(max-width: 750px) 100vw, 750px\" \/><\/p>\n<\/div>\n<\/div>\n<p style=\"text-align: center;\">Pondremos a hervir en un cazo 250ml de agua<\/p>\n<p style=\"text-align: center;\"><img decoding=\"async\" loading=\"lazy\" class=\"alignnone size-large wp-image-15508\" src=\"https:\/\/elcalaixetdelaiaia.es\/wp-content\/uploads\/2018\/01\/IMG_1862-1024x768.png\" alt=\"\" width=\"750\" height=\"563\" srcset=\"https:\/\/elcalaixetdelaiaia.es\/wp-content\/uploads\/2018\/01\/IMG_1862-1024x768.png 1024w, https:\/\/elcalaixetdelaiaia.es\/wp-content\/uploads\/2018\/01\/IMG_1862-300x225.png 300w, https:\/\/elcalaixetdelaiaia.es\/wp-content\/uploads\/2018\/01\/IMG_1862-768x576.png 768w, https:\/\/elcalaixetdelaiaia.es\/wp-content\/uploads\/2018\/01\/IMG_1862.png 1600w\" sizes=\"(max-width: 750px) 100vw, 750px\" \/><\/p>\n<p style=\"text-align: center;\">cuando comience a hervir a\u00f1adiremos los polvos de la gelatina removeremos y cuando hierva retiraremos del fuego<\/p>\n<p style=\"text-align: center;\"><img decoding=\"async\" loading=\"lazy\" class=\"alignnone size-large wp-image-15511\" src=\"https:\/\/elcalaixetdelaiaia.es\/wp-content\/uploads\/2018\/01\/IMG_1865-1024x768.png\" alt=\"\" width=\"750\" height=\"563\" srcset=\"https:\/\/elcalaixetdelaiaia.es\/wp-content\/uploads\/2018\/01\/IMG_1865-1024x768.png 1024w, https:\/\/elcalaixetdelaiaia.es\/wp-content\/uploads\/2018\/01\/IMG_1865-300x225.png 300w, https:\/\/elcalaixetdelaiaia.es\/wp-content\/uploads\/2018\/01\/IMG_1865-768x576.png 768w, https:\/\/elcalaixetdelaiaia.es\/wp-content\/uploads\/2018\/01\/IMG_1865.png 1600w\" sizes=\"(max-width: 750px) 100vw, 750px\" \/><\/p>\n<p style=\"text-align: center;\">a\u00f1adiremos otros 250ml de agua fr\u00eda una vez fuera del fuego,<\/p>\n<p style=\"text-align: center;\"><img decoding=\"async\" loading=\"lazy\" class=\"alignnone size-large wp-image-15510\" src=\"https:\/\/elcalaixetdelaiaia.es\/wp-content\/uploads\/2018\/01\/IMG_1864-1024x768.png\" alt=\"\" width=\"750\" height=\"563\" srcset=\"https:\/\/elcalaixetdelaiaia.es\/wp-content\/uploads\/2018\/01\/IMG_1864-1024x768.png 1024w, https:\/\/elcalaixetdelaiaia.es\/wp-content\/uploads\/2018\/01\/IMG_1864-300x225.png 300w, https:\/\/elcalaixetdelaiaia.es\/wp-content\/uploads\/2018\/01\/IMG_1864-768x576.png 768w, https:\/\/elcalaixetdelaiaia.es\/wp-content\/uploads\/2018\/01\/IMG_1864.png 1600w\" sizes=\"(max-width: 750px) 100vw, 750px\" \/><\/p>\n<p style=\"text-align: center;\">y mezclaremos bien<\/p>\n<p style=\"text-align: center;\"><img decoding=\"async\" loading=\"lazy\" class=\"alignnone size-large wp-image-15507\" src=\"https:\/\/elcalaixetdelaiaia.es\/wp-content\/uploads\/2018\/01\/IMG_1861-1024x768.png\" alt=\"\" width=\"750\" height=\"563\" srcset=\"https:\/\/elcalaixetdelaiaia.es\/wp-content\/uploads\/2018\/01\/IMG_1861-1024x768.png 1024w, https:\/\/elcalaixetdelaiaia.es\/wp-content\/uploads\/2018\/01\/IMG_1861-300x225.png 300w, https:\/\/elcalaixetdelaiaia.es\/wp-content\/uploads\/2018\/01\/IMG_1861-768x576.png 768w, https:\/\/elcalaixetdelaiaia.es\/wp-content\/uploads\/2018\/01\/IMG_1861.png 1600w\" sizes=\"(max-width: 750px) 100vw, 750px\" \/><\/p>\n<p style=\"text-align: center;\">pincelaremos con mantequilla unos moldes<\/p>\n<p style=\"text-align: center;\"><img decoding=\"async\" loading=\"lazy\" class=\"alignnone size-large wp-image-15513\" src=\"https:\/\/elcalaixetdelaiaia.es\/wp-content\/uploads\/2018\/01\/IMG_1867-1024x768.png\" alt=\"\" width=\"750\" height=\"563\" srcset=\"https:\/\/elcalaixetdelaiaia.es\/wp-content\/uploads\/2018\/01\/IMG_1867-1024x768.png 1024w, https:\/\/elcalaixetdelaiaia.es\/wp-content\/uploads\/2018\/01\/IMG_1867-300x225.png 300w, https:\/\/elcalaixetdelaiaia.es\/wp-content\/uploads\/2018\/01\/IMG_1867-768x576.png 768w, https:\/\/elcalaixetdelaiaia.es\/wp-content\/uploads\/2018\/01\/IMG_1867.png 1498w\" sizes=\"(max-width: 750px) 100vw, 750px\" \/><\/p>\n<p style=\"text-align: center;\">y repartiremos en ellos la gelatina que dejaremos enfriar m\u00ednimo dos horas. Dejaremos toda la noche y todo el d\u00eda siguiente, cubriendo los recipientes con papel film.A la hora de montar los vasitos prepararemos la panna cotta, comenzaremos troceando el chocolate blanco y reservaremos<img decoding=\"async\" loading=\"lazy\" class=\"alignnone size-large wp-image-15506\" src=\"https:\/\/elcalaixetdelaiaia.es\/wp-content\/uploads\/2018\/01\/IMG_1860-1024x768.png\" alt=\"\" width=\"750\" height=\"563\" srcset=\"https:\/\/elcalaixetdelaiaia.es\/wp-content\/uploads\/2018\/01\/IMG_1860-1024x768.png 1024w, https:\/\/elcalaixetdelaiaia.es\/wp-content\/uploads\/2018\/01\/IMG_1860-300x225.png 300w, https:\/\/elcalaixetdelaiaia.es\/wp-content\/uploads\/2018\/01\/IMG_1860-768x576.png 768w, https:\/\/elcalaixetdelaiaia.es\/wp-content\/uploads\/2018\/01\/IMG_1860.png 1600w\" sizes=\"(max-width: 750px) 100vw, 750px\" \/><\/p>\n<p style=\"text-align: center;\">pondremos a hidratar en un bol con agua fr\u00eda tres l\u00e1minas de gelatina<\/p>\n<p style=\"text-align: center;\"><img decoding=\"async\" loading=\"lazy\" class=\"alignnone size-large wp-image-15521\" src=\"https:\/\/elcalaixetdelaiaia.es\/wp-content\/uploads\/2018\/01\/IMG_1872-1024x768.png\" alt=\"\" width=\"750\" height=\"563\" srcset=\"https:\/\/elcalaixetdelaiaia.es\/wp-content\/uploads\/2018\/01\/IMG_1872-1024x768.png 1024w, https:\/\/elcalaixetdelaiaia.es\/wp-content\/uploads\/2018\/01\/IMG_1872-300x225.png 300w, https:\/\/elcalaixetdelaiaia.es\/wp-content\/uploads\/2018\/01\/IMG_1872-768x576.png 768w, https:\/\/elcalaixetdelaiaia.es\/wp-content\/uploads\/2018\/01\/IMG_1872.png 1600w\" sizes=\"(max-width: 750px) 100vw, 750px\" \/><\/p>\n<p style=\"text-align: center;\">y dejaremos hidratar seg\u00fan las instrucciones del fabricante<\/p>\n<p style=\"text-align: center;\"><img decoding=\"async\" loading=\"lazy\" class=\"alignnone size-large wp-image-15509\" src=\"https:\/\/elcalaixetdelaiaia.es\/wp-content\/uploads\/2018\/01\/IMG_1863-1024x768.png\" alt=\"\" width=\"750\" height=\"563\" srcset=\"https:\/\/elcalaixetdelaiaia.es\/wp-content\/uploads\/2018\/01\/IMG_1863-1024x768.png 1024w, https:\/\/elcalaixetdelaiaia.es\/wp-content\/uploads\/2018\/01\/IMG_1863-300x225.png 300w, https:\/\/elcalaixetdelaiaia.es\/wp-content\/uploads\/2018\/01\/IMG_1863-768x576.png 768w, https:\/\/elcalaixetdelaiaia.es\/wp-content\/uploads\/2018\/01\/IMG_1863.png 1600w\" sizes=\"(max-width: 750px) 100vw, 750px\" \/><\/p>\n<p style=\"text-align: center;\">seguiremos poniendo en un bol la nata<\/p>\n<p style=\"text-align: center;\"><img decoding=\"async\" loading=\"lazy\" class=\"alignnone size-large wp-image-15520\" src=\"https:\/\/elcalaixetdelaiaia.es\/wp-content\/uploads\/2018\/01\/IMG_1871-1024x768.png\" alt=\"\" width=\"750\" height=\"563\" srcset=\"https:\/\/elcalaixetdelaiaia.es\/wp-content\/uploads\/2018\/01\/IMG_1871-1024x768.png 1024w, https:\/\/elcalaixetdelaiaia.es\/wp-content\/uploads\/2018\/01\/IMG_1871-300x225.png 300w, https:\/\/elcalaixetdelaiaia.es\/wp-content\/uploads\/2018\/01\/IMG_1871-768x576.png 768w, https:\/\/elcalaixetdelaiaia.es\/wp-content\/uploads\/2018\/01\/IMG_1871.png 1600w\" sizes=\"(max-width: 750px) 100vw, 750px\" \/><\/p>\n<p style=\"text-align: center;\">la leche<\/p>\n<p style=\"text-align: center;\"><img decoding=\"async\" loading=\"lazy\" class=\"alignnone size-large wp-image-15517\" src=\"https:\/\/elcalaixetdelaiaia.es\/wp-content\/uploads\/2018\/01\/IMG_1868-1024x768.png\" alt=\"\" width=\"750\" height=\"563\" srcset=\"https:\/\/elcalaixetdelaiaia.es\/wp-content\/uploads\/2018\/01\/IMG_1868-1024x768.png 1024w, https:\/\/elcalaixetdelaiaia.es\/wp-content\/uploads\/2018\/01\/IMG_1868-300x225.png 300w, https:\/\/elcalaixetdelaiaia.es\/wp-content\/uploads\/2018\/01\/IMG_1868-768x576.png 768w, https:\/\/elcalaixetdelaiaia.es\/wp-content\/uploads\/2018\/01\/IMG_1868.png 1600w\" sizes=\"(max-width: 750px) 100vw, 750px\" \/><\/p>\n<p style=\"text-align: center;\">la vainilla<\/p>\n<p style=\"text-align: center;\"><img decoding=\"async\" loading=\"lazy\" class=\"alignnone size-large wp-image-15518\" src=\"https:\/\/elcalaixetdelaiaia.es\/wp-content\/uploads\/2018\/01\/IMG_1869-1024x768.png\" alt=\"\" width=\"750\" height=\"563\" srcset=\"https:\/\/elcalaixetdelaiaia.es\/wp-content\/uploads\/2018\/01\/IMG_1869-1024x768.png 1024w, https:\/\/elcalaixetdelaiaia.es\/wp-content\/uploads\/2018\/01\/IMG_1869-300x225.png 300w, https:\/\/elcalaixetdelaiaia.es\/wp-content\/uploads\/2018\/01\/IMG_1869-768x576.png 768w, https:\/\/elcalaixetdelaiaia.es\/wp-content\/uploads\/2018\/01\/IMG_1869.png 1600w\" sizes=\"(max-width: 750px) 100vw, 750px\" \/><\/p>\n<p style=\"text-align: center;\">y el az\u00facar, removeremos bien y pondremos en el micro a m\u00e1xima potencia, el tiempo necesario hasta que veamos que levanta el hervor. Sacaremos del micro y a\u00f1adiremos poco a poco el chocolate troceado, e iremos removiendo hasta que con el calor se derrita completamente<\/p>\n<p style=\"text-align: center;\"><img decoding=\"async\" loading=\"lazy\" class=\"alignnone size-large wp-image-15519\" src=\"https:\/\/elcalaixetdelaiaia.es\/wp-content\/uploads\/2018\/01\/IMG_1870-1024x768.png\" alt=\"\" width=\"750\" height=\"563\" srcset=\"https:\/\/elcalaixetdelaiaia.es\/wp-content\/uploads\/2018\/01\/IMG_1870-1024x768.png 1024w, https:\/\/elcalaixetdelaiaia.es\/wp-content\/uploads\/2018\/01\/IMG_1870-300x225.png 300w, https:\/\/elcalaixetdelaiaia.es\/wp-content\/uploads\/2018\/01\/IMG_1870-768x576.png 768w, https:\/\/elcalaixetdelaiaia.es\/wp-content\/uploads\/2018\/01\/IMG_1870.png 1434w\" sizes=\"(max-width: 750px) 100vw, 750px\" \/><\/p>\n<p style=\"text-align: center;\">Escurrimos bien las hojas de gelatina y las incorporamos a la crema. Dejaremos reposar a temperatura ambiente porque la hemos de usar templada. Este paso es importante ya que si nos precipitamos a ponerla en los vasos fundir\u00e1 la gelatina y estropearemos los corazones.<br \/>\nTardaremos en tenerla a punto aproximadamente media hora.<\/p>\n<p style=\"text-align: center;\"><img decoding=\"async\" loading=\"lazy\" class=\"alignnone size-large wp-image-15516\" src=\"https:\/\/elcalaixetdelaiaia.es\/wp-content\/uploads\/2018\/01\/IMG_1867c-1024x768.png\" alt=\"\" width=\"750\" height=\"563\" srcset=\"https:\/\/elcalaixetdelaiaia.es\/wp-content\/uploads\/2018\/01\/IMG_1867c-1024x768.png 1024w, https:\/\/elcalaixetdelaiaia.es\/wp-content\/uploads\/2018\/01\/IMG_1867c-300x225.png 300w, https:\/\/elcalaixetdelaiaia.es\/wp-content\/uploads\/2018\/01\/IMG_1867c-768x576.png 768w, https:\/\/elcalaixetdelaiaia.es\/wp-content\/uploads\/2018\/01\/IMG_1867c.png 1600w\" sizes=\"(max-width: 750px) 100vw, 750px\" \/><\/p>\n<p style=\"text-align: center;\">Mientras se atempera la panna cotta iremos preparando los vasitos<\/p>\n<p style=\"text-align: center;\"><img decoding=\"async\" loading=\"lazy\" class=\"alignnone size-large wp-image-15514\" src=\"https:\/\/elcalaixetdelaiaia.es\/wp-content\/uploads\/2018\/01\/IMG_1867a-1024x768.png\" alt=\"\" width=\"750\" height=\"563\" srcset=\"https:\/\/elcalaixetdelaiaia.es\/wp-content\/uploads\/2018\/01\/IMG_1867a-1024x768.png 1024w, https:\/\/elcalaixetdelaiaia.es\/wp-content\/uploads\/2018\/01\/IMG_1867a-300x225.png 300w, https:\/\/elcalaixetdelaiaia.es\/wp-content\/uploads\/2018\/01\/IMG_1867a-768x576.png 768w, https:\/\/elcalaixetdelaiaia.es\/wp-content\/uploads\/2018\/01\/IMG_1867a.png 1600w\" sizes=\"(max-width: 750px) 100vw, 750px\" \/><\/p>\n<p style=\"text-align: center;\">para ello necesitamos unos cortadores de corazones<\/p>\n<p style=\"text-align: center;\"><img decoding=\"async\" loading=\"lazy\" class=\"alignnone size-large wp-image-15515\" src=\"https:\/\/elcalaixetdelaiaia.es\/wp-content\/uploads\/2018\/01\/IMG_1867b-1024x768.png\" alt=\"\" width=\"750\" height=\"563\" srcset=\"https:\/\/elcalaixetdelaiaia.es\/wp-content\/uploads\/2018\/01\/IMG_1867b-1024x768.png 1024w, https:\/\/elcalaixetdelaiaia.es\/wp-content\/uploads\/2018\/01\/IMG_1867b-300x225.png 300w, https:\/\/elcalaixetdelaiaia.es\/wp-content\/uploads\/2018\/01\/IMG_1867b-768x576.png 768w, https:\/\/elcalaixetdelaiaia.es\/wp-content\/uploads\/2018\/01\/IMG_1867b.png 1600w\" sizes=\"(max-width: 750px) 100vw, 750px\" \/><\/p>\n<p style=\"text-align: center;\">de varios tama\u00f1os. Iremos introduciendo en la gelatina y formando las figuras<\/p>\n<p style=\"text-align: center;\"><img decoding=\"async\" loading=\"lazy\" class=\"alignnone size-large wp-image-15524\" src=\"https:\/\/elcalaixetdelaiaia.es\/wp-content\/uploads\/2018\/01\/IMG_1886-1024x768.png\" alt=\"\" width=\"750\" height=\"563\" srcset=\"https:\/\/elcalaixetdelaiaia.es\/wp-content\/uploads\/2018\/01\/IMG_1886-1024x768.png 1024w, https:\/\/elcalaixetdelaiaia.es\/wp-content\/uploads\/2018\/01\/IMG_1886-300x225.png 300w, https:\/\/elcalaixetdelaiaia.es\/wp-content\/uploads\/2018\/01\/IMG_1886-768x576.png 768w, https:\/\/elcalaixetdelaiaia.es\/wp-content\/uploads\/2018\/01\/IMG_1886.png 1600w\" sizes=\"(max-width: 750px) 100vw, 750px\" \/><\/p>\n<p style=\"text-align: center;\">En las copas o vasos elegidos colocaremos a media altura los corazones de gelatina<\/p>\n<p style=\"text-align: center;\"><img decoding=\"async\" loading=\"lazy\" class=\"alignnone size-large wp-image-15523\" src=\"https:\/\/elcalaixetdelaiaia.es\/wp-content\/uploads\/2018\/01\/IMG_1882-1024x768.png\" alt=\"\" width=\"750\" height=\"563\" srcset=\"https:\/\/elcalaixetdelaiaia.es\/wp-content\/uploads\/2018\/01\/IMG_1882-1024x768.png 1024w, https:\/\/elcalaixetdelaiaia.es\/wp-content\/uploads\/2018\/01\/IMG_1882-300x225.png 300w, https:\/\/elcalaixetdelaiaia.es\/wp-content\/uploads\/2018\/01\/IMG_1882-768x576.png 768w, https:\/\/elcalaixetdelaiaia.es\/wp-content\/uploads\/2018\/01\/IMG_1882.png 1600w\" sizes=\"(max-width: 750px) 100vw, 750px\" \/><\/p>\n<p style=\"text-align: center;\">peg\u00e1ndolos al cristal. Este postre es muy dulce e hincha mucho, os recomiendo que utilic\u00e9is copitas o vasitos de tama\u00f1o m\u00e1s bien peque\u00f1o, aunque todo depende de si la comida o cena ha sido abundante o ligera<\/p>\n<p style=\"text-align: center;\"><img decoding=\"async\" loading=\"lazy\" class=\"alignnone size-large wp-image-15522\" src=\"https:\/\/elcalaixetdelaiaia.es\/wp-content\/uploads\/2018\/01\/IMG_1881-1024x768.png\" alt=\"\" width=\"750\" height=\"563\" srcset=\"https:\/\/elcalaixetdelaiaia.es\/wp-content\/uploads\/2018\/01\/IMG_1881-1024x768.png 1024w, https:\/\/elcalaixetdelaiaia.es\/wp-content\/uploads\/2018\/01\/IMG_1881-300x225.png 300w, https:\/\/elcalaixetdelaiaia.es\/wp-content\/uploads\/2018\/01\/IMG_1881-768x576.png 768w, https:\/\/elcalaixetdelaiaia.es\/wp-content\/uploads\/2018\/01\/IMG_1881.png 1600w\" sizes=\"(max-width: 750px) 100vw, 750px\" \/><\/p>\n<p style=\"text-align: center;\">antes de que se enfr\u00ede la panacotta, pero no est\u00e9 lo suficientemente caliente como para derretir la gelatina, la introduciremos con cuidado por el centro de la copa o vasito. Las mantendremos en el frigo hasta el momento de consumir, pues se ha de comer cuanto mas fresquito mejor.<\/p>\n<p style=\"text-align: center;\"><img decoding=\"async\" loading=\"lazy\" class=\"alignnone size-large wp-image-15531\" src=\"https:\/\/elcalaixetdelaiaia.es\/wp-content\/uploads\/2018\/01\/IMG_1879-1024x768.png\" alt=\"\" width=\"750\" height=\"563\" srcset=\"https:\/\/elcalaixetdelaiaia.es\/wp-content\/uploads\/2018\/01\/IMG_1879-1024x768.png 1024w, https:\/\/elcalaixetdelaiaia.es\/wp-content\/uploads\/2018\/01\/IMG_1879-300x225.png 300w, https:\/\/elcalaixetdelaiaia.es\/wp-content\/uploads\/2018\/01\/IMG_1879-768x576.png 768w, https:\/\/elcalaixetdelaiaia.es\/wp-content\/uploads\/2018\/01\/IMG_1879.png 1600w\" sizes=\"(max-width: 750px) 100vw, 750px\" \/><\/p>\n<p style=\"text-align: center;\"><span class=\"st\">La panna cotta, es un postre tradicional italiano de la zona de Piamonte, seg\u00fan tengo entendido<\/span><\/p>\n<p style=\"text-align: center;\"><img decoding=\"async\" loading=\"lazy\" class=\"alignnone size-large wp-image-15530\" src=\"https:\/\/elcalaixetdelaiaia.es\/wp-content\/uploads\/2018\/01\/IMG_1878-1024x768.png\" alt=\"\" width=\"750\" height=\"563\" srcset=\"https:\/\/elcalaixetdelaiaia.es\/wp-content\/uploads\/2018\/01\/IMG_1878-1024x768.png 1024w, https:\/\/elcalaixetdelaiaia.es\/wp-content\/uploads\/2018\/01\/IMG_1878-300x225.png 300w, https:\/\/elcalaixetdelaiaia.es\/wp-content\/uploads\/2018\/01\/IMG_1878-768x576.png 768w, https:\/\/elcalaixetdelaiaia.es\/wp-content\/uploads\/2018\/01\/IMG_1878.png 1600w\" sizes=\"(max-width: 750px) 100vw, 750px\" \/><\/p>\n<p style=\"text-align: center;\"><span class=\"st\">con una base de crema de leche, a la que se le a\u00f1ade az\u00facar y gelificantes, y que posteriormente se adorna con mermelada de frutas del bosque. Una receta muy rica, y con muchas terminaciones e ingredientes, como dulce de leche,chocolate&#8230; etc.<\/span><\/p>\n<p style=\"text-align: center;\"><img decoding=\"async\" loading=\"lazy\" class=\"alignnone size-large wp-image-15529\" src=\"https:\/\/elcalaixetdelaiaia.es\/wp-content\/uploads\/2018\/01\/IMG_1877-1024x768.png\" alt=\"\" width=\"750\" height=\"563\" srcset=\"https:\/\/elcalaixetdelaiaia.es\/wp-content\/uploads\/2018\/01\/IMG_1877-1024x768.png 1024w, https:\/\/elcalaixetdelaiaia.es\/wp-content\/uploads\/2018\/01\/IMG_1877-300x225.png 300w, https:\/\/elcalaixetdelaiaia.es\/wp-content\/uploads\/2018\/01\/IMG_1877-768x576.png 768w, https:\/\/elcalaixetdelaiaia.es\/wp-content\/uploads\/2018\/01\/IMG_1877.png 1600w\" sizes=\"(max-width: 750px) 100vw, 750px\" \/><\/p>\n<p style=\"text-align: center;\"><span class=\"st\">\u00a0 Recuerda al flan, pero su sabor es m\u00e1s l\u00e1cteo y tiene una textura m\u00e1s parecida a la de la gelatina , un dulce postre&#8230;<\/span><img decoding=\"async\" loading=\"lazy\" class=\"alignnone size-large wp-image-15528\" src=\"https:\/\/elcalaixetdelaiaia.es\/wp-content\/uploads\/2018\/01\/IMG_1876-768x1024.png\" alt=\"\" width=\"750\" height=\"1000\" srcset=\"https:\/\/elcalaixetdelaiaia.es\/wp-content\/uploads\/2018\/01\/IMG_1876-768x1024.png 768w, https:\/\/elcalaixetdelaiaia.es\/wp-content\/uploads\/2018\/01\/IMG_1876-225x300.png 225w, https:\/\/elcalaixetdelaiaia.es\/wp-content\/uploads\/2018\/01\/IMG_1876.png 1200w\" sizes=\"(max-width: 750px) 100vw, 750px\" \/><\/p>\n<p style=\"text-align: center;\">listo para disfrutar en un d\u00eda no menos dulce<\/p>\n<p style=\"text-align: center;\"><img decoding=\"async\" loading=\"lazy\" class=\"alignnone size-large wp-image-15527\" src=\"https:\/\/elcalaixetdelaiaia.es\/wp-content\/uploads\/2018\/01\/IMG_1875-768x1024.png\" alt=\"\" width=\"750\" height=\"1000\" srcset=\"https:\/\/elcalaixetdelaiaia.es\/wp-content\/uploads\/2018\/01\/IMG_1875-768x1024.png 768w, https:\/\/elcalaixetdelaiaia.es\/wp-content\/uploads\/2018\/01\/IMG_1875-225x300.png 225w, https:\/\/elcalaixetdelaiaia.es\/wp-content\/uploads\/2018\/01\/IMG_1875.png 1200w\" sizes=\"(max-width: 750px) 100vw, 750px\" \/><\/p>\n<p style=\"text-align: center;\">Muchos somos los valencianos, que celebramos tanto San Valent\u00edn, como el 9 d&#8217;Octubre d\u00eda de Sant Don\u00eds, nuestro particular d\u00eda de los enamorados, aunque c\u00f3mo dec\u00eda mi marido, hay que celebrar el amor, todos y cada uno de los d\u00edas, no cuando lo mande el calendario&#8230;<img decoding=\"async\" loading=\"lazy\" class=\"alignnone size-large wp-image-15526\" src=\"https:\/\/elcalaixetdelaiaia.es\/wp-content\/uploads\/2018\/01\/IMG_1874-1024x768.png\" alt=\"\" width=\"750\" height=\"563\" srcset=\"https:\/\/elcalaixetdelaiaia.es\/wp-content\/uploads\/2018\/01\/IMG_1874-1024x768.png 1024w, https:\/\/elcalaixetdelaiaia.es\/wp-content\/uploads\/2018\/01\/IMG_1874-300x225.png 300w, https:\/\/elcalaixetdelaiaia.es\/wp-content\/uploads\/2018\/01\/IMG_1874-768x576.png 768w, https:\/\/elcalaixetdelaiaia.es\/wp-content\/uploads\/2018\/01\/IMG_1874.png 1600w\" sizes=\"(max-width: 750px) 100vw, 750px\" \/><\/p>\n<p style=\"text-align: center;\">\u00aba la taula i&#8230; BON PROFIT!!!\u00bb<\/p>\n<p style=\"text-align: center;\">Que se\u00e1is muy felices y nunca os falte el amor.<\/p>\n<div>Si os gusta \u00e9sta entrada, pod\u00e9is compartirla. Gracias por hacerlo. Espero vuestros comentarios que para mi son MUY importantes y recordad que tambi\u00e9n estoy en Facebook <a href=\"https:\/\/www.facebook.com\/El-calaixet-de-la-iaia-533062140099386\/\">https:\/\/www.facebook.com\/El-calaixet-de-la-iaia-533062140099386\/<\/a><\/div>\n<div>\n<div>Si quer\u00e9is recibir mis actualizaciones por mail, al final de \u00e9sta p\u00e1gina a la izquierda tienes como hacer para introducir vuestro correo electr\u00f3nico y no perderos las actualizaciones de mis recetas \u00a1Gracias!<\/div>\n<\/div>\n","protected":false},"excerpt":{"rendered":"<p>\u00a0\u00abRefrany; No oblides cuidar-lo, no oblides voler-lo, per si dem\u00e0 en lloc de veure-lo&#8230; et toca nom\u00e9s recordar-lo\u00bb No olvides cuidarlo, no olvides amarlo, por si ma\u00f1ana en lugar de verlo&#8230; te toca s\u00f3lo recordarlo. Panna cotta de San Valent\u00edn\u00a0 D\u00eda de San Valent\u00edn&#8230; el segundo sin mi amor, que &hellip; <\/p>\n","protected":false},"author":2,"featured_media":15695,"comment_status":"open","ping_status":"open","sticky":false,"template":"","format":"standard","meta":[],"categories":[1],"tags":[],"_links":{"self":[{"href":"https:\/\/elcalaixetdelaiaia.es\/index.php?rest_route=\/wp\/v2\/posts\/90"}],"collection":[{"href":"https:\/\/elcalaixetdelaiaia.es\/index.php?rest_route=\/wp\/v2\/posts"}],"about":[{"href":"https:\/\/elcalaixetdelaiaia.es\/index.php?rest_route=\/wp\/v2\/types\/post"}],"author":[{"embeddable":true,"href":"https:\/\/elcalaixetdelaiaia.es\/index.php?rest_route=\/wp\/v2\/users\/2"}],"replies":[{"embeddable":true,"href":"https:\/\/elcalaixetdelaiaia.es\/index.php?rest_route=%2Fwp%2Fv2%2Fcomments&post=90"}],"version-history":[{"count":24,"href":"https:\/\/elcalaixetdelaiaia.es\/index.php?rest_route=\/wp\/v2\/posts\/90\/revisions"}],"predecessor-version":[{"id":26992,"href":"https:\/\/elcalaixetdelaiaia.es\/index.php?rest_route=\/wp\/v2\/posts\/90\/revisions\/26992"}],"wp:featuredmedia":[{"embeddable":true,"href":"https:\/\/elcalaixetdelaiaia.es\/index.php?rest_route=\/wp\/v2\/media\/15695"}],"wp:attachment":[{"href":"https:\/\/elcalaixetdelaiaia.es\/index.php?rest_route=%2Fwp%2Fv2%2Fmedia&parent=90"}],"wp:term":[{"taxonomy":"category","embeddable":true,"href":"https:\/\/elcalaixetdelaiaia.es\/index.php?rest_route=%2Fwp%2Fv2%2Fcategories&post=90"},{"taxonomy":"post_tag","embeddable":true,"href":"https:\/\/elcalaixetdelaiaia.es\/index.php?rest_route=%2Fwp%2Fv2%2Ftags&post=90"}],"curies":[{"name":"wp","href":"https:\/\/api.w.org\/{rel}","templated":true}]}}