{"id":886,"date":"2014-07-03T15:57:00","date_gmt":"2014-07-03T15:57:00","guid":{"rendered":"http:\/\/elcalaixetdelaiaia.es\/tarta-flor-de-pasta-filo"},"modified":"2023-05-06T08:38:23","modified_gmt":"2023-05-06T08:38:23","slug":"tarta-flor-de-pasta-filo","status":"publish","type":"post","link":"https:\/\/elcalaixetdelaiaia.es\/?p=886","title":{"rendered":"Tarta flor de pasta filo paso a paso foto a foto"},"content":{"rendered":"<p>\u00abRefrany;<br \/>\nEl juliol \u00e9s l&#8217;amo del sol\u00bb\u00a0 Julio es el due\u00f1o del sol.<\/p>\n<div style=\"text-align: center;\">Ayer hice de nuevo la tarta flor de pasta filo.<\/div>\n<div style=\"text-align: center;\">El nombre correcto de \u00e9sta tarta es \u00abRuffle milk pie\u00bb. Esta tarta de origen griego, nos tiene que quedar crujiente en su superficie, por lo que es recomendable consumirla templada, para que mantenga esta caracter\u00edstica, aunque hoy he comido un trozo con el caf\u00e9 y \u00a1est\u00e1 riqu\u00edsima! a pesar de que no ten\u00eda pistachos ni almendras crocanti como puse la \u00faltima vez que la cocin\u00e9.<\/div>\n<div class=\"separator\" style=\"clear: both; text-align: center;\">\u00a0 \u00a0 \u00a0 \u00a0 \u00a0 \u00a0 \u00a0 \u00a0 \u00a0 \u00a0 \u00a0 \u00a0 \u00a0 \u00a0 \u00a0 \u00a0 \u00a0 \u00a0\u00a0<a style=\"margin-left: 1em; margin-right: 1em;\" href=\"http:\/\/3.bp.blogspot.com\/-HfFaYV40wrI\/U7VIQhMMNgI\/AAAAAAAANv4\/O1_Mf3trxeg\/s1600\/pil5.jpg\"><img decoding=\"async\" loading=\"lazy\" src=\"https:\/\/elcalaixetdelaiaia.es\/wp-content\/uploads\/2014\/07\/pil5.jpg\" width=\"640\" height=\"480\" border=\"0\" \/><\/a><\/div>\n<div class=\"separator\" style=\"clear: both; text-align: center;\"><\/div>\n<div style=\"text-align: center;\">Esta tarta la prepar\u00e9 con el fin de subir la receta y las fotos para celebrar el primer aniversario del blog, pero se me estrope\u00f3 el m\u00f3vil y me ha sido imposible recuperar las im\u00e1genes, por lo que ni hice la entrada&#8230; pero que sep\u00e1is que el 20 de Mayo del 2014, hizo ya una a\u00f1o que est\u00e1 el blog en marcha.<\/div>\n<div style=\"text-align: center;\"><\/div>\n<div class=\"separator\" style=\"clear: both; text-align: center;\"><a style=\"margin-left: 1em; margin-right: 1em;\" href=\"http:\/\/3.bp.blogspot.com\/-VjWblqAiRPk\/U7VIRWzyVUI\/AAAAAAAANwE\/k096A1K6P-E\/s1600\/pil6.jpg\"><img decoding=\"async\" loading=\"lazy\" src=\"https:\/\/elcalaixetdelaiaia.es\/wp-content\/uploads\/2014\/07\/pil6.jpg\" width=\"640\" height=\"480\" border=\"0\" \/><\/a><\/div>\n<div style=\"text-align: center;\"><\/div>\n<div style=\"text-align: center;\">En \u00e9sta ocasi\u00f3n y como voy a estar unos d\u00edas fuera de casa, por no dejar medio paquete de pasta filo empezada, puse dos paquetes enteros y no me gusta el resultado, ya que queda demasiado apelmazada, as\u00ed que os recomiendo usar 12 l\u00e1minas y no hacer la rosa tan apretada&#8230;<\/div>\n<div style=\"text-align: center;\">Utilic\u00e9 un molde de 24cm. y los ingredientes son orientativos para \u00e9ste tama\u00f1o de molde.<\/div>\n<div style=\"text-align: center;\"><\/div>\n<div style=\"text-align: center;\">Necesitaremos;<\/div>\n<div><\/div>\n<div class=\"separator\" style=\"clear: both; text-align: center;\"><a style=\"margin-left: 1em; margin-right: 1em;\" href=\"http:\/\/1.bp.blogspot.com\/-LIWJOQbrTiY\/U7VIKL1h1RI\/AAAAAAAANvY\/W0CyNi5W8nE\/s1600\/pil15.jpg\"><img decoding=\"async\" loading=\"lazy\" src=\"https:\/\/elcalaixetdelaiaia.es\/wp-content\/uploads\/2014\/07\/pil15.jpg\" width=\"640\" height=\"480\" border=\"0\" \/><\/a><\/div>\n<div style=\"text-align: center;\"><\/div>\n<ol style=\"text-align: center;\">\n<li style=\"text-align: left;\">12 l\u00e1minas de pasta filo<\/li>\n<li style=\"text-align: left;\">150g de mantequilla<\/li>\n<li style=\"text-align: left;\">Una rama de canela<\/li>\n<li style=\"text-align: left;\">150g de leche<\/li>\n<li style=\"text-align: left;\">200g de nata l\u00edquida<\/li>\n<li style=\"text-align: left;\">Canela en polvo<\/li>\n<li style=\"text-align: left;\">La piel de media naranja<\/li>\n<li style=\"text-align: left;\">La piel de medio lim\u00f3n<\/li>\n<li style=\"text-align: left;\">3 huevos XL<\/li>\n<li style=\"text-align: left;\">Canela en polvo<\/li>\n<li style=\"text-align: left;\">150g de az\u00facar<\/li>\n<li style=\"text-align: left;\">Az\u00facar glas<\/li>\n<li style=\"text-align: left;\">Una cucharada sopera de esencia de Azahar<\/li>\n<\/ol>\n<div class=\"separator\" style=\"clear: both; text-align: center;\"><a style=\"margin-left: 1em; margin-right: 1em;\" href=\"http:\/\/1.bp.blogspot.com\/-BbJQHhlYy2c\/U7VIIFJFcQI\/AAAAAAAANvQ\/NGuMJ-LG9Wg\/s1600\/pil14.jpg\"><img decoding=\"async\" loading=\"lazy\" src=\"https:\/\/elcalaixetdelaiaia.es\/wp-content\/uploads\/2014\/07\/pil14.jpg\" width=\"640\" height=\"480\" border=\"0\" \/><\/a><\/div>\n<div style=\"text-align: center;\"><\/div>\n<div style=\"text-align: center;\">Comenzaremos poniendo papel sulfurizado (de horno) en la base del molde, luego lo cerraremos y cortaremos en papel sobrante.<\/div>\n<div style=\"text-align: center;\"><\/div>\n<div class=\"separator\" style=\"clear: both; text-align: center;\"><a style=\"margin-left: 1em; margin-right: 1em;\" href=\"http:\/\/2.bp.blogspot.com\/-LrhpV_dnW1k\/U7VIGvdwv2I\/AAAAAAAANvI\/xeWzFpX5BNY\/s1600\/pil13.jpg\"><img decoding=\"async\" loading=\"lazy\" src=\"https:\/\/elcalaixetdelaiaia.es\/wp-content\/uploads\/2014\/07\/pil13.jpg\" width=\"640\" height=\"480\" border=\"0\" \/><\/a><\/div>\n<div style=\"text-align: center;\"><\/div>\n<div style=\"text-align: center;\">Con \u00e9sto lograremos hacer el molde herm\u00e9tico y evitaremos que se salgan la crema liqu\u00edda que incorporaremos en el segundo paso.<\/div>\n<div style=\"text-align: center;\"><\/div>\n<div class=\"separator\" style=\"clear: both; text-align: center;\"><a style=\"margin-left: 1em; margin-right: 1em;\" href=\"http:\/\/2.bp.blogspot.com\/-pVn_r8C1Rpc\/U7VIDFSjbiI\/AAAAAAAANu4\/hjgi57yc4s8\/s1600\/pil11.jpg\"><img decoding=\"async\" loading=\"lazy\" src=\"https:\/\/elcalaixetdelaiaia.es\/wp-content\/uploads\/2014\/07\/pil11.jpg\" width=\"640\" height=\"480\" border=\"0\" \/><\/a><\/div>\n<div style=\"text-align: center;\"><\/div>\n<div style=\"text-align: center;\">Necesitaremos un pa\u00f1o de algod\u00f3n humedecido para cubrir la pasta mientras la trabajamos, ya que se seca enseguida al contacto con el aire, para evitarlo tendremos que cubrirla inmediatamente en cuanto saquemos la l\u00e1mina que vamos a pintar. Yo tengo uno blanco que solo uso para \u00e9stos casos, lo lavo a mano y lo guardo en una bolsa de pl\u00e1stico.<\/div>\n<div><\/div>\n<div style=\"text-align: center;\">\n<div>\n<div class=\"separator\" style=\"clear: both;\"><a style=\"margin-left: 1em; margin-right: 1em;\" href=\"http:\/\/4.bp.blogspot.com\/-7EjjZGFVayc\/U7VIBCQs3jI\/AAAAAAAANuo\/wUyw8lFWHlc\/s1600\/pil10.jpg\"><img decoding=\"async\" loading=\"lazy\" src=\"https:\/\/elcalaixetdelaiaia.es\/wp-content\/uploads\/2014\/07\/pil10.jpg\" width=\"640\" height=\"480\" border=\"0\" \/><\/a><\/div>\n<\/div>\n<div>\n<p>Derretimos la mantequilla al ba\u00f1o mar\u00eda o en el microondas y con un pincel pintaremos una de las caras de la l\u00e1mina<\/p>\n<div class=\"separator\" style=\"clear: both;\"><a style=\"margin-left: 1em; margin-right: 1em;\" href=\"http:\/\/4.bp.blogspot.com\/-aTgRKvWngcQ\/U7VIW-aA2aI\/AAAAAAAANwY\/q-8ifcvLzZs\/s1600\/pil9.jpg\"><img decoding=\"async\" loading=\"lazy\" src=\"https:\/\/elcalaixetdelaiaia.es\/wp-content\/uploads\/2014\/07\/pil9.jpg\" width=\"640\" height=\"480\" border=\"0\" \/><\/a><\/div>\n<p>e iremos doblando como si de un acorde\u00f3n se tratara<\/p>\n<div class=\"separator\" style=\"clear: both;\"><a style=\"margin-left: 1em; margin-right: 1em;\" href=\"http:\/\/3.bp.blogspot.com\/-3YKE5oTITU8\/U7VIFThvw3I\/AAAAAAAANvA\/3HSDDymT6uQ\/s1600\/pil12.jpg\"><img decoding=\"async\" loading=\"lazy\" src=\"https:\/\/elcalaixetdelaiaia.es\/wp-content\/uploads\/2014\/07\/pil12.jpg\" width=\"640\" height=\"480\" border=\"0\" \/><\/a><\/div>\n<p>Untamos de mantequilla la base y el lateral del molde y espolvoreamos con canela en polvo.<\/p>\n<div class=\"separator\" style=\"clear: both;\"><a style=\"margin-left: 1em; margin-right: 1em;\" href=\"http:\/\/2.bp.blogspot.com\/-dTXF2NGJ86s\/U7VITy980XI\/AAAAAAAANwQ\/Iw73kvWyIWQ\/s1600\/pil8.jpg\"><img decoding=\"async\" loading=\"lazy\" src=\"https:\/\/elcalaixetdelaiaia.es\/wp-content\/uploads\/2014\/07\/pil8.jpg\" width=\"640\" height=\"480\" border=\"0\" \/><\/a><\/div>\n<p>Colocaremos la primera hoja doblada sobre la base del molde formando una especie de espiral, de flor o ensaimada. Os recomiendo no hacerlo tan apretada, sino con una forma mas holgada.<\/p>\n<div class=\"separator\" style=\"clear: both;\"><a style=\"margin-left: 1em; margin-right: 1em;\" href=\"http:\/\/3.bp.blogspot.com\/-3_HYJ0YSjeA\/U7VIRmsmckI\/AAAAAAAANwI\/3tOjQVlK9CE\/s1600\/pil7.jpg\"><img decoding=\"async\" loading=\"lazy\" src=\"https:\/\/elcalaixetdelaiaia.es\/wp-content\/uploads\/2014\/07\/pil7.jpg\" width=\"640\" height=\"480\" border=\"0\" \/><\/a><\/div>\n<p>y a continuaci\u00f3n el resto de las once l\u00e1minas&#8230; mientras precalentamos el horno a 170\u00ba<\/p>\n<\/div>\n<\/div>\n<div style=\"text-align: center;\"><\/div>\n<div class=\"separator\" style=\"clear: both; text-align: center;\"><a style=\"margin-left: 1em; margin-right: 1em;\" href=\"http:\/\/1.bp.blogspot.com\/-2IVqKspdeTU\/U7VJjYaj-hI\/AAAAAAAANww\/q7Byc12ybCw\/s1600\/SAM_3011.JPG\"><img decoding=\"async\" loading=\"lazy\" src=\"https:\/\/elcalaixetdelaiaia.es\/wp-content\/uploads\/2014\/07\/SAM_3011.jpg\" width=\"640\" height=\"480\" border=\"0\" \/><\/a><\/div>\n<div style=\"text-align: center;\"><\/div>\n<div style=\"text-align: center;\">cuando ya est\u00e9n todas colocadas, pincelamos por encima con mas mantequilla y espolvoreamos de canela.<\/div>\n<div style=\"text-align: center;\">Y al horno altura media calor arria y abajo durante 30 minutos en el m\u00edo. Controlad el vuestro que no se haga demasiado la pasta filo.<\/div>\n<div style=\"text-align: center;\"><\/div>\n<div class=\"separator\" style=\"clear: both; text-align: center;\"><a style=\"margin-left: 1em; margin-right: 1em;\" href=\"http:\/\/4.bp.blogspot.com\/-0LDrEuxfq1Y\/U7VJQ55mZxI\/AAAAAAAANwg\/IinavLsV-sg\/s1600\/SAM_3012.JPG\"><img decoding=\"async\" loading=\"lazy\" src=\"https:\/\/elcalaixetdelaiaia.es\/wp-content\/uploads\/2014\/07\/SAM_3012.jpg\" width=\"640\" height=\"480\" border=\"0\" \/><\/a><\/div>\n<div style=\"text-align: center;\"><\/div>\n<div style=\"text-align: center;\">Cortamos la piel de media naranja y medio lim\u00f3n procurando no cortar la parte blanca (el albedo) porque amarga<\/div>\n<div style=\"text-align: center;\"><\/div>\n<div class=\"separator\" style=\"clear: both; text-align: center;\"><a style=\"margin-left: 1em; margin-right: 1em;\" href=\"http:\/\/4.bp.blogspot.com\/-px-QqhJ4Mro\/U7VJUaLquwI\/AAAAAAAANwo\/0IdJh7pA9Kw\/s1600\/SAM_3014.JPG\"><img decoding=\"async\" loading=\"lazy\" src=\"https:\/\/elcalaixetdelaiaia.es\/wp-content\/uploads\/2014\/07\/SAM_3014.jpg\" width=\"640\" height=\"480\" border=\"0\" \/><\/a><\/div>\n<div style=\"text-align: center;\"><\/div>\n<div style=\"text-align: center;\">ponemos las pieles en un cazo a\u00f1adimos la leche, la nata, y el palito de canela y ponemos a hervir a fuego suave para que infusione. Removed en todo momento para que no se nos pegue, esto es important\u00edsimo<\/div>\n<div style=\"text-align: center;\"><\/div>\n<div class=\"separator\" style=\"clear: both; text-align: center;\"><a style=\"margin-left: 1em; margin-right: 1em;\" href=\"http:\/\/2.bp.blogspot.com\/-VWgMq_M-c8c\/U7VKovhpmsI\/AAAAAAAANxI\/zmsFQnYGfos\/s1600\/SAM_3017.JPG\"><img decoding=\"async\" loading=\"lazy\" src=\"https:\/\/elcalaixetdelaiaia.es\/wp-content\/uploads\/2014\/07\/SAM_3017.jpg\" width=\"640\" height=\"480\" border=\"0\" \/><\/a><\/div>\n<div style=\"text-align: center;\"><\/div>\n<div style=\"text-align: center;\">en un bol batimos los tres huevos \u00a0y el az\u00facar<\/div>\n<div style=\"text-align: center;\"><\/div>\n<div class=\"separator\" style=\"clear: both; text-align: center;\"><a style=\"margin-left: 1em; margin-right: 1em;\" href=\"http:\/\/4.bp.blogspot.com\/-vCIh_htAHZ0\/U7VLcNmYhvI\/AAAAAAAANxQ\/cXaAQEPK2zk\/s1600\/SAM_3018.JPG\"><img decoding=\"async\" loading=\"lazy\" src=\"https:\/\/elcalaixetdelaiaia.es\/wp-content\/uploads\/2014\/07\/SAM_3018.jpg\" width=\"640\" height=\"480\" border=\"0\" \/><\/a><\/div>\n<div style=\"text-align: center;\"><\/div>\n<div style=\"text-align: center;\">A\u00f1adimos una cucharada de aroma de azahar.<\/div>\n<div style=\"text-align: center;\"><\/div>\n<div class=\"separator\" style=\"clear: both; text-align: center;\"><a style=\"margin-left: 1em; margin-right: 1em;\" href=\"http:\/\/3.bp.blogspot.com\/-NN-7al0MapE\/U7VKXfCDdYI\/AAAAAAAANw4\/CwVRFTeQmG0\/s1600\/SAM_3016.JPG\"><img decoding=\"async\" loading=\"lazy\" src=\"https:\/\/elcalaixetdelaiaia.es\/wp-content\/uploads\/2014\/07\/SAM_3016.jpg\" width=\"640\" height=\"480\" border=\"0\" \/><\/a><\/div>\n<div style=\"text-align: center;\"><\/div>\n<div style=\"text-align: center;\">una vez hierva la leche, sacamos de fuego, colamos<\/div>\n<div style=\"text-align: center;\"><\/div>\n<div class=\"separator\" style=\"clear: both; text-align: center;\"><a style=\"margin-left: 1em; margin-right: 1em;\" href=\"http:\/\/1.bp.blogspot.com\/-5hgG_U_b6_c\/U7VLf3G6q3I\/AAAAAAAANxY\/bvrXNqLNKU0\/s1600\/SAM_3019.JPG\"><img decoding=\"async\" loading=\"lazy\" src=\"https:\/\/elcalaixetdelaiaia.es\/wp-content\/uploads\/2014\/07\/SAM_3019.jpg\" width=\"640\" height=\"480\" border=\"0\" \/><\/a><\/div>\n<div style=\"text-align: center;\"><\/div>\n<div style=\"text-align: center;\">a\u00f1adimos al bol con los huevos batimos todo y reservamos<\/div>\n<div style=\"text-align: center;\"><\/div>\n<div class=\"separator\" style=\"clear: both; text-align: center;\"><a style=\"margin-left: 1em; margin-right: 1em;\" href=\"http:\/\/3.bp.blogspot.com\/-bKzjjgjmDHo\/U7VLmnAygJI\/AAAAAAAANxg\/YPWlSx2iHYo\/s1600\/SAM_3020.JPG\"><img decoding=\"async\" loading=\"lazy\" src=\"https:\/\/elcalaixetdelaiaia.es\/wp-content\/uploads\/2014\/07\/SAM_3020.jpg\" width=\"640\" height=\"480\" border=\"0\" \/><\/a><\/div>\n<div style=\"text-align: center;\"><\/div>\n<div style=\"text-align: center;\">Una vez pasados 30 minutos desde que introdujimos el molde en el horno, lo sacamos y con cuidado vamos volcando sobre el mismo, la crema que hemos preparado.<\/div>\n<div style=\"text-align: center;\">\n<div class=\"separator\" style=\"clear: both;\"><a style=\"margin-left: 1em; margin-right: 1em;\" href=\"http:\/\/4.bp.blogspot.com\/-zL8g7pZB92Y\/U7V6Z5KtVOI\/AAAAAAAANxo\/r1NcrnyXNZs\/s1600\/IMGP8181.JPG\"><img decoding=\"async\" loading=\"lazy\" src=\"https:\/\/elcalaixetdelaiaia.es\/wp-content\/uploads\/2014\/07\/IMGP8181.jpg\" width=\"480\" height=\"640\" border=\"0\" \/><\/a><\/div>\n<\/div>\n<div style=\"text-align: center;\"><\/div>\n<div style=\"text-align: center;\">y metemos otra vez en el horno a la misma temperatura durante unos 30 minutos mas, hasta que se cuaje la crema. Una vez transcurridos dejaremos enfriar<\/div>\n<div style=\"text-align: center;\"><\/div>\n<div class=\"separator\" style=\"clear: both; text-align: center;\"><a style=\"margin-left: 1em; margin-right: 1em;\" href=\"http:\/\/3.bp.blogspot.com\/-2wZCyobic_8\/U7V8JZZIguI\/AAAAAAAANyM\/ifWXyp021qQ\/s1600\/pil4.jpg\"><img decoding=\"async\" loading=\"lazy\" src=\"https:\/\/elcalaixetdelaiaia.es\/wp-content\/uploads\/2014\/07\/pil4.jpg\" width=\"640\" height=\"480\" border=\"0\" \/><\/a><\/div>\n<div style=\"text-align: center;\"><\/div>\n<div style=\"text-align: center;\">\u00a0y desmoldamos para espolvorear con az\u00facar glas<\/div>\n<div style=\"text-align: center;\"><\/div>\n<div class=\"separator\" style=\"clear: both; text-align: center;\"><a style=\"margin-left: 1em; margin-right: 1em;\" href=\"http:\/\/4.bp.blogspot.com\/-rcvWbaZDo7Q\/U7V8GR3AExI\/AAAAAAAANx4\/pNnOtGika-c\/s1600\/pil.jpg\"><img decoding=\"async\" loading=\"lazy\" src=\"https:\/\/elcalaixetdelaiaia.es\/wp-content\/uploads\/2014\/07\/pil.jpg\" width=\"640\" height=\"480\" border=\"0\" \/><\/a><\/div>\n<div style=\"text-align: center;\"><\/div>\n<div style=\"text-align: center;\">lista nuestra tarta que contrasta el crujir de la pasta con el suave sabor de la crema cuajada<\/div>\n<div style=\"text-align: center;\"><\/div>\n<div class=\"separator\" style=\"clear: both; text-align: center;\"><a style=\"margin-left: 1em; margin-right: 1em;\" href=\"http:\/\/1.bp.blogspot.com\/-Th6zttXuvcI\/U7V8G4J3GSI\/AAAAAAAANx8\/zM812yTTKW0\/s1600\/pil1.jpg\"><img decoding=\"async\" loading=\"lazy\" src=\"https:\/\/elcalaixetdelaiaia.es\/wp-content\/uploads\/2014\/07\/pil1.jpg\" width=\"640\" height=\"480\" border=\"0\" \/><\/a><\/div>\n<div style=\"text-align: center;\"><\/div>\n<div style=\"text-align: center;\">\u00bb a la taula i&#8230;&#8230;.<\/div>\n<div><\/div>\n<div class=\"separator\" style=\"clear: both; text-align: center;\"><a style=\"margin-left: 1em; margin-right: 1em;\" href=\"http:\/\/1.bp.blogspot.com\/-ZaW6Zb3forw\/U7V8EwJz9RI\/AAAAAAAANxw\/FOf4ESXfGaM\/s1600\/pil2.jpg\"><img decoding=\"async\" loading=\"lazy\" src=\"https:\/\/elcalaixetdelaiaia.es\/wp-content\/uploads\/2014\/07\/pil2.jpg\" width=\"640\" height=\"480\" border=\"0\" \/><\/a><\/div>\n<div><\/div>\n<div>\n<p>&#8230;BON PROFIT!!Edito el 6\/12\/2014 para poner la foto de mi querida Paz, que ha hecho la tarta \u00a0y al parecer con mucho \u00e9xito entrse sus \u00abdegustadores\u00bb. Much\u00edsimas gracias por la imagen Paz, no sab\u00e9is lo que me satisface que os gusten mis recetas y encima&#8230;tener foto de las vuestras. Un enoooorme abrazo cari\u00f1o.<\/p>\n<div class=\"separator\" style=\"clear: both; text-align: center;\"><a style=\"margin-left: 1em; margin-right: 1em;\" href=\"http:\/\/3.bp.blogspot.com\/-xWYZ5qLbLiw\/VILIIRQJbtI\/AAAAAAAAPtU\/q0463UlIBwI\/s1600\/tartarosaPaz.jpg\"><img decoding=\"async\" loading=\"lazy\" src=\"https:\/\/elcalaixetdelaiaia.es\/wp-content\/uploads\/2014\/07\/tartarosaPaz.jpg\" width=\"640\" height=\"480\" border=\"0\" \/><\/a><\/div>\n<p>Si te gusta mi receta, puedes compartirla para que llegue a m\u00e1s gente.<br \/>\nEspero tus comentarios y recuerda que tambi\u00e9n estoy en Facebook\u00a0<a href=\"https:\/\/www.facebook.com\/El-calaixet-de-la-iaia-533062140099386\/\">https:\/\/www.facebook.com\/El-calaixet-de-la-iaia-533062140099386\/<\/a><\/p>\n<\/div>\n","protected":false},"excerpt":{"rendered":"<p>\u00abRefrany; El juliol \u00e9s l&#8217;amo del sol\u00bb\u00a0 Julio es el due\u00f1o del sol. Ayer hice de nuevo la tarta flor de pasta filo. El nombre correcto de \u00e9sta tarta es \u00abRuffle milk pie\u00bb. Esta tarta de origen griego, nos tiene que quedar crujiente en su superficie, por lo que es &hellip; <\/p>\n","protected":false},"author":2,"featured_media":10616,"comment_status":"open","ping_status":"open","sticky":false,"template":"","format":"standard","meta":[],"categories":[6,1],"tags":[],"_links":{"self":[{"href":"https:\/\/elcalaixetdelaiaia.es\/index.php?rest_route=\/wp\/v2\/posts\/886"}],"collection":[{"href":"https:\/\/elcalaixetdelaiaia.es\/index.php?rest_route=\/wp\/v2\/posts"}],"about":[{"href":"https:\/\/elcalaixetdelaiaia.es\/index.php?rest_route=\/wp\/v2\/types\/post"}],"author":[{"embeddable":true,"href":"https:\/\/elcalaixetdelaiaia.es\/index.php?rest_route=\/wp\/v2\/users\/2"}],"replies":[{"embeddable":true,"href":"https:\/\/elcalaixetdelaiaia.es\/index.php?rest_route=%2Fwp%2Fv2%2Fcomments&post=886"}],"version-history":[{"count":8,"href":"https:\/\/elcalaixetdelaiaia.es\/index.php?rest_route=\/wp\/v2\/posts\/886\/revisions"}],"predecessor-version":[{"id":25157,"href":"https:\/\/elcalaixetdelaiaia.es\/index.php?rest_route=\/wp\/v2\/posts\/886\/revisions\/25157"}],"wp:featuredmedia":[{"embeddable":true,"href":"https:\/\/elcalaixetdelaiaia.es\/index.php?rest_route=\/wp\/v2\/media\/10616"}],"wp:attachment":[{"href":"https:\/\/elcalaixetdelaiaia.es\/index.php?rest_route=%2Fwp%2Fv2%2Fmedia&parent=886"}],"wp:term":[{"taxonomy":"category","embeddable":true,"href":"https:\/\/elcalaixetdelaiaia.es\/index.php?rest_route=%2Fwp%2Fv2%2Fcategories&post=886"},{"taxonomy":"post_tag","embeddable":true,"href":"https:\/\/elcalaixetdelaiaia.es\/index.php?rest_route=%2Fwp%2Fv2%2Ftags&post=886"}],"curies":[{"name":"wp","href":"https:\/\/api.w.org\/{rel}","templated":true}]}}