{"id":873,"date":"2014-08-31T16:54:00","date_gmt":"2014-08-31T16:54:00","guid":{"rendered":"http:\/\/elcalaixetdelaiaia.es\/macarrones-de-atun"},"modified":"2019-10-26T12:00:49","modified_gmt":"2019-10-26T12:00:49","slug":"macarrones-de-atun","status":"publish","type":"post","link":"https:\/\/elcalaixetdelaiaia.es\/?p=873","title":{"rendered":"Macarrones con at\u00fan paso a paso fot a foto"},"content":{"rendered":"<div class=\"separator\" style=\"clear: both; text-align: center;\"><\/div>\n<p>Refrany;<br \/>\n\u00abQui menja molts macarrons no es pot cordar els pantalons.\u00bb<br \/>\nQuien come muchos macarrones no puede atarse los pantalones.<\/p>\n<p>Pensar\u00e9is&#8230;..vaya entrada \u00bfqui\u00e9n no sabe hacer unos macarrones de at\u00fan?,<\/p>\n<div class=\"separator\" style=\"clear: both; text-align: center;\"><a style=\"margin-left: 1em; margin-right: 1em;\" href=\"http:\/\/2.bp.blogspot.com\/-P6wH3wWMjuM\/VANAd2An37I\/AAAAAAAAOIg\/0QNAVhc8Y7o\/s1600\/IMG_1551.JPG\"><img decoding=\"async\" loading=\"lazy\" src=\"https:\/\/elcalaixetdelaiaia.es\/wp-content\/uploads\/2014\/08\/IMG_1551.jpg\" width=\"640\" height=\"424\" border=\"0\" \/><\/a><\/div>\n<div class=\"separator\" style=\"clear: both; text-align: center;\"><\/div>\n<p>pues aunque no lo cre\u00e1is hay muchos j\u00f3venes que se independizan o se ven obligados a vivir fuera de sus casas, personas mayores que se quedan solas por un mal golpe de la vida y que jam\u00e1s han cocinado&#8230;..va por ellos \u00e9sta receta.<\/p>\n<p>Necesitaremos para 3 comensales;<\/p>\n<p>&nbsp;<\/p>\n<div class=\"separator\" style=\"clear: both; text-align: center;\"><a style=\"margin-left: 1em; margin-right: 1em;\" href=\"http:\/\/3.bp.blogspot.com\/-kJJsTy-XS78\/VAM8_ym4YoI\/AAAAAAAAOG8\/51x4W2ZSUS4\/s1600\/IMG_1535.JPG\"><img decoding=\"async\" loading=\"lazy\" src=\"https:\/\/elcalaixetdelaiaia.es\/wp-content\/uploads\/2014\/08\/IMG_1535.jpg\" width=\"640\" height=\"434\" border=\"0\" \/><\/a><\/div>\n<p>&nbsp;<\/p>\n<ol>\n<li>Aceite de oliva Carbonell<\/li>\n<li>300g de macarrones Gallo del n\u00ba 6<\/li>\n<li>Tres latas de at\u00fan claro en aceite<\/li>\n<li>Un bote de tomate frito, a ser posible casero<\/li>\n<li>Una cebolla<\/li>\n<li>Dos pastillas de Avecr\u00e9m de pollo o sal<\/li>\n<li>Queso rallado<\/li>\n<li>Or\u00e9gano<\/li>\n<\/ol>\n<p>&nbsp;<\/p>\n<div class=\"separator\" style=\"clear: both; text-align: center;\"><a style=\"margin-left: 1em; margin-right: 1em;\" href=\"http:\/\/4.bp.blogspot.com\/-XAEbEARgHSk\/VAM8_P9rf7I\/AAAAAAAAOG4\/1eWjgbVHd70\/s1600\/IMG_1536.JPG\"><img decoding=\"async\" loading=\"lazy\" src=\"https:\/\/elcalaixetdelaiaia.es\/wp-content\/uploads\/2014\/08\/IMG_1536.jpg\" width=\"640\" height=\"426\" border=\"0\" \/><\/a><\/div>\n<p>Ponemos agua a calentar, (un litro por cada 100 gr aproximadamente) y cuando comienza a hervir echamos sal o los dos cubitos de caldo,y 300 gr. de macarrones. Removemos y cuando vuelve a hervir, rebajamos un poco el fuego para que el caldo no rebose pero lo suficiente para que no deje de hervir. Lo mantendremos 8 minutos o lo que nos indique el fabricante de la pasta<\/p>\n<div class=\"separator\" style=\"clear: both; text-align: center;\"><a style=\"margin-left: 1em; margin-right: 1em;\" href=\"http:\/\/1.bp.blogspot.com\/-wgwXiQpbm3U\/VAM9ENgJJRI\/AAAAAAAAOHI\/99IaarDotkE\/s1600\/IMG_1537.JPG\"><img decoding=\"async\" loading=\"lazy\" src=\"https:\/\/elcalaixetdelaiaia.es\/wp-content\/uploads\/2014\/08\/IMG_1537.jpg\" width=\"640\" height=\"426\" border=\"0\" \/><\/a><\/div>\n<div style=\"text-align: center;\"><\/div>\n<div style=\"text-align: center;\">Rallaremos mientras la cebolla<\/div>\n<div style=\"text-align: center;\"><\/div>\n<div class=\"separator\" style=\"clear: both; text-align: center;\"><a style=\"margin-left: 1em; margin-right: 1em;\" href=\"http:\/\/4.bp.blogspot.com\/-ez7d0L2B1bI\/VAM9plAWgLI\/AAAAAAAAOHQ\/6rJY69h4HWE\/s1600\/IMG_1538.JPG\"><img decoding=\"async\" loading=\"lazy\" src=\"https:\/\/elcalaixetdelaiaia.es\/wp-content\/uploads\/2014\/08\/IMG_1538.jpg\" width=\"640\" height=\"426\" border=\"0\" \/><\/a><\/div>\n<div style=\"text-align: center;\"><\/div>\n<div style=\"text-align: center;\">Calentaremos el aceite<\/div>\n<div style=\"text-align: center;\"><\/div>\n<div class=\"separator\" style=\"clear: both; text-align: center;\"><a style=\"margin-left: 1em; margin-right: 1em;\" href=\"http:\/\/3.bp.blogspot.com\/-2AYwteR-qJc\/VAM9yp5slTI\/AAAAAAAAOHg\/e_fb8yesips\/s1600\/IMG_1540.JPG\"><img decoding=\"async\" loading=\"lazy\" src=\"https:\/\/elcalaixetdelaiaia.es\/wp-content\/uploads\/2014\/08\/IMG_1540.jpg\" width=\"640\" height=\"426\" border=\"0\" \/><\/a><\/div>\n<div style=\"text-align: center;\"><\/div>\n<div style=\"text-align: center;\">y pocharemos en \u00e9l la cebolla<\/div>\n<div style=\"text-align: center;\"><\/div>\n<div class=\"separator\" style=\"clear: both; text-align: center;\"><a style=\"margin-left: 1em; margin-right: 1em;\" href=\"http:\/\/1.bp.blogspot.com\/-PiDFD3AXXnM\/VAM9xJMOeRI\/AAAAAAAAOHY\/Imrqf6tCV48\/s1600\/IMG_1539.JPG\"><img decoding=\"async\" loading=\"lazy\" src=\"https:\/\/elcalaixetdelaiaia.es\/wp-content\/uploads\/2014\/08\/IMG_1539.jpg\" width=\"640\" height=\"426\" border=\"0\" \/><\/a><\/div>\n<div style=\"text-align: center;\"><\/div>\n<div style=\"text-align: center;\">Transcurridos los ocho minutos de hervor de los macarrones los pondremos a colar de inmediato para que suelten toda el agua<\/div>\n<div style=\"text-align: center;\"><\/div>\n<div class=\"separator\" style=\"clear: both; text-align: center;\"><a style=\"margin-left: 1em; margin-right: 1em;\" href=\"http:\/\/4.bp.blogspot.com\/-WHioyM-upl8\/VAM-d1RmcBI\/AAAAAAAAOHo\/4TdmNV4i1_Q\/s1600\/IMG_1542.JPG\"><img decoding=\"async\" loading=\"lazy\" src=\"https:\/\/elcalaixetdelaiaia.es\/wp-content\/uploads\/2014\/08\/IMG_1542.jpg\" width=\"640\" height=\"426\" border=\"0\" \/><\/a><\/div>\n<div style=\"text-align: center;\"><\/div>\n<div style=\"text-align: center;\">una ver bien escurridos a\u00f1adiremos el at\u00fan claro sin el aceite que lleva la lata<\/div>\n<div style=\"text-align: center;\"><\/div>\n<div class=\"separator\" style=\"clear: both; text-align: center;\"><a style=\"margin-left: 1em; margin-right: 1em;\" href=\"http:\/\/4.bp.blogspot.com\/-U-wv4Y4oiGA\/VAM-ntCkpGI\/AAAAAAAAOHs\/Ob7KDZ8ahOg\/s1600\/IMG_1543.JPG\"><img decoding=\"async\" loading=\"lazy\" src=\"https:\/\/elcalaixetdelaiaia.es\/wp-content\/uploads\/2014\/08\/IMG_1543.jpg\" width=\"640\" height=\"426\" border=\"0\" \/><\/a><\/div>\n<div style=\"text-align: center;\"><\/div>\n<div style=\"text-align: center;\">y a continuaci\u00f3n el tomate frito. Si dispon\u00e9is de tiempo, vale la pena rallar tomate natural y hacer vosot@s mismos el sofrito de tomate, pues vale la pena por el saborr, yo utilizo tomate frito casero, conservado en conserva, pero si no hay mas remedio, tomate frito comercial.<\/div>\n<div style=\"text-align: center;\"><\/div>\n<div class=\"separator\" style=\"clear: both; text-align: center;\"><a style=\"margin-left: 1em; margin-right: 1em;\" href=\"http:\/\/3.bp.blogspot.com\/-FO5oIN1KphE\/VAM-szUDD0I\/AAAAAAAAOH0\/FYiaWB4Nt5w\/s1600\/IMG_1545.JPG\"><img decoding=\"async\" loading=\"lazy\" src=\"https:\/\/elcalaixetdelaiaia.es\/wp-content\/uploads\/2014\/08\/IMG_1545.jpg\" width=\"640\" height=\"426\" border=\"0\" \/><\/a><\/div>\n<div style=\"text-align: center;\"><\/div>\n<div style=\"text-align: center;\"><\/div>\n<div style=\"text-align: center;\">removemos y pasamos a una cazuela apta para horno, si os gustan gratinados. A mi marid\u00edn le gustan sin gratinar y siempre he de apartar su plato<\/div>\n<div class=\"separator\" style=\"clear: both; text-align: center;\"><\/div>\n<div class=\"separator\" style=\"clear: both; text-align: center;\"><a style=\"margin-left: 1em; margin-right: 1em;\" href=\"http:\/\/3.bp.blogspot.com\/-4jMpXgNZVmA\/VAM_blhuMEI\/AAAAAAAAOII\/zq2TIA3iqW4\/s1600\/IMG_1548.JPG\"><img decoding=\"async\" loading=\"lazy\" src=\"https:\/\/elcalaixetdelaiaia.es\/wp-content\/uploads\/2014\/08\/IMG_1548.jpg\" width=\"640\" height=\"426\" border=\"0\" \/><\/a><\/div>\n<div class=\"separator\" style=\"clear: both; text-align: center;\"><\/div>\n<div class=\"separator\" style=\"clear: both; text-align: center;\">espolvoreamos de or\u00e9gano<\/div>\n<div class=\"separator\" style=\"clear: both; text-align: center;\"><\/div>\n<div class=\"separator\" style=\"clear: both; text-align: center;\"><a style=\"margin-left: 1em; margin-right: 1em;\" href=\"http:\/\/3.bp.blogspot.com\/-BbwgQR31vaA\/VAM_Wt5Xr3I\/AAAAAAAAOIA\/NrGqhz69qhM\/s1600\/IMG_1546.JPG\"><img decoding=\"async\" loading=\"lazy\" src=\"https:\/\/elcalaixetdelaiaia.es\/wp-content\/uploads\/2014\/08\/IMG_1546.jpg\" width=\"640\" height=\"426\" border=\"0\" \/><\/a><\/div>\n<p>&nbsp;<\/p>\n<div style=\"text-align: center;\">y gratinamos en el horno a nuestro gusto, en casa MUY gratinados<\/div>\n<p>&nbsp;<\/p>\n<div class=\"separator\" style=\"clear: both; text-align: center;\"><a style=\"margin-left: 1em; margin-right: 1em;\" href=\"http:\/\/4.bp.blogspot.com\/-8VvPyQbrOGI\/VAM_qA3WTHI\/AAAAAAAAOIQ\/IPmJtvBtrC4\/s1600\/IMG_1549.JPG\"><img decoding=\"async\" loading=\"lazy\" src=\"https:\/\/elcalaixetdelaiaia.es\/wp-content\/uploads\/2014\/08\/IMG_1549.jpg\" width=\"640\" height=\"426\" border=\"0\" \/><\/a><\/div>\n<p>e inmediatamente echamos queso rallado sobre los macarrones y dejamos dentro del horno apagado y con la puerta cerrada<\/p>\n<div class=\"separator\" style=\"clear: both; text-align: center;\"><a style=\"margin-left: 1em; margin-right: 1em;\" href=\"http:\/\/4.bp.blogspot.com\/-I4-d2r3aZRo\/VANANJS2FmI\/AAAAAAAAOIY\/zn8DNp-tin0\/s1600\/IMG_1550.JPG\"><img decoding=\"async\" loading=\"lazy\" src=\"https:\/\/elcalaixetdelaiaia.es\/wp-content\/uploads\/2014\/08\/IMG_1550.jpg\" width=\"640\" height=\"426\" border=\"0\" \/><\/a><\/div>\n<p>&nbsp;<\/p>\n<div style=\"text-align: center;\">para que derritan un poco con el calor<\/div>\n<div class=\"separator\" style=\"clear: both; text-align: center;\"><\/div>\n<p>&nbsp;<\/p>\n<div class=\"separator\" style=\"clear: both; text-align: center;\"><a style=\"margin-left: 1em; margin-right: 1em;\" href=\"http:\/\/1.bp.blogspot.com\/-EXbQuwiDNqc\/VANAueJJkWI\/AAAAAAAAOIo\/2PGJ2UIxf24\/s1600\/IMG_1552.JPG\"><img decoding=\"async\" loading=\"lazy\" src=\"https:\/\/elcalaixetdelaiaia.es\/wp-content\/uploads\/2014\/08\/IMG_1552.jpg\" width=\"640\" height=\"426\" border=\"0\" \/><\/a><\/div>\n<div style=\"text-align: center;\"><\/div>\n<div style=\"text-align: center;\">emplatamos y servimos mas queso y or\u00e9gano para qui\u00e9n guste de mas<\/div>\n<p>&nbsp;<\/p>\n<div class=\"separator\" style=\"clear: both; text-align: center;\"><a style=\"margin-left: 1em; margin-right: 1em;\" href=\"http:\/\/4.bp.blogspot.com\/-z62IP3jkdrQ\/VANBFHZpLPI\/AAAAAAAAOI4\/kpz39WipXMI\/s1600\/IMG_1555.JPG\"><img decoding=\"async\" loading=\"lazy\" src=\"https:\/\/elcalaixetdelaiaia.es\/wp-content\/uploads\/2014\/08\/IMG_1555.jpg\" width=\"640\" height=\"426\" border=\"0\" \/><\/a><\/div>\n<p>&nbsp;<\/p>\n<div style=\"text-align: center;\">se sirven muy calientes<\/div>\n<p>&nbsp;<\/p>\n<div class=\"separator\" style=\"clear: both; text-align: center;\"><a style=\"margin-left: 1em; margin-right: 1em;\" href=\"http:\/\/1.bp.blogspot.com\/-dkRFtshNfs4\/VANA-voXfTI\/AAAAAAAAOIw\/rFnVUbARyC8\/s1600\/IMG_1554.JPG\"><img decoding=\"async\" loading=\"lazy\" src=\"https:\/\/elcalaixetdelaiaia.es\/wp-content\/uploads\/2014\/08\/IMG_1554.jpg\" width=\"640\" height=\"426\" border=\"0\" \/><\/a><\/div>\n<div style=\"text-align: center;\"><\/div>\n<div style=\"text-align: center;\">pero est\u00e1n buen\u00edsimos tambi\u00e9n en fr\u00edo<\/div>\n<div><\/div>\n<div class=\"separator\" style=\"clear: both; text-align: center;\"><a style=\"margin-left: 1em; margin-right: 1em;\" href=\"https:\/\/4.bp.blogspot.com\/-OTwy_UzqBGI\/V1GnUfjL4hI\/AAAAAAAAkXQ\/YQi9ucj1cgoc_1GQFcF1N1el7CKaaV-pwCKgB\/s1600\/macarrons.jpg\"><img decoding=\"async\" loading=\"lazy\" src=\"https:\/\/elcalaixetdelaiaia.es\/wp-content\/uploads\/2014\/08\/macarrons.jpg\" width=\"640\" height=\"480\" border=\"0\" \/><\/a><\/div>\n<div style=\"text-align: center;\"><\/div>\n<div style=\"text-align: center;\">y \u00e9sta es la raci\u00f3n de macarrones de at\u00fan sin gratinar.<\/div>\n<div style=\"text-align: center;\">\u00aba la taula i&#8230;BON PROFIT!!!<\/div>\n<div style=\"text-align: center;\">Si te gusta mi receta, puedes compartirla para que llegue a m\u00e1s gente.<br \/>\nEspero tus comentarios y recuerda que tambi\u00e9n estoy en Facebook\u00a0<a href=\"https:\/\/www.facebook.com\/El-calaixet-de-la-iaia-533062140099386\/\">https:\/\/www.facebook.com\/El-calaixet-de-la-iaia-533062140099386\/<\/a><\/div>\n","protected":false},"excerpt":{"rendered":"<p>Refrany; \u00abQui menja molts macarrons no es pot cordar els pantalons.\u00bb Quien come muchos macarrones no puede atarse los pantalones. Pensar\u00e9is&#8230;..vaya entrada \u00bfqui\u00e9n no sabe hacer unos macarrones de at\u00fan?, pues aunque no lo cre\u00e1is hay muchos j\u00f3venes que se independizan o se ven obligados a vivir fuera de sus &hellip; <\/p>\n","protected":false},"author":2,"featured_media":10488,"comment_status":"open","ping_status":"open","sticky":false,"template":"","format":"standard","meta":[],"categories":[14,1],"tags":[],"_links":{"self":[{"href":"https:\/\/elcalaixetdelaiaia.es\/index.php?rest_route=\/wp\/v2\/posts\/873"}],"collection":[{"href":"https:\/\/elcalaixetdelaiaia.es\/index.php?rest_route=\/wp\/v2\/posts"}],"about":[{"href":"https:\/\/elcalaixetdelaiaia.es\/index.php?rest_route=\/wp\/v2\/types\/post"}],"author":[{"embeddable":true,"href":"https:\/\/elcalaixetdelaiaia.es\/index.php?rest_route=\/wp\/v2\/users\/2"}],"replies":[{"embeddable":true,"href":"https:\/\/elcalaixetdelaiaia.es\/index.php?rest_route=%2Fwp%2Fv2%2Fcomments&post=873"}],"version-history":[{"count":2,"href":"https:\/\/elcalaixetdelaiaia.es\/index.php?rest_route=\/wp\/v2\/posts\/873\/revisions"}],"predecessor-version":[{"id":19616,"href":"https:\/\/elcalaixetdelaiaia.es\/index.php?rest_route=\/wp\/v2\/posts\/873\/revisions\/19616"}],"wp:featuredmedia":[{"embeddable":true,"href":"https:\/\/elcalaixetdelaiaia.es\/index.php?rest_route=\/wp\/v2\/media\/10488"}],"wp:attachment":[{"href":"https:\/\/elcalaixetdelaiaia.es\/index.php?rest_route=%2Fwp%2Fv2%2Fmedia&parent=873"}],"wp:term":[{"taxonomy":"category","embeddable":true,"href":"https:\/\/elcalaixetdelaiaia.es\/index.php?rest_route=%2Fwp%2Fv2%2Fcategories&post=873"},{"taxonomy":"post_tag","embeddable":true,"href":"https:\/\/elcalaixetdelaiaia.es\/index.php?rest_route=%2Fwp%2Fv2%2Ftags&post=873"}],"curies":[{"name":"wp","href":"https:\/\/api.w.org\/{rel}","templated":true}]}}