{"id":872,"date":"2014-09-01T16:09:00","date_gmt":"2014-09-01T16:09:00","guid":{"rendered":"http:\/\/elcalaixetdelaiaia.es\/filetes-de-ternera-en-salsa"},"modified":"2017-12-04T22:02:03","modified_gmt":"2017-12-04T22:02:03","slug":"filetes-de-ternera-en-salsa","status":"publish","type":"post","link":"https:\/\/elcalaixetdelaiaia.es\/?p=872","title":{"rendered":"Filetes de ternera en salsa paso a paso"},"content":{"rendered":"<div class=\"separator\" style=\"clear: both; text-align: center;\">\n<\/div>\n<p>\u00abRefrany;<br \/>\nAl Setembre o s&#8217;assequen les fonts o es porta els ponts\u00bb<\/p>\n<div>\nEn Septiembre, o se secan la fuentes o se lleva los puentes.<\/div>\n<div>\n<\/div>\n<div>\nHoy una de mis maneras de preparar los filetes de ternera en salsa, muy f\u00e1cil rica y apropiada para mayores y peques, mi nieta dice que de \u00e9sta forma est\u00e1n \u00absuper bons\u00bb.<\/div>\n<div class=\"separator\" style=\"clear: both; text-align: center;\">\n<\/div>\n<div class=\"separator\" style=\"clear: both; text-align: center;\">\n<a href=\"http:\/\/3.bp.blogspot.com\/-G-y20QV771A\/VASSyvcDfWI\/AAAAAAAAOJM\/HOCa2mkVErU\/s1600\/t1.jpg\" imageanchor=\"1\" style=\"margin-left: 1em; margin-right: 1em;\"><img decoding=\"async\" loading=\"lazy\" border=\"0\" height=\"240\" src=\"https:\/\/elcalaixetdelaiaia.es\/wp-content\/uploads\/2014\/09\/t1.jpg\" width=\"320\" \/><\/a><\/div>\n<div>\n<\/div>\n<div>\nNecesitaremos para tres comensales;<\/div>\n<div>\n<\/div>\n<div class=\"separator\" style=\"clear: both; text-align: center;\">\n<a href=\"http:\/\/2.bp.blogspot.com\/-qtBhd4JXwRc\/VASTA-GEZtI\/AAAAAAAAOKc\/MKHZ-6C89YM\/s1600\/t20.jpg\" imageanchor=\"1\" style=\"margin-left: 1em; margin-right: 1em;\"><img decoding=\"async\" loading=\"lazy\" border=\"0\" height=\"320\" src=\"https:\/\/elcalaixetdelaiaia.es\/wp-content\/uploads\/2014\/09\/t20.jpg\" width=\"240\" \/><\/a><\/div>\n<div>\n<\/div>\n<div>\n<ol>\n<li>Tres filetes de ternera grandes o seis peque\u00f1os<\/li>\n<li>Tres tomates de pera maduros<\/li>\n<li>Dos zanahorias<\/li>\n<li>Una cebolla<\/li>\n<li>Tres hojas de laurel<\/li>\n<li>Media cabeza de ajos<\/li>\n<li>Agua<\/li>\n<li>Una ramita de perejil<\/li>\n<li>Aceite de oliva<\/li>\n<li>Brandi<\/li>\n<li>Piment\u00f3n de la Vera<\/li>\n<li>Una pizca de canela<\/li>\n<li>Sal<\/li>\n<\/ol>\n<div class=\"separator\" style=\"clear: both; text-align: center;\">\n<a href=\"http:\/\/4.bp.blogspot.com\/-kSbAHPEtN70\/VASS-7guyeI\/AAAAAAAAOKQ\/leL-3K46veQ\/s1600\/t19.jpg\" imageanchor=\"1\" style=\"margin-left: 1em; margin-right: 1em;\"><img decoding=\"async\" loading=\"lazy\" border=\"0\" height=\"240\" src=\"https:\/\/elcalaixetdelaiaia.es\/wp-content\/uploads\/2014\/09\/t19.jpg\" width=\"320\" \/><\/a><\/div>\n<div class=\"separator\" style=\"clear: both; text-align: center;\">\n<\/div>\n<div>\nComenzamos poniendo la ternera en adobo con el perejil picadito junto a un diente de ajo y unas gotas de aceite, como m\u00ednimo una noche en el frigo, dentro de un taper, Los &nbsp;dejaremos atemperar antes de comenzar a prepararlos.<\/div>\n<\/div>\n<div>\n<\/div>\n<div class=\"separator\" style=\"clear: both; text-align: center;\">\n<a href=\"http:\/\/2.bp.blogspot.com\/-wAOgCDHcmuM\/VASS8RgGA_I\/AAAAAAAAOKA\/tCgfLX1a_Ws\/s1600\/t18.jpg\" imageanchor=\"1\" style=\"margin-left: 1em; margin-right: 1em;\"><img decoding=\"async\" loading=\"lazy\" border=\"0\" height=\"202\" src=\"https:\/\/elcalaixetdelaiaia.es\/wp-content\/uploads\/2014\/09\/t18.jpg\" width=\"320\" \/><\/a><\/div>\n<div>\n<\/div>\n<div>\nponemos el aceite a calentar<\/div>\n<div>\n<\/div>\n<div class=\"separator\" style=\"clear: both; text-align: center;\">\n<a href=\"http:\/\/3.bp.blogspot.com\/-0M1smhD8w1A\/VASS8ke2q_I\/AAAAAAAAOKE\/Bn-QsKEH-Ao\/s1600\/t17.jpg\" imageanchor=\"1\" style=\"margin-left: 1em; margin-right: 1em;\"><img decoding=\"async\" loading=\"lazy\" border=\"0\" height=\"240\" src=\"https:\/\/elcalaixetdelaiaia.es\/wp-content\/uploads\/2014\/09\/t17.jpg\" width=\"320\" \/><\/a><\/div>\n<div>\n<\/div>\n<div>\ny marcaremos la ternera vuelta y vuelta por cada lado<\/div>\n<div>\n<\/div>\n<div class=\"separator\" style=\"clear: both; text-align: center;\">\n<a href=\"http:\/\/4.bp.blogspot.com\/-voOoUO425W8\/VASS7Eu9fDI\/AAAAAAAAOJ4\/e8IfNsVaYiM\/s1600\/t16.jpg\" imageanchor=\"1\" style=\"margin-left: 1em; margin-right: 1em;\"><img decoding=\"async\" loading=\"lazy\" border=\"0\" height=\"240\" src=\"https:\/\/elcalaixetdelaiaia.es\/wp-content\/uploads\/2014\/09\/t16.jpg\" width=\"320\" \/><\/a><\/div>\n<div>\n<\/div>\n<div>\ncon el fin de sellar la carne y que permanezcan dentro los jugos de la misma. Remos reservando a medida que se marquen,<\/div>\n<div>\n<\/div>\n<div class=\"separator\" style=\"clear: both; text-align: center;\">\n<a href=\"http:\/\/3.bp.blogspot.com\/-QRAv_n-Tl7Y\/VASS3uvBtAI\/AAAAAAAAOJw\/nUNsT0ZIrqU\/s1600\/t14.jpg\" imageanchor=\"1\" style=\"margin-left: 1em; margin-right: 1em;\"><img decoding=\"async\" loading=\"lazy\" border=\"0\" height=\"240\" src=\"https:\/\/elcalaixetdelaiaia.es\/wp-content\/uploads\/2014\/09\/t14.jpg\" width=\"320\" \/><\/a><\/div>\n<div>\n<\/div>\n<div>\nPelamos y troceamos las verduras<\/div>\n<div>\n<\/div>\n<div class=\"separator\" style=\"clear: both; text-align: center;\">\n<a href=\"http:\/\/3.bp.blogspot.com\/-pDQ1c23UP2Y\/VASS2cNX9nI\/AAAAAAAAOJo\/L1bUCUmSlkQ\/s1600\/t13.jpg\" imageanchor=\"1\" style=\"margin-left: 1em; margin-right: 1em;\"><img decoding=\"async\" loading=\"lazy\" border=\"0\" height=\"240\" src=\"https:\/\/elcalaixetdelaiaia.es\/wp-content\/uploads\/2014\/09\/t13.jpg\" width=\"320\" \/><\/a><\/div>\n<div>\n<\/div>\n<div>\ny las sofreimos en el &nbsp;mismo aceite, a\u00f1adiendo el laurel enjuagado y los ajos pelados&nbsp;<\/div>\n<div>\n<\/div>\n<div class=\"separator\" style=\"clear: both; text-align: center;\">\n<a href=\"http:\/\/3.bp.blogspot.com\/-_6sKEKSHlqw\/VASS1Q2Fp4I\/AAAAAAAAOJg\/URrSODdM2Jw\/s1600\/t12.jpg\" imageanchor=\"1\" style=\"margin-left: 1em; margin-right: 1em;\"><img decoding=\"async\" loading=\"lazy\" border=\"0\" height=\"240\" src=\"https:\/\/elcalaixetdelaiaia.es\/wp-content\/uploads\/2014\/09\/t12.jpg\" width=\"320\" \/><\/a><\/div>\n<div>\n<\/div>\n<div>\na\u00f1adimos al sofrito la ternera y espolvoreamos el piment\u00f3n<\/div>\n<div>\n<\/div>\n<div class=\"separator\" style=\"clear: both; text-align: center;\">\n<a href=\"http:\/\/3.bp.blogspot.com\/-ykeAbn8_oCM\/VASSy-XkO0I\/AAAAAAAAOJQ\/IkAmn3KN9l0\/s1600\/t11.jpg\" imageanchor=\"1\" style=\"margin-left: 1em; margin-right: 1em;\"><img decoding=\"async\" loading=\"lazy\" border=\"0\" height=\"240\" src=\"https:\/\/elcalaixetdelaiaia.es\/wp-content\/uploads\/2014\/09\/t11.jpg\" width=\"320\" \/><\/a><\/div>\n<div>\n<\/div>\n<div>\ny una pizca de Canela, removemos<\/div>\n<div>\n<\/div>\n<div class=\"separator\" style=\"clear: both; text-align: center;\">\n<a href=\"http:\/\/2.bp.blogspot.com\/-BprJal51hlQ\/VASSyODuYYI\/AAAAAAAAOJI\/iKc-BHWLQJY\/s1600\/t10.jpg\" imageanchor=\"1\" style=\"margin-left: 1em; margin-right: 1em;\"><img decoding=\"async\" loading=\"lazy\" border=\"0\" height=\"240\" src=\"https:\/\/elcalaixetdelaiaia.es\/wp-content\/uploads\/2014\/09\/t10.jpg\" width=\"320\" \/><\/a><\/div>\n<div>\n<\/div>\n<div>\nEs ahora cuando ponemos un buen chorro de Brandy, dejaremos evaporar al alcohol e incorporamos el agua<\/div>\n<div>\n<\/div>\n<div class=\"separator\" style=\"clear: both; text-align: center;\">\n<a href=\"http:\/\/3.bp.blogspot.com\/-b2hv53pIKI4\/VASTJc-qEuI\/AAAAAAAAOLQ\/sWU-T5bpLMI\/s1600\/t9.jpg\" imageanchor=\"1\" style=\"margin-left: 1em; margin-right: 1em;\"><img decoding=\"async\" loading=\"lazy\" border=\"0\" height=\"240\" src=\"https:\/\/elcalaixetdelaiaia.es\/wp-content\/uploads\/2014\/09\/t9.jpg\" width=\"320\" \/><\/a><\/div>\n<div>\n<\/div>\n<div>\nhasta cubrir la carne<\/div>\n<div>\n<\/div>\n<div class=\"separator\" style=\"clear: both; text-align: center;\">\n<a href=\"http:\/\/2.bp.blogspot.com\/-_i1y9-eVmuo\/VASTIfs2U0I\/AAAAAAAAOLI\/t_aib7EWBAU\/s1600\/t8.jpg\" imageanchor=\"1\" style=\"margin-left: 1em; margin-right: 1em;\"><img decoding=\"async\" loading=\"lazy\" border=\"0\" height=\"240\" src=\"https:\/\/elcalaixetdelaiaia.es\/wp-content\/uploads\/2014\/09\/t8.jpg\" width=\"320\" \/><\/a><\/div>\n<div>\n<\/div>\n<div>\nTaparemos y dejaremos a fuego m\u00ednimo una hora si la carne no es en cortada gruesa. Habremos de ir controlando que no nos quedemos sin caldo. Si lo hacemos en olla r\u00e1pida ser\u00e1n suficientes 20 min.<\/div>\n<div>\n<\/div>\n<div class=\"separator\" style=\"clear: both; text-align: center;\">\n<a href=\"http:\/\/4.bp.blogspot.com\/-eb-lYnXeNjg\/VASTHWjq4HI\/AAAAAAAAOLA\/2diKlySVZ2w\/s1600\/t7.jpg\" imageanchor=\"1\" style=\"margin-left: 1em; margin-right: 1em;\"><img decoding=\"async\" loading=\"lazy\" border=\"0\" height=\"240\" src=\"https:\/\/elcalaixetdelaiaia.es\/wp-content\/uploads\/2014\/09\/t7.jpg\" width=\"320\" \/><\/a><\/div>\n<div>\n<\/div>\n<div>\nPasado el tiempo sacaremos las verduras con un poco del caldo, las pondremos en el vaso de la batidora y haremos un pur\u00e9<\/div>\n<div>\n<\/div>\n<div class=\"separator\" style=\"clear: both; text-align: center;\">\n<a href=\"http:\/\/1.bp.blogspot.com\/-XP3dP_A6lGk\/VASTFmn_WRI\/AAAAAAAAOK4\/ykf0ZnUT_GE\/s1600\/t6.jpg\" imageanchor=\"1\" style=\"margin-left: 1em; margin-right: 1em;\"><img decoding=\"async\" loading=\"lazy\" border=\"0\" height=\"240\" src=\"https:\/\/elcalaixetdelaiaia.es\/wp-content\/uploads\/2014\/09\/t6.jpg\" width=\"320\" \/><\/a><\/div>\n<div>\n<\/div>\n<div>\nincorporamos el pur\u00e9 a la cazuela,&nbsp;<\/div>\n<div>\n<\/div>\n<div class=\"separator\" style=\"clear: both; text-align: center;\">\n<a href=\"http:\/\/3.bp.blogspot.com\/-xBni8ioLwaA\/VASTEYDgjTI\/AAAAAAAAOKw\/U9qPkLggrj4\/s1600\/t4.jpg\" imageanchor=\"1\" style=\"margin-left: 1em; margin-right: 1em;\"><img decoding=\"async\" loading=\"lazy\" border=\"0\" height=\"240\" src=\"https:\/\/elcalaixetdelaiaia.es\/wp-content\/uploads\/2014\/09\/t4.jpg\" width=\"320\" \/><\/a><\/div>\n<div class=\"separator\" style=\"clear: both; text-align: center;\">\n<\/div>\n<div>\nllega el momento de rectificar de sal, &nbsp;removemos y dejamos un par de minutos que haga&#8230;chup&#8230;chup<\/div>\n<div>\n<\/div>\n<div class=\"separator\" style=\"clear: both; text-align: center;\">\n<a href=\"http:\/\/2.bp.blogspot.com\/-xmoJa1NBD2A\/VASTCI1cXlI\/AAAAAAAAOKk\/DsuaioHIJps\/s1600\/t3.jpg\" imageanchor=\"1\" style=\"margin-left: 1em; margin-right: 1em;\"><img decoding=\"async\" loading=\"lazy\" border=\"0\" height=\"240\" src=\"https:\/\/elcalaixetdelaiaia.es\/wp-content\/uploads\/2014\/09\/t3.jpg\" width=\"320\" \/><\/a><\/div>\n<div>\n<\/div>\n<div>\ny emplatamos. Este tipo de carne es ideal para cocinar un d\u00eda antes e incluso para congelar. Si lo comeis en el d\u00eda&#8230;..<\/div>\n<div>\n<\/div>\n<div class=\"separator\" style=\"clear: both; text-align: center;\">\n<a href=\"http:\/\/3.bp.blogspot.com\/-wXtl5MzlMIg\/VASTArl8SII\/AAAAAAAAOKY\/usV4h-YpNHY\/s1600\/t2.jpg\" imageanchor=\"1\" style=\"margin-left: 1em; margin-right: 1em;\"><img decoding=\"async\" loading=\"lazy\" border=\"0\" height=\"240\" src=\"https:\/\/elcalaixetdelaiaia.es\/wp-content\/uploads\/2014\/09\/t2.jpg\" width=\"320\" \/><\/a><\/div>\n<div>\n<\/div>\n<div>\n&#8230;.\u00bba la taula i BON PROFIT!!!\u00bb<\/div>\n<div>\nSi te gusta mi receta, puedes compartirla y clicar en g+1 para que llegue a m\u00e1s gente.<br \/>\nEspero tus comentarios y recuerda que tambi\u00e9n estoy en Facebook&nbsp;<a href=\"https:\/\/www.facebook.com\/El-calaixet-de-la-iaia-533062140099386\/\">https:\/\/www.facebook.com\/El-calaixet-de-la-iaia-533062140099386\/<\/a><\/div>\n","protected":false},"excerpt":{"rendered":"<p>\u00abRefrany; Al Setembre o s&#8217;assequen les fonts o es porta els ponts\u00bb En Septiembre, o se secan la fuentes o se lleva los puentes. Hoy una de mis maneras de preparar los filetes de ternera en salsa, muy f\u00e1cil rica y apropiada para mayores y peques, mi nieta dice que &hellip; <\/p>\n","protected":false},"author":2,"featured_media":10469,"comment_status":"open","ping_status":"open","sticky":false,"template":"","format":"standard","meta":[],"categories":[12,1],"tags":[],"_links":{"self":[{"href":"https:\/\/elcalaixetdelaiaia.es\/index.php?rest_route=\/wp\/v2\/posts\/872"}],"collection":[{"href":"https:\/\/elcalaixetdelaiaia.es\/index.php?rest_route=\/wp\/v2\/posts"}],"about":[{"href":"https:\/\/elcalaixetdelaiaia.es\/index.php?rest_route=\/wp\/v2\/types\/post"}],"author":[{"embeddable":true,"href":"https:\/\/elcalaixetdelaiaia.es\/index.php?rest_route=\/wp\/v2\/users\/2"}],"replies":[{"embeddable":true,"href":"https:\/\/elcalaixetdelaiaia.es\/index.php?rest_route=%2Fwp%2Fv2%2Fcomments&post=872"}],"version-history":[{"count":1,"href":"https:\/\/elcalaixetdelaiaia.es\/index.php?rest_route=\/wp\/v2\/posts\/872\/revisions"}],"predecessor-version":[{"id":10487,"href":"https:\/\/elcalaixetdelaiaia.es\/index.php?rest_route=\/wp\/v2\/posts\/872\/revisions\/10487"}],"wp:featuredmedia":[{"embeddable":true,"href":"https:\/\/elcalaixetdelaiaia.es\/index.php?rest_route=\/wp\/v2\/media\/10469"}],"wp:attachment":[{"href":"https:\/\/elcalaixetdelaiaia.es\/index.php?rest_route=%2Fwp%2Fv2%2Fmedia&parent=872"}],"wp:term":[{"taxonomy":"category","embeddable":true,"href":"https:\/\/elcalaixetdelaiaia.es\/index.php?rest_route=%2Fwp%2Fv2%2Fcategories&post=872"},{"taxonomy":"post_tag","embeddable":true,"href":"https:\/\/elcalaixetdelaiaia.es\/index.php?rest_route=%2Fwp%2Fv2%2Ftags&post=872"}],"curies":[{"name":"wp","href":"https:\/\/api.w.org\/{rel}","templated":true}]}}