{"id":866,"date":"2014-09-11T22:44:00","date_gmt":"2014-09-11T22:44:00","guid":{"rendered":"http:\/\/elcalaixetdelaiaia.es\/como-hacer-una-puerta-para-el-ratoncito"},"modified":"2020-04-03T11:52:43","modified_gmt":"2020-04-03T11:52:43","slug":"como-hacer-una-puerta-para-el-ratoncito","status":"publish","type":"post","link":"https:\/\/elcalaixetdelaiaia.es\/?p=866","title":{"rendered":"Como hacer una puerta para el ratoncito P\u00e9rez paso a paso foto a foto"},"content":{"rendered":"<p>\u00abRefrany;<br \/>\nEl <em>ratol\u00ed<\/em> \u00e9s atrapat si nom\u00e9s sap un forat\u00bb<br \/>\nEl ratol\u00edn es atrapado, si solo sabe un agujero.<\/p>\n<p>Dicen que el cuento del ratoncito P\u00e9rez , naci\u00f3 de la pluma del padre Luis Coloma, un sacerdote jesuita que lo escribi\u00f3 en 1894, cuando la Corona le encarg\u00f3 escribir un cuento para el rey Bubi I como la Reina Do\u00f1a Mar\u00eda Cristina llamaba a su hijo, el futuroAlfonso XIII, quien a los ocho a\u00f1os le dio una rabieta tras la ca\u00edda de uno de sus dientes y desde la corte decidieron pedirle al padre Coloma, conocido periodista y ensayista, que\u00a0le escribiese un cuento al ni\u00f1o rey.<br \/>\nLa historia dice que el rat\u00f3n viv\u00eda con su familia dentro de una gran caja de galletas, en el almac\u00e9n de la entonces famosa confiter\u00eda Prats, en el n\u00famero 8 de la calle del Arenal, en el coraz\u00f3n de Madrid, apenas a cien metros del Palacio Real.<\/p>\n<div class=\"separator\" style=\"clear: both; text-align: center;\"><a style=\"margin-left: 1em; margin-right: 1em;\" href=\"http:\/\/1.bp.blogspot.com\/-v3v68Nu9lJw\/VVPPBUmZclI\/AAAAAAAAaZc\/v3unc3dMJGI\/s1600\/IMG_2690.JPG\"><img decoding=\"async\" loading=\"lazy\" src=\"https:\/\/elcalaixetdelaiaia.es\/wp-content\/uploads\/2014\/09\/IMG_2690.jpg\" width=\"640\" height=\"404\" border=\"0\" \/><\/a><\/div>\n<p>Mi nieta mayor, me preguntaba a menudo por donde entra en su cuarto el ratoncito P\u00e9rez cuando le cae un dientecito, as\u00ed que aprovechando que \u00edbamos a pasar juntas unos d\u00edas en el pueblo y con una idea que vi en Pinterest, compr\u00e9 los materiales necesarios y los met\u00ed en la maleta.<br \/>\nPensando que pronto ser\u00eda el cumplea\u00f1os de mi sobrina Irene que tiene dos meses menos que su sobrina&#8230;o sea&#8230;mi nieta (jajajaja, si lo se, parecemos los Iglesias en versi\u00f3n pueblo llano pero sin divorcios ni segundos matrimonios), compr\u00e9 material para hacer dos puertecitas y dos escaleras.<br \/>\nEn cuanto llegu\u00e9 al pueblo, nos pusimos manos a la obra.<\/p>\n<p>Venden hechas ya puertecitas, pero no hay nada c\u00f3mo lo hecho artesanalmente, personalizado y con todo el amor del mundo. Esta es una manualidad perfecta para un finde lluvioso o invernal, para hacer con peques o sin ellos, para un regalito infantil ?\u2764\ufe0f<\/p>\n<p>Necesitamos;<\/p>\n<div class=\"separator\" style=\"clear: both; text-align: center;\"><a style=\"margin-left: 1em; margin-right: 1em;\" href=\"http:\/\/4.bp.blogspot.com\/-TwYq2YTaRqA\/VVPQZm7LejI\/AAAAAAAAacE\/KfroRLuwVbw\/s1600\/IMG_2777.JPG\"><img decoding=\"async\" loading=\"lazy\" src=\"https:\/\/elcalaixetdelaiaia.es\/wp-content\/uploads\/2014\/09\/IMG_2777.jpg\" width=\"480\" height=\"640\" border=\"0\" \/><\/a><\/div>\n<ol>\n<li>Palos de polo de madera<\/li>\n<li>Palitos de madera de brochetas<\/li>\n<li>Cola blanca<\/li>\n<li>T\u00e9mpera blanca<\/li>\n<li>Acuarelas<\/li>\n<li>Cinta adhesiva de doble cara<\/li>\n<li>Pinceles<\/li>\n<li>Lija<\/li>\n<li>Lima<\/li>\n<li>Tijeras de jardiner\u00eda o similares<\/li>\n<li>L\u00e1piz<\/li>\n<li>Rotulador permanente<\/li>\n<li>Cinta m\u00e9trica<\/li>\n<li>Botones<\/li>\n<\/ol>\n<div class=\"separator\" style=\"clear: both; text-align: center;\"><a style=\"margin-left: 1em; margin-right: 1em;\" href=\"http:\/\/2.bp.blogspot.com\/-LSJghDq5g1k\/VVPQZsDTRaI\/AAAAAAAAacA\/uf3VlL3ogvk\/s1600\/IMG_2779.JPG\"><img decoding=\"async\" loading=\"lazy\" src=\"https:\/\/elcalaixetdelaiaia.es\/wp-content\/uploads\/2014\/09\/IMG_2779.jpg\" width=\"640\" height=\"480\" border=\"0\" \/><\/a><\/div>\n<div style=\"text-align: center;\">Comenzaremos haciendo las escaleras y para ello marcaremos las puntas de los palitos<\/div>\n<div class=\"separator\" style=\"clear: both; text-align: center;\"><a style=\"margin-left: 1em; margin-right: 1em;\" href=\"http:\/\/3.bp.blogspot.com\/-FleNDUohLp4\/VVPQc8XxoYI\/AAAAAAAAacY\/QoYNVuHJT7M\/s1600\/IMG_2780.JPG\"><img decoding=\"async\" loading=\"lazy\" src=\"https:\/\/elcalaixetdelaiaia.es\/wp-content\/uploads\/2014\/09\/IMG_2780.jpg\" width=\"640\" height=\"480\" border=\"0\" \/><\/a><\/div>\n<div style=\"text-align: center;\">para cortarlos con mucho cuidado porque la madera es fuerte<\/div>\n<div class=\"separator\" style=\"clear: both; text-align: center;\"><a style=\"margin-left: 1em; margin-right: 1em;\" href=\"http:\/\/4.bp.blogspot.com\/-MWMdkdsz5bI\/VVPQdutQeMI\/AAAAAAAAacg\/mMV8t4dJsIA\/s1600\/IMG_2781.JPG\"><img decoding=\"async\" loading=\"lazy\" src=\"https:\/\/elcalaixetdelaiaia.es\/wp-content\/uploads\/2014\/09\/IMG_2781.jpg\" width=\"640\" height=\"480\" border=\"0\" \/><\/a><\/div>\n<div style=\"text-align: center;\">limaremos la madera para eliminar las astillas y dar forma aseada<\/div>\n<div class=\"separator\" style=\"clear: both; text-align: center;\"><a style=\"margin-left: 1em; margin-right: 1em;\" href=\"http:\/\/3.bp.blogspot.com\/-FNejrWAvoq4\/VVPQd49vS5I\/AAAAAAAAack\/5fYdX3X-v-I\/s1600\/IMG_2782.JPG\"><img decoding=\"async\" loading=\"lazy\" src=\"https:\/\/elcalaixetdelaiaia.es\/wp-content\/uploads\/2014\/09\/IMG_2782.jpg\" width=\"640\" height=\"480\" border=\"0\" \/><\/a><\/div>\n<div style=\"text-align: center;\">\u00a0marcaremos la distancia donde pegaremos los palitos que har\u00e1n de pelda\u00f1os<\/div>\n<div class=\"separator\" style=\"clear: both; text-align: center;\"><a style=\"margin-left: 1em; margin-right: 1em;\" href=\"http:\/\/4.bp.blogspot.com\/--RPOI2wBN98\/VVPQfCloNxI\/AAAAAAAAacw\/d35FzcJsEIE\/s1600\/IMG_2783.JPG\"><img decoding=\"async\" loading=\"lazy\" src=\"https:\/\/elcalaixetdelaiaia.es\/wp-content\/uploads\/2014\/09\/IMG_2783.jpg\" width=\"640\" height=\"480\" border=\"0\" \/><\/a><\/div>\n<div style=\"text-align: center;\">marcaremos el tama\u00f1o de los pelda\u00f1os, cortaremos y limaremos<\/div>\n<div class=\"separator\" style=\"clear: both; text-align: center;\"><a style=\"margin-left: 1em; margin-right: 1em;\" href=\"http:\/\/2.bp.blogspot.com\/-fB8toZGbO-k\/VVPQhgLD2ZI\/AAAAAAAAac4\/jB4rGB_htoY\/s1600\/IMG_2784.JPG\"><img decoding=\"async\" loading=\"lazy\" src=\"https:\/\/elcalaixetdelaiaia.es\/wp-content\/uploads\/2014\/09\/IMG_2784.jpg\" width=\"640\" height=\"480\" border=\"0\" \/><\/a><\/div>\n<div style=\"text-align: center;\">iremos colocando los pelda\u00f1os con cola blanca<\/div>\n<div class=\"separator\" style=\"clear: both; text-align: center;\"><a style=\"margin-left: 1em; margin-right: 1em;\" href=\"http:\/\/4.bp.blogspot.com\/-u9XGXroZqm8\/VVPQiHOC0LI\/AAAAAAAAac8\/GzFMI2EEKoE\/s1600\/IMG_2785.JPG\"><img decoding=\"async\" loading=\"lazy\" src=\"https:\/\/elcalaixetdelaiaia.es\/wp-content\/uploads\/2014\/09\/IMG_2785.jpg\" width=\"640\" height=\"480\" border=\"0\" \/><\/a><\/div>\n<div style=\"text-align: center;\">para formar las escaleritas<\/div>\n<div class=\"separator\" style=\"clear: both; text-align: center;\"><a style=\"margin-left: 1em; margin-right: 1em;\" href=\"http:\/\/4.bp.blogspot.com\/-8W-WsfcMsEU\/VVPQqg5rXjI\/AAAAAAAAad4\/Sve6sjaCZpo\/s1600\/IMG_2792.JPG\"><img decoding=\"async\" loading=\"lazy\" src=\"https:\/\/elcalaixetdelaiaia.es\/wp-content\/uploads\/2014\/09\/IMG_2792.jpg\" width=\"640\" height=\"480\" border=\"0\" \/><\/a><\/div>\n<div class=\"separator\" style=\"clear: both; text-align: center;\">y pintaremos con t\u00e9mpera, nosotras la hemos elegido blanca<\/div>\n<div class=\"separator\" style=\"clear: both; text-align: center;\"><a style=\"margin-left: 1em; margin-right: 1em;\" href=\"http:\/\/1.bp.blogspot.com\/-ZAPRapM-7ig\/VVPaH4o5T2I\/AAAAAAAAaeg\/wUhX-cO4WbA\/s1600\/IMG_2786.JPG\"><img decoding=\"async\" loading=\"lazy\" src=\"https:\/\/elcalaixetdelaiaia.es\/wp-content\/uploads\/2014\/09\/IMG_2786.jpg\" width=\"640\" height=\"480\" border=\"0\" \/><\/a><\/div>\n<div class=\"separator\" style=\"clear: both; text-align: center;\">y mi ni\u00f1a las ha pintado con mucho esmero. Las dejaremos secar.<\/div>\n<div class=\"separator\" style=\"clear: both; text-align: center;\"><a style=\"margin-left: 1em; margin-right: 1em;\" href=\"http:\/\/1.bp.blogspot.com\/-4n7838SqLAg\/VVPQksSIqMI\/AAAAAAAAadQ\/X8_SASnvc2c\/s1600\/IMG_2787.JPG\"><img decoding=\"async\" loading=\"lazy\" src=\"https:\/\/elcalaixetdelaiaia.es\/wp-content\/uploads\/2014\/09\/IMG_2787.jpg\" width=\"640\" height=\"480\" border=\"0\" \/><\/a><\/div>\n<div style=\"text-align: center;\">Y comenzaremos las puertecitas poniendo los palitos unos junto a otros<\/div>\n<div class=\"separator\" style=\"clear: both; text-align: center;\"><a style=\"margin-left: 1em; margin-right: 1em;\" href=\"http:\/\/2.bp.blogspot.com\/-2F7_ZAHH4Pc\/VVPQlwyn8OI\/AAAAAAAAadY\/3MacLFHceTo\/s1600\/IMG_2788.JPG\"><img decoding=\"async\" loading=\"lazy\" src=\"https:\/\/elcalaixetdelaiaia.es\/wp-content\/uploads\/2014\/09\/IMG_2788.jpg\" width=\"640\" height=\"480\" border=\"0\" \/><\/a><\/div>\n<div style=\"text-align: center;\">marcaremos los palitos que har\u00e1n de travesa\u00f1os para sujetar nuestras puertas<\/div>\n<div class=\"separator\" style=\"clear: both; text-align: center;\"><a style=\"margin-left: 1em; margin-right: 1em;\" href=\"http:\/\/1.bp.blogspot.com\/-l-rMCYXsQpI\/VVPQmSHlZrI\/AAAAAAAAadc\/jvio0wKJuqQ\/s1600\/IMG_2789.JPG\"><img decoding=\"async\" loading=\"lazy\" src=\"https:\/\/elcalaixetdelaiaia.es\/wp-content\/uploads\/2014\/09\/IMG_2789.jpg\" width=\"640\" height=\"480\" border=\"0\" \/><\/a><\/div>\n<div style=\"text-align: center;\">y cortaremos con fuerza pero con cuidado, limaremos<\/div>\n<div class=\"separator\" style=\"clear: both; text-align: center;\"><a style=\"margin-left: 1em; margin-right: 1em;\" href=\"http:\/\/2.bp.blogspot.com\/-frJjZNf4IqM\/VVPQodeCprI\/AAAAAAAAado\/m3jFqOdRp38\/s1600\/IMG_2790.JPG\"><img decoding=\"async\" loading=\"lazy\" src=\"https:\/\/elcalaixetdelaiaia.es\/wp-content\/uploads\/2014\/09\/IMG_2790.jpg\" width=\"640\" height=\"480\" border=\"0\" \/><\/a><\/div>\n<div style=\"text-align: center;\">y pegaremos con cola blanca una abajo<\/div>\n<div class=\"separator\" style=\"clear: both; text-align: center;\"><a style=\"margin-left: 1em; margin-right: 1em;\" href=\"http:\/\/4.bp.blogspot.com\/-WMffXxovvkM\/VVPQpNjLP_I\/AAAAAAAAadw\/SLeuFOQKhok\/s1600\/IMG_2791.JPG\"><img decoding=\"async\" loading=\"lazy\" src=\"https:\/\/elcalaixetdelaiaia.es\/wp-content\/uploads\/2014\/09\/IMG_2791.jpg\" width=\"640\" height=\"480\" border=\"0\" \/><\/a><\/div>\n<div style=\"text-align: center;\">y otra arriba, pegaremos una maderita peque\u00f1a en la parte superior que nos servir\u00e1 como cartel indicador del propietario de la puerta<\/div>\n<div class=\"separator\" style=\"clear: both; text-align: center;\"><a style=\"margin-left: 1em; margin-right: 1em;\" href=\"http:\/\/4.bp.blogspot.com\/-MhRjCg4cYQg\/VVPQsbo89KI\/AAAAAAAAaeA\/uHZvSk4lFU8\/s1600\/IMG_2793.JPG\"><img decoding=\"async\" loading=\"lazy\" src=\"https:\/\/elcalaixetdelaiaia.es\/wp-content\/uploads\/2014\/09\/IMG_2793.jpg\" width=\"640\" height=\"480\" border=\"0\" \/><\/a><\/div>\n<div style=\"text-align: center;\">pintaremos con la t\u00e9mpera<\/div>\n<div class=\"separator\" style=\"clear: both; text-align: center;\"><a style=\"margin-left: 1em; margin-right: 1em;\" href=\"http:\/\/3.bp.blogspot.com\/-gDuRySW5wSk\/VVPQtK2XQBI\/AAAAAAAAaeI\/vh275h5YVcc\/s1600\/IMG_2794.JPG\"><img decoding=\"async\" loading=\"lazy\" src=\"https:\/\/elcalaixetdelaiaia.es\/wp-content\/uploads\/2014\/09\/IMG_2794.jpg\" width=\"640\" height=\"480\" border=\"0\" \/><\/a><\/div>\n<div style=\"text-align: center;\">dando las manos que consideremos,<\/div>\n<div class=\"separator\" style=\"clear: both; text-align: center;\"><a style=\"margin-left: 1em; margin-right: 1em;\" href=\"http:\/\/3.bp.blogspot.com\/-8jpMRsBkgEU\/VVPPPJtLkII\/AAAAAAAAaa8\/0LMA5ozhclk\/s1600\/IMG_2700.JPG\"><img decoding=\"async\" loading=\"lazy\" src=\"https:\/\/elcalaixetdelaiaia.es\/wp-content\/uploads\/2014\/09\/IMG_2700.jpg\" width=\"640\" height=\"480\" border=\"0\" \/><\/a><\/div>\n<div style=\"text-align: center;\">\u00a0\u00a0hasta que quede a nuestro gusto<\/div>\n<div class=\"separator\" style=\"clear: both; text-align: center;\"><a style=\"margin-left: 1em; margin-right: 1em;\" href=\"http:\/\/2.bp.blogspot.com\/-z_GPEFTxusg\/VVPPW5YQhkI\/AAAAAAAAabs\/h9p-y-dWuno\/s1600\/IMG_2794.JPG\"><img decoding=\"async\" loading=\"lazy\" src=\"https:\/\/elcalaixetdelaiaia.es\/wp-content\/uploads\/2014\/09\/IMG_2794-1.jpg\" width=\"640\" height=\"480\" border=\"0\" \/><\/a><\/div>\n<div>\n<div style=\"text-align: center;\">como veis son muy r\u00fasticas, propias de un ratoncito de campo<\/div>\n<\/div>\n<div class=\"separator\" style=\"clear: both; text-align: center;\"><a style=\"margin-left: 1em; margin-right: 1em;\" href=\"http:\/\/4.bp.blogspot.com\/-k6bNihol8CE\/VVPPL2P4RGI\/AAAAAAAAaao\/SQVm9VZtpao\/s1600\/IMG_2698.JPG\"><img decoding=\"async\" loading=\"lazy\" src=\"https:\/\/elcalaixetdelaiaia.es\/wp-content\/uploads\/2014\/09\/IMG_2698.jpg\" width=\"640\" height=\"480\" border=\"0\" \/><\/a><\/div>\n<div style=\"text-align: center;\">dejaremos secar<\/div>\n<div class=\"separator\" style=\"clear: both; text-align: center;\"><a style=\"margin-left: 1em; margin-right: 1em;\" href=\"http:\/\/2.bp.blogspot.com\/-GGOqSC_nrqM\/VVPPLRrOyEI\/AAAAAAAAaak\/FkqVVVS1MWs\/s1600\/IMG_2697.JPG\"><img decoding=\"async\" loading=\"lazy\" src=\"https:\/\/elcalaixetdelaiaia.es\/wp-content\/uploads\/2014\/09\/IMG_2697.jpg\" width=\"640\" height=\"480\" border=\"0\" \/><\/a><\/div>\n<div style=\"text-align: center;\">y pintaremos de otro color la maderita del r\u00f3tulo<\/div>\n<div class=\"separator\" style=\"clear: both; text-align: center;\"><a style=\"margin-left: 1em; margin-right: 1em;\" href=\"http:\/\/1.bp.blogspot.com\/-lP4bULB22FE\/VVPPKkkCCaI\/AAAAAAAAaac\/pv0sZGk6tf4\/s1600\/IMG_2696.JPG\"><img decoding=\"async\" loading=\"lazy\" src=\"https:\/\/elcalaixetdelaiaia.es\/wp-content\/uploads\/2014\/09\/IMG_2696.jpg\" width=\"640\" height=\"480\" border=\"0\" \/><\/a><\/div>\n<div style=\"text-align: center;\">a nuestro gusto. Mi ni\u00f1a las ha querido pintar de blanco, pero por supuesto, las pod\u00e9is personalizar a vuestro gusto.<\/div>\n<div class=\"separator\" style=\"clear: both; text-align: center;\"><a style=\"margin-left: 1em; margin-right: 1em;\" href=\"http:\/\/4.bp.blogspot.com\/-AfRbduzMGE0\/VVPQZvdxM5I\/AAAAAAAAacI\/DJba3ZN_h7Y\/s1600\/IMG_2778.JPG\"><img decoding=\"async\" loading=\"lazy\" src=\"https:\/\/elcalaixetdelaiaia.es\/wp-content\/uploads\/2014\/09\/IMG_2778.jpg\" width=\"640\" height=\"480\" border=\"0\" \/><\/a><\/div>\n<div style=\"text-align: center;\">Elegiremos dos botones<\/div>\n<div class=\"separator\" style=\"clear: both; text-align: center;\"><a style=\"margin-left: 1em; margin-right: 1em;\" href=\"http:\/\/3.bp.blogspot.com\/-9G_zVZF7REk\/VVPPHCQHZfI\/AAAAAAAAaaM\/TgBB3JJv4vY\/s1600\/IMG_2694.JPG\"><img decoding=\"async\" loading=\"lazy\" src=\"https:\/\/elcalaixetdelaiaia.es\/wp-content\/uploads\/2014\/09\/IMG_2694.jpg\" width=\"640\" height=\"480\" border=\"0\" \/><\/a><\/div>\n<div style=\"text-align: center;\">que ser\u00e1n el pomo de nuestra puertecita<\/div>\n<div class=\"separator\" style=\"clear: both; text-align: center;\"><a style=\"margin-left: 1em; margin-right: 1em;\" href=\"http:\/\/2.bp.blogspot.com\/-h-BH-Gv29MI\/VVPPIZvuDAI\/AAAAAAAAaaU\/9APUraNMZDM\/s1600\/IMG_2695.JPG\"><img decoding=\"async\" loading=\"lazy\" src=\"https:\/\/elcalaixetdelaiaia.es\/wp-content\/uploads\/2014\/09\/IMG_2695.jpg\" width=\"640\" height=\"480\" border=\"0\" \/><\/a><\/div>\n<div style=\"text-align: center;\">y pegaremos \u00a0con cola blanca<\/div>\n<div class=\"separator\" style=\"clear: both; text-align: center;\"><a style=\"margin-left: 1em; margin-right: 1em;\" href=\"http:\/\/2.bp.blogspot.com\/-yXctbxgUtFw\/VVPPFXurqsI\/AAAAAAAAaZ8\/AA3gBZ4tFqM\/s1600\/IMG_2692.JPG\"><img decoding=\"async\" loading=\"lazy\" src=\"https:\/\/elcalaixetdelaiaia.es\/wp-content\/uploads\/2014\/09\/IMG_2692.jpg\" width=\"640\" height=\"480\" border=\"0\" \/><\/a><\/div>\n<div style=\"text-align: center;\">rotulamos la puerta<\/div>\n<div class=\"separator\" style=\"clear: both; text-align: center;\"><a style=\"margin-left: 1em; margin-right: 1em;\" href=\"http:\/\/4.bp.blogspot.com\/-X9DA3KiaOvQ\/VVPPGXfrJWI\/AAAAAAAAaaE\/x1v30-PCbw4\/s1600\/IMG_2693.JPG\"><img decoding=\"async\" loading=\"lazy\" src=\"https:\/\/elcalaixetdelaiaia.es\/wp-content\/uploads\/2014\/09\/IMG_2693.jpg\" width=\"640\" height=\"480\" border=\"0\" \/><\/a><\/div>\n<div style=\"text-align: center;\">con el nombre de nuestro ratoncito<\/div>\n<div class=\"separator\" style=\"clear: both; text-align: center;\"><a style=\"margin-left: 1em; margin-right: 1em;\" href=\"http:\/\/1.bp.blogspot.com\/-hiAxJA9ZXj4\/VVPPEKy0aVI\/AAAAAAAAaZ0\/eHog68aT1Jk\/s1600\/IMG_2691.JPG\"><img decoding=\"async\" loading=\"lazy\" src=\"https:\/\/elcalaixetdelaiaia.es\/wp-content\/uploads\/2014\/09\/IMG_2691.jpg\" width=\"640\" height=\"480\" border=\"0\" \/><\/a><\/div>\n<div style=\"text-align: center;\">y para terminar, pondremos en la parte posterior la cinta adhesiva<\/div>\n<div class=\"separator\" style=\"clear: both; text-align: center;\"><a style=\"margin-left: 1em; margin-right: 1em;\" href=\"http:\/\/2.bp.blogspot.com\/-K4Br1_2oQNk\/VVPPB8-ToqI\/AAAAAAAAaZg\/lzHH8uxUuyo\/s1600\/IMG_2688.JPG\"><img decoding=\"async\" loading=\"lazy\" src=\"https:\/\/elcalaixetdelaiaia.es\/wp-content\/uploads\/2014\/09\/IMG_2688.jpg\" width=\"640\" height=\"480\" border=\"0\" \/><\/a><\/div>\n<div style=\"text-align: center;\">Mi nieta la ha colocado pegada sobre el z\u00f3calo a la pared y se sujeta con la cinta adhesiva<\/div>\n<div class=\"separator\" style=\"clear: both; text-align: center;\"><a style=\"margin-left: 1em; margin-right: 1em;\" href=\"http:\/\/1.bp.blogspot.com\/-pcfaAM9CtjI\/VVPPB7fx-iI\/AAAAAAAAaZo\/rO9lPIz0nLA\/s1600\/IMG_2689.JPG\"><img decoding=\"async\" loading=\"lazy\" src=\"https:\/\/elcalaixetdelaiaia.es\/wp-content\/uploads\/2014\/09\/IMG_2689.jpg\" width=\"640\" height=\"480\" border=\"0\" \/><\/a><\/div>\n<div style=\"text-align: center;\">junto a su camita<\/div>\n<div class=\"separator\" style=\"clear: both; text-align: center;\"><a style=\"margin-left: 1em; margin-right: 1em;\" href=\"http:\/\/3.bp.blogspot.com\/-vR_uuYVnDfI\/VVPPPbOboSI\/AAAAAAAAabA\/hgGtMD65CpY\/s1600\/IMG_2775.JPG\"><img decoding=\"async\" loading=\"lazy\" src=\"https:\/\/elcalaixetdelaiaia.es\/wp-content\/uploads\/2014\/09\/IMG_2775.jpg\" width=\"428\" height=\"640\" border=\"0\" \/><\/a><\/div>\n<div style=\"text-align: center;\">y lo mismo hizo mi sobrina Irene con la suya,<\/div>\n<div class=\"separator\" style=\"clear: both; text-align: center;\"><a style=\"margin-left: 1em; margin-right: 1em;\" href=\"http:\/\/3.bp.blogspot.com\/-9_CBhqcSKAI\/VVPPQ4SMXrI\/AAAAAAAAabM\/7QwqJ5d0GS4\/s1600\/IMG_2776.JPG\"><img decoding=\"async\" loading=\"lazy\" src=\"https:\/\/elcalaixetdelaiaia.es\/wp-content\/uploads\/2014\/09\/IMG_2776.jpg\" width=\"480\" height=\"640\" border=\"0\" \/><\/a><\/div>\n<div style=\"text-align: center;\">cuando se la regalamos para su cumple, aunque ella no vive en el campo y nuestras puertas son bastante campestres, como el ratoncito \ud83d\ude09<\/div>\n<div style=\"text-align: center;\">Que bonita la ilusi\u00f3n y la inocencia infantil, y que poquito cuesta fomentarla y mantenerla \u00bfno?.<\/div>\n<div style=\"text-align: center;\">\n<p>Espero que te haya gustado, si es as\u00ed, puedes compartirla, para que llegue a mas gente.<\/p>\n<div style=\"text-align: center;\">\n<div style=\"text-align: center;\">\u00a0\u00a0 Espero vuestros comentarios que para mi son MUY importantes y recordad que tambi\u00e9n estoy en Facebook <a href=\"https:\/\/www.facebook.com\/El-calaixet-de-la-iaia-533062140099386\/\">https:\/\/www.facebook.com\/El-calaixet-de-la-iaia-533062140099386\/<\/a><\/div>\n<\/div>\n<\/div>\n","protected":false},"excerpt":{"rendered":"<p>\u00abRefrany; El ratol\u00ed \u00e9s atrapat si nom\u00e9s sap un forat\u00bb El ratol\u00edn es atrapado, si solo sabe un agujero. Dicen que el cuento del ratoncito P\u00e9rez , naci\u00f3 de la pluma del padre Luis Coloma, un sacerdote jesuita que lo escribi\u00f3 en 1894, cuando la Corona le encarg\u00f3 escribir un &hellip; <\/p>\n","protected":false},"author":2,"featured_media":10419,"comment_status":"open","ping_status":"open","sticky":false,"template":"","format":"standard","meta":[],"categories":[1,11],"tags":[],"_links":{"self":[{"href":"https:\/\/elcalaixetdelaiaia.es\/index.php?rest_route=\/wp\/v2\/posts\/866"}],"collection":[{"href":"https:\/\/elcalaixetdelaiaia.es\/index.php?rest_route=\/wp\/v2\/posts"}],"about":[{"href":"https:\/\/elcalaixetdelaiaia.es\/index.php?rest_route=\/wp\/v2\/types\/post"}],"author":[{"embeddable":true,"href":"https:\/\/elcalaixetdelaiaia.es\/index.php?rest_route=\/wp\/v2\/users\/2"}],"replies":[{"embeddable":true,"href":"https:\/\/elcalaixetdelaiaia.es\/index.php?rest_route=%2Fwp%2Fv2%2Fcomments&post=866"}],"version-history":[{"count":5,"href":"https:\/\/elcalaixetdelaiaia.es\/index.php?rest_route=\/wp\/v2\/posts\/866\/revisions"}],"predecessor-version":[{"id":21019,"href":"https:\/\/elcalaixetdelaiaia.es\/index.php?rest_route=\/wp\/v2\/posts\/866\/revisions\/21019"}],"wp:featuredmedia":[{"embeddable":true,"href":"https:\/\/elcalaixetdelaiaia.es\/index.php?rest_route=\/wp\/v2\/media\/10419"}],"wp:attachment":[{"href":"https:\/\/elcalaixetdelaiaia.es\/index.php?rest_route=%2Fwp%2Fv2%2Fmedia&parent=866"}],"wp:term":[{"taxonomy":"category","embeddable":true,"href":"https:\/\/elcalaixetdelaiaia.es\/index.php?rest_route=%2Fwp%2Fv2%2Fcategories&post=866"},{"taxonomy":"post_tag","embeddable":true,"href":"https:\/\/elcalaixetdelaiaia.es\/index.php?rest_route=%2Fwp%2Fv2%2Ftags&post=866"}],"curies":[{"name":"wp","href":"https:\/\/api.w.org\/{rel}","templated":true}]}}