{"id":844,"date":"2014-11-20T16:35:00","date_gmt":"2014-11-20T16:35:00","guid":{"rendered":"http:\/\/elcalaixetdelaiaia.es\/confeccion-de-un-delantal-de-valenciana"},"modified":"2026-03-03T09:51:26","modified_gmt":"2026-03-03T09:51:26","slug":"confeccion-de-un-delantal-de-valenciana","status":"publish","type":"post","link":"https:\/\/elcalaixetdelaiaia.es\/?p=844","title":{"rendered":"Confecci\u00f3n de un delantal de ni\u00f1a para indumentaria tradicional valenciana paso a paso"},"content":{"rendered":"<p>\u00abRefrany; En acostar-se Nadal, la dona s&#8217;afanya a brodar el n\u00f3u davantal\u00bb<br \/>\nAcerc\u00e1ndose la Navidad, la mujer se da prisa a bordar el nuevo delantal.<\/p>\n<p>\u00abDavantal de xiqueta valenciana\u00bb<\/p>\n<p>En la indumentaria tradicional valenciana, son varios los modelos de \u00abdavantal\u00bb que utilizamos. De batista bordado a cadeneta en blanco, en metales, de nipis, de tul de algod\u00f3n, de plumetti de algod\u00f3n, de sedas de colores bordados, sin bordar, de lengua, rectangulares&#8230; es amplio el surtido donde elegir para todos los gustos.<br \/>\nMe apetec\u00eda que mi nieta estrenara \u00abdavantal\u00bb para una procesi\u00f3n, y aunque para la ofrenda luci\u00f3 uno bordado por mi a juego con el \u00abmocador de pit\u00bb, en batista blanca con cadeneta en metal dorado y \u00ablluentons\u00bb, quer\u00eda darle \u00e9sta vez al traje nuevo, un poco de color, (aunque en realidad el tono del coral es mucho menos escandaloso que en la foto, ya que es un coral muy suave).<\/p>\n<p><img decoding=\"async\" loading=\"lazy\" class=\"wp-image-20711 aligncenter\" src=\"https:\/\/elcalaixetdelaiaia.es\/wp-content\/uploads\/2014\/11\/davantalcoralNay-996x1024.jpg\" alt=\"\" width=\"628\" height=\"646\" srcset=\"https:\/\/elcalaixetdelaiaia.es\/wp-content\/uploads\/2014\/11\/davantalcoralNay-996x1024.jpg 996w, https:\/\/elcalaixetdelaiaia.es\/wp-content\/uploads\/2014\/11\/davantalcoralNay-292x300.jpg 292w, https:\/\/elcalaixetdelaiaia.es\/wp-content\/uploads\/2014\/11\/davantalcoralNay-768x789.jpg 768w, https:\/\/elcalaixetdelaiaia.es\/wp-content\/uploads\/2014\/11\/davantalcoralNay-1494x1536.jpg 1494w, https:\/\/elcalaixetdelaiaia.es\/wp-content\/uploads\/2014\/11\/davantalcoralNay.jpg 1581w\" sizes=\"(max-width: 628px) 100vw, 628px\" \/><\/p>\n<p>Record\u00e9 que ten\u00eda un trozo de seda en rosa coral y puntilla metalizada en oro, as\u00ed que te\u00f1\u00ed con vino tinto (a la pr\u00f3xima har\u00e9 fotos del paso a paso y subir\u00e9 un post) \u00a0un trozo de la puntilla para darle un aire envejecido y dej\u00e9 el otro tal cual, para darle contraste.<br \/>\nEn dos ratitos lo tuve terminado, a pesar de ir completamente cosido a mano. Esta tela es preciosa pues al ser tornasolada, seg\u00fan la luz le da un tono distinto, pero es un coral claro, de un tono precioso a la luz natural.<\/p>\n<p style=\"text-align: center;\">Necesitaremos;<br \/>\nPara adulta, seg\u00fan la largaria del \u00abguardap\u00e9us\u00bb o falda, y del modelo de delantal. Para los rectangulares m\u00edos suelo utilizar, un metro de ancho por 50cm. de largo, dejando una \u00a0pala central de 12cm. porque yo estoy bastante llenita. Para una cintura delgada, 25cm. de ancho en cintura ser\u00eda suficiente y la pala central de 10cm. Para la cinturilla y beta necesitaremos un total de 2.50.<br \/>\nPara un modelo rectangular de ni\u00f1a de 7 a\u00f1os y cortito;<br \/>\n55 de ancho por 45 de largo y dejaremos un total de cintura 20 cm y largo 40 cm.<\/p>\n<div class=\"separator\" style=\"clear: both; text-align: center;\"><a style=\"margin-left: 1em; margin-right: 1em;\" href=\"http:\/\/3.bp.blogspot.com\/-kO0nHyRhvdo\/VG4J1PSoV7I\/AAAAAAAAPJM\/_4S_Fq0LxIM\/s1600\/1234393_507500606057002_2951467167866028011_n.jpg\"><img decoding=\"async\" loading=\"lazy\" src=\"https:\/\/elcalaixetdelaiaia.es\/wp-content\/uploads\/2014\/11\/1234393_507500606057002_2951467167866028011_n.jpg\" width=\"400\" height=\"300\" border=\"0\" \/><\/a><\/div>\n<ol style=\"text-align: center;\">\n<li style=\"text-align: left;\">Seda natural, seda salvaje , dupi\u00f3n &#8230;. la \u00a0que mas nos guste<\/li>\n<li style=\"text-align: left;\">Cintas o puntillas met\u00e1licas<\/li>\n<li style=\"text-align: left;\">hilos de los colores de las puntillas o cintas<\/li>\n<li style=\"text-align: left;\">Beta para la cintura<\/li>\n<\/ol>\n<div class=\"separator\" style=\"clear: both; text-align: center;\"><a style=\"margin-left: 1em; margin-right: 1em;\" href=\"http:\/\/4.bp.blogspot.com\/-b3bq8oHA8Yg\/VG4K64zqWQI\/AAAAAAAAPKc\/ycVjGiAio7M\/s1600\/10730878_507500509390345_1174035612450247841_n.jpg\"><img decoding=\"async\" loading=\"lazy\" src=\"https:\/\/elcalaixetdelaiaia.es\/wp-content\/uploads\/2014\/11\/10730878_507500509390345_1174035612450247841_n.jpg\" width=\"400\" height=\"300\" border=\"0\" \/><\/a><\/div>\n<div style=\"text-align: center;\"><\/div>\n<div style=\"text-align: center;\">Comenzaremos haciendo una doblez sobre el lado del derecho \u00a0de unos tres cm de ancho y en lo que ser\u00e1n los lados y el bajo del delantal. Si la tela os lo permite pod\u00e9is pasar un hilv\u00e1n. La m\u00eda es muy delicada y tendr\u00e9 que sujetar con alfileres de los mas finos.<\/div>\n<div style=\"text-align: center;\"><\/div>\n<div class=\"separator\" style=\"clear: both; text-align: center;\"><a style=\"margin-left: 1em; margin-right: 1em;\" href=\"http:\/\/2.bp.blogspot.com\/-4YDtd_qF_F4\/VG4Kfq6YgzI\/AAAAAAAAPJ8\/5EjjehNizCM\/s1600\/9468_507500329390363_7815018083673293579_n.jpg\"><img decoding=\"async\" loading=\"lazy\" src=\"https:\/\/elcalaixetdelaiaia.es\/wp-content\/uploads\/2014\/11\/9468_507500329390363_7815018083673293579_n.jpg\" width=\"400\" height=\"300\" border=\"0\" \/><\/a><\/div>\n<p style=\"text-align: center;\">Con una aguja fina e hilo que se confunda con el dorado de la cinta mas envejecida, iremos haciendo unas peque\u00f1as puntadas, primero hacia la parte exterior y una vez hecha, hacia la parte interior, \u00a0dejado la doblez de la tela escondida bajo de la cinta. Esto lo haremos por los lados y el bajo del delantal. Una vez terminado, colocaremos igualmente con puntos muy peque\u00f1os la cinta dorada clara a unos 10 cm. de la otra y de lateral a lateral.<\/p>\n<div class=\"separator\" style=\"clear: both; text-align: center;\"><a style=\"margin-left: 1em; margin-right: 1em;\" href=\"http:\/\/1.bp.blogspot.com\/-oVojBLF_9Bw\/VG4KvACuOmI\/AAAAAAAAPKQ\/RTW1vooGYzE\/s1600\/2014-05-24%2B01.10.12.jpg\"><img decoding=\"async\" loading=\"lazy\" src=\"https:\/\/elcalaixetdelaiaia.es\/wp-content\/uploads\/2014\/11\/2014-05-2401.10.12.jpg\" width=\"400\" height=\"300\" border=\"0\" \/><\/a><\/div>\n<p style=\"text-align: center;\">Si hacemos las puntadas peque\u00f1as, la parte del rev\u00e9s de nuestro delantal quedar\u00e1 as\u00ed&#8230;apenas perceptibles.<\/p>\n<div class=\"separator\" style=\"clear: both; text-align: center;\"><a style=\"margin-left: 1em; margin-right: 1em;\" href=\"http:\/\/2.bp.blogspot.com\/-NTASFi3lmF0\/VG4J_qxq2SI\/AAAAAAAAPJU\/og6JTSwMPj0\/s1600\/10455119_507500426057020_5358873492698718241_n.jpg\"><img decoding=\"async\" loading=\"lazy\" src=\"https:\/\/elcalaixetdelaiaia.es\/wp-content\/uploads\/2014\/11\/10455119_507500426057020_5358873492698718241_n.jpg\" width=\"400\" height=\"300\" border=\"0\" \/><\/a><\/div>\n<p style=\"text-align: center;\">Ahora procederemos a fijar las tablas de la cintura. En \u00e9ste caso como es un delantal de ni\u00f1a, la tabla central la hice de 8 cm. el resto de la seda la tablearemos dejando cada tablita de un cm. vista<\/p>\n<div class=\"separator\" style=\"clear: both; text-align: center;\"><a style=\"margin-left: 1em; margin-right: 1em;\" href=\"http:\/\/4.bp.blogspot.com\/-YIXyN9xKnTI\/VG4KeK-BEYI\/AAAAAAAAPJ0\/txcw2SBH5qA\/s1600\/9757_507500362723693_796616322188331766_n.jpg\"><img decoding=\"async\" loading=\"lazy\" src=\"https:\/\/elcalaixetdelaiaia.es\/wp-content\/uploads\/2014\/11\/9757_507500362723693_796616322188331766_n.jpg\" width=\"400\" height=\"300\" border=\"0\" \/><\/a><\/div>\n<p style=\"text-align: center;\">Me han salido tres tablitas a cada lado, Haremos la cinturilla con un trozo de tela de 8cm de ancho por 25 de largo y dejaremos un cm. por cada lado que coseremos sobre el tableado, y a\u00f1adiremos dos trozos de beta de unos 60 cm. en cada extremo para atar el delantal<a style=\"margin-left: 1em; margin-right: 1em;\" href=\"http:\/\/1.bp.blogspot.com\/-UjSR74mAufk\/VG4KTpIBbaI\/AAAAAAAAPJs\/lGbpegKTwXI\/s1600\/2014-05-24%2B01.08.08.jpg\"><img decoding=\"async\" loading=\"lazy\" class=\"aligncenter\" src=\"https:\/\/elcalaixetdelaiaia.es\/wp-content\/uploads\/2014\/11\/2014-05-2401.08.08.jpg\" width=\"400\" height=\"300\" border=\"0\" \/><\/a>con un poquito de paciencia&#8230;.<a style=\"margin-left: 1em; margin-right: 1em;\" href=\"http:\/\/1.bp.blogspot.com\/-ZLbaS_Aq-38\/VG4KSBQMrFI\/AAAAAAAAPJc\/FIx_TsXjPs0\/s1600\/2014-05-24%2B01.06.37.jpg\"><img decoding=\"async\" loading=\"lazy\" class=\"aligncenter\" src=\"https:\/\/elcalaixetdelaiaia.es\/wp-content\/uploads\/2014\/11\/2014-05-2401.06.37.jpg\" width=\"300\" height=\"400\" border=\"0\" \/><\/a>delantalito terminado<\/p>\n<p style=\"text-align: center;\"><img decoding=\"async\" loading=\"lazy\" class=\"wp-image-20706 aligncenter\" src=\"https:\/\/elcalaixetdelaiaia.es\/wp-content\/uploads\/2014\/11\/davantalNaycoralvalenciana-1024x766.jpg\" alt=\"\" width=\"606\" height=\"453\" srcset=\"https:\/\/elcalaixetdelaiaia.es\/wp-content\/uploads\/2014\/11\/davantalNaycoralvalenciana-1024x766.jpg 1024w, https:\/\/elcalaixetdelaiaia.es\/wp-content\/uploads\/2014\/11\/davantalNaycoralvalenciana-300x225.jpg 300w, https:\/\/elcalaixetdelaiaia.es\/wp-content\/uploads\/2014\/11\/davantalNaycoralvalenciana-768x575.jpg 768w, https:\/\/elcalaixetdelaiaia.es\/wp-content\/uploads\/2014\/11\/davantalNaycoralvalenciana-1536x1149.jpg 1536w, https:\/\/elcalaixetdelaiaia.es\/wp-content\/uploads\/2014\/11\/davantalNaycoralvalenciana-2048x1533.jpg 2048w\" sizes=\"(max-width: 606px) 100vw, 606px\" \/><\/p>\n<p style=\"text-align: center;\">y listo para lucir<\/p>\n<p style=\"text-align: center;\"><img decoding=\"async\" loading=\"lazy\" class=\"wp-image-20713 aligncenter\" src=\"https:\/\/elcalaixetdelaiaia.es\/wp-content\/uploads\/2014\/11\/Naydavantalcoral-884x1024.jpg\" alt=\"\" width=\"523\" height=\"606\" srcset=\"https:\/\/elcalaixetdelaiaia.es\/wp-content\/uploads\/2014\/11\/Naydavantalcoral-884x1024.jpg 884w, https:\/\/elcalaixetdelaiaia.es\/wp-content\/uploads\/2014\/11\/Naydavantalcoral-259x300.jpg 259w, https:\/\/elcalaixetdelaiaia.es\/wp-content\/uploads\/2014\/11\/Naydavantalcoral-768x889.jpg 768w, https:\/\/elcalaixetdelaiaia.es\/wp-content\/uploads\/2014\/11\/Naydavantalcoral-1327x1536.jpg 1327w, https:\/\/elcalaixetdelaiaia.es\/wp-content\/uploads\/2014\/11\/Naydavantalcoral.jpg 1451w\" sizes=\"(max-width: 523px) 100vw, 523px\" \/><\/p>\n<p style=\"text-align: center;\">con nuestra indumentaria tradicional valenciana.<\/p>\n<p style=\"text-align: center;\"><img decoding=\"async\" loading=\"lazy\" class=\"wp-image-20712 aligncenter\" src=\"https:\/\/elcalaixetdelaiaia.es\/wp-content\/uploads\/2014\/11\/Naycatretidavantal-809x1024.jpg\" alt=\"\" width=\"526\" height=\"666\" srcset=\"https:\/\/elcalaixetdelaiaia.es\/wp-content\/uploads\/2014\/11\/Naycatretidavantal-809x1024.jpg 809w, https:\/\/elcalaixetdelaiaia.es\/wp-content\/uploads\/2014\/11\/Naycatretidavantal-237x300.jpg 237w, https:\/\/elcalaixetdelaiaia.es\/wp-content\/uploads\/2014\/11\/Naycatretidavantal-768x972.jpg 768w, https:\/\/elcalaixetdelaiaia.es\/wp-content\/uploads\/2014\/11\/Naycatretidavantal-1213x1536.jpg 1213w, https:\/\/elcalaixetdelaiaia.es\/wp-content\/uploads\/2014\/11\/Naycatretidavantal-1617x2048.jpg 1617w, https:\/\/elcalaixetdelaiaia.es\/wp-content\/uploads\/2014\/11\/Naycatretidavantal-scaled.jpg 2022w\" sizes=\"(max-width: 526px) 100vw, 526px\" \/><\/p>\n<p style=\"text-align: center;\">Para adulta exactamente igual a\u00f1adiendo mas tela, lo ideal es que si es delgada, que quede unos 25 o 30 cm. de ancho, y en caso contrario unos 40cm.<\/p>\n<p style=\"text-align: center;\"><img decoding=\"async\" loading=\"lazy\" class=\"wp-image-20707 aligncenter\" src=\"https:\/\/elcalaixetdelaiaia.es\/wp-content\/uploads\/2014\/11\/davantalNayJeroijoSanBult-1024x619.jpg\" alt=\"\" width=\"604\" height=\"365\" srcset=\"https:\/\/elcalaixetdelaiaia.es\/wp-content\/uploads\/2014\/11\/davantalNayJeroijoSanBult-1024x619.jpg 1024w, https:\/\/elcalaixetdelaiaia.es\/wp-content\/uploads\/2014\/11\/davantalNayJeroijoSanBult-300x181.jpg 300w, https:\/\/elcalaixetdelaiaia.es\/wp-content\/uploads\/2014\/11\/davantalNayJeroijoSanBult-768x465.jpg 768w, https:\/\/elcalaixetdelaiaia.es\/wp-content\/uploads\/2014\/11\/davantalNayJeroijoSanBult-1536x929.jpg 1536w, https:\/\/elcalaixetdelaiaia.es\/wp-content\/uploads\/2014\/11\/davantalNayJeroijoSanBult.jpg 1946w\" sizes=\"(max-width: 604px) 100vw, 604px\" \/><\/p>\n<p style=\"text-align: center;\">Como siempre, es mas dif\u00edcil de explicar que de confeccionar. Para cualquier duda, quedo a vuestra disposici\u00f3n.<\/p>\n<p style=\"text-align: center;\"><img decoding=\"async\" loading=\"lazy\" class=\"alignnone size-full wp-image-24670\" src=\"https:\/\/elcalaixetdelaiaia.es\/wp-content\/uploads\/2014\/11\/davantalimocadorplumetti-2.jpg\" alt=\"\" width=\"2560\" height=\"1920\" srcset=\"https:\/\/elcalaixetdelaiaia.es\/wp-content\/uploads\/2014\/11\/davantalimocadorplumetti-2.jpg 2560w, https:\/\/elcalaixetdelaiaia.es\/wp-content\/uploads\/2014\/11\/davantalimocadorplumetti-2-300x225.jpg 300w, https:\/\/elcalaixetdelaiaia.es\/wp-content\/uploads\/2014\/11\/davantalimocadorplumetti-2-1024x768.jpg 1024w, https:\/\/elcalaixetdelaiaia.es\/wp-content\/uploads\/2014\/11\/davantalimocadorplumetti-2-768x576.jpg 768w, https:\/\/elcalaixetdelaiaia.es\/wp-content\/uploads\/2014\/11\/davantalimocadorplumetti-2-1536x1152.jpg 1536w, https:\/\/elcalaixetdelaiaia.es\/wp-content\/uploads\/2014\/11\/davantalimocadorplumetti-2-2048x1536.jpg 2048w\" sizes=\"(max-width: 2560px) 100vw, 2560px\" \/> <img decoding=\"async\" loading=\"lazy\" class=\"alignnone size-full wp-image-24671\" src=\"https:\/\/elcalaixetdelaiaia.es\/wp-content\/uploads\/2014\/11\/davantalmarro-2-scaled.jpg\" alt=\"\" width=\"2560\" height=\"1920\" srcset=\"https:\/\/elcalaixetdelaiaia.es\/wp-content\/uploads\/2014\/11\/davantalmarro-2-scaled.jpg 2560w, https:\/\/elcalaixetdelaiaia.es\/wp-content\/uploads\/2014\/11\/davantalmarro-2-300x225.jpg 300w, https:\/\/elcalaixetdelaiaia.es\/wp-content\/uploads\/2014\/11\/davantalmarro-2-1024x768.jpg 1024w, https:\/\/elcalaixetdelaiaia.es\/wp-content\/uploads\/2014\/11\/davantalmarro-2-768x576.jpg 768w, https:\/\/elcalaixetdelaiaia.es\/wp-content\/uploads\/2014\/11\/davantalmarro-2-1536x1152.jpg 1536w, https:\/\/elcalaixetdelaiaia.es\/wp-content\/uploads\/2014\/11\/davantalmarro-2-2048x1536.jpg 2048w\" sizes=\"(max-width: 2560px) 100vw, 2560px\" \/> <img decoding=\"async\" loading=\"lazy\" class=\"alignnone size-full wp-image-24672\" src=\"https:\/\/elcalaixetdelaiaia.es\/wp-content\/uploads\/2014\/11\/davantaldauratfetpermi-scaled.jpg\" alt=\"\" width=\"2560\" height=\"1707\" srcset=\"https:\/\/elcalaixetdelaiaia.es\/wp-content\/uploads\/2014\/11\/davantaldauratfetpermi-scaled.jpg 2560w, https:\/\/elcalaixetdelaiaia.es\/wp-content\/uploads\/2014\/11\/davantaldauratfetpermi-300x200.jpg 300w, https:\/\/elcalaixetdelaiaia.es\/wp-content\/uploads\/2014\/11\/davantaldauratfetpermi-1024x683.jpg 1024w, https:\/\/elcalaixetdelaiaia.es\/wp-content\/uploads\/2014\/11\/davantaldauratfetpermi-768x512.jpg 768w, https:\/\/elcalaixetdelaiaia.es\/wp-content\/uploads\/2014\/11\/davantaldauratfetpermi-1536x1024.jpg 1536w, https:\/\/elcalaixetdelaiaia.es\/wp-content\/uploads\/2014\/11\/davantaldauratfetpermi-2048x1365.jpg 2048w, https:\/\/elcalaixetdelaiaia.es\/wp-content\/uploads\/2014\/11\/davantaldauratfetpermi-600x400.jpg 600w\" sizes=\"(max-width: 2560px) 100vw, 2560px\" \/> <img decoding=\"async\" loading=\"lazy\" class=\"alignnone size-full wp-image-24673\" src=\"https:\/\/elcalaixetdelaiaia.es\/wp-content\/uploads\/2014\/11\/davantalblau-scaled.jpg\" alt=\"\" width=\"2560\" height=\"1920\" srcset=\"https:\/\/elcalaixetdelaiaia.es\/wp-content\/uploads\/2014\/11\/davantalblau-scaled.jpg 2560w, https:\/\/elcalaixetdelaiaia.es\/wp-content\/uploads\/2014\/11\/davantalblau-300x225.jpg 300w, https:\/\/elcalaixetdelaiaia.es\/wp-content\/uploads\/2014\/11\/davantalblau-1024x768.jpg 1024w, https:\/\/elcalaixetdelaiaia.es\/wp-content\/uploads\/2014\/11\/davantalblau-768x576.jpg 768w, https:\/\/elcalaixetdelaiaia.es\/wp-content\/uploads\/2014\/11\/davantalblau-1536x1152.jpg 1536w, https:\/\/elcalaixetdelaiaia.es\/wp-content\/uploads\/2014\/11\/davantalblau-2048x1536.jpg 2048w\" sizes=\"(max-width: 2560px) 100vw, 2560px\" \/> <img decoding=\"async\" loading=\"lazy\" class=\"alignnone size-full wp-image-24674\" src=\"https:\/\/elcalaixetdelaiaia.es\/wp-content\/uploads\/2014\/11\/davantalllengua-scaled.jpg\" alt=\"\" width=\"1707\" height=\"2560\" srcset=\"https:\/\/elcalaixetdelaiaia.es\/wp-content\/uploads\/2014\/11\/davantalllengua-scaled.jpg 1707w, https:\/\/elcalaixetdelaiaia.es\/wp-content\/uploads\/2014\/11\/davantalllengua-200x300.jpg 200w, https:\/\/elcalaixetdelaiaia.es\/wp-content\/uploads\/2014\/11\/davantalllengua-683x1024.jpg 683w, https:\/\/elcalaixetdelaiaia.es\/wp-content\/uploads\/2014\/11\/davantalllengua-768x1152.jpg 768w, https:\/\/elcalaixetdelaiaia.es\/wp-content\/uploads\/2014\/11\/davantalllengua-1024x1536.jpg 1024w, https:\/\/elcalaixetdelaiaia.es\/wp-content\/uploads\/2014\/11\/davantalllengua-1365x2048.jpg 1365w\" sizes=\"(max-width: 1707px) 100vw, 1707px\" \/><\/p>\n<p style=\"text-align: center;\">Algunos delantales hechos por m\u00ed, a mano, por si os sirven de idea.<\/p>\n<div>\n<p>Recomiendo a quienes est\u00e9is interesados en saber cual es la autentica indumentaria valenciana varios libros como son;<\/p>\n<p>(seguro que olvido algunos mas, y todos recomendables)<\/p>\n<p>-\u00abSeda, Oro y Plata en Valencia\u00bb, Gar\u00edn, 258 a\u00f1os. (Libro de Gar\u00edn)<br \/>\n-\u00abIndumentaria Valenciana Siglos XVIII-XIX, De dentro afuera, De arriba abajo\u00bb, M\u00aa Victoria Liceras Ferreres;<br \/>\n-A la moda valenciana. La dona al segle XVIII\u2019, Salvador Mercado Mach\u00ed<br \/>\n&#8211; Justillos i gipons Paquita Roca i Josep Vidal<br \/>\n&#8211; La moda en la Valencia del siglo XV de Mar\u00eda Purificaci\u00f3n Benito Vidal<\/p>\n<div>&#8211; Faldes, vions i faldilles Inmaculada Puig y Paquita Roca<br \/>\n-Mocadors de pit de Paquita Roca e Imma Puig<br \/>\n&#8211; La nova col-lecci\u00f3 d&#8217;indument\u00e0ria del Museu Etn\u00f2logic- Una visi\u00f3 evolutiva<br \/>\nY como no\u2026os aconsejo encarecidamente las generos\u00edsimas y aclaradoras aportaciones del gran Vicent Ferrandis Mas en;<br \/>\n<a href=\"http:\/\/filadis.blogspot.com.es\/\">http:\/\/filadis.blogspot.com.es\/<\/a> y<br \/>\n<a href=\"http:\/\/www.calameo.com\/subscriptions\/1077466\">http:\/\/www.calameo.com\/subscriptions\/1077466<\/a><br \/>\ny \u00e9ste art\u00edculo;<a href=\"http:\/\/www.levante-emv.com\/valencia\/2011\/03\/24\/investigadores-afirman-moda-desvirtuado-traje-valenciana\/792866.html\">http:\/\/www.levante-emv.com\/valencia\/2011\/03\/24\/investigadores-afirman-moda-desvirtuado-traje-valenciana\/792866.html<\/a>,<\/div>\n<p>donde podr\u00e9is encontrar toda la informaci\u00f3n.<\/p>\n<div>\n<div>\n<div>\u00abPer a saber festejar, ning\u00fa com els de la Vall, que es possen capa i sombrero i\u00a0es muden de dalt a baix\u00bb.\u00bb<\/div>\n<\/div>\n<div>\u00abArrima&#8217;t cap ac\u00ed, que este capot \u00e9s estret,que no em diga ta mare que per mi has patit fred\u00bb<\/div>\n<div>\u00abDe les ales d\u2019un mosquit \u00a0en tinc que fer una capa, i\u00a0de les ratalladures;\u00a0Jupa, jupet\u00ed i casaca\u00bb<\/div>\n<div>\u00abQui t\u00e9 capa es tapa, i qui t\u00e9 capot\u00a0si pot.\u00bb<\/div>\n<div>\n<div>\u00abPer calor no deixes la capa,\u00a0Ni per fred la carabassa\u00bb<\/div>\n<div><\/div>\n<div>Si te gusta \u00e9ste post, puedes compartirlo para que llegue a m\u00e1s gente. No pretendo molestar ni ofender a nadie, cada cual es muy libre de vestir como quiera, solo comparto lo que he aprendido y que cada cual decida como hacerlo pero eso si, por favor, de \u00abfallera\u00bb o tradicional, pero sin disfraces, no estropeemos m\u00e1s nuestra tan da\u00f1ada y manipulada indumentaria.<\/div>\n<\/div>\n<\/div>\n<\/div>\n<p style=\"text-align: center;\">Si te gusta \u00e9ste post, puedes compartirlo para que llegue a m\u00e1s gente. No pretendo molestar ni ofender a nadie, cada cual es muy libre de vestir como quiera, solo comparto lo que he aprendido y que cada cual decida como hacerlo pero eso si, por favor, de fallera o tradicional, pero sin disfraces, no estropeemos m\u00e1s nuestra tan da\u00f1ada y manipulada indumentaria.<br \/>\nEspero tus comentarios y recuerda que tambi\u00e9n estoy en Facebook\u00a0<a href=\"https:\/\/www.facebook.com\/El-calaixet-de-la-iaia-533062140099386\/\">https:\/\/www.facebook.com\/El-calaixet-de-la-iaia-533062140099386\/<\/a><\/p>\n","protected":false},"excerpt":{"rendered":"<p>\u00abRefrany; En acostar-se Nadal, la dona s&#8217;afanya a brodar el n\u00f3u davantal\u00bb Acerc\u00e1ndose la Navidad, la mujer se da prisa a bordar el nuevo delantal. \u00abDavantal de xiqueta valenciana\u00bb En la indumentaria tradicional valenciana, son varios los modelos de \u00abdavantal\u00bb que utilizamos. De batista bordado a cadeneta en blanco, en &hellip; <\/p>\n","protected":false},"author":2,"featured_media":20711,"comment_status":"open","ping_status":"open","sticky":false,"template":"","format":"standard","meta":[],"categories":[24,78,1],"tags":[],"_links":{"self":[{"href":"https:\/\/elcalaixetdelaiaia.es\/index.php?rest_route=\/wp\/v2\/posts\/844"}],"collection":[{"href":"https:\/\/elcalaixetdelaiaia.es\/index.php?rest_route=\/wp\/v2\/posts"}],"about":[{"href":"https:\/\/elcalaixetdelaiaia.es\/index.php?rest_route=\/wp\/v2\/types\/post"}],"author":[{"embeddable":true,"href":"https:\/\/elcalaixetdelaiaia.es\/index.php?rest_route=\/wp\/v2\/users\/2"}],"replies":[{"embeddable":true,"href":"https:\/\/elcalaixetdelaiaia.es\/index.php?rest_route=%2Fwp%2Fv2%2Fcomments&post=844"}],"version-history":[{"count":17,"href":"https:\/\/elcalaixetdelaiaia.es\/index.php?rest_route=\/wp\/v2\/posts\/844\/revisions"}],"predecessor-version":[{"id":29136,"href":"https:\/\/elcalaixetdelaiaia.es\/index.php?rest_route=\/wp\/v2\/posts\/844\/revisions\/29136"}],"wp:featuredmedia":[{"embeddable":true,"href":"https:\/\/elcalaixetdelaiaia.es\/index.php?rest_route=\/wp\/v2\/media\/20711"}],"wp:attachment":[{"href":"https:\/\/elcalaixetdelaiaia.es\/index.php?rest_route=%2Fwp%2Fv2%2Fmedia&parent=844"}],"wp:term":[{"taxonomy":"category","embeddable":true,"href":"https:\/\/elcalaixetdelaiaia.es\/index.php?rest_route=%2Fwp%2Fv2%2Fcategories&post=844"},{"taxonomy":"post_tag","embeddable":true,"href":"https:\/\/elcalaixetdelaiaia.es\/index.php?rest_route=%2Fwp%2Fv2%2Ftags&post=844"}],"curies":[{"name":"wp","href":"https:\/\/api.w.org\/{rel}","templated":true}]}}