{"id":840,"date":"2014-11-27T17:29:00","date_gmt":"2014-11-27T17:29:00","guid":{"rendered":"http:\/\/elcalaixetdelaiaia.es\/brillo-para-pasteles-casero-y-barato"},"modified":"2023-06-04T17:14:22","modified_gmt":"2023-06-04T17:14:22","slug":"brillo-para-pasteles-casero-y-barato","status":"publish","type":"post","link":"https:\/\/elcalaixetdelaiaia.es\/?p=840","title":{"rendered":"Brillo para pasteles casero y barato paso a paso"},"content":{"rendered":"<p>\u00abRefrany;<br \/>\nAmb una poma cada dia, el metge s&#8217;estalviaria\u00bbCon una manzana al d\u00eda, el medico se ahorrar\u00eda.<\/p>\n<div>En mi mesa no faltan las manzanas, a mi marido le encantan y mi padre sigue el consejo del refr\u00e1n al pi\u00e9 de la letra.<\/div>\n<div>De vez en cuando, aprovecho los corazones y las pieles para preparar mi gelatina de manzana como hago desde hace a\u00f1os, bien cuando hago macedonia o preparo tarta de manzana.<\/div>\n<div><\/div>\n<div class=\"separator\" style=\"clear: both; text-align: center;\"><a style=\"margin-left: 1em; margin-right: 1em;\" href=\"http:\/\/4.bp.blogspot.com\/-GSNohoYK_do\/VHdetnp0vaI\/AAAAAAAAPXM\/vLFszlPrMPQ\/s1600\/bril.jpg\"><img decoding=\"async\" loading=\"lazy\" src=\"https:\/\/elcalaixetdelaiaia.es\/wp-content\/uploads\/2014\/11\/bril.jpg\" width=\"446\" height=\"640\" border=\"0\" \/><\/a><\/div>\n<div><\/div>\n<div>Ahora es f\u00e1cil encontrar en muchos supermercados unos sobrecitos que juntando con agua se hace un brillo que queda muy bien, pero como no siempre los podemos tener \u00a0a nuestro alcance os paso mi receta por si os es de utilidad, porque hay que ver que enorme diferencia hay entre un pastel o tarta sin o con brillo, ya que da una apariencia de profesional.<\/div>\n<div><\/div>\n<div>Necesitaremos;<\/div>\n<div><\/div>\n<div class=\"separator\" style=\"clear: both; text-align: center;\"><a style=\"margin-left: 1em; margin-right: 1em;\" href=\"http:\/\/3.bp.blogspot.com\/-kTRn01SREI8\/VHdeHd2KFwI\/AAAAAAAAPXE\/-S6yYOft-TU\/s1600\/bri.jpg\"><img decoding=\"async\" loading=\"lazy\" src=\"https:\/\/elcalaixetdelaiaia.es\/wp-content\/uploads\/2014\/11\/bri.jpg\" width=\"640\" height=\"384\" border=\"0\" \/><\/a><\/div>\n<div>\n<ol>\n<li>Peladuras y corazones de manzana<\/li>\n<li>Medio vaso de agua<\/li>\n<li>Medio vaso de az\u00facar<\/li>\n<\/ol>\n<\/div>\n<div class=\"separator\" style=\"clear: both; text-align: center;\"><a style=\"margin-left: 1em; margin-right: 1em;\" href=\"http:\/\/2.bp.blogspot.com\/-wJn5yF3agrU\/VHdew8--ExI\/AAAAAAAAPXc\/zdPyMJwTdEE\/s1600\/brillo.jpg\"><img decoding=\"async\" loading=\"lazy\" src=\"https:\/\/elcalaixetdelaiaia.es\/wp-content\/uploads\/2014\/11\/brillo.jpg\" width=\"640\" height=\"384\" border=\"0\" \/><\/a><\/div>\n<div style=\"text-align: center;\"><\/div>\n<div style=\"text-align: center;\">Pondremos en un cazo las peladuras y corazones<\/div>\n<div><\/div>\n<div class=\"separator\" style=\"clear: both; text-align: center;\"><a style=\"margin-left: 1em; margin-right: 1em;\" href=\"http:\/\/1.bp.blogspot.com\/-fkmqlvKtouo\/VHdew0AWl0I\/AAAAAAAAPXg\/_oz2iOxbaXM\/s1600\/brilloo.jpg\"><img decoding=\"async\" loading=\"lazy\" src=\"https:\/\/elcalaixetdelaiaia.es\/wp-content\/uploads\/2014\/11\/brilloo.jpg\" width=\"640\" height=\"384\" border=\"0\" \/><\/a><\/div>\n<div><\/div>\n<div style=\"text-align: center;\">\u00a0junto al agua y el az\u00facar y dejaremos hervir durante 30 minutos a fuego m\u00ednimo con la olla tapada.<\/div>\n<div><\/div>\n<div class=\"separator\" style=\"clear: both; text-align: center;\"><a style=\"margin-left: 1em; margin-right: 1em;\" href=\"http:\/\/3.bp.blogspot.com\/-hHrla9FAQsg\/VHdevmrau7I\/AAAAAAAAPXU\/P0zVHX2vL10\/s1600\/brill.jpg\"><img decoding=\"async\" loading=\"lazy\" src=\"https:\/\/elcalaixetdelaiaia.es\/wp-content\/uploads\/2014\/11\/brill.jpg\" width=\"640\" height=\"384\" border=\"0\" \/><\/a><\/div>\n<div><\/div>\n<div>Una vez templado,los colaremos, pondremos en un tarro de cristal con tapa, y guardaremos en el frigo donde se nos conservar\u00e1 durante meses.<\/div>\n<div><\/div>\n<div class=\"separator\" style=\"clear: both; text-align: center;\"><a style=\"margin-left: 1em; margin-right: 1em;\" href=\"http:\/\/4.bp.blogspot.com\/-GSNohoYK_do\/VHdetnp0vaI\/AAAAAAAAPXM\/vLFszlPrMPQ\/s1600\/bril.jpg\"><img decoding=\"async\" loading=\"lazy\" src=\"https:\/\/elcalaixetdelaiaia.es\/wp-content\/uploads\/2014\/11\/bril.jpg\" width=\"446\" height=\"640\" border=\"0\" \/><\/a><\/div>\n<div><\/div>\n<div>Si lo vais a hacer al mismo tiempo que un pastel o tarta, dejadlo enfriar MUY BIEN para que adquiera una textura gelatinosay no nos ag\u00fce el trabajo.<br \/>\nSi te gusta mi receta, puedes compartirla para que llegue a m\u00e1s gente.<br \/>\nEspero tus comentarios y recuerda que tambi\u00e9n estoy en Facebook\u00a0<a href=\"https:\/\/www.facebook.com\/El-calaixet-de-la-iaia-533062140099386\/\">https:\/\/www.facebook.com\/El-calaixet-de-la-iaia-533062140099386\/\u00a0<\/a><\/div>\n","protected":false},"excerpt":{"rendered":"<p>\u00abRefrany; Amb una poma cada dia, el metge s&#8217;estalviaria\u00bbCon una manzana al d\u00eda, el medico se ahorrar\u00eda. En mi mesa no faltan las manzanas, a mi marido le encantan y mi padre sigue el consejo del refr\u00e1n al pi\u00e9 de la letra. De vez en cuando, aprovecho los corazones y &hellip; <\/p>\n","protected":false},"author":2,"featured_media":10236,"comment_status":"open","ping_status":"open","sticky":false,"template":"","format":"standard","meta":[],"categories":[6,1,54],"tags":[],"_links":{"self":[{"href":"https:\/\/elcalaixetdelaiaia.es\/index.php?rest_route=\/wp\/v2\/posts\/840"}],"collection":[{"href":"https:\/\/elcalaixetdelaiaia.es\/index.php?rest_route=\/wp\/v2\/posts"}],"about":[{"href":"https:\/\/elcalaixetdelaiaia.es\/index.php?rest_route=\/wp\/v2\/types\/post"}],"author":[{"embeddable":true,"href":"https:\/\/elcalaixetdelaiaia.es\/index.php?rest_route=\/wp\/v2\/users\/2"}],"replies":[{"embeddable":true,"href":"https:\/\/elcalaixetdelaiaia.es\/index.php?rest_route=%2Fwp%2Fv2%2Fcomments&post=840"}],"version-history":[{"count":4,"href":"https:\/\/elcalaixetdelaiaia.es\/index.php?rest_route=\/wp\/v2\/posts\/840\/revisions"}],"predecessor-version":[{"id":25323,"href":"https:\/\/elcalaixetdelaiaia.es\/index.php?rest_route=\/wp\/v2\/posts\/840\/revisions\/25323"}],"wp:featuredmedia":[{"embeddable":true,"href":"https:\/\/elcalaixetdelaiaia.es\/index.php?rest_route=\/wp\/v2\/media\/10236"}],"wp:attachment":[{"href":"https:\/\/elcalaixetdelaiaia.es\/index.php?rest_route=%2Fwp%2Fv2%2Fmedia&parent=840"}],"wp:term":[{"taxonomy":"category","embeddable":true,"href":"https:\/\/elcalaixetdelaiaia.es\/index.php?rest_route=%2Fwp%2Fv2%2Fcategories&post=840"},{"taxonomy":"post_tag","embeddable":true,"href":"https:\/\/elcalaixetdelaiaia.es\/index.php?rest_route=%2Fwp%2Fv2%2Ftags&post=840"}],"curies":[{"name":"wp","href":"https:\/\/api.w.org\/{rel}","templated":true}]}}