{"id":831,"date":"2014-12-08T09:14:00","date_gmt":"2014-12-08T09:14:00","guid":{"rendered":"http:\/\/elcalaixetdelaiaia.es\/abeto-de-hojaldre-marinero-para-navidad"},"modified":"2017-12-05T15:25:40","modified_gmt":"2017-12-05T15:25:40","slug":"abeto-de-hojaldre-marinero-para-navidad","status":"publish","type":"post","link":"https:\/\/elcalaixetdelaiaia.es\/?p=831","title":{"rendered":"Abeto de hojaldre  marinero para Navidad paso a paso foto a foto"},"content":{"rendered":"<p>\u00abRefrany;<br \/>\nDe la Pur\u00edssima a Nadal, desset dies ben cabals\u00bb<\/p>\n<div>\nDe la Pur\u00edsima a Navidad diecisiete d\u00edas bien cabales.<\/p>\n<p>En la pescader\u00eda del mercado, repart\u00edan un d\u00eda unos folletos con recetas para cocinar el pescado en celebraciones, me gust\u00f3 una de las recetas, e hice mi adaptaci\u00f3n particular para que saliera mas econ\u00f3mica,cambiando la merluza fresca por congelada y los langostinos por gambita pelada, la nata por bechamel casera&#8230;y un par de cositas mas. Para darle un aire mas Navide\u00f1o le he dado forma de abeto (en lugar de forma empanada como dec\u00eda la receta original), como hice el a\u00f1o pasado con las pizzas de Nochebuena para los nanos .He praparado tan pronto \u00e9ste plato para daros ideas y porque por primera vez voy a participar en un reto de cocina, hasta ahora mi blog era para un reducido numero de amig@s y familiares, espero estar a la altura, aunque tod@s sab\u00e9is que mi cocina es muy sencilla y mi blog, de andar por casa, en fin \u00a1a ver que sale!<br \/>\n&nbsp;<b style=\"background-color: white; color: #5a5a5a; font-family: 'IM Fell English'; font-size: 18px; line-height: 24.6400012969971px; text-align: justify;\">Con esta receta participo en el Reto de \u00abChristmas Time\u00bb de la comunidad Cocineros de Mundo en Google+<a href=\"http:\/\/cocinerosdelmundodegoogle.blogspot.com.es\/\">http:\/\/cocinerosdelmundodegoogle.blogspot.com.es\/<\/a><\/b><\/p>\n<div style=\"text-align: center;\">\n<\/div>\n<div class=\"separator\" style=\"clear: both; text-align: center;\">\n<a href=\"http:\/\/2.bp.blogspot.com\/-jHW-l01u0uo\/UsSgB3Zc7RI\/AAAAAAAAD_E\/yBpSr1Hnqt4\/s1600\/SAM_3773+modified.jpg\" style=\"margin-left: 1em; margin-right: 1em;\"><img decoding=\"async\" loading=\"lazy\" border=\"0\" height=\"640\" src=\"https:\/\/elcalaixetdelaiaia.es\/wp-content\/uploads\/2014\/12\/SAM_3773-modified.jpg\" width=\"516\" \/><\/a><\/div>\n<div style=\"text-align: center;\">\n<\/div>\n<div style=\"text-align: center;\">\nNecesitaremos;<\/div>\n<div style=\"text-align: center;\">\n<\/div>\n<div style=\"text-align: center;\">\n<a href=\"http:\/\/3.bp.blogspot.com\/-KZgDKN9k0A4\/UsSfxlU5fDI\/AAAAAAAAD9I\/NwcFK_xOJCs\/s1600\/SAM_3737+modified.jpg\"><img decoding=\"async\" loading=\"lazy\" border=\"0\" height=\"476\" src=\"https:\/\/elcalaixetdelaiaia.es\/wp-content\/uploads\/2014\/12\/SAM_3737-modified.jpg\" width=\"640\" \/><\/a><\/div>\n<div style=\"text-align: center;\">\n<\/div>\n<ol>\n<li style=\"text-align: left;\">Cuatro filetes de merluza congelada&nbsp;<\/li>\n<li style=\"text-align: left;\">Media bolsa de gambita pelada, unos 250 g&nbsp;<\/li>\n<li style=\"text-align: left;\">Dos huevos duros&nbsp;<\/li>\n<li style=\"text-align: left;\">Un huevo crudo&nbsp;<\/li>\n<li style=\"text-align: left;\">Una plancha de hojaldre&nbsp;<\/li>\n<li style=\"text-align: left;\">Medio litro de leche&nbsp;<\/li>\n<li style=\"text-align: left;\">Una p\u00eczca de nuez moscada&nbsp;<\/li>\n<li style=\"text-align: left;\">Aceite de oliva&nbsp;<\/li>\n<li style=\"text-align: left;\">Una cucharada sopera de harina&nbsp;<\/li>\n<li style=\"text-align: left;\">Dos cebollas tiernas medianas<\/li>\n<li style=\"text-align: left;\">Sal&nbsp;<\/li>\n<li style=\"text-align: left;\">250 g de champi\u00f1ones&nbsp;<\/li>\n<li style=\"text-align: left;\">Ajo molido<\/li>\n<li style=\"text-align: left;\">Perejil<\/li>\n<li style=\"text-align: left;\">Medio puerro&nbsp;<\/li>\n<li style=\"text-align: left;\">Pimienta&nbsp;<\/li>\n<\/ol>\n<div style=\"text-align: center;\">\n<\/div>\n<div style=\"text-align: center;\">\n<a href=\"http:\/\/2.bp.blogspot.com\/-gFJi15cDwVI\/UsSfxmil_4I\/AAAAAAAAD9M\/2zkQMy1OlvU\/s1600\/SAM_3750.JPG\"><img decoding=\"async\" loading=\"lazy\" border=\"0\" height=\"480\" src=\"https:\/\/elcalaixetdelaiaia.es\/wp-content\/uploads\/2014\/12\/SAM_3750.jpg\" width=\"640\" \/><\/a><\/div>\n<div style=\"text-align: center;\">\n<\/div>\n<div>\n<div style=\"text-align: center;\">\nCortamos el puerro en rodajas<\/div>\n<div style=\"text-align: center;\">\n<\/div>\n<div style=\"text-align: center;\">\n<a href=\"http:\/\/2.bp.blogspot.com\/-ku1VvtcmFtI\/UsSf0_iTJsI\/AAAAAAAAD9Y\/BHOl2l0EM5s\/s1600\/SAM_3752.JPG\"><img decoding=\"async\" loading=\"lazy\" border=\"0\" height=\"480\" src=\"https:\/\/elcalaixetdelaiaia.es\/wp-content\/uploads\/2014\/12\/SAM_3752.jpg\" width=\"640\" \/><\/a><\/div>\n<div style=\"text-align: center;\">\n<\/div>\n<div style=\"text-align: center;\">\nRallamos la cebolla y la ponemos a pochar junto al puerro, en un poco de aceite de oliva<\/div>\n<div style=\"text-align: center;\">\n<\/div>\n<div style=\"text-align: center;\">\n<a href=\"http:\/\/2.bp.blogspot.com\/-op7FaFDlLMw\/UsSf4_DLKVI\/AAAAAAAAD98\/iqXszXXLU70\/s1600\/SAM_3757.JPG\"><img decoding=\"async\" loading=\"lazy\" border=\"0\" height=\"480\" src=\"https:\/\/elcalaixetdelaiaia.es\/wp-content\/uploads\/2014\/12\/SAM_3757.jpg\" width=\"640\" \/><\/a><\/div>\n<div style=\"text-align: center;\">\n<\/div>\n<div style=\"text-align: center;\">\nEn otra sart\u00e9n con un poco de aceite de oliva damos una vuelta a la merluza<\/div>\n<div style=\"text-align: center;\">\n<\/div>\n<div style=\"text-align: center;\">\n<a href=\"http:\/\/1.bp.blogspot.com\/-327uePQFtGI\/UsSf69VsPuI\/AAAAAAAAD-E\/a0d6dPM9n2M\/s1600\/SAM_3758+modified.jpg\"><img decoding=\"async\" loading=\"lazy\" border=\"0\" height=\"480\" src=\"https:\/\/elcalaixetdelaiaia.es\/wp-content\/uploads\/2014\/12\/SAM_3758-modified.jpg\" width=\"640\" \/><\/a><\/div>\n<div style=\"text-align: center;\">\n<\/div>\n<div style=\"text-align: center;\">\nreservamos y dejamos enfriar para desmenuzarla y comprobar con los dedos que no queda espina alguna, yo soy de utilizar mucho las manos en la cocina<\/div>\n<\/div>\n<div>\n<div style=\"text-align: center;\">\n<\/div>\n<div style=\"text-align: center;\">\n<a href=\"http:\/\/4.bp.blogspot.com\/-HFNxPwf9Uuc\/UsSf8X5WwsI\/AAAAAAAAD-U\/gRLVNq4kEgY\/s1600\/SAM_3761+modified.jpg\"><img decoding=\"async\" loading=\"lazy\" border=\"0\" height=\"480\" src=\"https:\/\/elcalaixetdelaiaia.es\/wp-content\/uploads\/2014\/12\/SAM_3761-modified.jpg\" width=\"640\" \/><\/a><\/div>\n<div style=\"text-align: center;\">\n<\/div>\n<div style=\"text-align: center;\">\nsalteamos un poco las gambitas en el mismo aceite<\/div>\n<div style=\"text-align: center;\">\n<\/div>\n<div style=\"text-align: center;\">\n<a href=\"http:\/\/2.bp.blogspot.com\/-XQZqeH2R-hU\/UsSf1DItGBI\/AAAAAAAAD9k\/3qeFO9soywI\/s1600\/SAM_3753.JPG\"><img decoding=\"async\" loading=\"lazy\" border=\"0\" height=\"480\" src=\"https:\/\/elcalaixetdelaiaia.es\/wp-content\/uploads\/2014\/12\/SAM_3753.jpg\" width=\"640\" \/><\/a><\/div>\n<div style=\"text-align: center;\">\n<\/div>\n<div style=\"text-align: center;\">\nuna vez pochada la cebolla y el puerro, es el momento de hacer la bechamel, aunque la pod\u00e9is preparar previamente y a\u00f1adir llegado \u00e9ste paso&nbsp;<a href=\"http:\/\/www.blogger.com\/blogger.g?blogID=796341409266812785#editor\/target=post;postID=2701334886249559116;onPublishedMenu=allposts;onClosedMenu=allposts;postNum=7;src=link\">www.blogger.com\/blogger.g?blogID=796341409266812785#editor\/target=post;postID=2701334886249559116;onPublishedMenu=allposts;onClosedMenu=allposts;postNum=7;src=link<\/a><\/div>\n<div style=\"text-align: center;\">\n<\/div>\n<div style=\"text-align: center;\">\n<a href=\"http:\/\/4.bp.blogspot.com\/-EmRc0sOIUBg\/UsSf1cpgJUI\/AAAAAAAAD9g\/budXDk4Jo1U\/s1600\/SAM_3754.JPG\"><img decoding=\"async\" loading=\"lazy\" border=\"0\" height=\"480\" src=\"https:\/\/elcalaixetdelaiaia.es\/wp-content\/uploads\/2014\/12\/SAM_3754.jpg\" width=\"640\" \/><\/a><\/div>\n<div style=\"text-align: center;\">\n<\/div>\n<div style=\"text-align: center;\">\na\u00f1adimos la harina y freimos para que no deje sabor a harina cruda<\/div>\n<div style=\"text-align: center;\">\n<\/div>\n<div style=\"text-align: center;\">\n<a href=\"http:\/\/2.bp.blogspot.com\/-VeqdnMfR34I\/UsSf4m-8vyI\/AAAAAAAAD94\/IXK9q8HzLUE\/s1600\/SAM_3755.JPG\"><img decoding=\"async\" loading=\"lazy\" border=\"0\" height=\"480\" src=\"https:\/\/elcalaixetdelaiaia.es\/wp-content\/uploads\/2014\/12\/SAM_3755.jpg\" width=\"640\" \/><\/a><\/div>\n<div style=\"text-align: center;\">\n<\/div>\n<div style=\"text-align: center;\">\nincorporamos leche y movemos para evitar grumos,y seguimos a\u00f1adiendo leche hasta conseguir una bechamel espesita,<\/div>\n<div style=\"text-align: center;\">\n<\/div>\n<div style=\"text-align: center;\">\n<a href=\"http:\/\/3.bp.blogspot.com\/-S3bM1-jRKLQ\/UsSf4WEydiI\/AAAAAAAAD90\/vraoQU0vBgc\/s1600\/SAM_3756.JPG\"><img decoding=\"async\" loading=\"lazy\" border=\"0\" height=\"480\" src=\"https:\/\/elcalaixetdelaiaia.es\/wp-content\/uploads\/2014\/12\/SAM_3756.jpg\" width=\"640\" \/><\/a><\/div>\n<div style=\"text-align: center;\">\n<\/div>\n<div style=\"text-align: center;\">\nespolvoreamos de nuez moscada salpimentamos y reservamos<\/div>\n<div style=\"text-align: center;\">\n<\/div>\n<div style=\"text-align: center;\">\n<a href=\"http:\/\/4.bp.blogspot.com\/-zvC_EqdcVX0\/UsSf76jYl1I\/AAAAAAAAD-Q\/BVSqH-JwRN4\/s1600\/SAM_3762+modified.jpg\"><img decoding=\"async\" loading=\"lazy\" border=\"0\" height=\"480\" src=\"https:\/\/elcalaixetdelaiaia.es\/wp-content\/uploads\/2014\/12\/SAM_3762-modified.jpg\" width=\"640\" \/><\/a><\/div>\n<div style=\"text-align: center;\">\n<\/div>\n<div style=\"text-align: center;\">\na\u00f1adimos la merluza despues de habernos asegurado de que no queda ninguna espina que nos pueda estropear el plato, los huevo duros pelados y troceados y las gambitas a la bechamel y removemos bien. Encendemos el horno a 190\u00ba para precalentarlo<\/div>\n<div style=\"text-align: center;\">\n<\/div>\n<div style=\"text-align: center;\">\n<a href=\"http:\/\/3.bp.blogspot.com\/-mrS3Qbu_Z9A\/UsSf9hqPy5I\/AAAAAAAAD-g\/q4YHImtA7ig\/s1600\/SAM_3767.JPG\"><img decoding=\"async\" loading=\"lazy\" border=\"0\" height=\"480\" src=\"https:\/\/elcalaixetdelaiaia.es\/wp-content\/uploads\/2014\/12\/SAM_3767.jpg\" width=\"640\" \/><\/a><\/div>\n<div style=\"text-align: center;\">\n<\/div>\n<div style=\"text-align: center;\">\nponemos papel sulfurizado (de horno) sobre la superficie de trabajo, desenrollamos con cuidado la plancha de hojaldre y daremos la forma que m\u00e1s nos guste, puede ser redonda como una empanada, rectangular tipo paquete, un trenzado, o lo que nos apetezca porque la forma es lo de menos, lo importante es lo rico que est\u00e1. A mi me ha apetecido darle forma de abeto, ya que estamos en Navidad y a los peques de la casa seguro que les encanta. Dibujaremos un abeto, cortamos las hojas de unos dos cm. de ancho pero reservamos los restos de masa que nos ayudar\u00e1n a formar el tronco y terminar de cerrar luego el abeto<\/div>\n<\/div>\n<div>\n<div style=\"text-align: center;\">\n<\/div>\n<div style=\"text-align: center;\">\n<a href=\"http:\/\/1.bp.blogspot.com\/-KS825Pzn1DI\/UsSf9-jwFEI\/AAAAAAAAD-o\/yx7ElTTyjT4\/s1600\/SAM_3768+modified.jpg\"><img decoding=\"async\" loading=\"lazy\" border=\"0\" height=\"480\" src=\"https:\/\/elcalaixetdelaiaia.es\/wp-content\/uploads\/2014\/12\/SAM_3768-modified.jpg\" width=\"640\" \/><\/a><\/div>\n<div style=\"text-align: center;\">\n<\/div>\n<div style=\"text-align: center;\">\ncolocamos sobre la forma de \u00e1rbol la mezcla preparada<\/div>\n<div style=\"text-align: center;\">\n<\/div>\n<div style=\"text-align: center;\">\n<a href=\"http:\/\/4.bp.blogspot.com\/-3F5_02NRZmU\/UsSf-cGQ-6I\/AAAAAAAAD-s\/_w-g1kpYkNo\/s1600\/SAM_3770.JPG\"><img decoding=\"async\" loading=\"lazy\" border=\"0\" height=\"640\" src=\"https:\/\/elcalaixetdelaiaia.es\/wp-content\/uploads\/2014\/12\/SAM_3770.jpg\" width=\"544\" \/><\/a><\/div>\n<div style=\"text-align: center;\">\n<\/div>\n<div style=\"text-align: center;\">\ny con cuidado vamos formando un trenzado empezando desde la copa del \u00e1rbol, que formar\u00e1 nuestro abeto.<\/div>\n<div style=\"text-align: center;\">\n<\/div>\n<div style=\"text-align: center;\">\n<a href=\"http:\/\/1.bp.blogspot.com\/-_FO-CkamEmI\/UsSgBTguBGI\/AAAAAAAAD-4\/58uljzMJgwo\/s1600\/SAM_3771.JPG\"><img decoding=\"async\" loading=\"lazy\" border=\"0\" height=\"640\" src=\"https:\/\/elcalaixetdelaiaia.es\/wp-content\/uploads\/2014\/12\/SAM_3771.jpg\" width=\"480\" \/><\/a><\/div>\n<div style=\"text-align: center;\">\n<\/div>\n<div style=\"text-align: center;\">\ntrasladamos a la bandeja del horno, pincelamos con el huevo batido<\/div>\n<\/div>\n<div>\n<div style=\"text-align: center;\">\n<\/div>\n<div style=\"text-align: center;\">\n<a href=\"http:\/\/4.bp.blogspot.com\/-EyUrKHO14eg\/UsSgB5-wFAI\/AAAAAAAAD_A\/e5QvFE4syn8\/s1600\/SAM_3772.JPG\"><img decoding=\"async\" loading=\"lazy\" border=\"0\" height=\"640\" src=\"https:\/\/elcalaixetdelaiaia.es\/wp-content\/uploads\/2014\/12\/SAM_3772.jpg\" width=\"480\" \/><\/a><\/div>\n<div style=\"text-align: center;\">\n<\/div>\n<div style=\"text-align: center;\">\ny colocaremos al horno a 190\u00ba durante 30 minutos. Recordad que cada horno necesita unos tiempos distintos, no lo descuid\u00e9is. Estar\u00e1 listo cuando se dore el hojaldre.<\/div>\n<div style=\"text-align: center;\">\n<\/div>\n<div style=\"text-align: center;\">\n<a href=\"http:\/\/2.bp.blogspot.com\/-xP_aqmgaoX4\/UsShF9npQNI\/AAAAAAAAD_g\/HXzQp15CVTA\/s1600\/SAM_3774+modified.jpg\"><img decoding=\"async\" loading=\"lazy\" border=\"0\" height=\"640\" src=\"https:\/\/elcalaixetdelaiaia.es\/wp-content\/uploads\/2014\/12\/SAM_3774-modified.jpg\" width=\"480\" \/><\/a><\/div>\n<div style=\"text-align: center;\">\n<\/div>\n<div style=\"text-align: center;\">\nemplataremos y dejaremos enfr\u00edar un poco antes de proceder al corte de las raciones<\/div>\n<div style=\"text-align: center;\">\n<\/div>\n<div style=\"text-align: center;\">\n<a href=\"http:\/\/2.bp.blogspot.com\/-EXnVI7pTXb8\/UsSgDW9j3_I\/AAAAAAAAD_Q\/3Nk4j1oqBt4\/s1600\/SAM_3777+modified.jpg\"><img decoding=\"async\" loading=\"lazy\" border=\"0\" height=\"480\" src=\"https:\/\/elcalaixetdelaiaia.es\/wp-content\/uploads\/2014\/12\/SAM_3777-modified.jpg\" width=\"640\" \/><\/a><\/div>\n<div style=\"text-align: center;\">\n<\/div>\n<div style=\"text-align: center;\">\nFaltan los champi\u00f1ones &nbsp;as\u00ed que&#8230;<\/p>\n<\/div>\n<div class=\"separator\" style=\"clear: both; text-align: center;\">\n<a href=\"http:\/\/3.bp.blogspot.com\/-9bHZMQ-HsV8\/UsfDp73tsFI\/AAAAAAAAEDs\/EPm7pPJDBHU\/s1600\/SAM_3825.JPG\" imageanchor=\"1\" style=\"margin-left: 1em; margin-right: 1em;\"><img decoding=\"async\" loading=\"lazy\" border=\"0\" height=\"486\" src=\"https:\/\/elcalaixetdelaiaia.es\/wp-content\/uploads\/2014\/12\/SAM_3825.jpg\" width=\"640\" \/><\/a><\/div>\n<div style=\"text-align: center;\">\n<\/div>\n<div style=\"text-align: center;\">\nsaltearemos los champi\u00f1ones con un poquito de aceite de oliva, pimienta sal y ajo molido para servirlos como guarnici\u00f3n<\/div>\n<div style=\"text-align: center;\">\n<\/div>\n<div style=\"text-align: center;\">\n<a href=\"http:\/\/3.bp.blogspot.com\/-3WK1WHvcp-8\/UsSgDybYPbI\/AAAAAAAAD_U\/7a4vVGQ2z_I\/s1600\/SAM_3781+modified.jpg\"><img decoding=\"async\" loading=\"lazy\" border=\"0\" height=\"450\" src=\"https:\/\/elcalaixetdelaiaia.es\/wp-content\/uploads\/2014\/12\/SAM_3781-modified.jpg\" width=\"640\" \/><\/a><\/div>\n<div style=\"text-align: center;\">\n<\/div>\n<div style=\"text-align: center;\">\nQueda crujiente por fuera y melosito y suave por dentro con un delicioso sabor a mar.<br \/>\n\u00abA la taula i&#8230;. bon profit!!!\u00bb<\/p>\n<p>Si te gusta mi receta, puedes compartirla y clicar en g+1 para que llegue a m\u00e1s gente.<br \/>\nEspero tus comentarios y recuerda que tambi\u00e9n estoy en Facebook&nbsp;<a href=\"https:\/\/www.facebook.com\/El-calaixet-de-la-iaia-533062140099386\/\">https:\/\/www.facebook.com\/El-calaixet-de-la-iaia-533062140099386\/<\/a><\/div>\n<\/div>\n<\/div>\n","protected":false},"excerpt":{"rendered":"<p>\u00abRefrany; De la Pur\u00edssima a Nadal, desset dies ben cabals\u00bb De la Pur\u00edsima a Navidad diecisiete d\u00edas bien cabales. En la pescader\u00eda del mercado, repart\u00edan un d\u00eda unos folletos con recetas para cocinar el pescado en celebraciones, me gust\u00f3 una de las recetas, e hice mi adaptaci\u00f3n particular para que &hellip; <\/p>\n","protected":false},"author":2,"featured_media":10041,"comment_status":"open","ping_status":"open","sticky":false,"template":"","format":"standard","meta":[],"categories":[131,37,1],"tags":[],"_links":{"self":[{"href":"https:\/\/elcalaixetdelaiaia.es\/index.php?rest_route=\/wp\/v2\/posts\/831"}],"collection":[{"href":"https:\/\/elcalaixetdelaiaia.es\/index.php?rest_route=\/wp\/v2\/posts"}],"about":[{"href":"https:\/\/elcalaixetdelaiaia.es\/index.php?rest_route=\/wp\/v2\/types\/post"}],"author":[{"embeddable":true,"href":"https:\/\/elcalaixetdelaiaia.es\/index.php?rest_route=\/wp\/v2\/users\/2"}],"replies":[{"embeddable":true,"href":"https:\/\/elcalaixetdelaiaia.es\/index.php?rest_route=%2Fwp%2Fv2%2Fcomments&post=831"}],"version-history":[{"count":1,"href":"https:\/\/elcalaixetdelaiaia.es\/index.php?rest_route=\/wp\/v2\/posts\/831\/revisions"}],"predecessor-version":[{"id":10062,"href":"https:\/\/elcalaixetdelaiaia.es\/index.php?rest_route=\/wp\/v2\/posts\/831\/revisions\/10062"}],"wp:featuredmedia":[{"embeddable":true,"href":"https:\/\/elcalaixetdelaiaia.es\/index.php?rest_route=\/wp\/v2\/media\/10041"}],"wp:attachment":[{"href":"https:\/\/elcalaixetdelaiaia.es\/index.php?rest_route=%2Fwp%2Fv2%2Fmedia&parent=831"}],"wp:term":[{"taxonomy":"category","embeddable":true,"href":"https:\/\/elcalaixetdelaiaia.es\/index.php?rest_route=%2Fwp%2Fv2%2Fcategories&post=831"},{"taxonomy":"post_tag","embeddable":true,"href":"https:\/\/elcalaixetdelaiaia.es\/index.php?rest_route=%2Fwp%2Fv2%2Ftags&post=831"}],"curies":[{"name":"wp","href":"https:\/\/api.w.org\/{rel}","templated":true}]}}