{"id":811,"date":"2015-01-02T20:04:00","date_gmt":"2015-01-02T20:04:00","guid":{"rendered":"http:\/\/elcalaixetdelaiaia.es\/emperador-con-gambas-paso-paso"},"modified":"2023-12-20T18:37:53","modified_gmt":"2023-12-20T18:37:53","slug":"emperador-con-gambas-paso-paso","status":"publish","type":"post","link":"https:\/\/elcalaixetdelaiaia.es\/?p=811","title":{"rendered":"Emperador con gambas en salsa de almendras paso a paso"},"content":{"rendered":"<p>\u00abRefrany;Qui menja ra\u00efm per Cap d&#8217;Any, t\u00e9 diners tot l&#8217;any\u00bb. Quien come uva por Noche vieja, tiene dinero todo el a\u00f1o.<\/p>\n<div>\n<p>Emperador con gambas y salsa de almendras<\/p>\n<div class=\"separator\" style=\"clear: both; text-align: center;\"><a style=\"margin-left: 1em; margin-right: 1em;\" href=\"https:\/\/3.bp.blogspot.com\/-XoO2HE6aew8\/WFJl1UkiWNI\/AAAAAAAAoB8\/TerDnwXRQdkp8_MJjaIVdpilODKZ3Q0SgCEw\/s1600\/mero5.jpg\"><img decoding=\"async\" loading=\"lazy\" src=\"https:\/\/elcalaixetdelaiaia.es\/wp-content\/uploads\/2015\/01\/mero5.jpg\" width=\"640\" height=\"384\" border=\"0\" \/><\/a><\/div>\n<div style=\"text-align: center;\"><\/div>\n<\/div>\n<div>\n<div style=\"text-align: center;\">Un plato sencillo y r\u00e1pido para celebrar la \u00faltima cena del a\u00f1o, que suelo preparar con antelaci\u00f3n, porque se mantiene muy bien en el horno mientras me permite disfrutar del aperitivo y entrantes. Es una pena que muchas veces, la mala calidad de las fotos,no hagan llegar el buen sabor y resultado de los platos y lamentablemente, \u00e9sta es una de ellas, pero las tuve que hacer con el m\u00f3vil y no funcionaba muy bien, como pod\u00e9is comprobar \ud83d\ude41 pero es tan buen el plato que subo la receta, a\u00fan con tan malas fotos y prometo repetirlas en cuanto lo cocine de nuevo.<\/div>\n<\/div>\n<div style=\"text-align: center;\">Este a\u00f1o, seremos de nuevo solo tres, cena \u00edntima familiar y tranquila mi padre mi chico y yo, (antes sol\u00edamos salir siempre a alg\u00fan sal\u00f3n y hotel con amigos, incluso con vestido\u00a0 largo y pajarita&#8230; pero ya hace a\u00f1os, y m\u00e1s desde que no est\u00e1 la mami, que preferimos la tranquilidad del hogar y celebramos la nochevieja con mis padres, aunque ya mi mami se fue y los chicos volaron, como es ley de vida) pero que intento sea especial, y por eso me apetece hacer un aperitivo fr\u00edo, algo de marisco a la plancha y \u00e9ste \u00abEmperador con gambas y almendras.\u00bb<\/div>\n<div><\/div>\n<div>Necesitaremos;<\/div>\n<div><\/div>\n<div>\n<div class=\"separator\" style=\"clear: both; text-align: center;\"><a style=\"margin-left: 1em; margin-right: 1em;\" href=\"http:\/\/1.bp.blogspot.com\/-cNMMGG5DhlE\/VKbuicJmClI\/AAAAAAAAQLM\/Xay1AuBo-Nc\/s1600\/emperadorambgambe.jpg\"><img decoding=\"async\" loading=\"lazy\" src=\"https:\/\/elcalaixetdelaiaia.es\/wp-content\/uploads\/2015\/01\/emperadorambgambe.jpg\" width=\"640\" height=\"416\" border=\"0\" \/><\/a><\/div>\n<\/div>\n<div>\n<ol>\n<li>Dos rodajas de emperador medianas por persona<\/li>\n<li>100 g. de almendras peladas<\/li>\n<li>Una cebolla<\/li>\n<li>Medio vaso de vino blanco<\/li>\n<li>Medio vaso de caldo de pescado<\/li>\n<li>Un diente de ajo<\/li>\n<li>150g de gambas \u00a0peladas<\/li>\n<li>Aceite de oliva<\/li>\n<li>Perejil<\/li>\n<li>Sal y pimienta<\/li>\n<li>Una cucharada sopera colmada de harina<\/li>\n<li>Un puerro<\/li>\n<\/ol>\n<div style=\"text-align: center;\">\n<div class=\"separator\" style=\"clear: both;\"><a style=\"margin-left: 1em; margin-right: 1em;\" href=\"http:\/\/1.bp.blogspot.com\/-IpLiPSyUiis\/VKbuiMSvmXI\/AAAAAAAAQLI\/gQ5l1PhDVaI\/s1600\/emperadorambgamb.jpg\"><img decoding=\"async\" loading=\"lazy\" src=\"https:\/\/elcalaixetdelaiaia.es\/wp-content\/uploads\/2015\/01\/emperadorambgamb.jpg\" width=\"640\" height=\"384\" border=\"0\" \/><\/a><\/div>\n<\/div>\n<div><\/div>\n<div style=\"text-align: center;\">Rallamos la cebolla y la sofreimos en un poquito de aceite de oliva<\/div>\n<div><\/div>\n<div style=\"text-align: center;\">\n<div class=\"separator\" style=\"clear: both;\"><a style=\"margin-left: 1em; margin-right: 1em;\" href=\"http:\/\/1.bp.blogspot.com\/-mkfTkIZg8g8\/VKbuhlwuhSI\/AAAAAAAAQLE\/iAakaNf4E_c\/s1600\/emperadorambgam.jpg\"><img decoding=\"async\" loading=\"lazy\" src=\"https:\/\/elcalaixetdelaiaia.es\/wp-content\/uploads\/2015\/01\/emperadorambgam.jpg\" width=\"640\" height=\"384\" border=\"0\" \/><\/a><\/div>\n<\/div>\n<div><\/div>\n<div style=\"text-align: center;\">Cortamos el puerro en aros<\/div>\n<div><\/div>\n<div style=\"text-align: center;\">\n<div class=\"separator\" style=\"clear: both;\"><a style=\"margin-left: 1em; margin-right: 1em;\" href=\"http:\/\/2.bp.blogspot.com\/-agsNdURsetQ\/VKbugzCqKoI\/AAAAAAAAQK0\/voIFmtR8tlI\/s1600\/emperadorambga.jpg\"><img decoding=\"async\" loading=\"lazy\" src=\"https:\/\/elcalaixetdelaiaia.es\/wp-content\/uploads\/2015\/01\/emperadorambga.jpg\" width=\"640\" height=\"384\" border=\"0\" \/><\/a><\/div>\n<\/div>\n<div style=\"text-align: center;\">\n<p>y lo a\u00f1adimos a la cebolla cuando ya est\u00e9 casi pochada<\/p>\n<div class=\"separator\" style=\"clear: both;\"><a style=\"margin-left: 1em; margin-right: 1em;\" href=\"http:\/\/1.bp.blogspot.com\/-lS1SNcAyaPY\/VKbuhiCHLZI\/AAAAAAAAQLA\/thzn5AkSKRM\/s1600\/emperadorambg.jpg\"><img decoding=\"async\" loading=\"lazy\" src=\"https:\/\/elcalaixetdelaiaia.es\/wp-content\/uploads\/2015\/01\/emperadorambg.jpg\" width=\"640\" height=\"384\" border=\"0\" \/><\/a><\/div>\n<p>tapamos la cazuela y dejamos acabar de pochar<\/p>\n<div class=\"separator\" style=\"clear: both;\"><a style=\"margin-left: 1em; margin-right: 1em;\" href=\"http:\/\/2.bp.blogspot.com\/-9NIS_DUKLZg\/VKbugKlvZuI\/AAAAAAAAQKo\/sB5no8QurkY\/s1600\/emperadoramb.jpg\"><img decoding=\"async\" loading=\"lazy\" src=\"https:\/\/elcalaixetdelaiaia.es\/wp-content\/uploads\/2015\/01\/emperadoramb.jpg\" width=\"640\" height=\"384\" border=\"0\" \/><\/a><\/div>\n<div><\/div>\n<\/div>\n<div style=\"text-align: center;\">Majamos las almendras, con el diente de ajo, sal y perejil<\/div>\n<div><\/div>\n<div style=\"text-align: center;\">\n<div class=\"separator\" style=\"clear: both;\"><a style=\"margin-left: 1em; margin-right: 1em;\" href=\"http:\/\/1.bp.blogspot.com\/-OVryh4DynIo\/VKbufKObcGI\/AAAAAAAAQKY\/Ll3IXC7RXwU\/s1600\/emperadora.jpg\"><img decoding=\"async\" loading=\"lazy\" src=\"https:\/\/elcalaixetdelaiaia.es\/wp-content\/uploads\/2015\/01\/emperadora.jpg\" width=\"640\" height=\"384\" border=\"0\" \/><\/a><\/div>\n<\/div>\n<div style=\"text-align: center;\">\n<p>A\u00f1adimos a la cazuela la cucharada de harina y en cuanto coja el sabor,<\/p>\n<div class=\"separator\" style=\"clear: both;\"><a style=\"margin-left: 1em; margin-right: 1em;\" href=\"http:\/\/2.bp.blogspot.com\/-dbU5QgR10-g\/VKbueoYeUsI\/AAAAAAAAQKU\/bK9Q4cd9eBA\/s1600\/emperador.jpg\"><img decoding=\"async\" loading=\"lazy\" src=\"https:\/\/elcalaixetdelaiaia.es\/wp-content\/uploads\/2015\/01\/emperador.jpg\" width=\"640\" height=\"384\" border=\"0\" \/><\/a><\/div>\n<p>a\u00f1adimos el majado<\/p>\n<div class=\"separator\" style=\"clear: both;\"><a style=\"margin-left: 1em; margin-right: 1em;\" href=\"http:\/\/1.bp.blogspot.com\/-qV9tugMVS_c\/VKbueLWcWZI\/AAAAAAAAQKI\/fB1srqs0nkI\/s1600\/emperad.jpg\"><img decoding=\"async\" loading=\"lazy\" src=\"https:\/\/elcalaixetdelaiaia.es\/wp-content\/uploads\/2015\/01\/emperad.jpg\" width=\"640\" height=\"384\" border=\"0\" \/><\/a><\/div>\n<p>incorporamos medio vaso de vino blanco<\/p>\n<div class=\"separator\" style=\"clear: both;\"><a style=\"margin-left: 1em; margin-right: 1em;\" href=\"http:\/\/1.bp.blogspot.com\/-M6AqzvPNqu8\/VKbuefECmwI\/AAAAAAAAQKM\/-Zhs0jUrddc\/s1600\/emperado.jpg\"><img decoding=\"async\" loading=\"lazy\" src=\"https:\/\/elcalaixetdelaiaia.es\/wp-content\/uploads\/2015\/01\/emperado.jpg\" width=\"640\" height=\"384\" border=\"0\" \/><\/a><\/div>\n<p>y medio de caldo de pescado, y removemos en\u00e9rgicamente.<\/p>\n<div class=\"separator\" style=\"clear: both;\"><a style=\"margin-left: 1em; margin-right: 1em;\" href=\"http:\/\/1.bp.blogspot.com\/-kUi_qR16AnA\/VKbulSyEoZI\/AAAAAAAAQMA\/XdPvl5KNbo0\/s1600\/empera.jpg\"><img decoding=\"async\" loading=\"lazy\" src=\"https:\/\/elcalaixetdelaiaia.es\/wp-content\/uploads\/2015\/01\/empera.jpg\" width=\"640\" height=\"384\" border=\"0\" \/><\/a><\/div>\n<\/div>\n<div style=\"text-align: center;\">\n<p>tapamos y dejamos 5 minutos a fuego lento. Apagamos el fuego y dejamos reposar<\/p>\n<div class=\"separator\" style=\"clear: both;\"><a style=\"margin-left: 1em; margin-right: 1em;\" href=\"http:\/\/1.bp.blogspot.com\/-6SSA81kSnJg\/VKbufXvtZhI\/AAAAAAAAQKg\/uzS32b7XPZ0\/s1600\/emperadoram.jpg\"><img decoding=\"async\" loading=\"lazy\" src=\"https:\/\/elcalaixetdelaiaia.es\/wp-content\/uploads\/2015\/01\/emperadoram.jpg\" width=\"640\" height=\"384\" border=\"0\" \/><\/a><\/div>\n<p>Salpimentamos el mero por \u00e1mbas caras<\/p>\n<div class=\"separator\" style=\"clear: both;\"><a style=\"margin-left: 1em; margin-right: 1em;\" href=\"http:\/\/3.bp.blogspot.com\/-sJp8g10T8IM\/VKbud0zYyYI\/AAAAAAAAQKE\/NEg57dTbzQw\/s1600\/emper.jpg\"><img decoding=\"async\" loading=\"lazy\" src=\"https:\/\/elcalaixetdelaiaia.es\/wp-content\/uploads\/2015\/01\/emper.jpg\" width=\"640\" height=\"384\" border=\"0\" \/><\/a><\/div>\n<p>y en una sart\u00e9n con un poco de aceite de oliva, pasamos vuelta y vuelta para sellar<\/p>\n<div class=\"separator\" style=\"clear: both;\"><a style=\"margin-left: 1em; margin-right: 1em;\" href=\"http:\/\/1.bp.blogspot.com\/-1jIZ2yfEdZc\/VKbudVhMN7I\/AAAAAAAAQKA\/sD-QlSb1Vt4\/s1600\/empe.jpg\"><img decoding=\"async\" loading=\"lazy\" src=\"https:\/\/elcalaixetdelaiaia.es\/wp-content\/uploads\/2015\/01\/empe.jpg\" width=\"640\" height=\"384\" border=\"0\" \/><\/a><\/div>\n<p>y a\u00f1adimos las gambitas, doramos ligeramente<\/p>\n<div class=\"separator\" style=\"clear: both;\"><a style=\"margin-left: 1em; margin-right: 1em;\" href=\"http:\/\/3.bp.blogspot.com\/-s68xMDYrNOs\/VKbucgOwtiI\/AAAAAAAAQJ0\/Mwk-MXJc398\/s1600\/emp%2Bmodified.jpg\"><img decoding=\"async\" loading=\"lazy\" src=\"https:\/\/elcalaixetdelaiaia.es\/wp-content\/uploads\/2015\/01\/empmodified.jpg\" width=\"640\" height=\"384\" border=\"0\" \/><\/a><\/div>\n<p>e incorporamos la salsita preparada, precalentamos el horno a 100\u00ba y lo apagamos.<\/p>\n<div class=\"separator\" style=\"clear: both;\"><a style=\"margin-left: 1em; margin-right: 1em;\" href=\"http:\/\/1.bp.blogspot.com\/-eFw9KLHCChg\/VKbucjJyoNI\/AAAAAAAAQJw\/SItNohdDZ1E\/s1600\/em%2Bmodified.jpg\"><img decoding=\"async\" loading=\"lazy\" src=\"https:\/\/elcalaixetdelaiaia.es\/wp-content\/uploads\/2015\/01\/emmodified.jpg\" width=\"640\" height=\"384\" border=\"0\" \/><\/a><\/div>\n<p>removemos con cuidado meneando la cazuela con cuidado para que no se rompa. Retiramos la cazuela del fuego, y la introducimos en el horno precalentado y apagado, donde se mantendr\u00e1 a buena temperatura mientras vamos degustando los aperitivos y entrantes.<\/p>\n<div class=\"separator\" style=\"clear: both; text-align: center;\"><a style=\"margin-left: 1em; margin-right: 1em;\" href=\"https:\/\/3.bp.blogspot.com\/-mUqbakaHUVU\/WFJl1rNq_pI\/AAAAAAAAoCA\/7PF-DBuAeMQWfc12XLnwcE-i-46r__3WQCEw\/s1600\/mero3.jpg\"><img decoding=\"async\" loading=\"lazy\" src=\"https:\/\/elcalaixetdelaiaia.es\/wp-content\/uploads\/2015\/01\/mero3.jpg\" width=\"640\" height=\"384\" border=\"0\" \/><\/a><\/div>\n<p>Emplatamos<\/p>\n<\/div>\n<div style=\"text-align: center;\">\n<div class=\"separator\" style=\"clear: both; text-align: center;\"><a style=\"margin-left: 1em; margin-right: 1em;\" href=\"https:\/\/3.bp.blogspot.com\/-XoO2HE6aew8\/WFJl1UkiWNI\/AAAAAAAAoB8\/TerDnwXRQdkp8_MJjaIVdpilODKZ3Q0SgCEw\/s1600\/mero5.jpg\"><img decoding=\"async\" loading=\"lazy\" src=\"https:\/\/elcalaixetdelaiaia.es\/wp-content\/uploads\/2015\/01\/mero5.jpg\" width=\"640\" height=\"384\" border=\"0\" \/><\/a><\/div>\n<\/div>\n<div style=\"text-align: center;\">\n<div style=\"text-align: center;\">y servimos \u00ab\u00a1A la taula i&#8230; bon profit!!!\u00bb<\/div>\n<\/div>\n<div>\n<div class=\"separator\" style=\"clear: both; text-align: center;\"><\/div>\n<div style=\"text-align: center;\">\n<div>Espero tus comentarios que para mi son MUY importantes y recuerda que tambi\u00e9n estoy en Facebook <a href=\"https:\/\/www.facebook.com\/El-calaixet-de-la-iaia-533062140099386\/\">https:\/\/www.facebook.com\/El-calaixet-de-la-iaia-533062140099386\/<\/a><\/div>\n<div>Si quieres recibir mis actualizaciones por mail, al final de \u00e9sta p\u00e1gina a la izquierda tienes como hacer para introducir tu correo electr\u00f3nico y no perderte las actualizaciones de mis recetas \u00a1Gracias!<\/div>\n<\/div>\n<\/div>\n<\/div>\n","protected":false},"excerpt":{"rendered":"<p>\u00abRefrany;Qui menja ra\u00efm per Cap d&#8217;Any, t\u00e9 diners tot l&#8217;any\u00bb. Quien come uva por Noche vieja, tiene dinero todo el a\u00f1o. Emperador con gambas y salsa de almendras Un plato sencillo y r\u00e1pido para celebrar la \u00faltima cena del a\u00f1o, que suelo preparar con antelaci\u00f3n, porque se mantiene muy bien &hellip; <\/p>\n","protected":false},"author":2,"featured_media":9883,"comment_status":"open","ping_status":"open","sticky":false,"template":"","format":"standard","meta":[],"categories":[37,1],"tags":[],"_links":{"self":[{"href":"https:\/\/elcalaixetdelaiaia.es\/index.php?rest_route=\/wp\/v2\/posts\/811"}],"collection":[{"href":"https:\/\/elcalaixetdelaiaia.es\/index.php?rest_route=\/wp\/v2\/posts"}],"about":[{"href":"https:\/\/elcalaixetdelaiaia.es\/index.php?rest_route=\/wp\/v2\/types\/post"}],"author":[{"embeddable":true,"href":"https:\/\/elcalaixetdelaiaia.es\/index.php?rest_route=\/wp\/v2\/users\/2"}],"replies":[{"embeddable":true,"href":"https:\/\/elcalaixetdelaiaia.es\/index.php?rest_route=%2Fwp%2Fv2%2Fcomments&post=811"}],"version-history":[{"count":7,"href":"https:\/\/elcalaixetdelaiaia.es\/index.php?rest_route=\/wp\/v2\/posts\/811\/revisions"}],"predecessor-version":[{"id":26310,"href":"https:\/\/elcalaixetdelaiaia.es\/index.php?rest_route=\/wp\/v2\/posts\/811\/revisions\/26310"}],"wp:featuredmedia":[{"embeddable":true,"href":"https:\/\/elcalaixetdelaiaia.es\/index.php?rest_route=\/wp\/v2\/media\/9883"}],"wp:attachment":[{"href":"https:\/\/elcalaixetdelaiaia.es\/index.php?rest_route=%2Fwp%2Fv2%2Fmedia&parent=811"}],"wp:term":[{"taxonomy":"category","embeddable":true,"href":"https:\/\/elcalaixetdelaiaia.es\/index.php?rest_route=%2Fwp%2Fv2%2Fcategories&post=811"},{"taxonomy":"post_tag","embeddable":true,"href":"https:\/\/elcalaixetdelaiaia.es\/index.php?rest_route=%2Fwp%2Fv2%2Ftags&post=811"}],"curies":[{"name":"wp","href":"https:\/\/api.w.org\/{rel}","templated":true}]}}