{"id":803,"date":"2015-01-16T17:03:00","date_gmt":"2015-01-16T17:03:00","guid":{"rendered":"http:\/\/elcalaixetdelaiaia.es\/focacia-fogassa-con-tomates-cherry"},"modified":"2024-04-12T08:55:21","modified_gmt":"2024-04-12T08:55:21","slug":"focacia-fogassa-con-tomates-cherry","status":"publish","type":"post","link":"https:\/\/elcalaixetdelaiaia.es\/?p=803","title":{"rendered":"Focaccia, fogassa con tomates cherry cebolla y romero paso a paso"},"content":{"rendered":"<p>\u00abRefrany;Bon pa farem si la farina \u00e9s bona\u00bb.\u00a0 Buen pan haremos, si la harina es buena.<\/p>\n<div>Focaccia o fogassa como decimos en valenciano, focaccia proviene de la frase romana \u00abpanis focacius\u00bb que significa un bollo de pan cocinado con fuego, la masa\u00a0\u00a0de la focaccia es similar en estilo a la de la pizza y tambi\u00e9n a la fogassa que me ense\u00f1\u00f3 a hacer mi tia-abuela Lluisa,(con muchisimas variaciones en cuando a los ingredientes a\u00f1adidos, pero no con los de la masa, que era casi igual) asi que \u00e1mbas tienen una gran similitud aunque una sea de origen italiano y la m\u00eda de origen la Safor. En Arag\u00f3n le llaman Ca\u00f1ada o blandilla a un pan parecido que lleva aceite y sal, pero sin verduras ni el romero. Si quer\u00e9is hacer un pan riqu\u00edsimo s\u00f3lo ten\u00e9is que seguir las instrucciones y no poner \u00e9stos ingredientes.<\/div>\n<div><\/div>\n<div class=\"separator\" style=\"clear: both; text-align: center;\"><a style=\"margin-left: 1em; margin-right: 1em;\" href=\"https:\/\/elcalaixetdelaiaia.es\/wp-content\/uploads\/2015\/01\/foocamodified.jpg\"><img decoding=\"async\" loading=\"lazy\" class=\"\" src=\"https:\/\/elcalaixetdelaiaia.es\/wp-content\/uploads\/2015\/01\/foocamodified.jpg\" width=\"601\" height=\"360\" border=\"0\" \/><\/a><\/div>\n<div><\/div>\n<div>Aprovechando que tengo unos tomatitos Cherry y unas cebollas dulces, mas el ramo de romero fresco que al igual que el de perejil, no suelen faltar en mi cocina, hoy va con \u00e9stos ingredientes. La fogassa es sencilla de hacer pero larga, a causa de los dos levados.<\/div>\n<div>\n<p>Necesitaremos;<\/p>\n<div>\n<div class=\"separator\" style=\"clear: both; text-align: center;\"><a style=\"margin-left: 1em; margin-right: 1em;\" href=\"https:\/\/elcalaixetdelaiaia.es\/wp-content\/uploads\/2015\/01\/ff.jpg\"><img decoding=\"async\" loading=\"lazy\" class=\"\" src=\"https:\/\/elcalaixetdelaiaia.es\/wp-content\/uploads\/2015\/01\/ff.jpg\" width=\"569\" height=\"341\" border=\"0\" \/><\/a><\/div>\n<\/div>\n<div>\n<ol>\n<li>500g de harina de fuerza<\/li>\n<li>Una cucharada de postre de sal<\/li>\n<li>Una cucharada de postre de az\u00facar<\/li>\n<li>25g de levadura fresca<\/li>\n<li>300 ml de agua tibia<\/li>\n<li>AOV aceite de oliva virgen al gusto<\/li>\n<li>Una ramita de romero fresco<\/li>\n<li>250g de tomates cherry<\/li>\n<li>Una cebolla tierna o dulce<\/li>\n<li>Sal Mald\u00f3n o gruesa<\/li>\n<li>Pimienta<\/li>\n<\/ol>\n<\/div>\n<div>\n<div class=\"separator\" style=\"clear: both; text-align: center;\"><a style=\"margin-left: 1em; margin-right: 1em;\" href=\"https:\/\/elcalaixetdelaiaia.es\/wp-content\/uploads\/2015\/01\/fo.jpg\"><img decoding=\"async\" loading=\"lazy\" class=\"\" src=\"https:\/\/elcalaixetdelaiaia.es\/wp-content\/uploads\/2015\/01\/fo.jpg\" width=\"600\" height=\"360\" border=\"0\" \/><\/a><\/div>\n<\/div>\n<div>\n<div><\/div>\n<div style=\"text-align: center;\">Comenzamos poniendo en un bol 300 ml de agua tibia,<\/div>\n<div style=\"text-align: center;\"><\/div>\n<div class=\"separator\" style=\"clear: both; text-align: center;\"><a style=\"margin-left: 1em; margin-right: 1em;\" href=\"https:\/\/elcalaixetdelaiaia.es\/wp-content\/uploads\/2015\/01\/focmodified.jpg\"><img decoding=\"async\" loading=\"lazy\" class=\"\" src=\"https:\/\/elcalaixetdelaiaia.es\/wp-content\/uploads\/2015\/01\/focmodified.jpg\" width=\"601\" height=\"355\" border=\"0\" \/><\/a><\/div>\n<div style=\"text-align: center;\"><\/div>\n<div style=\"text-align: center;\">y el cubito de 25g de levadura fresca. Desle\u00edmos y dejamos reposar unos minutos.<\/div>\n<div style=\"text-align: center;\"><\/div>\n<\/div>\n<div>\n<div class=\"separator\" style=\"clear: both; text-align: center;\"><a style=\"margin-left: 1em; margin-right: 1em;\" href=\"https:\/\/elcalaixetdelaiaia.es\/wp-content\/uploads\/2015\/01\/focc.jpg\"><img decoding=\"async\" loading=\"lazy\" class=\"\" src=\"https:\/\/elcalaixetdelaiaia.es\/wp-content\/uploads\/2015\/01\/focc.jpg\" width=\"603\" height=\"362\" border=\"0\" \/><\/a><\/div>\n<div style=\"text-align: center;\"><\/div>\n<\/div>\n<div>\n<div style=\"text-align: center;\">Mientras tanto, deshojamos unas ramitas de romero previamente enjuagado. si cogemos la ramita por la parte de arriba y frotamos las hojitas en direcci\u00f3n a la ra\u00edz salen sin problemas.<\/div>\n<div><\/div>\n<div class=\"separator\" style=\"clear: both; text-align: center;\"><a style=\"margin-left: 1em; margin-right: 1em;\" href=\"https:\/\/elcalaixetdelaiaia.es\/wp-content\/uploads\/2015\/01\/foccamodified.jpg\"><img decoding=\"async\" loading=\"lazy\" class=\"\" src=\"https:\/\/elcalaixetdelaiaia.es\/wp-content\/uploads\/2015\/01\/foccamodified.jpg\" width=\"600\" height=\"360\" border=\"0\" \/><\/a><\/div>\n<div style=\"text-align: center;\"><\/div>\n<div style=\"text-align: center;\">Troceamos el romero o picamos finamente<\/div>\n<div style=\"text-align: center;\"><\/div>\n<div class=\"separator\" style=\"clear: both; text-align: center;\"><a style=\"margin-left: 1em; margin-right: 1em;\" href=\"https:\/\/elcalaixetdelaiaia.es\/wp-content\/uploads\/2015\/01\/foccacmodified.jpg\"><img decoding=\"async\" loading=\"lazy\" class=\"\" src=\"https:\/\/elcalaixetdelaiaia.es\/wp-content\/uploads\/2015\/01\/foccacmodified.jpg\" width=\"601\" height=\"361\" border=\"0\" \/><\/a><\/div>\n<div style=\"text-align: center;\"><\/div>\n<div style=\"text-align: center;\">reservamos.<\/div>\n<div style=\"text-align: center;\"><\/div>\n<div class=\"separator\" style=\"clear: both; text-align: center;\"><a style=\"margin-left: 1em; margin-right: 1em;\" href=\"https:\/\/elcalaixetdelaiaia.es\/wp-content\/uploads\/2015\/01\/foccacci.jpg\"><img decoding=\"async\" loading=\"lazy\" class=\"\" src=\"https:\/\/elcalaixetdelaiaia.es\/wp-content\/uploads\/2015\/01\/foccacci.jpg\" width=\"604\" height=\"362\" border=\"0\" \/><\/a><\/div>\n<div style=\"text-align: center;\"><\/div>\n<div style=\"text-align: center;\">\u00a0A\u00f1adimos al bol una cucharada de postre de sal y<\/div>\n<div style=\"text-align: center;\"><\/div>\n<div class=\"separator\" style=\"clear: both; text-align: center;\"><a style=\"margin-left: 1em; margin-right: 1em;\" href=\"https:\/\/elcalaixetdelaiaia.es\/wp-content\/uploads\/2015\/01\/foccaccia.jpg\"><img decoding=\"async\" loading=\"lazy\" class=\"\" src=\"https:\/\/elcalaixetdelaiaia.es\/wp-content\/uploads\/2015\/01\/foccaccia.jpg\" width=\"605\" height=\"363\" border=\"0\" \/><\/a><\/div>\n<div style=\"text-align: center;\"><\/div>\n<div style=\"text-align: center;\">una cucharada de postre de az\u00facar y removemos.<\/div>\n<div style=\"text-align: center;\"><\/div>\n<div class=\"separator\" style=\"clear: both; text-align: center;\"><a style=\"margin-left: 1em; margin-right: 1em;\" href=\"https:\/\/elcalaixetdelaiaia.es\/wp-content\/uploads\/2015\/01\/foccacciac.jpg\"><img decoding=\"async\" loading=\"lazy\" class=\"\" src=\"https:\/\/elcalaixetdelaiaia.es\/wp-content\/uploads\/2015\/01\/foccacciac.jpg\" width=\"600\" height=\"351\" border=\"0\" \/><\/a><\/div>\n<div style=\"text-align: center;\"><\/div>\n<div style=\"text-align: center;\">Incorporamos medio kg de harina de fuerza tamiz\u00e1ndola, Si no tenemos tamizador, sirve cualquier colador.<\/div>\n<div style=\"text-align: center;\"><\/div>\n<div class=\"separator\" style=\"clear: both; text-align: center;\"><a style=\"margin-left: 1em; margin-right: 1em;\" href=\"https:\/\/elcalaixetdelaiaia.es\/wp-content\/uploads\/2015\/01\/foccacciaco.jpg\"><img decoding=\"async\" loading=\"lazy\" class=\"\" src=\"https:\/\/elcalaixetdelaiaia.es\/wp-content\/uploads\/2015\/01\/foccacciaco.jpg\" width=\"599\" height=\"359\" border=\"0\" \/><\/a><\/div>\n<div style=\"text-align: center;\"><\/div>\n<div style=\"text-align: center;\">Llegado \u00e9ste paso, hay quien mezcla y remueve con una cuchara. Yo trabajo mucho en la cocina con las manos, me gusta mucho mas hacerlo as\u00ed,(por descontado, con las manos muy muy limpias) pero a gusto de cada cual, remover.<\/div>\n<div style=\"text-align: center;\"><\/div>\n<div class=\"separator\" style=\"clear: both; text-align: center;\"><a style=\"margin-left: 1em; margin-right: 1em;\" href=\"https:\/\/elcalaixetdelaiaia.es\/wp-content\/uploads\/2015\/01\/foccacciacon.jpg\"><img decoding=\"async\" loading=\"lazy\" class=\"\" src=\"https:\/\/elcalaixetdelaiaia.es\/wp-content\/uploads\/2015\/01\/foccacciacon.jpg\" width=\"604\" height=\"362\" border=\"0\" \/><\/a><\/div>\n<div style=\"text-align: center;\"><\/div>\n<div style=\"text-align: center;\">A\u00f1adimos el romero piccado y un chorrito de aceite de oliva virgen, seg\u00fan vuestro gusto, hay que le gusta muy aceitado y a qui\u00e9n solo suavemente, as\u00ed que en \u00e9ste paso no pongo cantidad de aceite.<\/div>\n<div style=\"text-align: center;\"><\/div>\n<div class=\"separator\" style=\"clear: both; text-align: center;\"><a style=\"margin-left: 1em; margin-right: 1em;\" href=\"https:\/\/elcalaixetdelaiaia.es\/wp-content\/uploads\/2015\/01\/foccacciacont.jpg\"><img decoding=\"async\" loading=\"lazy\" class=\"\" src=\"https:\/\/elcalaixetdelaiaia.es\/wp-content\/uploads\/2015\/01\/foccacciacont.jpg\" width=\"603\" height=\"362\" border=\"0\" \/><\/a><\/div>\n<div style=\"text-align: center;\"><\/div>\n<div style=\"text-align: center;\">Seguimos removiendo y cuando ya se despega la masa de las paredes del bol, hacemos una bola, ponemos harina sobre una superficie de trabajo y pasamos a masar en la misma, trabajando hasta que se nos despegue de las manos.<\/div>\n<div style=\"text-align: center;\"><\/div>\n<div class=\"separator\" style=\"clear: both; text-align: center;\"><a style=\"margin-left: 1em; margin-right: 1em;\" href=\"https:\/\/elcalaixetdelaiaia.es\/wp-content\/uploads\/2015\/01\/foccacciacontom.jpg\"><img decoding=\"async\" loading=\"lazy\" class=\"\" src=\"https:\/\/elcalaixetdelaiaia.es\/wp-content\/uploads\/2015\/01\/foccacciacontom.jpg\" width=\"603\" height=\"362\" border=\"0\" \/><\/a><\/div>\n<div style=\"text-align: center;\"><\/div>\n<div style=\"text-align: center;\">Colocamos de nuevo en el bol, que previamente hemos limpiado con agua calentita y secado<\/div>\n<div style=\"text-align: center;\"><\/div>\n<div class=\"separator\" style=\"clear: both; text-align: center;\"><a style=\"margin-left: 1em; margin-right: 1em;\" href=\"https:\/\/elcalaixetdelaiaia.es\/wp-content\/uploads\/2015\/01\/foccacciacontoma.jpg\"><img decoding=\"async\" loading=\"lazy\" class=\"\" src=\"https:\/\/elcalaixetdelaiaia.es\/wp-content\/uploads\/2015\/01\/foccacciacontoma.jpg\" width=\"609\" height=\"365\" border=\"0\" \/><\/a><\/div>\n<div style=\"text-align: center;\"><\/div>\n<div style=\"text-align: center;\">Cubrimos con tapa de pl\u00e1stico o papel film<\/div>\n<div style=\"text-align: center;\"><\/div>\n<div class=\"separator\" style=\"clear: both; text-align: center;\"><a style=\"margin-left: 1em; margin-right: 1em;\" href=\"https:\/\/elcalaixetdelaiaia.es\/wp-content\/uploads\/2015\/01\/foccacciacontomat.jpg\"><img decoding=\"async\" loading=\"lazy\" class=\"\" src=\"https:\/\/elcalaixetdelaiaia.es\/wp-content\/uploads\/2015\/01\/foccacciacontomat.jpg\" width=\"603\" height=\"362\" border=\"0\" \/><\/a><\/div>\n<div style=\"text-align: center;\"><\/div>\n<div style=\"text-align: center;\">ponemos encima un trapo de cocina limpio y dejamos reposar en un lugar tibio de la cocina aproximadamente una hora o hasta que veamos que ha doblado su volumen<\/div>\n<div style=\"text-align: center;\">\n<div><\/div>\n<div class=\"separator\" style=\"clear: both; text-align: center;\"><a style=\"margin-left: 1em; margin-right: 1em;\" href=\"https:\/\/elcalaixetdelaiaia.es\/wp-content\/uploads\/2015\/01\/diiiits.jpg\"><img decoding=\"async\" loading=\"lazy\" class=\"\" src=\"https:\/\/elcalaixetdelaiaia.es\/wp-content\/uploads\/2015\/01\/diiiits.jpg\" width=\"605\" height=\"363\" border=\"0\" \/><\/a><\/div>\n<\/div>\n<div><\/div>\n<div style=\"text-align: center;\">como en foto, retiramos la tapa de pl\u00e1stico<\/div>\n<div style=\"text-align: center;\">\n<div><\/div>\n<div class=\"separator\" style=\"clear: both; text-align: center;\"><a style=\"margin-left: 1em; margin-right: 1em;\" href=\"https:\/\/elcalaixetdelaiaia.es\/wp-content\/uploads\/2015\/01\/diiits.jpg\"><img decoding=\"async\" loading=\"lazy\" class=\"\" src=\"https:\/\/elcalaixetdelaiaia.es\/wp-content\/uploads\/2015\/01\/diiits.jpg\" width=\"610\" height=\"366\" border=\"0\" \/><\/a><\/div>\n<p>espolvoreamos harina sobre la superficie de trabajo, para amasar de nuevo.<\/p>\n<div class=\"separator\" style=\"clear: both; text-align: center;\"><a style=\"margin-left: 1em; margin-right: 1em;\" href=\"https:\/\/elcalaixetdelaiaia.es\/wp-content\/uploads\/2015\/01\/diiiiits.jpg\"><img decoding=\"async\" loading=\"lazy\" class=\"\" src=\"https:\/\/elcalaixetdelaiaia.es\/wp-content\/uploads\/2015\/01\/diiiiits.jpg\" width=\"606\" height=\"364\" border=\"0\" \/><\/a><\/div>\n<p>Es realmente complicado cocinar y hacer fotos al mismo tiempo, (es como me gusta hacer mi blog, con el paso a paso completo para facilitar el que hag\u00e1is las recetas) pero cuando se trata de amasar&#8230;bufff muy muy dif\u00edcil, ya que he de amasar con una sola mano para tener la otra libre con el fin de hacer las fotos con el m\u00f3vil&#8230;<\/p>\n<div class=\"separator\" style=\"clear: both; text-align: center;\"><a style=\"margin-left: 1em; margin-right: 1em;\" href=\"https:\/\/elcalaixetdelaiaia.es\/wp-content\/uploads\/2015\/01\/foccaciaconto.jpg\"><img decoding=\"async\" loading=\"lazy\" class=\"\" src=\"https:\/\/elcalaixetdelaiaia.es\/wp-content\/uploads\/2015\/01\/foccaciaconto.jpg\" width=\"573\" height=\"344\" border=\"0\" \/><\/a><\/div>\n<p>&#8230;as\u00ed que cuando aparece alguien por casa que puede tomar las instant\u00e1neas, lo cazo al vuelo!!! jejeje, hoy mi maridito, hace de fot\u00f3grafo, con el equipaje puesto, y antes de irse a correr <span class=\"ILfuVd\" lang=\"es\"><span class=\"hgKElc\">\ud83d\ude09<\/span><\/span> gracias mi amor.<br \/>\nY as\u00ed yo puedo estar con las manos en la masa, nunca mejor dicho.<\/p>\n<div class=\"separator\" style=\"clear: both; text-align: center;\"><a style=\"margin-left: 1em; margin-right: 1em;\" href=\"https:\/\/elcalaixetdelaiaia.es\/wp-content\/uploads\/2015\/01\/diits.jpg\"><img decoding=\"async\" loading=\"lazy\" class=\"\" src=\"https:\/\/elcalaixetdelaiaia.es\/wp-content\/uploads\/2015\/01\/diits.jpg\" width=\"611\" height=\"367\" border=\"0\" \/><\/a><\/div>\n<\/div>\n<div><\/div>\n<div style=\"text-align: center;\">Amasaremos hasta que veamos que est\u00e1 la masa lista, para saberlo, introduciremos unos o dos dedos<\/div>\n<div><\/div>\n<div>\n<div class=\"separator\" style=\"clear: both; text-align: center;\"><a style=\"margin-left: 1em; margin-right: 1em;\" href=\"https:\/\/elcalaixetdelaiaia.es\/wp-content\/uploads\/2015\/01\/dits.jpg\"><img decoding=\"async\" loading=\"lazy\" class=\"\" src=\"https:\/\/elcalaixetdelaiaia.es\/wp-content\/uploads\/2015\/01\/dits.jpg\" width=\"600\" height=\"360\" border=\"0\" \/><\/a><\/div>\n<p style=\"text-align: center;\">y si los hoyitos permanecen, es que ya est\u00e1 la masa lista para preparar el segundo levado.<\/p>\n<div class=\"separator\" style=\"clear: both; text-align: center;\"><a style=\"margin-left: 1em; margin-right: 1em;\" href=\"https:\/\/elcalaixetdelaiaia.es\/wp-content\/uploads\/2015\/01\/diiiiiits.jpg\"><img decoding=\"async\" loading=\"lazy\" class=\"\" src=\"https:\/\/elcalaixetdelaiaia.es\/wp-content\/uploads\/2015\/01\/diiiiiits.jpg\" width=\"593\" height=\"328\" border=\"0\" \/><\/a><\/div>\n<p style=\"text-align: center;\">Aplanamos con las manos dando la forma que nos parezca. En otros amasados utilizo el rodillo pero aqu\u00ed prefiero no hacerlo para no aplanar demasiado la masa. La trasladamos<\/p>\n<div class=\"separator\" style=\"clear: both; text-align: center;\"><a style=\"margin-left: 1em; margin-right: 1em;\" href=\"https:\/\/elcalaixetdelaiaia.es\/wp-content\/uploads\/2015\/01\/foccacciacontomatescherry.jpg\"><img decoding=\"async\" loading=\"lazy\" class=\"\" src=\"https:\/\/elcalaixetdelaiaia.es\/wp-content\/uploads\/2015\/01\/foccacciacontomatescherry.jpg\" width=\"587\" height=\"352\" border=\"0\" \/><\/a><\/div>\n<p style=\"text-align: center;\">al papel sulfurizado o de horno en una bandeja adecuada, y practicamos hoyitos con los dedos<\/p>\n<div class=\"separator\" style=\"clear: both; text-align: center;\"><a style=\"margin-left: 1em; margin-right: 1em;\" href=\"https:\/\/elcalaixetdelaiaia.es\/wp-content\/uploads\/2015\/01\/foccacciacontomatescherr.jpg\"><img decoding=\"async\" loading=\"lazy\" class=\"\" src=\"https:\/\/elcalaixetdelaiaia.es\/wp-content\/uploads\/2015\/01\/foccacciacontomatescherr.jpg\" width=\"600\" height=\"360\" border=\"0\" \/><\/a><\/div>\n<p style=\"text-align: center;\">cubrimos con papel film o papel sulfurizado<\/p>\n<div class=\"separator\" style=\"clear: both; text-align: center;\"><a style=\"margin-left: 1em; margin-right: 1em;\" href=\"https:\/\/elcalaixetdelaiaia.es\/wp-content\/uploads\/2015\/01\/foccacciacontomatescher.jpg\"><img decoding=\"async\" loading=\"lazy\" class=\"\" src=\"https:\/\/elcalaixetdelaiaia.es\/wp-content\/uploads\/2015\/01\/foccacciacontomatescher.jpg\" width=\"606\" height=\"354\" border=\"0\" \/><\/a><\/div>\n<p style=\"text-align: center;\">arropamos de nuevo con un trapo de cocina y dejamos hacer el segundo levado como meda hora mas<\/p>\n<div class=\"separator\" style=\"clear: both; text-align: center;\"><a style=\"margin-left: 1em; margin-right: 1em;\" href=\"https:\/\/elcalaixetdelaiaia.es\/wp-content\/uploads\/2015\/01\/foccacciacontomatesch.jpg\"><img decoding=\"async\" loading=\"lazy\" class=\"\" src=\"https:\/\/elcalaixetdelaiaia.es\/wp-content\/uploads\/2015\/01\/foccacciacontomatesch.jpg\" width=\"601\" height=\"361\" border=\"0\" \/><\/a><\/div>\n<p style=\"text-align: center;\">veremos que ha subido un poco y \u00a0ha llegado el momento de colocar los tomatitos lavados<\/p>\n<div class=\"separator\" style=\"clear: both; text-align: center;\"><a style=\"margin-left: 1em; margin-right: 1em;\" href=\"https:\/\/elcalaixetdelaiaia.es\/wp-content\/uploads\/2015\/01\/foccacciacontomatesche.jpg\"><img decoding=\"async\" loading=\"lazy\" class=\"\" src=\"https:\/\/elcalaixetdelaiaia.es\/wp-content\/uploads\/2015\/01\/foccacciacontomatesche.jpg\" width=\"593\" height=\"342\" border=\"0\" \/><\/a><\/div>\n<p style=\"text-align: center;\">cortamos la cebolla dulce, y ponemos el horno a calentar a 180\u00ba<\/p>\n<div class=\"separator\" style=\"clear: both; text-align: center;\"><a style=\"margin-left: 1em; margin-right: 1em;\" href=\"https:\/\/elcalaixetdelaiaia.es\/wp-content\/uploads\/2015\/01\/foccacciocontomatesch.jpg\"><img decoding=\"async\" loading=\"lazy\" class=\"\" src=\"https:\/\/elcalaixetdelaiaia.es\/wp-content\/uploads\/2015\/01\/foccacciocontomatesch.jpg\" width=\"600\" height=\"360\" border=\"0\" \/><\/a><\/div>\n<p style=\"text-align: center;\">y la incorporamos a la masa<\/p>\n<div class=\"separator\" style=\"clear: both; text-align: center;\"><a style=\"margin-left: 1em; margin-right: 1em;\" href=\"https:\/\/elcalaixetdelaiaia.es\/wp-content\/uploads\/2015\/01\/foccaccioacontomatesch.jpg\"><img decoding=\"async\" loading=\"lazy\" class=\"\" src=\"https:\/\/elcalaixetdelaiaia.es\/wp-content\/uploads\/2015\/01\/foccaccioacontomatesch.jpg\" width=\"606\" height=\"364\" border=\"0\" \/><\/a><\/div>\n<p style=\"text-align: center;\">un chorrito de aceite de oliva virgen<\/p>\n<div class=\"separator\" style=\"clear: both; text-align: center;\"><a style=\"margin-left: 1em; margin-right: 1em;\" href=\"https:\/\/elcalaixetdelaiaia.es\/wp-content\/uploads\/2015\/01\/foccacciacontomatesc.jpg\"><img decoding=\"async\" loading=\"lazy\" class=\"\" src=\"https:\/\/elcalaixetdelaiaia.es\/wp-content\/uploads\/2015\/01\/foccacciacontomatesc.jpg\" width=\"603\" height=\"362\" border=\"0\" \/><\/a><\/div>\n<p style=\"text-align: center;\">sal Mald\u00f3n sin pasarnos<\/p>\n<div class=\"separator\" style=\"clear: both; text-align: center;\"><a style=\"margin-left: 1em; margin-right: 1em;\" href=\"https:\/\/elcalaixetdelaiaia.es\/wp-content\/uploads\/2015\/01\/foccacciacontomate.jpg\"><img decoding=\"async\" loading=\"lazy\" class=\"\" src=\"https:\/\/elcalaixetdelaiaia.es\/wp-content\/uploads\/2015\/01\/foccacciacontomate.jpg\" width=\"602\" height=\"361\" border=\"0\" \/><\/a><\/div>\n<p style=\"text-align: center;\">molemos pimienta negra<\/p>\n<div class=\"separator\" style=\"clear: both; text-align: center;\"><a style=\"margin-left: 1em; margin-right: 1em;\" href=\"https:\/\/elcalaixetdelaiaia.es\/wp-content\/uploads\/2015\/01\/foccacciacontomates.jpg\"><img decoding=\"async\" loading=\"lazy\" class=\"\" src=\"https:\/\/elcalaixetdelaiaia.es\/wp-content\/uploads\/2015\/01\/foccacciacontomates.jpg\" width=\"600\" height=\"360\" border=\"0\" \/><\/a><\/div>\n<p style=\"text-align: center;\">y al horno con calor arriba y abajo a 180\u00ba durante unos 35 minutos en el m\u00edo. Cada horno necesita unos tiempos, nos ha de quedar ligeramente dorada.<\/p>\n<div class=\"separator\" style=\"clear: both; text-align: center;\"><a style=\"margin-left: 1em; margin-right: 1em;\" href=\"https:\/\/elcalaixetdelaiaia.es\/wp-content\/uploads\/2015\/01\/foocaccmodified.jpg\"><img decoding=\"async\" loading=\"lazy\" class=\"\" src=\"https:\/\/elcalaixetdelaiaia.es\/wp-content\/uploads\/2015\/01\/foocaccmodified.jpg\" width=\"606\" height=\"364\" border=\"0\" \/><\/a><\/div>\n<p style=\"text-align: center;\">Transcurrido \u00e9ste tiempo dejamos atemperar sobre la rejilla<\/p>\n<div class=\"separator\" style=\"clear: both; text-align: center;\"><a style=\"margin-left: 1em; margin-right: 1em;\" href=\"https:\/\/elcalaixetdelaiaia.es\/wp-content\/uploads\/2015\/01\/foocmodified.jpg\"><img decoding=\"async\" loading=\"lazy\" class=\"\" src=\"https:\/\/elcalaixetdelaiaia.es\/wp-content\/uploads\/2015\/01\/foocmodified.jpg\" width=\"603\" height=\"362\" border=\"0\" \/><\/a><\/div>\n<p style=\"text-align: center;\">y ya tenemos nuestra foccacia lista para deleitarnos con ella<\/p>\n<div class=\"separator\" style=\"clear: both; text-align: center;\"><a style=\"margin-left: 1em; margin-right: 1em;\" href=\"https:\/\/elcalaixetdelaiaia.es\/wp-content\/uploads\/2015\/01\/foocacmodified.jpg\"><img decoding=\"async\" loading=\"lazy\" class=\"\" src=\"https:\/\/elcalaixetdelaiaia.es\/wp-content\/uploads\/2015\/01\/foocacmodified.jpg\" width=\"607\" height=\"364\" border=\"0\" \/><\/a><\/div>\n<p>A nosotros nos gusta tibia, pero fr\u00eda tambi\u00e9n est\u00e1 muy rica. Si os sobra de un d\u00eda para otro, guardar en una bolsa de congelaci\u00f3n para que no se reseque demasiado.<\/p>\n<div class=\"separator\" style=\"clear: both; text-align: center;\"><a style=\"margin-left: 1em; margin-right: 1em;\" href=\"https:\/\/elcalaixetdelaiaia.es\/wp-content\/uploads\/2015\/01\/foocacciaconmodified.jpg\"><img decoding=\"async\" loading=\"lazy\" class=\"\" src=\"https:\/\/elcalaixetdelaiaia.es\/wp-content\/uploads\/2015\/01\/foocacciaconmodified.jpg\" width=\"594\" height=\"356\" border=\"0\" \/><\/a><\/div>\n<p style=\"text-align: center;\">aqu\u00ed pod\u00e9is ver el corte, crujiente por fuera, pero esponjosa y tierna por dentro, pod\u00e9\u00eds variar los ingredientes unas veces hacerla con unos y a la siguiente, con otros,<\/p>\n<div class=\"separator\" style=\"clear: both; text-align: center;\"><a style=\"margin-left: 1em; margin-right: 1em;\" href=\"https:\/\/elcalaixetdelaiaia.es\/wp-content\/uploads\/2015\/01\/fooccaciacomodified.jpg\"><img decoding=\"async\" loading=\"lazy\" class=\"\" src=\"https:\/\/elcalaixetdelaiaia.es\/wp-content\/uploads\/2015\/01\/fooccaciacomodified.jpg\" width=\"603\" height=\"362\" border=\"0\" \/><\/a><\/div>\n<div class=\"separator\" style=\"clear: both; text-align: center;\"><\/div>\n<div class=\"separator\" style=\"clear: both; text-align: center;\">deliciosa sola, con queso, jam\u00f3n o unas lonchitas de salm\u00f3n ahumado como se comer\u00e1 mi marido, de cualquier manera&#8230;\u00bba la taula i&#8230;BON PROFIT!!!<\/div>\n<p>Si te gusta \u00e9sta receta, puedes compartir, y si quieres comentar, estar\u00e9 encantada de responderte y recuerda que tambi\u00e9n estoy en Facebook <a href=\"https:\/\/www.facebook.com\/El-calaixet-de-la-iaia-533062140099386\/\">https:\/\/www.facebook.com\/El-calaixet-de-la-iaia-533062140099386\/<\/a><\/p>\n<p>Graciaaaaas&#8230;.<\/p>\n<\/div>\n<\/div>\n<\/div>\n","protected":false},"excerpt":{"rendered":"<p>\u00abRefrany;Bon pa farem si la farina \u00e9s bona\u00bb.\u00a0 Buen pan haremos, si la harina es buena. Focaccia o fogassa como decimos en valenciano, focaccia proviene de la frase romana \u00abpanis focacius\u00bb que significa un bollo de pan cocinado con fuego, la masa\u00a0\u00a0de la focaccia es similar en estilo a la &hellip; <\/p>\n","protected":false},"author":2,"featured_media":9790,"comment_status":"open","ping_status":"open","sticky":false,"template":"","format":"standard","meta":[],"categories":[131,1],"tags":[],"_links":{"self":[{"href":"https:\/\/elcalaixetdelaiaia.es\/index.php?rest_route=\/wp\/v2\/posts\/803"}],"collection":[{"href":"https:\/\/elcalaixetdelaiaia.es\/index.php?rest_route=\/wp\/v2\/posts"}],"about":[{"href":"https:\/\/elcalaixetdelaiaia.es\/index.php?rest_route=\/wp\/v2\/types\/post"}],"author":[{"embeddable":true,"href":"https:\/\/elcalaixetdelaiaia.es\/index.php?rest_route=\/wp\/v2\/users\/2"}],"replies":[{"embeddable":true,"href":"https:\/\/elcalaixetdelaiaia.es\/index.php?rest_route=%2Fwp%2Fv2%2Fcomments&post=803"}],"version-history":[{"count":11,"href":"https:\/\/elcalaixetdelaiaia.es\/index.php?rest_route=\/wp\/v2\/posts\/803\/revisions"}],"predecessor-version":[{"id":27531,"href":"https:\/\/elcalaixetdelaiaia.es\/index.php?rest_route=\/wp\/v2\/posts\/803\/revisions\/27531"}],"wp:featuredmedia":[{"embeddable":true,"href":"https:\/\/elcalaixetdelaiaia.es\/index.php?rest_route=\/wp\/v2\/media\/9790"}],"wp:attachment":[{"href":"https:\/\/elcalaixetdelaiaia.es\/index.php?rest_route=%2Fwp%2Fv2%2Fmedia&parent=803"}],"wp:term":[{"taxonomy":"category","embeddable":true,"href":"https:\/\/elcalaixetdelaiaia.es\/index.php?rest_route=%2Fwp%2Fv2%2Fcategories&post=803"},{"taxonomy":"post_tag","embeddable":true,"href":"https:\/\/elcalaixetdelaiaia.es\/index.php?rest_route=%2Fwp%2Fv2%2Ftags&post=803"}],"curies":[{"name":"wp","href":"https:\/\/api.w.org\/{rel}","templated":true}]}}