{"id":798,"date":"2015-01-21T10:32:00","date_gmt":"2015-01-21T10:32:00","guid":{"rendered":"http:\/\/elcalaixetdelaiaia.es\/alubias-con-langostinos-y-almejas-paso"},"modified":"2026-02-28T20:15:26","modified_gmt":"2026-02-28T20:15:26","slug":"alubias-con-langostinos-y-almejas-paso","status":"publish","type":"post","link":"https:\/\/elcalaixetdelaiaia.es\/?p=798","title":{"rendered":"Alubias con langostinos y almejas paso a paso"},"content":{"rendered":"<p>\u00abRefrany; Fesol sense canya no creix\u00bb\u00a0 \u00a0Alubia sin ca\u00f1a, no crece.<\/p>\n<div>Como ya hace fresquito, ayer pens\u00e9 para hoy una comida contundente, que est\u00e1 riqu\u00edsima,<\/div>\n<div><\/div>\n<div>\n<div class=\"separator\" style=\"clear: both; text-align: center;\"><a style=\"margin-left: 1em; margin-right: 1em;\" href=\"http:\/\/3.bp.blogspot.com\/-9WpR6mfq0EY\/Ut63SyR9qcI\/AAAAAAAAEis\/OkapEj8MXIU\/s1600\/SAM_3948.JPG\"><img decoding=\"async\" loading=\"lazy\" src=\"https:\/\/elcalaixetdelaiaia.es\/wp-content\/uploads\/2015\/01\/SAM_3948.jpg\" width=\"640\" height=\"480\" border=\"0\" \/><\/a><\/div>\n<p>Alubias con almejas y langostinos pero eso si&#8230; requiere sus dos horas y media de cocci\u00f3n.<br \/>\nPod\u00e9is realizarlo en muy poco tiempo si us\u00e1is las alubias cocidas, aunque yo os aconsejo que no las us\u00e9is porque el sabor no tienen nada que ver y para ello tendr\u00e9is que enjuagarlas muy bien con el fin de eliminar el sabor a conserva. Prefiero hacerlas a la manera tradicional cuando dispongo del tiempo necesario, o lo hago por la noche para el d\u00eda siguiente, tampoco cuesta tanto, solo es cuesti\u00f3n de planificar, y nada como la cocina \u00abal chup chup\u00bb que dec\u00eda mi mami, pero de lo contrario, cuando no disponemos del tiempo necesario la olla expr\u00e9s y la r\u00e1pida acortar\u00e1 much\u00edsimo el tiempo de cocci\u00f3n y no hay nada mas sano que la cocina casera.<\/p>\n<p>Para cuatro comensales necesitaremos;<\/p>\n<div class=\"separator\" style=\"clear: both; text-align: center;\"><a style=\"margin-left: 1em; margin-right: 1em;\" href=\"http:\/\/3.bp.blogspot.com\/-ECnHAyvIHoY\/Ut62608QzMI\/AAAAAAAAEgQ\/Gk8wohiF4FI\/s1600\/SAM_3919+-+copia.JPG\"><img decoding=\"async\" loading=\"lazy\" src=\"https:\/\/elcalaixetdelaiaia.es\/wp-content\/uploads\/2015\/01\/SAM_3919-copia.jpg\" width=\"640\" height=\"480\" border=\"0\" \/><\/a><\/div>\n<ol>\n<li>400 g de alubias blancas<\/li>\n<li>Dos cebollas<\/li>\n<li>Ocho langostinos crudos<\/li>\n<li>Medio k. de almejas<\/li>\n<li>Perejil<\/li>\n<li>Dos dientes de ajo<\/li>\n<li>Un litro de caldo de pescado<\/li>\n<li>Medio vaso de vino blanco<\/li>\n<li>Dos hojas de laurel<\/li>\n<li>Aceite de oliva<\/li>\n<li>Una cucharada sopera de harina<\/li>\n<li>Azafr\u00e1n<\/li>\n<li>Sal<\/li>\n<\/ol>\n<div class=\"separator\" style=\"clear: both; text-align: center;\"><a style=\"margin-left: 1em; margin-right: 1em;\" href=\"http:\/\/2.bp.blogspot.com\/-dDyJn_8l89Q\/Ut627NNHirI\/AAAAAAAAEgU\/Pd4Z2uD0O0Q\/s1600\/SAM_3918+-+copia.JPG\"><img decoding=\"async\" loading=\"lazy\" src=\"https:\/\/elcalaixetdelaiaia.es\/wp-content\/uploads\/2015\/01\/SAM_3918-copia.jpg\" width=\"640\" height=\"482\" border=\"0\" \/><\/a><\/div>\n<p style=\"text-align: center;\">Como siempre que cocinamos legumbres, hay que acordarse el d\u00eda antes de ponerlas a remojo en agua fr\u00eda, con suficiente cantidad pues absorben mucha agua, ya que se hinchan bastante.<\/p>\n<div class=\"separator\" style=\"clear: both; text-align: center;\"><a style=\"margin-left: 1em; margin-right: 1em;\" href=\"http:\/\/4.bp.blogspot.com\/-M6TDGHAX3u4\/Ut63CbMBGAI\/AAAAAAAAEhA\/_ZF0P5wHqFY\/s1600\/SAM_3934+-+copia.JPG\"><img decoding=\"async\" loading=\"lazy\" src=\"https:\/\/elcalaixetdelaiaia.es\/wp-content\/uploads\/2015\/01\/SAM_3934-copia.jpg\" width=\"640\" height=\"480\" border=\"0\" \/><\/a><\/div>\n<div>\n<p style=\"text-align: center;\">como podemos ver en la imagen<\/p>\n<div class=\"separator\" style=\"clear: both; text-align: center;\"><a style=\"margin-left: 1em; margin-right: 1em;\" href=\"http:\/\/2.bp.blogspot.com\/-Bb8gQZAwBmE\/Ut626tG7kVI\/AAAAAAAAEgM\/Dvgj5ov8DUk\/s1600\/SAM_3920+-+copia.JPG\"><img decoding=\"async\" loading=\"lazy\" src=\"https:\/\/elcalaixetdelaiaia.es\/wp-content\/uploads\/2015\/01\/SAM_3920-copia.jpg\" width=\"640\" height=\"418\" border=\"0\" \/><\/a><\/div>\n<div style=\"text-align: center;\"><\/div>\n<div style=\"text-align: center;\">Cuando empecemos a prepararlas, aprovechamos el agua del remojo,las ponemos en una cazuela<\/div>\n<div style=\"text-align: center;\"><\/div>\n<div class=\"separator\" style=\"clear: both; text-align: center;\"><a style=\"margin-left: 1em; margin-right: 1em;\" href=\"http:\/\/1.bp.blogspot.com\/-F0NVzmmyoco\/Ut629mGnYfI\/AAAAAAAAEgc\/-7FzHY5na0E\/s1600\/SAM_3921+-+copia.JPG\"><img decoding=\"async\" loading=\"lazy\" src=\"https:\/\/elcalaixetdelaiaia.es\/wp-content\/uploads\/2015\/01\/SAM_3921-copia.jpg\" width=\"640\" height=\"480\" border=\"0\" \/><\/a><\/div>\n<div style=\"text-align: center;\"><\/div>\n<div style=\"text-align: center;\">y las cubrimos con el caldo de pescado, dos hojitas de laurel enjuagadas, un chorrito de aceite de oliva<\/div>\n<div style=\"text-align: center;\"><\/div>\n<div class=\"separator\" style=\"clear: both; text-align: center;\"><a style=\"margin-left: 1em; margin-right: 1em;\" href=\"http:\/\/2.bp.blogspot.com\/-ELeJjZ9xU9I\/Ut62_Ti8o1I\/AAAAAAAAEgs\/GW8oLt8sMzU\/s1600\/SAM_3923.JPG\"><img decoding=\"async\" loading=\"lazy\" src=\"https:\/\/elcalaixetdelaiaia.es\/wp-content\/uploads\/2015\/01\/SAM_3923.jpg\" width=\"640\" height=\"480\" border=\"0\" \/><\/a><\/div>\n<div class=\"separator\" style=\"clear: both; text-align: center;\"><\/div>\n<div style=\"text-align: center;\">y una de las cebollas rallada<\/div>\n<div style=\"text-align: center;\"><\/div>\n<div class=\"separator\" style=\"clear: both; text-align: center;\"><a style=\"margin-left: 1em; margin-right: 1em;\" href=\"http:\/\/1.bp.blogspot.com\/-fDJEFzOZQps\/Ut63AcjoSGI\/AAAAAAAAEg0\/aAKU3g664uM\/s1600\/SAM_3924+-+copia.JPG\"><img decoding=\"async\" loading=\"lazy\" src=\"https:\/\/elcalaixetdelaiaia.es\/wp-content\/uploads\/2015\/01\/SAM_3924-copia.jpg\" width=\"640\" height=\"482\" border=\"0\" \/><\/a><\/div>\n<div style=\"text-align: center;\"><\/div>\n<div style=\"text-align: center;\">y dejamos que hierva, cuando empiece la ebullici\u00f3n a\u00f1adimos un poco de caldo fr\u00edo. Tapamos y dejamos a fuego m\u00ednimo, unas dos horas. De vez en cuando levantamos la tapa y ponemos un poquito de caldo fr\u00edo, seg\u00fan mi iaia, hay que asustarlas hasta tres veces.<\/div>\n<div style=\"text-align: center;\">\u00c9sto se hace para interrumpir la cocci\u00f3n y as\u00ed evitar que se cristalice el almid\u00f3n que tienen las alubias, con \u00e9ste truco conseguimos que no se encallen y \u00a0no nos salgan duras.<\/div>\n<div style=\"text-align: center;\"><\/div>\n<div class=\"separator\" style=\"clear: both; text-align: center;\"><a style=\"margin-left: 1em; margin-right: 1em;\" href=\"http:\/\/4.bp.blogspot.com\/-jY_N3hqVI_I\/Ut63C0HS_SI\/AAAAAAAAEhI\/PvpQ-6ZWEPM\/s1600\/SAM_3935+-+copia.JPG\"><img decoding=\"async\" loading=\"lazy\" src=\"https:\/\/elcalaixetdelaiaia.es\/wp-content\/uploads\/2015\/01\/SAM_3935-copia.jpg\" width=\"640\" height=\"480\" border=\"0\" \/><\/a><\/div>\n<div style=\"text-align: center;\"><\/div>\n<div style=\"text-align: center;\">Ahora majamos en el mortero el perejil, poniendo antes unos granitos de sal para que no resbale, y los dientes de ajo. Suelo quitarle el nervio central, para que no repitan luego, y reservamos<\/div>\n<div style=\"text-align: center;\"><\/div>\n<div class=\"separator\" style=\"clear: both; text-align: center;\"><a style=\"margin-left: 1em; margin-right: 1em;\" href=\"http:\/\/3.bp.blogspot.com\/-UTx6VcDV2t8\/Ut63DtU6fSI\/AAAAAAAAEhM\/saGoXyNMosk\/s1600\/SAM_3936+-+copia.JPG\"><img decoding=\"async\" loading=\"lazy\" src=\"https:\/\/elcalaixetdelaiaia.es\/wp-content\/uploads\/2015\/01\/SAM_3936-copia.jpg\" width=\"640\" height=\"480\" border=\"0\" \/><\/a><\/div>\n<div class=\"separator\" style=\"clear: both; text-align: center;\"><\/div>\n<div style=\"text-align: center;\">ponemos en la sart\u00e9n los langostinos, despu\u00e9s de limpiarlos y abrirlos y eliminarles la tripa, (el hilillo negro que tienen en el limo y que son los intestinos) y con el fin de pelarlos a la hora de comer, con toda facilidad.<\/div>\n<div style=\"text-align: center;\"><\/div>\n<div class=\"separator\" style=\"clear: both; text-align: center;\"><a style=\"margin-left: 1em; margin-right: 1em;\" href=\"http:\/\/1.bp.blogspot.com\/-NmGg-REoRAs\/Ut63HKE3thI\/AAAAAAAAEhk\/ytuBTceGCMA\/s1600\/SAM_3939+-+copia.JPG\"><img decoding=\"async\" loading=\"lazy\" src=\"https:\/\/elcalaixetdelaiaia.es\/wp-content\/uploads\/2015\/01\/SAM_3939-copia.jpg\" width=\"640\" height=\"480\" border=\"0\" \/><\/a><\/div>\n<div style=\"text-align: center;\"><\/div>\n<div style=\"text-align: center;\">\u00a0Los fre\u00edmos y reservamos.<\/div>\n<div style=\"text-align: center;\"><\/div>\n<div class=\"separator\" style=\"clear: both; text-align: center;\"><a style=\"margin-left: 1em; margin-right: 1em;\" href=\"http:\/\/4.bp.blogspot.com\/-9FwonXdepaU\/Ut63GJpXXTI\/AAAAAAAAEhU\/z1AsaVHvJVo\/s1600\/SAM_3937+-+copia.JPG\"><img decoding=\"async\" loading=\"lazy\" src=\"https:\/\/elcalaixetdelaiaia.es\/wp-content\/uploads\/2015\/01\/SAM_3937-copia.jpg\" width=\"640\" height=\"480\" border=\"0\" \/><\/a><\/div>\n<div class=\"separator\" style=\"clear: both; text-align: center;\"><\/div>\n<div class=\"separator\" style=\"clear: both; text-align: center;\">en la misma sart\u00e9n pondremos a pochar la otra cebolla rallada<\/div>\n<div class=\"separator\" style=\"clear: both; text-align: center;\"><\/div>\n<div class=\"separator\" style=\"clear: both; text-align: center;\"><a style=\"margin-left: 1em; margin-right: 1em;\" href=\"http:\/\/1.bp.blogspot.com\/-878xSL-dKSA\/Ut73ZFfx4vI\/AAAAAAAAEjY\/lLTPiKB_WTI\/s1600\/SAM_3933.JPG\"><img decoding=\"async\" loading=\"lazy\" src=\"https:\/\/elcalaixetdelaiaia.es\/wp-content\/uploads\/2015\/01\/SAM_3933.jpg\" width=\"640\" height=\"480\" border=\"0\" \/><\/a><\/div>\n<div class=\"separator\" style=\"clear: both; text-align: center;\"><\/div>\n<div class=\"separator\" style=\"clear: both; text-align: center;\">mientras pochamos la cebolla, limpiamos las almejas con alguno de \u00e9stos trucos;<\/div>\n<div class=\"separator\" style=\"clear: both; text-align: center;\"><a href=\"https:\/\/elcalaixetdelaiaia.es\/limpiar-de-arena-las-almejas\">https:\/\/elcalaixetdelaiaia.es\/limpiar-de-arena-las-almejas<\/a><\/div>\n<div class=\"separator\" style=\"clear: both; text-align: center;\"><\/div>\n<div class=\"separator\" style=\"clear: both; text-align: center;\"><a style=\"margin-left: 1em; margin-right: 1em;\" href=\"http:\/\/3.bp.blogspot.com\/-IBz3TvXEPXw\/Ut63Gx7Ny3I\/AAAAAAAAEhg\/OAO6O7aNcuY\/s1600\/SAM_3938+-+copia.JPG\"><img decoding=\"async\" loading=\"lazy\" src=\"https:\/\/elcalaixetdelaiaia.es\/wp-content\/uploads\/2015\/01\/SAM_3938-copia.jpg\" width=\"640\" height=\"480\" border=\"0\" \/><\/a><\/div>\n<div class=\"separator\" style=\"clear: both; text-align: center;\"><\/div>\n<div class=\"separator\" style=\"clear: both; text-align: center;\">una vez pochada la cebolla, a\u00f1adimos el majado del mortero y damos una vuelta<\/div>\n<div class=\"separator\" style=\"clear: both; text-align: center;\"><\/div>\n<div class=\"separator\" style=\"clear: both; text-align: center;\"><a style=\"margin-left: 1em; margin-right: 1em;\" href=\"http:\/\/4.bp.blogspot.com\/--tRzOsC9afk\/Ut63IyljaOI\/AAAAAAAAEhs\/ST6xEig7qsY\/s1600\/SAM_3940+-+copia.JPG\"><img decoding=\"async\" loading=\"lazy\" src=\"https:\/\/elcalaixetdelaiaia.es\/wp-content\/uploads\/2015\/01\/SAM_3940-copia.jpg\" width=\"640\" height=\"480\" border=\"0\" \/><\/a><\/div>\n<div class=\"separator\" style=\"clear: both; text-align: center;\"><\/div>\n<div class=\"separator\" style=\"clear: both; text-align: center;\">incorporamos la harina y doramos para eliminar el sabor a harina cruda<\/div>\n<div class=\"separator\" style=\"clear: both; text-align: center;\"><\/div>\n<div class=\"separator\" style=\"clear: both; text-align: center;\"><a style=\"margin-left: 1em; margin-right: 1em;\" href=\"http:\/\/2.bp.blogspot.com\/-mhHFFH4KwYU\/Ut63Kx9t-SI\/AAAAAAAAEh0\/nvA2yg98lAM\/s1600\/SAM_3941+-+copia.JPG\"><img decoding=\"async\" loading=\"lazy\" src=\"https:\/\/elcalaixetdelaiaia.es\/wp-content\/uploads\/2015\/01\/SAM_3941-copia.jpg\" width=\"640\" height=\"480\" border=\"0\" \/><\/a><\/div>\n<div class=\"separator\" style=\"clear: both; text-align: center;\"><\/div>\n<div class=\"separator\" style=\"clear: both; text-align: center;\">echamos el vino blanco, aproximadamente medio vaso<\/div>\n<div class=\"separator\" style=\"clear: both; text-align: center;\"><\/div>\n<div class=\"separator\" style=\"clear: both; text-align: center;\"><a style=\"margin-left: 1em; margin-right: 1em;\" href=\"http:\/\/1.bp.blogspot.com\/-XA6MyK2VUjg\/Ut63L6zyGEI\/AAAAAAAAEh8\/RJq0noRSKLE\/s1600\/SAM_3942+-+copia.JPG\"><img decoding=\"async\" loading=\"lazy\" src=\"https:\/\/elcalaixetdelaiaia.es\/wp-content\/uploads\/2015\/01\/SAM_3942-copia.jpg\" width=\"640\" height=\"480\" border=\"0\" \/><\/a><\/div>\n<div class=\"separator\" style=\"clear: both; text-align: center;\"><\/div>\n<div class=\"separator\" style=\"clear: both; text-align: center;\">y acto seguido, unas hebras de azafr\u00e1n previamente tostado. En \u00e9sta ocasi\u00f3n no ten\u00eda azafr\u00e1n as\u00ed que utilic\u00e9 el preparado de paella que era lo mas similar,ya que como ingrediente lleva azafr\u00e1n, pero no si no ten\u00e9is no le pong\u00e1is colorante.<\/div>\n<div class=\"separator\" style=\"clear: both; text-align: center;\"><\/div>\n<div class=\"separator\" style=\"clear: both; text-align: center;\"><a style=\"margin-left: 1em; margin-right: 1em;\" href=\"http:\/\/1.bp.blogspot.com\/-MWB0HYzqANA\/Ut63NFI6AgI\/AAAAAAAAEiE\/pjfKA5UtUXc\/s1600\/SAM_3943.JPG\"><img decoding=\"async\" loading=\"lazy\" src=\"https:\/\/elcalaixetdelaiaia.es\/wp-content\/uploads\/2015\/01\/SAM_3943.jpg\" width=\"640\" height=\"480\" border=\"0\" \/><\/a><\/div>\n<div class=\"separator\" style=\"clear: both; text-align: center;\"><\/div>\n<div class=\"separator\" style=\"clear: both; text-align: center;\">ahora llega el turno de las almejas<\/div>\n<div class=\"separator\" style=\"clear: both; text-align: center;\"><\/div>\n<div class=\"separator\" style=\"clear: both; text-align: center;\"><a style=\"margin-left: 1em; margin-right: 1em;\" href=\"http:\/\/2.bp.blogspot.com\/-BohTGSIa1Ow\/Ut63PM2E7yI\/AAAAAAAAEiQ\/QCOARrLtE3E\/s1600\/SAM_3944.JPG\"><img decoding=\"async\" loading=\"lazy\" src=\"https:\/\/elcalaixetdelaiaia.es\/wp-content\/uploads\/2015\/01\/SAM_3944.jpg\" width=\"640\" height=\"480\" border=\"0\" \/><\/a><\/div>\n<div class=\"separator\" style=\"clear: both; text-align: center;\"><\/div>\n<div class=\"separator\" style=\"clear: both; text-align: center;\">tapamos para que se abran con el vapor, si alguna no lo hace y permanece cerrarla, hay que desecharla<\/div>\n<div class=\"separator\" style=\"clear: both; text-align: center;\"><\/div>\n<div class=\"separator\" style=\"clear: both; text-align: center;\"><a style=\"margin-left: 1em; margin-right: 1em;\" href=\"http:\/\/4.bp.blogspot.com\/-KnQKdmnA1jU\/Ut63PfyJ44I\/AAAAAAAAEiU\/jKqRsdkDjso\/s1600\/SAM_3945.JPG\"><img decoding=\"async\" loading=\"lazy\" src=\"https:\/\/elcalaixetdelaiaia.es\/wp-content\/uploads\/2015\/01\/SAM_3945.jpg\" width=\"640\" height=\"480\" border=\"0\" \/><\/a><\/div>\n<div class=\"separator\" style=\"clear: both; text-align: center;\"><\/div>\n<div class=\"separator\" style=\"clear: both; text-align: center;\">en cuanto se abran, incorporamos a la cazuela junto a las alubias que ya estar\u00e1n cocidas<\/div>\n<div class=\"separator\" style=\"clear: both; text-align: center;\"><\/div>\n<div class=\"separator\" style=\"clear: both; text-align: center;\"><a style=\"margin-left: 1em; margin-right: 1em;\" href=\"http:\/\/1.bp.blogspot.com\/--GWz2kVSPK0\/Ut63Qs2em2I\/AAAAAAAAEic\/1VAEuPAeYvw\/s1600\/SAM_3946.JPG\"><img decoding=\"async\" loading=\"lazy\" src=\"https:\/\/elcalaixetdelaiaia.es\/wp-content\/uploads\/2015\/01\/SAM_3946.jpg\" width=\"640\" height=\"480\" border=\"0\" \/><\/a><\/div>\n<div class=\"separator\" style=\"clear: both; text-align: center;\"><\/div>\n<div class=\"separator\" style=\"clear: both; text-align: center;\">incorporamos a la cazuela los langostinos, rectificamos de sal, tapamos y dejamos unos quince minutos mas,<\/div>\n<div class=\"separator\" style=\"clear: both; text-align: center;\"><\/div>\n<div class=\"separator\" style=\"clear: both; text-align: center;\"><a style=\"margin-left: 1em; margin-right: 1em;\" href=\"http:\/\/3.bp.blogspot.com\/-9WpR6mfq0EY\/Ut63SyR9qcI\/AAAAAAAAEis\/OkapEj8MXIU\/s1600\/SAM_3948.JPG\"><img decoding=\"async\" loading=\"lazy\" src=\"https:\/\/elcalaixetdelaiaia.es\/wp-content\/uploads\/2015\/01\/SAM_3948.jpg\" width=\"640\" height=\"480\" border=\"0\" \/><\/a><\/div>\n<div class=\"separator\" style=\"clear: both; text-align: center;\"><\/div>\n<div class=\"separator\" style=\"clear: both; text-align: center;\">emplatamos y ponemos perejil reci\u00e9n cortado<\/div>\n<div class=\"separator\" style=\"clear: both; text-align: center;\"><a style=\"margin-left: 1em; margin-right: 1em;\" href=\"http:\/\/3.bp.blogspot.com\/-pNxIlghJ_oU\/Ut63WouhPEI\/AAAAAAAAEjE\/F6COPy1sooQ\/s1600\/SAM_3950.JPG\"><img decoding=\"async\" loading=\"lazy\" class=\"aligncenter\" src=\"https:\/\/elcalaixetdelaiaia.es\/wp-content\/uploads\/2015\/01\/SAM_3950.jpg\" width=\"640\" height=\"480\" border=\"0\" \/><\/a><\/div>\n<div class=\"separator\" style=\"clear: both; text-align: center;\">servimos MUY CALIENTE<\/div>\n<div class=\"separator\" style=\"clear: both; text-align: center;\"><a style=\"margin-left: 1em; margin-right: 1em;\" href=\"http:\/\/3.bp.blogspot.com\/-JZXpniwuUjQ\/Ut63XchFE5I\/AAAAAAAAEjM\/ZbxRe6tLj1o\/s1600\/SAM_3953+modified.jpg\"><img decoding=\"async\" loading=\"lazy\" class=\"aligncenter\" src=\"https:\/\/elcalaixetdelaiaia.es\/wp-content\/uploads\/2015\/01\/SAM_3953-modified.jpg\" width=\"640\" height=\"480\" border=\"0\" \/><\/a><\/div>\n<div class=\"separator\" style=\"clear: both;\">\u00aba la taula&#8230; i BON PROFIT!!!\u00bb<\/div>\n<div>Si te gusta mi receta, puedes compartirla para que llegue a m\u00e1s gente.<\/div>\n<div>Espero tus comentarios, que para mi son MUY importantes y prometo contestar lo antes posible. Gracias por tu visita.<br \/>\nY recuerda que tambi\u00e9n estoy en Facebook\u00a0<a href=\"https:\/\/www.facebook.com\/El-calaixet-de-la-iaia-533062140099386\/\">https:\/\/www.facebook.com\/El-calaixet-de-la-iaia-533062140099386\/<\/a><\/div>\n<\/div>\n<\/div>\n<div><\/div>\n<div>Edito esta entrada el 1\/11\/2019<\/div>\n<div><\/div>\n<div><img decoding=\"async\" loading=\"lazy\" class=\"alignnone size-large wp-image-19677\" src=\"https:\/\/elcalaixetdelaiaia.es\/wp-content\/uploads\/2015\/01\/IMG_20191101_162324-921x1024.jpg\" alt=\"\" width=\"750\" height=\"834\" srcset=\"https:\/\/elcalaixetdelaiaia.es\/wp-content\/uploads\/2015\/01\/IMG_20191101_162324-921x1024.jpg 921w, https:\/\/elcalaixetdelaiaia.es\/wp-content\/uploads\/2015\/01\/IMG_20191101_162324-270x300.jpg 270w, https:\/\/elcalaixetdelaiaia.es\/wp-content\/uploads\/2015\/01\/IMG_20191101_162324-768x854.jpg 768w, https:\/\/elcalaixetdelaiaia.es\/wp-content\/uploads\/2015\/01\/IMG_20191101_162324.jpg 1200w\" sizes=\"(max-width: 750px) 100vw, 750px\" \/><\/div>\n<div>\n<div data-contents=\"true\">\n<div class=\"\" data-block=\"true\" data-editor=\"fvodd\" data-offset-key=\"1hjcd-0-0\">\n<div class=\"_1mf _1mj\" data-offset-key=\"1hjcd-0-0\"><span data-offset-key=\"1hjcd-0-0\">Cuando alguno de mis seguidores me dec\u00eds que vais a hacer o hac\u00e9is una receta m\u00eda, es una gran alegr\u00eda, pero si encima me mand\u00e1is foto de la misma ya&#8230;.imaginaros, aunque la de hoy tiene un poco de trampa <\/span><span class=\"_3gl1 _5zz4\" data-offset-key=\"1hjcd-1-0\"><span class=\"_ncl\"><span data-offset-key=\"1hjcd-1-0\">?<\/span><\/span><\/span><span data-offset-key=\"1hjcd-2-0\"> ya que quien se ha fijado de m\u00ed, es mi querida prima Amparo Dco y claroooo \u00bfc\u00f3mo no va a confiar en m\u00ed? C\u00f3mo pod\u00e9is ver en la foto tiene una pinta E S P E C T A C U L A R. Gr\u00e0cies teta <\/span><span class=\"_3gl1 _5zz4\" data-offset-key=\"1hjcd-3-0\"><span class=\"_ncl\"><span data-offset-key=\"1hjcd-3-0\">?<\/span><\/span><\/span><span class=\"_3gl1 _5zz4\" data-offset-key=\"1hjcd-4-0\"><span class=\"_ncl\"><span data-offset-key=\"1hjcd-4-0\">?<\/span><\/span><\/span><\/div>\n<\/div>\n<\/div>\n<\/div>\n","protected":false},"excerpt":{"rendered":"<p>\u00abRefrany; Fesol sense canya no creix\u00bb\u00a0 \u00a0Alubia sin ca\u00f1a, no crece. Como ya hace fresquito, ayer pens\u00e9 para hoy una comida contundente, que est\u00e1 riqu\u00edsima, Alubias con almejas y langostinos pero eso si&#8230; requiere sus dos horas y media de cocci\u00f3n. Pod\u00e9is realizarlo en muy poco tiempo si us\u00e1is las &hellip; <\/p>\n","protected":false},"author":2,"featured_media":9748,"comment_status":"open","ping_status":"open","sticky":false,"template":"","format":"standard","meta":[],"categories":[34,37,1],"tags":[],"_links":{"self":[{"href":"https:\/\/elcalaixetdelaiaia.es\/index.php?rest_route=\/wp\/v2\/posts\/798"}],"collection":[{"href":"https:\/\/elcalaixetdelaiaia.es\/index.php?rest_route=\/wp\/v2\/posts"}],"about":[{"href":"https:\/\/elcalaixetdelaiaia.es\/index.php?rest_route=\/wp\/v2\/types\/post"}],"author":[{"embeddable":true,"href":"https:\/\/elcalaixetdelaiaia.es\/index.php?rest_route=\/wp\/v2\/users\/2"}],"replies":[{"embeddable":true,"href":"https:\/\/elcalaixetdelaiaia.es\/index.php?rest_route=%2Fwp%2Fv2%2Fcomments&post=798"}],"version-history":[{"count":11,"href":"https:\/\/elcalaixetdelaiaia.es\/index.php?rest_route=\/wp\/v2\/posts\/798\/revisions"}],"predecessor-version":[{"id":29072,"href":"https:\/\/elcalaixetdelaiaia.es\/index.php?rest_route=\/wp\/v2\/posts\/798\/revisions\/29072"}],"wp:featuredmedia":[{"embeddable":true,"href":"https:\/\/elcalaixetdelaiaia.es\/index.php?rest_route=\/wp\/v2\/media\/9748"}],"wp:attachment":[{"href":"https:\/\/elcalaixetdelaiaia.es\/index.php?rest_route=%2Fwp%2Fv2%2Fmedia&parent=798"}],"wp:term":[{"taxonomy":"category","embeddable":true,"href":"https:\/\/elcalaixetdelaiaia.es\/index.php?rest_route=%2Fwp%2Fv2%2Fcategories&post=798"},{"taxonomy":"post_tag","embeddable":true,"href":"https:\/\/elcalaixetdelaiaia.es\/index.php?rest_route=%2Fwp%2Fv2%2Ftags&post=798"}],"curies":[{"name":"wp","href":"https:\/\/api.w.org\/{rel}","templated":true}]}}