{"id":797,"date":"2015-01-22T15:10:00","date_gmt":"2015-01-22T15:10:00","guid":{"rendered":"http:\/\/elcalaixetdelaiaia.es\/patatas-gratinadas-con-queso-y-bacon-o"},"modified":"2020-05-19T20:08:30","modified_gmt":"2020-05-19T20:08:30","slug":"patatas-gratinadas-con-queso-y-bacon-o","status":"publish","type":"post","link":"https:\/\/elcalaixetdelaiaia.es\/?p=797","title":{"rendered":"Tartiflette Patatas gratinadas con queso y bacon paso a paso foto a foto"},"content":{"rendered":"<p>\u00abRefrany; Si bon formatge vols fer, fes-lo pel mes de gener\u00bb Si buen queso quiere hacer, hazlo por el mes de enero.<\/p>\n<p>Hoy traigo una receta francesa que aprend\u00ed a cocinar (como muchas otras), de la t\u00eda Yustin, aunque ella prefiere que la llamen C\u00f3co, y as\u00ed lo hacen l@s ni\u00f1os enferm@s del hospital junto a su casa en Par\u00eds, a los que va a contar cuentos e incluso jugar con ell@s con 84 a\u00f1os.<\/p>\n<div>\n<div class=\"separator\" style=\"clear: both; text-align: center;\"><a style=\"margin-left: 1em; margin-right: 1em;\" href=\"http:\/\/3.bp.blogspot.com\/-LITbVrg3-fc\/VMGJAdqREZI\/AAAAAAAAQ3g\/U47-zAAMUfI\/s1600\/aaaaaaa.jpg\"><img decoding=\"async\" loading=\"lazy\" src=\"https:\/\/elcalaixetdelaiaia.es\/wp-content\/uploads\/2015\/01\/aaaaaaa.jpg\" width=\"640\" height=\"384\" border=\"0\" \/><\/a><\/div>\n<div><\/div>\n<div>Que recuerdos mas agradables los tiempos pasados con ella, fueron unos a\u00f1os maravillosos. Cuantos paseos por la Pobla, por la playa&#8230;.<br \/>\nA\u00fan mi nieta cuando pasa un avi\u00f3n grande, dice mirando al cielo, adi\u00f3s C\u00f3co.<\/div>\n<div>Bueno pues va por ti C\u00f3co o Yustin, gracias por tu cari\u00f1o y por tus ense\u00f1anzas. Esta es una de las formas de hacer tartiflette, con los productos que puedo encontrar aqu\u00ed.<br \/>\nNecesitaremos ;<\/p>\n<div><\/div>\n<div>\n<div class=\"separator\" style=\"clear: both; text-align: center;\"><a style=\"margin-left: 1em; margin-right: 1em;\" href=\"http:\/\/1.bp.blogspot.com\/-m7NQvLV_Dco\/VMGJGQdAZPI\/AAAAAAAAQ4Q\/ZRQwxqPC0HI\/s1600\/aaaaaaaaaaaaaaaaaaaaaaaaaaaaaaa.jpg\"><img decoding=\"async\" loading=\"lazy\" src=\"https:\/\/elcalaixetdelaiaia.es\/wp-content\/uploads\/2015\/01\/aaaaaaaaaaaaaaaaaaaaaaaaaaaaaaa.jpg\" width=\"640\" height=\"436\" border=\"0\" \/><\/a><\/div>\n<\/div>\n<div>\n<ol>\n<li>&#8211; Medio k. de patatas<\/li>\n<li>&#8211; Una ramita de romero<\/li>\n<li>&#8211; 4 lonchas de bacon ahumado cortado a tiritas<\/li>\n<li>-Un manojo de cebollas tiernas<\/li>\n<li>-Queso Reblonch\u00f3n o de fondue<\/li>\n<li>-Un diente de ajo hermoso<\/li>\n<li>-Una tarrina de creme fraiche o nata<\/li>\n<li>-Un chorrito de vino blanco<\/li>\n<li>-Sal y pimienta<\/li>\n<\/ol>\n<\/div>\n<div>\n<div style=\"text-align: center;\">El problema es encontrar el queso Reblonch\u00f3n&#8230;&#8230;.misi\u00f3n imposible de no ser en Carrefour o tiendas gourmet, asi que cuando no puedo acceder a \u00e9stos sitios, uso quesos de fondue o \u00e9ste que compro en Lidl que da un sabor parecido aunque si pod\u00e9is, usad el Reblonch\u00f3n que es lo que toca, Y lo mismo con el vino, lo adecuado es un\u00a0Apremont o Abymes, ambos vinos de Saboya , lugar de origen de la tartiflette\u00a0en la la regi\u00f3n de Rh\u00f4ne-Alpes y\u00a0cuna del queso Reblochon, pero como son dificiles de conseguir nos apa\u00f1aremos con lo mas parecido \u00bfno? lo mismo ocurre con la\u00a0creme fraiche, que es lo que hay que poner, pero como no tengo, pondr\u00e9 nata.<\/div>\n<div style=\"text-align: center;\"><\/div>\n<div class=\"separator\" style=\"clear: both; text-align: center;\"><a style=\"margin-left: 1em; margin-right: 1em;\" href=\"http:\/\/2.bp.blogspot.com\/-BwhwwaO7iHc\/VMGJF-FtGeI\/AAAAAAAAQ4c\/1FDkCmhmDFg\/s1600\/aaaaaaaaaaaaaaaaaaaaaaaaaaaaaa.jpg\"><img decoding=\"async\" loading=\"lazy\" src=\"https:\/\/elcalaixetdelaiaia.es\/wp-content\/uploads\/2015\/01\/aaaaaaaaaaaaaaaaaaaaaaaaaaaaaa.jpg\" width=\"640\" height=\"446\" border=\"0\" \/><\/a><\/div>\n<div style=\"text-align: center;\"><\/div>\n<div style=\"text-align: center;\">Comenzamos lavando las patatas<\/div>\n<div style=\"text-align: center;\"><\/div>\n<div class=\"separator\" style=\"clear: both; text-align: center;\"><a style=\"margin-left: 1em; margin-right: 1em;\" href=\"http:\/\/4.bp.blogspot.com\/-Q1SEVn0Sy4s\/VMGJFvce5kI\/AAAAAAAAQ4E\/OuO4G3srmxg\/s1600\/aaaaaaaaaaaaaaaaaaaaaaaaaaaa.jpg\"><img decoding=\"async\" loading=\"lazy\" src=\"https:\/\/elcalaixetdelaiaia.es\/wp-content\/uploads\/2015\/01\/aaaaaaaaaaaaaaaaaaaaaaaaaaaa.jpg\" width=\"640\" height=\"384\" border=\"0\" \/><\/a><\/div>\n<div style=\"text-align: center;\"><\/div>\n<div style=\"text-align: center;\">y poni\u00e9ndolas a hervir en una olla con sal y una ramita de romero durante unos 20. minutos pero todo depende del tama\u00f1o y la clase de la patata, as\u00ed que lo mejor es pinchar y as\u00ed sabremos cuando est\u00e1n listas.<\/div>\n<div style=\"text-align: center;\"><\/div>\n<div class=\"separator\" style=\"clear: both; text-align: center;\"><a style=\"margin-left: 1em; margin-right: 1em;\" href=\"http:\/\/1.bp.blogspot.com\/-CZ5ahMzmnno\/VMGJEdDICcI\/AAAAAAAAQ34\/m6bnzSv1aYc\/s1600\/aaaaaaaaaaaaaaaaaaaaaaaaa.jpg\"><img decoding=\"async\" loading=\"lazy\" src=\"https:\/\/elcalaixetdelaiaia.es\/wp-content\/uploads\/2015\/01\/aaaaaaaaaaaaaaaaaaaaaaaaa.jpg\" width=\"640\" height=\"466\" border=\"0\" \/><\/a><\/div>\n<div style=\"text-align: center;\"><\/div>\n<div style=\"text-align: center;\">Mientras, pondremos a freir el bacon con solo unas gotas de aceite de oliva, ya que el bacon soltar\u00e1 mucho aceite. Cuando est\u00e9 dorado, reservamos<\/div>\n<div style=\"text-align: center;\"><\/div>\n<div class=\"separator\" style=\"clear: both; text-align: center;\"><a style=\"margin-left: 1em; margin-right: 1em;\" href=\"http:\/\/4.bp.blogspot.com\/-PgS5I4qn7Bs\/VMGJD8uPtHI\/AAAAAAAAQ30\/IpBqQPUw4WQ\/s1600\/aaaaaaaaaaaaaaaaaaaaaaaa.jpg\"><img decoding=\"async\" loading=\"lazy\" src=\"https:\/\/elcalaixetdelaiaia.es\/wp-content\/uploads\/2015\/01\/aaaaaaaaaaaaaaaaaaaaaaaa-1.jpg\" width=\"640\" height=\"384\" border=\"0\" \/><\/a><\/div>\n<div style=\"text-align: center;\"><\/div>\n<div style=\"text-align: center;\">En la misma sart\u00e9n pondremos a pochar la cebolla troceada, a\u00f1adimos sal para que la cebolla suelte el agua y dejamos a medio fuego para que no se nos queme.<\/div>\n<div style=\"text-align: center;\"><\/div>\n<div class=\"separator\" style=\"clear: both; text-align: center;\"><a style=\"margin-left: 1em; margin-right: 1em;\" href=\"http:\/\/1.bp.blogspot.com\/-W_Kkhzl8tyM\/VMGJFLSFaFI\/AAAAAAAAQ4A\/GBCix450hOE\/s1600\/aaaaaaaaaaaaaaaaaaaaaaaaaaa.jpg\"><img decoding=\"async\" loading=\"lazy\" src=\"https:\/\/elcalaixetdelaiaia.es\/wp-content\/uploads\/2015\/01\/aaaaaaaaaaaaaaaaaaaaaaaaaaa.jpg\" width=\"388\" height=\"640\" border=\"0\" \/><\/a><\/div>\n<div style=\"text-align: center;\"><\/div>\n<div style=\"text-align: center;\">Dejamos enfriar las patatas,<\/div>\n<div style=\"text-align: center;\"><\/div>\n<div style=\"text-align: center;\"><\/div>\n<div class=\"separator\" style=\"clear: both; text-align: center;\"><a style=\"margin-left: 1em; margin-right: 1em;\" href=\"http:\/\/2.bp.blogspot.com\/-3cVfRtCUOBc\/VMGJDdffgiI\/AAAAAAAAQ3w\/Kn973YSWvEs\/s1600\/aaaaaaaaaaaaaaaaaaaaaaa.jpg\"><img decoding=\"async\" loading=\"lazy\" src=\"https:\/\/elcalaixetdelaiaia.es\/wp-content\/uploads\/2015\/01\/aaaaaaaaaaaaaaaaaaaaaaa-1.jpg\" width=\"640\" height=\"384\" border=\"0\" \/><\/a><\/div>\n<div style=\"text-align: center;\"><\/div>\n<div style=\"text-align: center;\">Frotamos un recipiente apto para horno con el diente de ajo partido por la mitad<\/div>\n<div>(No se porqu\u00e9 el m\u00f3vil sac\u00f3 las fotos manchadas&#8230;evidentemente, como cualquiera que cocina, no tengo las manos as\u00ed de sucias \ud83d\ude09\u00a0 )<\/div>\n<div style=\"text-align: center;\"><\/div>\n<div class=\"separator\" style=\"clear: both; text-align: center;\"><a style=\"margin-left: 1em; margin-right: 1em;\" href=\"http:\/\/3.bp.blogspot.com\/-DFtLOmIsHfU\/VMGJEw_jGEI\/AAAAAAAAQ38\/uF6aar2Axeg\/s1600\/aaaaaaaaaaaaaaaaaaaaaaaaaa.jpg\"><img decoding=\"async\" loading=\"lazy\" src=\"https:\/\/elcalaixetdelaiaia.es\/wp-content\/uploads\/2015\/01\/aaaaaaaaaaaaaaaaaaaaaaaaaa.jpg\" width=\"640\" height=\"384\" border=\"0\" \/><\/a><\/div>\n<div style=\"text-align: center;\"><\/div>\n<div style=\"text-align: center;\">Una vez fr\u00edas las patatas, quitemos la piel y cortamos en rodajas como de un cm. de gruesas.<\/div>\n<div style=\"text-align: center;\"><\/div>\n<div class=\"separator\" style=\"clear: both; text-align: center;\"><a style=\"margin-left: 1em; margin-right: 1em;\" href=\"http:\/\/3.bp.blogspot.com\/-vU__dnOP9MM\/VMGJKn6iZEI\/AAAAAAAAQ4o\/OxJZL31vmuk\/s1600\/aaaaaaaaaaaaaaaaaaaaaa.jpg\"><img decoding=\"async\" loading=\"lazy\" src=\"https:\/\/elcalaixetdelaiaia.es\/wp-content\/uploads\/2015\/01\/aaaaaaaaaaaaaaaaaaaaaa.jpg\" width=\"640\" height=\"384\" border=\"0\" \/><\/a><\/div>\n<div class=\"separator\" style=\"clear: both; text-align: center;\"><\/div>\n<div style=\"text-align: center;\">Una vez lista la cebolla a\u00f1adimos el bac\u00f3n<\/div>\n<div style=\"text-align: center;\"><\/div>\n<div class=\"separator\" style=\"clear: both; text-align: center;\"><a style=\"margin-left: 1em; margin-right: 1em;\" href=\"http:\/\/1.bp.blogspot.com\/-RPq0QS87BGo\/VMGJChxr1cI\/AAAAAAAAQ3s\/46knG_wzjIc\/s1600\/aaaaaaaaaaaaaaaaaaaaa.jpg\"><img decoding=\"async\" loading=\"lazy\" src=\"https:\/\/elcalaixetdelaiaia.es\/wp-content\/uploads\/2015\/01\/aaaaaaaaaaaaaaaaaaaaa.jpg\" width=\"640\" height=\"384\" border=\"0\" \/><\/a><\/div>\n<div style=\"text-align: center;\"><\/div>\n<div style=\"text-align: center;\">\u00a0y un chorrito de vino.<\/div>\n<div style=\"text-align: center;\"><\/div>\n<div class=\"separator\" style=\"clear: both; text-align: center;\"><a style=\"margin-left: 1em; margin-right: 1em;\" href=\"http:\/\/4.bp.blogspot.com\/-g7xes4r0oTM\/VMGI_3YOXWI\/AAAAAAAAQ3k\/K-Gau8pC6JA\/s1600\/aaaaaaaaaaaaaaaaaaaa.jpg\"><img decoding=\"async\" loading=\"lazy\" src=\"https:\/\/elcalaixetdelaiaia.es\/wp-content\/uploads\/2015\/01\/aaaaaaaaaaaaaaaaaaaa.jpg\" width=\"640\" height=\"384\" border=\"0\" \/><\/a><\/div>\n<div style=\"text-align: center;\"><\/div>\n<div style=\"text-align: center;\">\u00a0Dejaremos reducir totalmente<\/div>\n<div style=\"text-align: center;\"><\/div>\n<div class=\"separator\" style=\"clear: both; text-align: center;\"><a style=\"margin-left: 1em; margin-right: 1em;\" href=\"http:\/\/3.bp.blogspot.com\/-YmpZGkbcJDM\/VMGI-2BuQCI\/AAAAAAAAQ3Y\/T77kbcwxnLs\/s1600\/aaaaaaaaaaaaaaaaaaa.jpg\"><img decoding=\"async\" loading=\"lazy\" src=\"https:\/\/elcalaixetdelaiaia.es\/wp-content\/uploads\/2015\/01\/aaaaaaaaaaaaaaaaaaa-1.jpg\" width=\"640\" height=\"384\" border=\"0\" \/><\/a><\/div>\n<div style=\"text-align: center;\"><\/div>\n<div style=\"text-align: center;\">A\u00f1adimos a una fuente refractaria o de horno, la mitad de la nata<\/div>\n<div style=\"text-align: center;\"><\/div>\n<div class=\"separator\" style=\"clear: both; text-align: center;\"><a style=\"margin-left: 1em; margin-right: 1em;\" href=\"http:\/\/3.bp.blogspot.com\/-POAZAvwR1ag\/VMGI-1PsjJI\/AAAAAAAAQ3c\/vHyIIYRxJdk\/s1600\/aaaaaaaaaaaaaaaaaa.jpg\"><img decoding=\"async\" loading=\"lazy\" src=\"https:\/\/elcalaixetdelaiaia.es\/wp-content\/uploads\/2015\/01\/aaaaaaaaaaaaaaaaaa.jpg\" width=\"640\" height=\"384\" border=\"0\" \/><\/a><\/div>\n<div style=\"text-align: center;\"><\/div>\n<div style=\"text-align: center;\">formamos un lecho de patatas y<\/div>\n<div style=\"text-align: center;\"><\/div>\n<div class=\"separator\" style=\"clear: both; text-align: center;\"><a style=\"margin-left: 1em; margin-right: 1em;\" href=\"http:\/\/3.bp.blogspot.com\/-Kl0MURaR1T0\/VMGI900pjwI\/AAAAAAAAQ3M\/77mnqVAzNLU\/s1600\/aaaaaaaaaaaaaaaaa.jpg\"><img decoding=\"async\" loading=\"lazy\" src=\"https:\/\/elcalaixetdelaiaia.es\/wp-content\/uploads\/2015\/01\/aaaaaaaaaaaaaaaaa.jpg\" width=\"640\" height=\"384\" border=\"0\" \/><\/a><\/div>\n<div style=\"text-align: center;\"><\/div>\n<div style=\"text-align: center;\">molemos sal<\/div>\n<div style=\"text-align: center;\"><\/div>\n<div class=\"separator\" style=\"clear: both; text-align: center;\"><a style=\"margin-left: 1em; margin-right: 1em;\" href=\"http:\/\/2.bp.blogspot.com\/-N5t3FyVkI44\/VMGI9nzPvAI\/AAAAAAAAQ3I\/qCcM0Fri03M\/s1600\/aaaaaaaaaaaaaaaa.jpg\"><img decoding=\"async\" loading=\"lazy\" src=\"https:\/\/elcalaixetdelaiaia.es\/wp-content\/uploads\/2015\/01\/aaaaaaaaaaaaaaaa.jpg\" width=\"640\" height=\"384\" border=\"0\" \/><\/a><\/div>\n<div class=\"separator\" style=\"clear: both; text-align: center;\"><\/div>\n<div style=\"text-align: center;\">y pimienta<\/div>\n<div style=\"text-align: center;\"><\/div>\n<div class=\"separator\" style=\"clear: both; text-align: center;\"><a style=\"margin-left: 1em; margin-right: 1em;\" href=\"http:\/\/4.bp.blogspot.com\/-IGk4WhHsYGY\/VMGI81N97JI\/AAAAAAAAQ3E\/Dj66Bpei8tA\/s1600\/aaaaaaaaaaaaaaa.jpg\"><img decoding=\"async\" loading=\"lazy\" src=\"https:\/\/elcalaixetdelaiaia.es\/wp-content\/uploads\/2015\/01\/aaaaaaaaaaaaaaa.jpg\" width=\"640\" height=\"384\" border=\"0\" \/><\/a><\/div>\n<div style=\"text-align: center;\"><\/div>\n<div style=\"text-align: center;\">ponemos encima la mitad de cebolla y el bacon<\/div>\n<div style=\"text-align: center;\"><\/div>\n<div class=\"separator\" style=\"clear: both; text-align: center;\"><a style=\"margin-left: 1em; margin-right: 1em;\" href=\"http:\/\/2.bp.blogspot.com\/-vwdno511Tqo\/VMGI8kjAmkI\/AAAAAAAAQ3A\/dzEv-F6INfM\/s1600\/aaaaaaaaaaaaaa.jpg\"><img decoding=\"async\" loading=\"lazy\" src=\"https:\/\/elcalaixetdelaiaia.es\/wp-content\/uploads\/2015\/01\/aaaaaaaaaaaaaa.jpg\" width=\"640\" height=\"384\" border=\"0\" \/><\/a><\/div>\n<div style=\"text-align: center;\"><\/div>\n<div style=\"text-align: center;\">y otra capa con el resto de patatas<\/div>\n<div style=\"text-align: center;\"><\/div>\n<div class=\"separator\" style=\"clear: both; text-align: center;\"><a style=\"margin-left: 1em; margin-right: 1em;\" href=\"http:\/\/2.bp.blogspot.com\/-vwdno511Tqo\/VMGI8kjAmkI\/AAAAAAAAQ3A\/dzEv-F6INfM\/s1600\/aaaaaaaaaaaaaa.jpg\"><img decoding=\"async\" loading=\"lazy\" src=\"https:\/\/elcalaixetdelaiaia.es\/wp-content\/uploads\/2015\/01\/aaaaaaaaaaaaaa.jpg\" width=\"640\" height=\"384\" border=\"0\" \/><\/a><\/div>\n<div style=\"text-align: center;\"><\/div>\n<div style=\"text-align: center;\">de nuevo molemos sal<\/div>\n<div style=\"text-align: center;\"><\/div>\n<div class=\"separator\" style=\"clear: both; text-align: center;\"><a style=\"margin-left: 1em; margin-right: 1em;\" href=\"http:\/\/4.bp.blogspot.com\/-QQG0VxrmR9E\/VMGI8Gc9SwI\/AAAAAAAAQ24\/-zCCQCZfqCE\/s1600\/aaaaaaaaaaaaa.jpg\"><img decoding=\"async\" loading=\"lazy\" src=\"https:\/\/elcalaixetdelaiaia.es\/wp-content\/uploads\/2015\/01\/aaaaaaaaaaaaa.jpg\" width=\"640\" height=\"384\" border=\"0\" \/><\/a><\/div>\n<div style=\"text-align: center;\"><\/div>\n<div style=\"text-align: center;\">y pimienta<\/div>\n<div style=\"text-align: center;\"><\/div>\n<div class=\"separator\" style=\"clear: both; text-align: center;\"><a style=\"margin-left: 1em; margin-right: 1em;\" href=\"http:\/\/3.bp.blogspot.com\/-dCm7TVzV9F0\/VMGI7uoqbRI\/AAAAAAAAQ20\/NVc1opPMmNE\/s1600\/aaaaaaaaaaaa.jpg\"><img decoding=\"async\" loading=\"lazy\" src=\"https:\/\/elcalaixetdelaiaia.es\/wp-content\/uploads\/2015\/01\/aaaaaaaaaaaa.jpg\" width=\"640\" height=\"384\" border=\"0\" \/><\/a><\/div>\n<div style=\"text-align: center;\"><\/div>\n<div style=\"text-align: center;\">con el resto de cebolla con bacon<\/div>\n<div style=\"text-align: center;\"><\/div>\n<div class=\"separator\" style=\"clear: both; text-align: center;\"><a style=\"margin-left: 1em; margin-right: 1em;\" href=\"http:\/\/4.bp.blogspot.com\/-2-7AsAyhszI\/VMGI6TSwOdI\/AAAAAAAAQ2s\/D9n9JlBw8pk\/s1600\/aaaaaaaaaa.jpg\"><img decoding=\"async\" loading=\"lazy\" src=\"https:\/\/elcalaixetdelaiaia.es\/wp-content\/uploads\/2015\/01\/aaaaaaaaaa.jpg\" width=\"640\" height=\"384\" border=\"0\" \/><\/a><\/div>\n<div style=\"text-align: center;\"><\/div>\n<div style=\"text-align: center;\">y el resto de la nata, si pod\u00e9is poner\u00a0creme fraiche, que da una textura distinta aunque el sabor es el mismo<\/div>\n<div style=\"text-align: center;\"><\/div>\n<div class=\"separator\" style=\"clear: both; text-align: center;\"><a style=\"margin-left: 1em; margin-right: 1em;\" href=\"http:\/\/3.bp.blogspot.com\/-xwIsFPJ0Auo\/VMGI7O9Z-AI\/AAAAAAAAQ2w\/1VyM4DvAtEk\/s1600\/aaaaaaaaaaa.jpg\"><img decoding=\"async\" loading=\"lazy\" src=\"https:\/\/elcalaixetdelaiaia.es\/wp-content\/uploads\/2015\/01\/aaaaaaaaaaa.jpg\" width=\"640\" height=\"384\" border=\"0\" \/><\/a><\/div>\n<div class=\"separator\" style=\"clear: both; text-align: center;\"><\/div>\n<div style=\"text-align: center;\">quitamos la corteza del queso aunque \u00e9sto va a gustos<\/div>\n<div style=\"text-align: center;\"><\/div>\n<div class=\"separator\" style=\"clear: both; text-align: center;\"><a style=\"margin-left: 1em; margin-right: 1em;\" href=\"http:\/\/4.bp.blogspot.com\/--Q_o7jC6rrY\/VMGI6I1fBFI\/AAAAAAAAQ2o\/1pELyNUGpH4\/s1600\/aaaaaaaaa.jpg\"><img decoding=\"async\" loading=\"lazy\" src=\"https:\/\/elcalaixetdelaiaia.es\/wp-content\/uploads\/2015\/01\/aaaaaaaaa.jpg\" width=\"640\" height=\"384\" border=\"0\" \/><\/a><\/div>\n<div style=\"text-align: center;\"><\/div>\n<div style=\"text-align: center;\">colocamos en la superficie el queso<\/div>\n<div style=\"text-align: center;\"><\/div>\n<div class=\"separator\" style=\"clear: both; text-align: center;\"><a style=\"margin-left: 1em; margin-right: 1em;\" href=\"http:\/\/2.bp.blogspot.com\/-Ezhp3YaoWXI\/VMGI5Pgy7MI\/AAAAAAAAQ2g\/fIBgIhK39KI\/s1600\/aaaaaaaa.jpg\"><img decoding=\"async\" loading=\"lazy\" src=\"https:\/\/elcalaixetdelaiaia.es\/wp-content\/uploads\/2015\/01\/aaaaaaaa.jpg\" width=\"640\" height=\"384\" border=\"0\" \/><\/a><\/div>\n<div style=\"text-align: center;\"><\/div>\n<div style=\"text-align: center;\">y al horno precalentado a \u00a0200\u00ba con gratinador, durante unos 25 minutos en el mio, cada horno es un mundo controlad el vuestro<\/div>\n<div style=\"text-align: center;\"><\/div>\n<div class=\"separator\" style=\"clear: both; text-align: center;\"><a style=\"margin-left: 1em; margin-right: 1em;\" href=\"http:\/\/2.bp.blogspot.com\/-jUZFMk6olAM\/VMGI3XschDI\/AAAAAAAAQ2c\/JleBYQDWuEk\/s1600\/aaaaa.jpg\"><img decoding=\"async\" loading=\"lazy\" src=\"https:\/\/elcalaixetdelaiaia.es\/wp-content\/uploads\/2015\/01\/aaaaa.jpg\" width=\"640\" height=\"384\" border=\"0\" \/><\/a><\/div>\n<div style=\"text-align: center;\"><\/div>\n<div style=\"text-align: center;\">Una vez pasado \u00e9ste tiempo, decoramos con un poquito de romero fresco<\/div>\n<div style=\"text-align: center;\"><\/div>\n<div class=\"separator\" style=\"clear: both; text-align: center;\"><a style=\"margin-left: 1em; margin-right: 1em;\" href=\"http:\/\/4.bp.blogspot.com\/-3UU4Uw_2nak\/VMGI3V9hBXI\/AAAAAAAAQ2U\/dIWc8KMg1v0\/s1600\/a.jpg\"><img decoding=\"async\" loading=\"lazy\" src=\"https:\/\/elcalaixetdelaiaia.es\/wp-content\/uploads\/2015\/01\/a.jpg\" width=\"640\" height=\"384\" border=\"0\" \/><\/a><\/div>\n<div class=\"separator\" style=\"clear: both; text-align: center;\"><\/div>\n<div style=\"text-align: center;\">\u00e9ste es el corte<\/div>\n<div><\/div>\n<div class=\"separator\" style=\"clear: both; text-align: center;\"><a style=\"margin-left: 1em; margin-right: 1em;\" href=\"http:\/\/1.bp.blogspot.com\/-hoq5j1MC2lE\/VMGI2jeeR-I\/AAAAAAAAQ2E\/kwf9M0iek8Q\/s1600\/aaa.jpg\"><img decoding=\"async\" loading=\"lazy\" src=\"https:\/\/elcalaixetdelaiaia.es\/wp-content\/uploads\/2015\/01\/aaa.jpg\" width=\"640\" height=\"384\" border=\"0\" \/><\/a><\/div>\n<div style=\"text-align: center;\"><\/div>\n<div style=\"text-align: center;\">y \u00e9sta la raci\u00f3n<\/div>\n<div><\/div>\n<div class=\"separator\" style=\"clear: both; text-align: center;\"><a style=\"margin-left: 1em; margin-right: 1em;\" href=\"http:\/\/1.bp.blogspot.com\/-R3lZ6a_d2T4\/VMGI2V8FziI\/AAAAAAAAQ2A\/aBCur8B1cyo\/s1600\/aa.jpg\"><img decoding=\"async\" loading=\"lazy\" src=\"https:\/\/elcalaixetdelaiaia.es\/wp-content\/uploads\/2015\/01\/aa.jpg\" width=\"384\" height=\"640\" border=\"0\" \/><\/a><\/div>\n<div class=\"separator\" style=\"clear: both; text-align: center;\">Si os sobra, al congelador sin problemas.<\/div>\n<div class=\"separator\" style=\"clear: both; text-align: center;\"><\/div>\n<p>\u00abA La taula i&#8230;.BON PROFIT!!!\u00bb<br \/>\nSi te gusta mi receta, puedes compartirla para que llegue a m\u00e1s gente.<br \/>\nEspero tus comentarios y recuerda que tambi\u00e9n estoy en Facebook\u00a0<a href=\"https:\/\/www.facebook.com\/El-calaixet-de-la-iaia-533062140099386\/\">https:\/\/www.facebook.com\/El-calaixet-de-la-iaia-533062140099386\/<\/a><\/p>\n<\/div>\n<\/div>\n<\/div>\n","protected":false},"excerpt":{"rendered":"<p>\u00abRefrany; Si bon formatge vols fer, fes-lo pel mes de gener\u00bb Si buen queso quiere hacer, hazlo por el mes de enero. Hoy traigo una receta francesa que aprend\u00ed a cocinar (como muchas otras), de la t\u00eda Yustin, aunque ella prefiere que la llamen C\u00f3co, y as\u00ed lo hacen l@s &hellip; <\/p>\n","protected":false},"author":2,"featured_media":9697,"comment_status":"open","ping_status":"open","sticky":false,"template":"","format":"standard","meta":[],"categories":[40,1],"tags":[],"_links":{"self":[{"href":"https:\/\/elcalaixetdelaiaia.es\/index.php?rest_route=\/wp\/v2\/posts\/797"}],"collection":[{"href":"https:\/\/elcalaixetdelaiaia.es\/index.php?rest_route=\/wp\/v2\/posts"}],"about":[{"href":"https:\/\/elcalaixetdelaiaia.es\/index.php?rest_route=\/wp\/v2\/types\/post"}],"author":[{"embeddable":true,"href":"https:\/\/elcalaixetdelaiaia.es\/index.php?rest_route=\/wp\/v2\/users\/2"}],"replies":[{"embeddable":true,"href":"https:\/\/elcalaixetdelaiaia.es\/index.php?rest_route=%2Fwp%2Fv2%2Fcomments&post=797"}],"version-history":[{"count":5,"href":"https:\/\/elcalaixetdelaiaia.es\/index.php?rest_route=\/wp\/v2\/posts\/797\/revisions"}],"predecessor-version":[{"id":21924,"href":"https:\/\/elcalaixetdelaiaia.es\/index.php?rest_route=\/wp\/v2\/posts\/797\/revisions\/21924"}],"wp:featuredmedia":[{"embeddable":true,"href":"https:\/\/elcalaixetdelaiaia.es\/index.php?rest_route=\/wp\/v2\/media\/9697"}],"wp:attachment":[{"href":"https:\/\/elcalaixetdelaiaia.es\/index.php?rest_route=%2Fwp%2Fv2%2Fmedia&parent=797"}],"wp:term":[{"taxonomy":"category","embeddable":true,"href":"https:\/\/elcalaixetdelaiaia.es\/index.php?rest_route=%2Fwp%2Fv2%2Fcategories&post=797"},{"taxonomy":"post_tag","embeddable":true,"href":"https:\/\/elcalaixetdelaiaia.es\/index.php?rest_route=%2Fwp%2Fv2%2Ftags&post=797"}],"curies":[{"name":"wp","href":"https:\/\/api.w.org\/{rel}","templated":true}]}}