{"id":777,"date":"2015-02-07T09:24:00","date_gmt":"2015-02-07T09:24:00","guid":{"rendered":"http:\/\/elcalaixetdelaiaia.es\/alfiletero-con-iman-para-la-maquina-de"},"modified":"2026-03-06T18:58:26","modified_gmt":"2026-03-06T18:58:26","slug":"alfiletero-con-iman-para-la-maquina-de","status":"publish","type":"post","link":"https:\/\/elcalaixetdelaiaia.es\/?p=777","title":{"rendered":"Alfiletero o acerico con im\u00e1n para la m\u00e1quina de coser paso a paso"},"content":{"rendered":"<p>\u00abRefrany; Cosir i cantar, tot \u00e9s comen\u00e7ar\u00bb Coser y cantar, todo es comenzar.<\/p>\n<div>Como os comentaba en mi entrada Mi tiempo entre costuras valencianas <a href=\"https:\/\/elcalaixetdelaiaia.es\/?p=1048\">https:\/\/elcalaixetdelaiaia.es\/?p=1048<\/a><\/div>\n<div>\u00a0mi escaso tiempo libre lo suelo emplear cosiendo, bordando y leyendo. Me gusta sobre todo coser a mano mas que a m\u00e1quina, pero cuando coso a m\u00e1quina, el acerico acaba siempre en el suelo.<\/div>\n<div>Me hice uno de mu\u00f1eca, pero con la fibro, hasta me molesta llevarlo y con los de colgar al pecho, como uso alfileres muy largos me acabo pinchando.<\/div>\n<div><\/div>\n<div>As\u00ed que ayer se me ocurri\u00f3 una idea&#8230;hacer un acerico o alfiletero con im\u00e1n, as\u00ed lo puedo pegar a la m\u00e1quina donde mejor me parezca y tenerlo siempre a mano \u00bfque os parece la idea?<\/div>\n<div class=\"separator\" style=\"clear: both; text-align: center;\"><a style=\"margin-left: 1em; margin-right: 1em;\" href=\"http:\/\/1.bp.blogspot.com\/-h8N8Xs-6PFc\/VNXWNKH0dZI\/AAAAAAAATvQ\/ThKoPxxC23w\/s1600\/10959303_546801735460222_8179967991837604953_n.jpg\"><img decoding=\"async\" loading=\"lazy\" src=\"https:\/\/elcalaixetdelaiaia.es\/wp-content\/uploads\/2015\/02\/10959303_546801735460222_8179967991837604953_n-1.jpg\" width=\"640\" height=\"384\" border=\"0\" \/><\/a><\/div>\n<div><\/div>\n<div>Manos a la obra y en un ratito de peli por la noche alfiletero nuevo y pr\u00e1ctico.<\/div>\n<div>Necesitaremos;<\/div>\n<div><\/div>\n<div class=\"separator\" style=\"clear: both; text-align: center;\"><a style=\"margin-left: 1em; margin-right: 1em;\" href=\"http:\/\/4.bp.blogspot.com\/-NpVM_I4cTaA\/VNXWNmj2vZI\/AAAAAAAATvk\/2qhCt-Aukss\/s1600\/10959760_546633302143732_3146314159637915802_n.jpg\"><img decoding=\"async\" loading=\"lazy\" src=\"https:\/\/elcalaixetdelaiaia.es\/wp-content\/uploads\/2015\/02\/10959760_546633302143732_3146314159637915802_n.jpg\" width=\"640\" height=\"384\" border=\"0\" \/><\/a><\/div>\n<div>\n<ol>\n<li>Un retal de tela<\/li>\n<li>Guata<\/li>\n<li>Im\u00e1n<\/li>\n<li>Alg\u00fan adorno<\/li>\n<\/ol>\n<div>Los imanes los pod\u00e9is encontrar en los bazares de 1\u20ac, los adornos no son imprescindibles, y la tela&#8230;cualquiera que teng\u00e1is a mano. La forma del acerico puede ser la que quer\u00e1is , lo mismo que el tama\u00f1o<\/div>\n<\/div>\n<div><\/div>\n<div class=\"separator\" style=\"clear: both; text-align: center;\"><a style=\"margin-left: 1em; margin-right: 1em;\" href=\"http:\/\/1.bp.blogspot.com\/-QMM5IGa3oFI\/VNXWMxq7gAI\/AAAAAAAATvY\/6fWUJpZohxI\/s1600\/10950661_546632885477107_3703268932749057974_n.jpg\"><img decoding=\"async\" loading=\"lazy\" src=\"https:\/\/elcalaixetdelaiaia.es\/wp-content\/uploads\/2015\/02\/10950661_546632885477107_3703268932749057974_n.jpg\" width=\"640\" height=\"384\" border=\"0\" \/><\/a><\/div>\n<div><\/div>\n<div>y el bordado, que ya va a gustos. A mi se me ha ocurrido hacerlo as\u00ed<\/div>\n<div><\/div>\n<div class=\"separator\" style=\"clear: both; text-align: center;\"><a style=\"margin-left: 1em; margin-right: 1em;\" href=\"http:\/\/4.bp.blogspot.com\/-MyrGWNsO0k4\/VNXWLy8RKAI\/AAAAAAAATvI\/MphDL7r4os0\/s1600\/10801709_546633278810401_6916642534475660534_n.jpg\"><img decoding=\"async\" loading=\"lazy\" src=\"https:\/\/elcalaixetdelaiaia.es\/wp-content\/uploads\/2015\/02\/10801709_546633278810401_6916642534475660534_n.jpg\" width=\"640\" height=\"384\" border=\"0\" \/><\/a><\/div>\n<div class=\"separator\" style=\"clear: both; text-align: center;\"><\/div>\n<div>cortarlo con forma de coraz\u00f3n<\/div>\n<div><\/div>\n<div class=\"separator\" style=\"clear: both; text-align: center;\"><a style=\"margin-left: 1em; margin-right: 1em;\" href=\"http:\/\/4.bp.blogspot.com\/-snW-PkF1Rm0\/VNXWPHM-O_I\/AAAAAAAATvw\/1Qus7dk3j7g\/s1600\/10987375_546633355477060_8968946569910895221_n.jpg\"><img decoding=\"async\" loading=\"lazy\" src=\"https:\/\/elcalaixetdelaiaia.es\/wp-content\/uploads\/2015\/02\/10987375_546633355477060_8968946569910895221_n.jpg\" width=\"640\" height=\"384\" border=\"0\" \/><\/a><\/div>\n<div><\/div>\n<div>juntar las dos telas y coserlo, yo lo he hecho a mano, porque por la noche no me gusta poner la m\u00e1quina para no molestar y porque me gusta coser a mano, pero con la m\u00e1quina mas r\u00e1pido. Dejamos una abertura de unos tres cm.<\/div>\n<div><\/div>\n<div class=\"separator\" style=\"clear: both; text-align: center;\"><a style=\"margin-left: 1em; margin-right: 1em;\" href=\"http:\/\/1.bp.blogspot.com\/-cG3M38_Dsao\/VNXWOcExFQI\/AAAAAAAATvo\/_-7iZl5DLw0\/s1600\/10978522_546633388810390_8790705745915242633_n.jpg\"><img decoding=\"async\" loading=\"lazy\" src=\"https:\/\/elcalaixetdelaiaia.es\/wp-content\/uploads\/2015\/02\/10978522_546633388810390_8790705745915242633_n.jpg\" width=\"640\" height=\"384\" border=\"0\" \/><\/a><\/div>\n<div><\/div>\n<div>giramos las telas del derecho y por la abertura rellenamos con la guata<\/div>\n<div><\/div>\n<div class=\"separator\" style=\"clear: both; text-align: center;\"><a style=\"margin-left: 1em; margin-right: 1em;\" href=\"http:\/\/1.bp.blogspot.com\/-gy6TZBA2StI\/VNXWL-h9xvI\/AAAAAAAATvA\/tnmoddS9TgA\/s1600\/10433841_546633428810386_4735189529929776369_n.jpg\"><img decoding=\"async\" loading=\"lazy\" src=\"https:\/\/elcalaixetdelaiaia.es\/wp-content\/uploads\/2015\/02\/10433841_546633428810386_4735189529929776369_n.jpg\" width=\"640\" height=\"384\" border=\"0\" \/><\/a><\/div>\n<div><\/div>\n<div>y colocamos el im\u00e1n procurando que quede en la parte trasera, cerramos la abertura con puntada invisible<\/div>\n<div>\n<div class=\"separator\" style=\"clear: both; text-align: center;\"><a style=\"margin-left: 1em; margin-right: 1em;\" href=\"http:\/\/2.bp.blogspot.com\/-sxiUQ8OGTKU\/VNXV6u39pXI\/AAAAAAAATu4\/eCtUNlLfxoE\/s1600\/10988480_546805442126518_3488564965622206663_n%2Bmodified.jpg\"><img decoding=\"async\" loading=\"lazy\" src=\"https:\/\/elcalaixetdelaiaia.es\/wp-content\/uploads\/2015\/02\/10988480_546805442126518_3488564965622206663_nmodified.jpg\" width=\"640\" height=\"392\" border=\"0\" \/><\/a><\/div>\n<\/div>\n<div><\/div>\n<div>y tenemos listo nuestro alfiletero<\/div>\n<div><\/div>\n<div class=\"separator\" style=\"clear: both; text-align: center;\"><a style=\"margin-left: 1em; margin-right: 1em;\" href=\"http:\/\/4.bp.blogspot.com\/-3q2DfaOHYR4\/VNXWMf5LyJI\/AAAAAAAATvs\/dN8q8LF8H5Q\/s1600\/10934045_546801645460231_7905420233981765480_n%2B(1).jpg\"><img decoding=\"async\" loading=\"lazy\" src=\"https:\/\/elcalaixetdelaiaia.es\/wp-content\/uploads\/2015\/02\/10934045_546801645460231_7905420233981765480_n1.jpg\" width=\"384\" height=\"640\" border=\"0\" \/><\/a><\/div>\n<div class=\"separator\" style=\"clear: both; text-align: center;\"><\/div>\n<div>para colocar en la parte de la m\u00e1quina que mejor nos vaya<\/div>\n<div><\/div>\n<div class=\"separator\" style=\"clear: both; text-align: center;\"><a style=\"margin-left: 1em; margin-right: 1em;\" href=\"http:\/\/2.bp.blogspot.com\/-VZsEAUsrTW4\/VNXWL6L61gI\/AAAAAAAATvE\/t0vTkqJqqgQ\/s1600\/10430483_546801692126893_4044783370885737608_n.jpg\"><img decoding=\"async\" loading=\"lazy\" src=\"https:\/\/elcalaixetdelaiaia.es\/wp-content\/uploads\/2015\/02\/10430483_546801692126893_4044783370885737608_n.jpg\" width=\"384\" height=\"640\" border=\"0\" \/><\/a><\/div>\n<div>\n<p>Espero que os sea de utilidad y si os anim\u00e1is a hacer uno, por favor enviadme fotos y las pondr\u00e9 encantada en este mismo post, firmadas con vuestro nombre, si os parece bien.<\/p>\n<p>Si te gusta \u00e9sta entrada, compararla, as\u00ed me ayudas a llegar a mas gente. Espero tus comentarios y recuerda que tambi\u00e9n estoy en Facebook\u00a0<a href=\"https:\/\/www.facebook.com\/El-calaixet-de-la-iaia-533062140099386\/\">https:\/\/www.facebook.com\/El-calaixet-de-la-iaia-533062140099386\/<\/a><\/p>\n<\/div>\n","protected":false},"excerpt":{"rendered":"<p>\u00abRefrany; Cosir i cantar, tot \u00e9s comen\u00e7ar\u00bb Coser y cantar, todo es comenzar. Como os comentaba en mi entrada Mi tiempo entre costuras valencianas https:\/\/elcalaixetdelaiaia.es\/?p=1048 \u00a0mi escaso tiempo libre lo suelo emplear cosiendo, bordando y leyendo. Me gusta sobre todo coser a mano mas que a m\u00e1quina, pero cuando coso &hellip; <\/p>\n","protected":false},"author":2,"featured_media":9552,"comment_status":"open","ping_status":"open","sticky":false,"template":"","format":"standard","meta":[],"categories":[24,1,11],"tags":[],"_links":{"self":[{"href":"https:\/\/elcalaixetdelaiaia.es\/index.php?rest_route=\/wp\/v2\/posts\/777"}],"collection":[{"href":"https:\/\/elcalaixetdelaiaia.es\/index.php?rest_route=\/wp\/v2\/posts"}],"about":[{"href":"https:\/\/elcalaixetdelaiaia.es\/index.php?rest_route=\/wp\/v2\/types\/post"}],"author":[{"embeddable":true,"href":"https:\/\/elcalaixetdelaiaia.es\/index.php?rest_route=\/wp\/v2\/users\/2"}],"replies":[{"embeddable":true,"href":"https:\/\/elcalaixetdelaiaia.es\/index.php?rest_route=%2Fwp%2Fv2%2Fcomments&post=777"}],"version-history":[{"count":9,"href":"https:\/\/elcalaixetdelaiaia.es\/index.php?rest_route=\/wp\/v2\/posts\/777\/revisions"}],"predecessor-version":[{"id":29207,"href":"https:\/\/elcalaixetdelaiaia.es\/index.php?rest_route=\/wp\/v2\/posts\/777\/revisions\/29207"}],"wp:featuredmedia":[{"embeddable":true,"href":"https:\/\/elcalaixetdelaiaia.es\/index.php?rest_route=\/wp\/v2\/media\/9552"}],"wp:attachment":[{"href":"https:\/\/elcalaixetdelaiaia.es\/index.php?rest_route=%2Fwp%2Fv2%2Fmedia&parent=777"}],"wp:term":[{"taxonomy":"category","embeddable":true,"href":"https:\/\/elcalaixetdelaiaia.es\/index.php?rest_route=%2Fwp%2Fv2%2Fcategories&post=777"},{"taxonomy":"post_tag","embeddable":true,"href":"https:\/\/elcalaixetdelaiaia.es\/index.php?rest_route=%2Fwp%2Fv2%2Ftags&post=777"}],"curies":[{"name":"wp","href":"https:\/\/api.w.org\/{rel}","templated":true}]}}