{"id":776,"date":"2015-02-07T18:50:00","date_gmt":"2015-02-07T18:50:00","guid":{"rendered":"http:\/\/elcalaixetdelaiaia.es\/tarta-semifria-de-tiramisu-paso-paso"},"modified":"2024-05-31T10:37:21","modified_gmt":"2024-05-31T10:37:21","slug":"tarta-semifria-de-tiramisu-paso-paso","status":"publish","type":"post","link":"https:\/\/elcalaixetdelaiaia.es\/?p=776","title":{"rendered":"Tarta Charlota semifr\u00eda de tiramis\u00fa paso a paso foto a foto"},"content":{"rendered":"<p>\u00abRefrany;A la pres\u00f3 i al llit, es coneix el bon amic\u00bb.En la prisi\u00f3n y en la cama, se conoce al buen amigo.<\/p>\n<p>Tarta Charlota semi fr\u00eda de Tiramis\u00fa.<\/p>\n<p>Dice la leyenda, que durante el Renacimiento se consideraba al Tiramis\u00fa como un potente afrodis\u00edaco, por lo que las venecianas se lo preparaban a sus amantes al caer la noche para proporcionarles energ\u00eda, otros consideran su nacimiento en la Toscana bajo el nombre \u201cZuppa del Ducca\u201d y sostienen que al llegar a Venecia se modific\u00f3 su nombre y se lo denomin\u00f3 \u201cTirame su\u201d (lev\u00e1ntame para arriba, haciendo alusi\u00f3n al efecto del caf\u00e9),<\/p>\n<div class=\"separator\" style=\"clear: both; text-align: center;\"><a style=\"margin-left: 1em; margin-right: 1em;\" href=\"http:\/\/4.bp.blogspot.com\/-B34lhWUV2WY\/VM6c7qQ3-JI\/AAAAAAAARik\/b7NC76ipCkg\/s1600\/tttttttttttttttttttt%2Bmodified.jpg\"><img decoding=\"async\" loading=\"lazy\" src=\"https:\/\/elcalaixetdelaiaia.es\/wp-content\/uploads\/2015\/02\/ttttttttttttttttttttmodified.jpg\" width=\"640\" height=\"384\" border=\"0\" \/><\/a><\/div>\n<p>y tambi\u00e9n cuenta otra leyenda que las madames de los burdeles de Treviso, a los clientes habituales y las chicas les ofrec\u00eda \u00e9ste dulce, el tiramis\u00fa, para que tuvieran mas \u00ab\u00e1nimo\u00bb.<\/p>\n<div class=\"separator\" style=\"clear: both; text-align: center;\"><a style=\"margin-left: 1em; margin-right: 1em;\" href=\"http:\/\/2.bp.blogspot.com\/-tcyeXB14DHU\/VM6hpObDPFI\/AAAAAAAARjM\/Cxd9McZX-yw\/s1600\/tttttttttttttttttttttttttt.jpg\"><img decoding=\"async\" loading=\"lazy\" src=\"https:\/\/elcalaixetdelaiaia.es\/wp-content\/uploads\/2015\/02\/tttttttttttttttttttttttttt.jpg\" width=\"640\" height=\"390\" border=\"0\" \/><\/a><\/div>\n<div>\n<p>Leyendas y cuentos apartes, lo cierto es que me encanta el tiramis\u00fa, es una de nuestras tartas preferidas, tanto para mi marid\u00edn, como m\u00eda, a la par con la del tiramis\u00fa de naranja, y cuando Lola y Javier nos invitaron a comer, pens\u00e9 en hacer uno, pero para que aguantase mejor, \u00e9sta vez lo hice en forma de tarta de Charlota semi fr\u00eda.\u00a0 He probado muchas variantes de tiramis\u00fa, hechas por mi, y en restaurantes distintos &#8230; pero no encuentro ninguna receta que me guste tanto, tanto, como \u00e9sta que hago desde que consegu\u00ed la descripci\u00f3n de unos vecinos italianos que tuve un a\u00f1o en la caseta de La Patacona, que era de su madre y que hago igual, pero cambiando el Amaretto por un chupito de whisky, o de ron, y lo mismo opinan quienes prueban este tiramis\u00fa en charlota y semifr\u00edo, o el que hago as\u00ed <a href=\"https:\/\/elcalaixetdelaiaia.es\/?p=1099\">https:\/\/elcalaixetdelaiaia.es\/?p=1099<\/a><\/p>\n<div class=\"separator\" style=\"clear: both; text-align: center;\"><a style=\"margin-left: 1em; margin-right: 1em;\" href=\"http:\/\/4.bp.blogspot.com\/-i0omDziOoc0\/VM6c8-UqAlI\/AAAAAAAARi0\/SQ5_7ZGlsIs\/s1600\/tttttttttttttttttttttttt%2Bmodified.jpg\"><img decoding=\"async\" loading=\"lazy\" src=\"https:\/\/elcalaixetdelaiaia.es\/wp-content\/uploads\/2015\/02\/ttttttttttttttttttttttttmodified.jpg\" width=\"640\" height=\"384\" border=\"0\" \/><\/a><\/div>\n<p>Los ingredientes dependen del tama\u00f1o del molde, esta vez, lo hice con uno desmoldable redondo de 26 cm. y como cada bizcocho lo podemos usar como referencia de una porci\u00f3n, salen perfectamente 17 porciones normales o 9 muy grandes.<\/p>\n<div style=\"margin-left: 1em; margin-right: 1em;\">\n<div style=\"text-align: center;\"><img decoding=\"async\" loading=\"lazy\" src=\"https:\/\/elcalaixetdelaiaia.es\/wp-content\/uploads\/2015\/02\/IMG_7298.jpg\" width=\"640\" height=\"424\" \/><\/div>\n<\/div>\n<div>\n<ol>\n<li>38 bizcochos de soletilla<\/li>\n<li>Dos tarrinas de queso Mascarpone<\/li>\n<li>Una tarrina de queso tipo Pliladelplia<\/li>\n<li>8 yemas de \u00a0huevo<\/li>\n<li>Un chorrito generoso de whisky o ron<\/li>\n<li>150 ml de caf\u00e9 fuerte, de m\u00e1quina de brazo<\/li>\n<li>La raspadura de un palito de vainilla<\/li>\n<li>Cacao puro sin leche ni az\u00facar<\/li>\n<li>150 gr. de az\u00facar glas<\/li>\n<li>Una pizca de sal<\/li>\n<li>Chocolate puro en virutas<\/li>\n<\/ol>\n<div style=\"text-align: center;\">Este postre no me gusta muy dulce porque prefiero notar el sabor de los quesos, y la amargura del cacao puro, pero si sois muy golosos a\u00f1adir mas az\u00facar.<\/div>\n<div>Al llevar huevo crudo, hay que ir con extrema precauci\u00f3n con el tema \u00absalmonelosis\u00bb as\u00ed que yo en casa, pasteurizo las yemas y estoy mas tranquila, aqu\u00ed el paso a paso detallado de como pasteurizar yemas <a href=\"https:\/\/elcalaixetdelaiaia.es\/?p=26321\">https:\/\/elcalaixetdelaiaia.es\/?p=26321<\/a><\/div>\n<div class=\"separator\" style=\"clear: both; text-align: center;\"><a style=\"margin-left: 1em; margin-right: 1em;\" href=\"http:\/\/3.bp.blogspot.com\/-E9v3Xv2rgD0\/VM6b38LwZlI\/AAAAAAAARfg\/cC3ZGzvq26o\/s1600\/t.jpg\"><img decoding=\"async\" loading=\"lazy\" src=\"https:\/\/elcalaixetdelaiaia.es\/wp-content\/uploads\/2015\/02\/t.jpg\" width=\"640\" height=\"384\" border=\"0\" \/><\/a><\/div>\n<div style=\"text-align: center;\">Juntaremos en un cuenco los quesos, el az\u00facar, la sal, la vainilla (no tir\u00e9is la vaina que la aprovecharemos), las yemas, (que hemos pasteurizado primero, y cuyas claras guardaremos para hacer un Angel food cake\u00a0 o Pastel de \u00e1ngel) y lo mezclamos manualmente, si no queremos que nos quede la crema muy l\u00edquida. C\u00f3mo esta va congelada y semifr\u00eda, podemos usar las varillas el\u00e9ctricas.<\/div>\n<div class=\"separator\" style=\"clear: both; text-align: center;\"><a style=\"margin-left: 1em; margin-right: 1em;\" href=\"http:\/\/3.bp.blogspot.com\/-i213QZ56MaE\/VM6b4cRsf_I\/AAAAAAAARfo\/TOIrqHTZH5w\/s1600\/tt.jpg\"><img decoding=\"async\" loading=\"lazy\" src=\"https:\/\/elcalaixetdelaiaia.es\/wp-content\/uploads\/2015\/02\/tt.jpg\" width=\"640\" height=\"384\" border=\"0\" \/><\/a><\/div>\n<div style=\"text-align: center;\">En un molde de 26cm. colocaremos sobre su base una hoja de papel sulfurizado o de horno, y las paredes las untaremos con un poquito de aceite o mantequilla. Cortamos una de las partes de los bizcochos dando forma recta y colocamos con el corte recto hacia dentro, hasta forrar toda la pared.<\/div>\n<div class=\"separator\" style=\"clear: both; text-align: center;\"><a style=\"margin-left: 1em; margin-right: 1em;\" href=\"http:\/\/4.bp.blogspot.com\/-QpQuzF5Xsf4\/VM6b4tCX77I\/AAAAAAAARfw\/qBA3biVbxDs\/s1600\/ttt.jpg\"><img decoding=\"async\" loading=\"lazy\" src=\"https:\/\/elcalaixetdelaiaia.es\/wp-content\/uploads\/2015\/02\/ttt.jpg\" width=\"640\" height=\"384\" border=\"0\" \/><\/a><\/div>\n<div style=\"text-align: center;\">Colocamos sobre la base bizcochos, utilizando tambi\u00e9n las puntitas que hemos cortado del bizcocho para rellenar huecos, que aqu\u00ed no se tira nada<\/div>\n<div class=\"separator\" style=\"clear: both; text-align: center;\"><a style=\"margin-left: 1em; margin-right: 1em;\" href=\"http:\/\/4.bp.blogspot.com\/-xg3cdt3zx_A\/VM6b49XI3XI\/AAAAAAAARfs\/8_gk3u4m4kM\/s1600\/tttt.jpg\"><img decoding=\"async\" loading=\"lazy\" src=\"https:\/\/elcalaixetdelaiaia.es\/wp-content\/uploads\/2015\/02\/tttt.jpg\" width=\"640\" height=\"384\" border=\"0\" \/><\/a><\/div>\n<div style=\"text-align: center;\">Preparamos un caf\u00e9 muy fuerte, (si pod\u00e9is hacerlo con m\u00e1quina de brazo, mejor) ponemos un chorrito de whisky o de ron (si lo van a tomar ni\u00f1os, ponerlo a hervir antes en un cazo, para evaporar el alcohol, aunque \u00faltimamente he le\u00eddo que q1ue no llega a evaporarse absolutamente, as\u00ed que si lo van a comer ni\u00f1os o gente intolerante al alcohol, mejor, no pong\u00e1is nada)) y pincelamos ligeramente los bizcochos sin empaparlos demasiado<\/div>\n<div class=\"separator\" style=\"clear: both; text-align: center;\"><a style=\"margin-left: 1em; margin-right: 1em;\" href=\"http:\/\/4.bp.blogspot.com\/-nVdJI_BvrLk\/VM6b5LKqQNI\/AAAAAAAARf4\/0ZrQJlPGTes\/s1600\/ttttt.jpg\"><img decoding=\"async\" loading=\"lazy\" src=\"https:\/\/elcalaixetdelaiaia.es\/wp-content\/uploads\/2015\/02\/ttttt.jpg\" width=\"640\" height=\"384\" border=\"0\" \/><\/a><\/div>\n<div style=\"text-align: center;\">A\u00f1adimos una capa de crema<\/div>\n<div class=\"separator\" style=\"clear: both; text-align: center;\"><a style=\"margin-left: 1em; margin-right: 1em;\" href=\"http:\/\/3.bp.blogspot.com\/-Sy66gnydZJI\/VM6b5nV5NNI\/AAAAAAAARgM\/Spuvzv2ESAE\/s1600\/ttttttt.jpg\"><img decoding=\"async\" loading=\"lazy\" src=\"https:\/\/elcalaixetdelaiaia.es\/wp-content\/uploads\/2015\/02\/ttttttt.jpg\" width=\"640\" height=\"384\" border=\"0\" \/><\/a><\/div>\n<div style=\"text-align: center;\">y otra de bizcochos en direcci\u00f3n contraria a la primera capa<\/div>\n<div class=\"separator\" style=\"clear: both; text-align: center;\"><a style=\"margin-left: 1em; margin-right: 1em;\" href=\"http:\/\/2.bp.blogspot.com\/-h3AXbO3ZtU8\/VM6b6Hv_MoI\/AAAAAAAARgo\/pKxcAAFrI8U\/s1600\/tttttttt.jpg\"><img decoding=\"async\" loading=\"lazy\" src=\"https:\/\/elcalaixetdelaiaia.es\/wp-content\/uploads\/2015\/02\/tttttttt.jpg\" width=\"640\" height=\"384\" border=\"0\" \/><\/a><\/div>\n<div style=\"text-align: center;\">que tambi\u00e9n pincelamos<\/div>\n<div class=\"separator\" style=\"clear: both; text-align: center;\"><a style=\"margin-left: 1em; margin-right: 1em;\" href=\"http:\/\/4.bp.blogspot.com\/-Nw2Y28blIAM\/VM6b6p41vXI\/AAAAAAAARgU\/X6JQganRLA0\/s1600\/ttttttttt.jpg\"><img decoding=\"async\" loading=\"lazy\" src=\"https:\/\/elcalaixetdelaiaia.es\/wp-content\/uploads\/2015\/02\/ttttttttt.jpg\" width=\"640\" height=\"384\" border=\"0\" \/><\/a><\/div>\n<div style=\"text-align: center;\">volvemos a cubrir con crema<\/div>\n<div class=\"separator\" style=\"clear: both; text-align: center;\"><a style=\"margin-left: 1em; margin-right: 1em;\" href=\"http:\/\/4.bp.blogspot.com\/-pag_W1fY6RE\/VM6b8VEx19I\/AAAAAAAARhU\/6rdebbABma4\/s1600\/ttttttttttt.jpg\"><img decoding=\"async\" loading=\"lazy\" src=\"https:\/\/elcalaixetdelaiaia.es\/wp-content\/uploads\/2015\/02\/ttttttttttt.jpg\" width=\"640\" height=\"384\" border=\"0\" \/><\/a><\/div>\n<div style=\"text-align: center;\">colocamos la \u00faltima capa de bizcochos en la misma direcci\u00f3n que la primera<\/div>\n<div class=\"separator\" style=\"clear: both; text-align: center;\"><a style=\"margin-left: 1em; margin-right: 1em;\" href=\"http:\/\/2.bp.blogspot.com\/-ZGTsrtaGe9o\/VM6b8GbrT5I\/AAAAAAAARg8\/0B70Ukfr9Ss\/s1600\/ttttttttttttt.jpg\"><img decoding=\"async\" loading=\"lazy\" src=\"https:\/\/elcalaixetdelaiaia.es\/wp-content\/uploads\/2015\/02\/ttttttttttttt.jpg\" width=\"640\" height=\"384\" border=\"0\" \/><\/a><\/div>\n<div style=\"text-align: center;\">pincelamos<\/div>\n<div class=\"separator\" style=\"clear: both; text-align: center;\"><a style=\"margin-left: 1em; margin-right: 1em;\" href=\"http:\/\/4.bp.blogspot.com\/-HXTy3H-Gjl4\/VM6b8UyIWhI\/AAAAAAAARg0\/wAT30cHTjDM\/s1600\/ttttttttttttttt.jpg\"><img decoding=\"async\" loading=\"lazy\" src=\"https:\/\/elcalaixetdelaiaia.es\/wp-content\/uploads\/2015\/02\/ttttttttttttttt.jpg\" width=\"640\" height=\"384\" border=\"0\" \/><\/a><\/div>\n<div style=\"text-align: center;\">y ponemos el resto de crema<\/div>\n<div class=\"separator\" style=\"clear: both; text-align: center;\"><a style=\"margin-left: 1em; margin-right: 1em;\" href=\"http:\/\/1.bp.blogspot.com\/-uqM_swUoTNA\/VM6b87_8HqI\/AAAAAAAARhQ\/Ztvj2FqlMoI\/s1600\/tttttttttttttttt.jpg\"><img decoding=\"async\" loading=\"lazy\" src=\"https:\/\/elcalaixetdelaiaia.es\/wp-content\/uploads\/2015\/02\/tttttttttttttttt.jpg\" width=\"640\" height=\"384\" border=\"0\" \/><\/a><\/div>\n<div style=\"text-align: center;\">cubrimos con papel film o tapa y al congelador toda la noche<\/div>\n<div class=\"separator\" style=\"clear: both; text-align: center;\"><a style=\"margin-left: 1em; margin-right: 1em;\" href=\"http:\/\/2.bp.blogspot.com\/-DxF6u7Bb0Ug\/VM6b9RXYQ5I\/AAAAAAAARhM\/bQZu5wWDmbI\/s1600\/ttttttttttttttttt.jpg\"><img decoding=\"async\" loading=\"lazy\" src=\"https:\/\/elcalaixetdelaiaia.es\/wp-content\/uploads\/2015\/02\/ttttttttttttttttt.jpg\" width=\"640\" height=\"384\" border=\"0\" \/><\/a><\/div>\n<div style=\"text-align: center;\">Al d\u00eda siguiente sacamos del congelador, desmoldamos con suavidad<\/div>\n<div class=\"separator\" style=\"clear: both; text-align: center;\"><a style=\"margin-left: 1em; margin-right: 1em;\" href=\"http:\/\/3.bp.blogspot.com\/-GTN1q4h0EjM\/VM6b-O__P0I\/AAAAAAAARhc\/keGClgbVB-Y\/s1600\/tttttttttttttttttt.jpg\"><img decoding=\"async\" loading=\"lazy\" src=\"https:\/\/elcalaixetdelaiaia.es\/wp-content\/uploads\/2015\/02\/tttttttttttttttttt.jpg\" width=\"640\" height=\"384\" border=\"0\" \/><\/a><\/div>\n<div class=\"separator\" style=\"clear: both; text-align: center;\">y gracias al papel sulfurizado desplazaremos sin problemas la tarta a un plato o bandeja<\/div>\n<div class=\"separator\" style=\"clear: both; text-align: center;\"><a style=\"margin-left: 1em; margin-right: 1em;\" href=\"http:\/\/4.bp.blogspot.com\/-taEHg38t8jA\/VM6b-Wq_eyI\/AAAAAAAARh4\/9KU57WyYB7s\/s1600\/ttttttttttttttttttt.jpg\"><img decoding=\"async\" loading=\"lazy\" src=\"https:\/\/elcalaixetdelaiaia.es\/wp-content\/uploads\/2015\/02\/ttttttttttttttttttt.jpg\" width=\"640\" height=\"384\" border=\"0\" \/><\/a><\/div>\n<div class=\"separator\" style=\"clear: both; text-align: center;\">espolvoreamos con cacao puro, amargo, sin leche ni az\u00facar<\/div>\n<div class=\"separator\" style=\"clear: both; text-align: center;\"><a style=\"margin-left: 1em; margin-right: 1em;\" href=\"http:\/\/2.bp.blogspot.com\/-uIkVGCkS7GA\/VM6c7v0RoNI\/AAAAAAAARiY\/nDKpNCodnl0\/s1600\/tttttttttttttttttttttt%2Bmodified.jpg\"><img decoding=\"async\" loading=\"lazy\" src=\"https:\/\/elcalaixetdelaiaia.es\/wp-content\/uploads\/2015\/02\/ttttttttttttttttttttttmodified.jpg\" width=\"640\" height=\"384\" border=\"0\" \/><\/a><\/div>\n<div style=\"text-align: center;\">cubrimos con cacao puro hecho en virutas con la mandolina y decoramos<\/div>\n<div class=\"separator\" style=\"clear: both; text-align: center;\"><a style=\"margin-left: 1em; margin-right: 1em;\" href=\"http:\/\/4.bp.blogspot.com\/-KA2Ltb6Nq_A\/VM6c8ZUBC5I\/AAAAAAAARi4\/nDrsaDA7Uqw\/s1600\/ttttttttttttttttttttttt.jpg\"><img decoding=\"async\" loading=\"lazy\" src=\"https:\/\/elcalaixetdelaiaia.es\/wp-content\/uploads\/2015\/02\/ttttttttttttttttttttttt.jpg\" width=\"640\" height=\"384\" border=\"0\" \/><\/a><\/div>\n<div style=\"text-align: center;\">Como en \u00e9ste caso era para transportar<\/div>\n<div class=\"separator\" style=\"clear: both; text-align: center;\"><a style=\"margin-left: 1em; margin-right: 1em;\" href=\"http:\/\/1.bp.blogspot.com\/-vY2jOl8rXJM\/VM6hpLndX8I\/AAAAAAAARjY\/hu_q8--SCuE\/s1600\/ttttttttttttttttttttttttt.jpg\"><img decoding=\"async\" loading=\"lazy\" src=\"https:\/\/elcalaixetdelaiaia.es\/wp-content\/uploads\/2015\/02\/ttttttttttttttttttttttttt.jpg\" width=\"640\" height=\"380\" border=\"0\" \/><\/a><\/div>\n<div style=\"text-align: center;\">La coloqu\u00e9 en un recipente que guardo para \u00e9stos casos<\/div>\n<div style=\"text-align: center;\"><a style=\"margin-left: 1em; margin-right: 1em;\" href=\"http:\/\/2.bp.blogspot.com\/-wh-29V7qbS0\/VM6hpOnLb7I\/AAAAAAAARjQ\/JUH4Ckz2iVc\/s1600\/tttttttttttttttttttttttttttt.jpg\"><img decoding=\"async\" loading=\"lazy\" src=\"https:\/\/elcalaixetdelaiaia.es\/wp-content\/uploads\/2015\/02\/tttttttttttttttttttttttttttt.jpg\" width=\"640\" height=\"384\" border=\"0\" \/><\/a><\/div>\n<div style=\"text-align: center;\">aqu\u00ed se ve la porci\u00f3n<\/div>\n<div class=\"separator\" style=\"clear: both; text-align: center;\"><a style=\"margin-left: 1em; margin-right: 1em;\" href=\"http:\/\/2.bp.blogspot.com\/-PD51HbfI2so\/VM6hqB8b0CI\/AAAAAAAARjg\/Fr9HH7GPbDc\/s1600\/ttttttttttttttttttttttttttttttttttt.jpg\"><img decoding=\"async\" loading=\"lazy\" src=\"https:\/\/elcalaixetdelaiaia.es\/wp-content\/uploads\/2015\/02\/ttttttttttttttttttttttttttttttttttt.jpg\" width=\"640\" height=\"386\" border=\"0\" \/><\/a><\/div>\n<div style=\"text-align: center;\">y aqu\u00ed el corte de la tarta<\/div>\n<div class=\"separator\" style=\"clear: both; text-align: center;\"><a style=\"margin-left: 1em; margin-right: 1em;\" href=\"http:\/\/1.bp.blogspot.com\/-gi_3ixHHQ08\/VM6hqFC34nI\/AAAAAAAARjk\/gqv1hLtXPH4\/s1600\/ttttttttttttttttttttttttttttt.jpg\"><img decoding=\"async\" loading=\"lazy\" src=\"https:\/\/elcalaixetdelaiaia.es\/wp-content\/uploads\/2015\/02\/ttttttttttttttttttttttttttttt.jpg\" width=\"640\" height=\"362\" border=\"0\" \/><\/a><\/div>\n<div style=\"text-align: center;\">\u00abA la taula i&#8230; BON PROFIT!!!\u00bb<br \/>\nSi te gusta mi receta, puedes compartirla para que llegue a m\u00e1s gente.<br \/>\nEspero tus comentarios y recuerda que tambi\u00e9n estoy en Facebook\u00a0<a href=\"https:\/\/www.facebook.com\/El-calaixet-de-la-iaia-533062140099386\/\">https:\/\/www.facebook.com\/El-calaixet-de-la-iaia-533062140099386\/<\/a><\/div>\n<div>\u00a1GRACIAS!<\/div>\n<\/div>\n<\/div>\n","protected":false},"excerpt":{"rendered":"<p>\u00abRefrany;A la pres\u00f3 i al llit, es coneix el bon amic\u00bb.En la prisi\u00f3n y en la cama, se conoce al buen amigo. Tarta Charlota semi fr\u00eda de Tiramis\u00fa. Dice la leyenda, que durante el Renacimiento se consideraba al Tiramis\u00fa como un potente afrodis\u00edaco, por lo que las venecianas se lo &hellip; <\/p>\n","protected":false},"author":2,"featured_media":9526,"comment_status":"open","ping_status":"open","sticky":false,"template":"","format":"standard","meta":[],"categories":[6,1],"tags":[],"_links":{"self":[{"href":"https:\/\/elcalaixetdelaiaia.es\/index.php?rest_route=\/wp\/v2\/posts\/776"}],"collection":[{"href":"https:\/\/elcalaixetdelaiaia.es\/index.php?rest_route=\/wp\/v2\/posts"}],"about":[{"href":"https:\/\/elcalaixetdelaiaia.es\/index.php?rest_route=\/wp\/v2\/types\/post"}],"author":[{"embeddable":true,"href":"https:\/\/elcalaixetdelaiaia.es\/index.php?rest_route=\/wp\/v2\/users\/2"}],"replies":[{"embeddable":true,"href":"https:\/\/elcalaixetdelaiaia.es\/index.php?rest_route=%2Fwp%2Fv2%2Fcomments&post=776"}],"version-history":[{"count":15,"href":"https:\/\/elcalaixetdelaiaia.es\/index.php?rest_route=\/wp\/v2\/posts\/776\/revisions"}],"predecessor-version":[{"id":27684,"href":"https:\/\/elcalaixetdelaiaia.es\/index.php?rest_route=\/wp\/v2\/posts\/776\/revisions\/27684"}],"wp:featuredmedia":[{"embeddable":true,"href":"https:\/\/elcalaixetdelaiaia.es\/index.php?rest_route=\/wp\/v2\/media\/9526"}],"wp:attachment":[{"href":"https:\/\/elcalaixetdelaiaia.es\/index.php?rest_route=%2Fwp%2Fv2%2Fmedia&parent=776"}],"wp:term":[{"taxonomy":"category","embeddable":true,"href":"https:\/\/elcalaixetdelaiaia.es\/index.php?rest_route=%2Fwp%2Fv2%2Fcategories&post=776"},{"taxonomy":"post_tag","embeddable":true,"href":"https:\/\/elcalaixetdelaiaia.es\/index.php?rest_route=%2Fwp%2Fv2%2Ftags&post=776"}],"curies":[{"name":"wp","href":"https:\/\/api.w.org\/{rel}","templated":true}]}}