{"id":76,"date":"2017-04-19T17:34:38","date_gmt":"2017-04-19T17:34:38","guid":{"rendered":"http:\/\/elcalaixetdelaiaia.es\/?p=76"},"modified":"2025-06-14T06:04:14","modified_gmt":"2025-06-14T06:04:14","slug":"pa-dalboraia-pudin-dorxata-i-fartons","status":"publish","type":"post","link":"https:\/\/elcalaixetdelaiaia.es\/?p=76","title":{"rendered":"P\u00e0 d&#8217;Alboraia pud\u00edn \u00abd&#8217;orxata i fartons\u00bb paso a paso foto a foto"},"content":{"rendered":"<p>\u00abRefrany; <span class=\"st\">Qui te padrins, el bategen\u00bb Quien tiene padrinos, lo bautizan.<br \/>\n<\/span><\/p>\n<p>Pues eso hice yo hace ya unos a\u00f1os, bautizar \u00e9sta receta que mi marido me dec\u00eda que patentara por lo s\u00faper rica que est\u00e1 y ahora os lo explico&#8230; como al pud\u00edn o bud\u00edn, (en la zona de Castilla -La Mancha, algunas zonas de Murcia y Albacete) le llaman \u00abPan de Calatrava\u00bb y como \u00e9ste, se hace con los productos t\u00edpicos de la cuna de la Xufa que son\u00bb l&#8217;orxata i els fart\u00f2ns\u00bb, a \u00e9ste pud\u00edn yo le llamo \u00abPa d&#8217;Alboraia\u00bb jajajaja, \u00bfque os parece? Pan de Alboraya, como siempre, yo, tirando para la Terreta \ud83d\ude42<\/p>\n<p><img decoding=\"async\" loading=\"lazy\" class=\"alignnone size-large wp-image-16765\" src=\"https:\/\/elcalaixetdelaiaia.es\/wp-content\/uploads\/2018\/04\/SSHT9888-1024x768.png\" alt=\"\" width=\"750\" height=\"563\" srcset=\"https:\/\/elcalaixetdelaiaia.es\/wp-content\/uploads\/2018\/04\/SSHT9888-1024x768.png 1024w, https:\/\/elcalaixetdelaiaia.es\/wp-content\/uploads\/2018\/04\/SSHT9888-300x225.png 300w, https:\/\/elcalaixetdelaiaia.es\/wp-content\/uploads\/2018\/04\/SSHT9888-768x576.png 768w\" sizes=\"(max-width: 750px) 100vw, 750px\" \/><\/p>\n<p>Tengo pendiente de publicar mi receta de \u00abFart\u00f2ns casers\u00bb, no me olvido de ello, pero teniendo en cuenta que hoy d\u00eda se pueden encontrar fart\u00f2ns comercializados en casi cualquier lugar, grandes y peque\u00f1os supermercados, panader\u00edas y pasteler\u00edas, (aunque como lo hecho en casa no hay nada), no hay excusa para comerlos. Mi preferencia de toda la vida para mojar la horchata son las \u00abrosquilletes de llavoretes\u00bb, o la \u00abcoca de llanda de la iaia Conxeta\u00bb, o las ensaimadas, pero si se trata de fartons, prefiero los hojaldrados, y os puedo asegurar que en mi casa se comen, que son divinos y nos ahorramos el tener que estar haci\u00e9ndolos, desde que prob\u00e9 los hojaldrados, ya no como otros,y \u00bfc\u00f3mo no? mis favoritos son los de Sub\u00edes, los Amparitos me encantan , y como siempre quiero hacer hincapi\u00e9 que os los recomiendo como todo, porque realmente me gustan, mi blog es totalmente altruista, no cobro absolutamente NADA, ni en productos, ni regalos ni en dinero, de nadie por mis recomendaciones, ni por ninguna otra cosa \ud83d\ude09 aunque no me importar\u00eda , desde luego, pero de momento es as\u00ed.<\/p>\n<p>Esta entrada estaba publicada hace a\u00f1os ya&#8230; pero no se donde est\u00e1, porque ha desaparecido del blog, y me di cuenta de ello al publicar el otro d\u00eda otra receta con horchata, al ir a poner el link, as\u00ed que he aprovechado que la he hecho de nuevo con el paso a paso, para publicarla otra ez y si aparece la otra \u00a1ya hay dos \ud83d\ude09 !<\/p>\n<p>No hace mucho publiqu\u00e9 mi receta de \u00abOrxata de xufa\u00bb cuyo paso a paso detallado, pod\u00e9is ver pinchando aqu\u00ed;\u00a0<a href=\"https:\/\/elcalaixetdelaiaia.es\/?p=231\">https:\/\/elcalaixetdelaiaia.es\/?p=231<\/a><\/p>\n<p>Necesitaremos;<\/p>\n<div class=\"separator\" style=\"clear: both; text-align: center;\"><a style=\"margin-left: 1em; margin-right: 1em;\" href=\"https:\/\/3.bp.blogspot.com\/-6wDTVDD07Jw\/WbsFB_6yzYI\/AAAAAAAApiw\/769cETiXI4sYOnhdclzV50CGY8zUXVp1wCLcBGAs\/s1600\/IMG_7033.PNG\"><img decoding=\"async\" loading=\"lazy\" src=\"https:\/\/elcalaixetdelaiaia.es\/wp-content\/uploads\/2017\/09\/IMG_7033.png\" width=\"480\" height=\"640\" border=\"0\" data-original-height=\"1600\" data-original-width=\"1200\" \/><\/a><\/div>\n<ol>\n<li>Medio litro de horchata natural casera o en su defecto de horchata de concentrado<\/li>\n<li>6 fart\u00f2ns hojaldrados<\/li>\n<li>\u00a0Tres huevos camperos<\/li>\n<li>\u00a0La ralladura de medio lim\u00f3n<\/li>\n<li>Una cucharadita de Maizena<\/li>\n<li>Caramelo l\u00edquido casero<\/li>\n<\/ol>\n<p>Estos son los ingredientes para hacer un \u00abP\u00e0 d&#8217;Alboraia\u00bb medianito, para seis personas si sois mas, tendr\u00e9is que a\u00f1adir mas cantidad de ingredientes.<\/p>\n<p>Esta receta naci\u00f3 un d\u00eda que hice fart\u00f2ns caseros, tuvimos un ingreso inesperado&#8230;\u00a0 y se quedaron duros sin llegar ni a probarlos, y me resist\u00ed a tirarlos, procuro no tirar nada y suelo inventar comidas de aprovechamiento, siguiendo el ejemplo de mis iaias, t\u00edas y mami,\u00a0 y \u00e9sta es una de tantas.<\/p>\n<p>Me pirra la Orxata, y esta tierra es la cuna de la Xufa. En Alboraia tengo unos lazos muy muy especiales, aparte de tener aqu\u00ed a mi iaia y a mi madre para siempre, he pasado maravillosos a\u00f1os en la caseta junto al mar, mi marido trabajo durante a\u00f1os en la Avda. de la Orxata, parte de la familia es del pueblo, mi hermano vive aqu\u00ed con un grand\u00edsimo arraigo en Patacona, mi otro hermano tambi\u00e9n se vino al venirme yo, y ahora soy yo quien, por casualidades de la vida, estoy con un pie en Malilla y otro aqu\u00ed, ya que paso much\u00edsimo tiempo otra vez junto al mar, junto a mis hermanos y familia, el mar para mi, es una recarga de energ\u00eda bestial. En Patacona encuentro la paz, la soledad y tranquilidad que necesito ahora mismo, y aunque no puedo pasear por la orilla (porque no dejan llevar a perritos, y sin mi LLuna, no puedo salir de casa&#8230; la pobrecita no puede resistir que la deje sola), lo hago por el paseo, respiro y saboreo el olor del yodo y me recargo con los rayos del sol&#8230; bueno \u00bfy a que viene todo \u00e9stoooo? ahhh si&#8230; al Pa d&#8217;Alboraia jajajaja, me he vuelto a ir por los cerros de \u00dabeda\u00a0 \ud83d\ude09<\/p>\n<p><img decoding=\"async\" loading=\"lazy\" class=\"alignnone size-large wp-image-16766\" src=\"https:\/\/elcalaixetdelaiaia.es\/wp-content\/uploads\/2018\/04\/THRJ1805-1024x768.png\" alt=\"\" width=\"750\" height=\"563\" srcset=\"https:\/\/elcalaixetdelaiaia.es\/wp-content\/uploads\/2018\/04\/THRJ1805-1024x768.png 1024w, https:\/\/elcalaixetdelaiaia.es\/wp-content\/uploads\/2018\/04\/THRJ1805-300x225.png 300w, https:\/\/elcalaixetdelaiaia.es\/wp-content\/uploads\/2018\/04\/THRJ1805-768x576.png 768w\" sizes=\"(max-width: 750px) 100vw, 750px\" \/><\/p>\n<p>Hoy he recordado que esta entrada est\u00e1 perdida, y justo hace unos d\u00edas, compr\u00e9 unos fartons hojaldrados en la panader\u00eda, que ya estaban sec\u00e1ndose un poco, vivo en la cuna de la horchata y sin pensarlo, he preparado \u00e9sta receta para mi peque, que viene\u00a0 a comer conmigo y de paso se llevar\u00e1 un taper.<\/p>\n<p><img decoding=\"async\" loading=\"lazy\" class=\"alignnone size-large wp-image-16757\" src=\"https:\/\/elcalaixetdelaiaia.es\/wp-content\/uploads\/2018\/04\/IMG_E8808-1024x768.jpg\" alt=\"\" width=\"750\" height=\"563\" srcset=\"https:\/\/elcalaixetdelaiaia.es\/wp-content\/uploads\/2018\/04\/IMG_E8808-1024x768.jpg 1024w, https:\/\/elcalaixetdelaiaia.es\/wp-content\/uploads\/2018\/04\/IMG_E8808-300x225.jpg 300w, https:\/\/elcalaixetdelaiaia.es\/wp-content\/uploads\/2018\/04\/IMG_E8808-768x576.jpg 768w\" sizes=\"(max-width: 750px) 100vw, 750px\" \/><\/p>\n<p>Siempre que me acuerdo, procuro poneros las medidas de los recipientes que uso, porque lo considero muy interesante para que os pod\u00e1is guiar. El de hoy es antiadherente, de poco fondo, estrecho y alargado, perfecto para los ingredientes que os pongo y mide<\/p>\n<p><img decoding=\"async\" loading=\"lazy\" class=\"alignnone size-large wp-image-16747\" src=\"https:\/\/elcalaixetdelaiaia.es\/wp-content\/uploads\/2018\/04\/GJOK4172-1024x753.png\" alt=\"\" width=\"750\" height=\"552\" srcset=\"https:\/\/elcalaixetdelaiaia.es\/wp-content\/uploads\/2018\/04\/GJOK4172-1024x753.png 1024w, https:\/\/elcalaixetdelaiaia.es\/wp-content\/uploads\/2018\/04\/GJOK4172-300x220.png 300w, https:\/\/elcalaixetdelaiaia.es\/wp-content\/uploads\/2018\/04\/GJOK4172-768x564.png 768w\" sizes=\"(max-width: 750px) 100vw, 750px\" \/><\/p>\n<p>31cm de largo 12cm ancho y 4cm de alto<\/p>\n<p>No hay nada como lo casero, por eso os recomiendo que cuando teng\u00e1is un ratito prepar\u00e9is un caramelo en casa y lo guard\u00e9is en la despensa como pod\u00e9is ver aqu\u00ed;\u00a0<a href=\"https:\/\/elcalaixetdelaiaia.es\/?p=1047\">https:\/\/elcalaixetdelaiaia.es\/?p=1047<\/a><\/p>\n<p><img decoding=\"async\" loading=\"lazy\" class=\"alignnone size-large wp-image-16748\" src=\"https:\/\/elcalaixetdelaiaia.es\/wp-content\/uploads\/2018\/04\/HGGE5115-1024x767.png\" alt=\"\" width=\"750\" height=\"562\" srcset=\"https:\/\/elcalaixetdelaiaia.es\/wp-content\/uploads\/2018\/04\/HGGE5115-1024x767.png 1024w, https:\/\/elcalaixetdelaiaia.es\/wp-content\/uploads\/2018\/04\/HGGE5115-300x225.png 300w, https:\/\/elcalaixetdelaiaia.es\/wp-content\/uploads\/2018\/04\/HGGE5115-768x576.png 768w\" sizes=\"(max-width: 750px) 100vw, 750px\" \/><\/p>\n<p style=\"text-align: center;\">repartiremos bien el caramelo por todas las paredes del molde<\/p>\n<p style=\"text-align: center;\"><img decoding=\"async\" loading=\"lazy\" class=\"alignnone size-large wp-image-16746\" src=\"https:\/\/elcalaixetdelaiaia.es\/wp-content\/uploads\/2018\/04\/FYTY2692-1024x768.png\" alt=\"\" width=\"750\" height=\"563\" srcset=\"https:\/\/elcalaixetdelaiaia.es\/wp-content\/uploads\/2018\/04\/FYTY2692-1024x768.png 1024w, https:\/\/elcalaixetdelaiaia.es\/wp-content\/uploads\/2018\/04\/FYTY2692-300x225.png 300w, https:\/\/elcalaixetdelaiaia.es\/wp-content\/uploads\/2018\/04\/FYTY2692-768x576.png 768w\" sizes=\"(max-width: 750px) 100vw, 750px\" \/><\/p>\n<p style=\"text-align: center;\">cortaremos \u00abels fart\u00f2ns\u00bb por la mitad y con ellos, iremos forrrando el molde, como veis en la imagen<\/p>\n<p style=\"text-align: center;\"><img decoding=\"async\" loading=\"lazy\" class=\"alignnone size-large wp-image-16762\" src=\"https:\/\/elcalaixetdelaiaia.es\/wp-content\/uploads\/2018\/04\/QCXF7590-1024x768.png\" alt=\"\" width=\"750\" height=\"563\" srcset=\"https:\/\/elcalaixetdelaiaia.es\/wp-content\/uploads\/2018\/04\/QCXF7590-1024x768.png 1024w, https:\/\/elcalaixetdelaiaia.es\/wp-content\/uploads\/2018\/04\/QCXF7590-300x225.png 300w, https:\/\/elcalaixetdelaiaia.es\/wp-content\/uploads\/2018\/04\/QCXF7590-768x576.png 768w\" sizes=\"(max-width: 750px) 100vw, 750px\" \/><\/p>\n<p style=\"text-align: center;\">hasta completar el forrado del molde<\/p>\n<p style=\"text-align: center;\"><img decoding=\"async\" loading=\"lazy\" class=\"alignnone wp-image-16769\" src=\"https:\/\/elcalaixetdelaiaia.es\/wp-content\/uploads\/2018\/04\/battiendohuevos1.jpg\" alt=\"\" width=\"634\" height=\"421\" srcset=\"https:\/\/elcalaixetdelaiaia.es\/wp-content\/uploads\/2018\/04\/battiendohuevos1.jpg 447w, https:\/\/elcalaixetdelaiaia.es\/wp-content\/uploads\/2018\/04\/battiendohuevos1-300x199.jpg 300w\" sizes=\"(max-width: 634px) 100vw, 634px\" \/><\/p>\n<p style=\"text-align: center;\">batiremos tres huevos camperos<\/p>\n<p style=\"text-align: center;\"><img decoding=\"async\" loading=\"lazy\" class=\"alignnone size-large wp-image-16758\" src=\"https:\/\/elcalaixetdelaiaia.es\/wp-content\/uploads\/2018\/04\/IMNJ2032-1024x768.png\" alt=\"\" width=\"750\" height=\"563\" srcset=\"https:\/\/elcalaixetdelaiaia.es\/wp-content\/uploads\/2018\/04\/IMNJ2032-1024x768.png 1024w, https:\/\/elcalaixetdelaiaia.es\/wp-content\/uploads\/2018\/04\/IMNJ2032-300x225.png 300w, https:\/\/elcalaixetdelaiaia.es\/wp-content\/uploads\/2018\/04\/IMNJ2032-768x576.png 768w\" sizes=\"(max-width: 750px) 100vw, 750px\" \/><\/p>\n<p style=\"text-align: center;\">pondremos en un bol 300ml de horchata. El resto, lo dejaremos en el frigo.<\/p>\n<p style=\"text-align: center;\"><img decoding=\"async\" loading=\"lazy\" class=\"alignnone size-large wp-image-16764\" src=\"https:\/\/elcalaixetdelaiaia.es\/wp-content\/uploads\/2018\/04\/QSLG2899-1024x769.png\" alt=\"\" width=\"750\" height=\"563\" srcset=\"https:\/\/elcalaixetdelaiaia.es\/wp-content\/uploads\/2018\/04\/QSLG2899-1024x769.png 1024w, https:\/\/elcalaixetdelaiaia.es\/wp-content\/uploads\/2018\/04\/QSLG2899-300x225.png 300w, https:\/\/elcalaixetdelaiaia.es\/wp-content\/uploads\/2018\/04\/QSLG2899-768x576.png 768w\" sizes=\"(max-width: 750px) 100vw, 750px\" \/><\/p>\n<p style=\"text-align: center;\">y la mezclaremos bien con los huevos batidos. No a\u00f1ad\u00e1is nada de az\u00facar, pensad que la horchata ya lleva y que el caramelo l\u00edquido, obviamente \u00a1tambi\u00e9n!<\/p>\n<p style=\"text-align: center;\"><img decoding=\"async\" loading=\"lazy\" class=\"alignnone size-large wp-image-16742\" src=\"https:\/\/elcalaixetdelaiaia.es\/wp-content\/uploads\/2018\/04\/AUNI5663-2-1024x797.png\" alt=\"\" width=\"750\" height=\"584\" srcset=\"https:\/\/elcalaixetdelaiaia.es\/wp-content\/uploads\/2018\/04\/AUNI5663-2-1024x797.png 1024w, https:\/\/elcalaixetdelaiaia.es\/wp-content\/uploads\/2018\/04\/AUNI5663-2-300x234.png 300w, https:\/\/elcalaixetdelaiaia.es\/wp-content\/uploads\/2018\/04\/AUNI5663-2-768x598.png 768w\" sizes=\"(max-width: 750px) 100vw, 750px\" \/><\/p>\n<p style=\"text-align: center;\">A\u00f1adiremos la ralladura de medio lim\u00f3n, no pong\u00e1is mas porque de lo contrario, el sabor del lim\u00f3n de \u00abcome\u00bb al de la chufa<\/p>\n<p style=\"text-align: center;\"><img decoding=\"async\" loading=\"lazy\" class=\"alignnone size-large wp-image-16768\" src=\"https:\/\/elcalaixetdelaiaia.es\/wp-content\/uploads\/2018\/04\/YHQN3117-1024x768.png\" alt=\"\" width=\"750\" height=\"563\" srcset=\"https:\/\/elcalaixetdelaiaia.es\/wp-content\/uploads\/2018\/04\/YHQN3117-1024x768.png 1024w, https:\/\/elcalaixetdelaiaia.es\/wp-content\/uploads\/2018\/04\/YHQN3117-300x225.png 300w, https:\/\/elcalaixetdelaiaia.es\/wp-content\/uploads\/2018\/04\/YHQN3117-768x576.png 768w\" sizes=\"(max-width: 750px) 100vw, 750px\" \/><\/p>\n<p style=\"text-align: center;\">volcamos la horchata con huevo sobre \u00abels fart\u00f2ns\u00bb<\/p>\n<p style=\"text-align: center;\"><img decoding=\"async\" loading=\"lazy\" class=\"alignnone size-large wp-image-16743\" src=\"https:\/\/elcalaixetdelaiaia.es\/wp-content\/uploads\/2018\/04\/DLTV4545-1024x727.png\" alt=\"\" width=\"750\" height=\"532\" srcset=\"https:\/\/elcalaixetdelaiaia.es\/wp-content\/uploads\/2018\/04\/DLTV4545-1024x727.png 1024w, https:\/\/elcalaixetdelaiaia.es\/wp-content\/uploads\/2018\/04\/DLTV4545-300x213.png 300w, https:\/\/elcalaixetdelaiaia.es\/wp-content\/uploads\/2018\/04\/DLTV4545-768x545.png 768w\" sizes=\"(max-width: 750px) 100vw, 750px\" \/><\/p>\n<p style=\"text-align: center;\">y terminamos de poner los que nos quedaban, partidos por la mitad y esta vez boca abajo.<\/p>\n<p style=\"text-align: center;\"><img decoding=\"async\" loading=\"lazy\" class=\"alignnone size-large wp-image-16770\" src=\"https:\/\/elcalaixetdelaiaia.es\/wp-content\/uploads\/2018\/04\/IMG_8718-1024x640.jpg\" alt=\"\" width=\"750\" height=\"469\" srcset=\"https:\/\/elcalaixetdelaiaia.es\/wp-content\/uploads\/2018\/04\/IMG_8718-1024x640.jpg 1024w, https:\/\/elcalaixetdelaiaia.es\/wp-content\/uploads\/2018\/04\/IMG_8718-300x188.jpg 300w, https:\/\/elcalaixetdelaiaia.es\/wp-content\/uploads\/2018\/04\/IMG_8718-768x480.jpg 768w\" sizes=\"(max-width: 750px) 100vw, 750px\" \/><\/p>\n<p style=\"text-align: center;\">Tapamos con el molde con papel aluminio procurando sellarlo bien, y al frigo una media horita, con el fin de reposar la mezcla para que se empapen muy bien \u00abelsfart\u00f2ns\u00bb.<\/p>\n<p style=\"text-align: center;\"><img decoding=\"async\" loading=\"lazy\" class=\"alignnone size-large wp-image-16736\" src=\"https:\/\/elcalaixetdelaiaia.es\/wp-content\/uploads\/2018\/04\/fornfirmat-1024x768.jpg\" alt=\"\" width=\"750\" height=\"563\" srcset=\"https:\/\/elcalaixetdelaiaia.es\/wp-content\/uploads\/2018\/04\/fornfirmat-1024x768.jpg 1024w, https:\/\/elcalaixetdelaiaia.es\/wp-content\/uploads\/2018\/04\/fornfirmat-300x225.jpg 300w, https:\/\/elcalaixetdelaiaia.es\/wp-content\/uploads\/2018\/04\/fornfirmat-768x576.jpg 768w\" sizes=\"(max-width: 750px) 100vw, 750px\" \/><\/p>\n<p style=\"text-align: center;\">Pasado \u00e9ste tiempo (yo he llegado a dejarlo toda la noche), pondremos a precalentar el horno a 180\u00ba con calor arriba y abajo<\/p>\n<p style=\"text-align: center;\"><img decoding=\"async\" loading=\"lazy\" class=\"alignnone size-large wp-image-16759\" src=\"https:\/\/elcalaixetdelaiaia.es\/wp-content\/uploads\/2018\/04\/NZGE8902-1024x768.png\" alt=\"\" width=\"750\" height=\"563\" srcset=\"https:\/\/elcalaixetdelaiaia.es\/wp-content\/uploads\/2018\/04\/NZGE8902-1024x768.png 1024w, https:\/\/elcalaixetdelaiaia.es\/wp-content\/uploads\/2018\/04\/NZGE8902-300x225.png 300w, https:\/\/elcalaixetdelaiaia.es\/wp-content\/uploads\/2018\/04\/NZGE8902-768x576.png 768w\" sizes=\"(max-width: 750px) 100vw, 750px\" \/><\/p>\n<p style=\"text-align: center;\">sacamos el molde del frigo, lo ponemos sobre una bandeja de horno y volcamos agua en la misma, hasta llegar mas o menos a la mitad del molde. La intenci\u00f3n de sellarlo bien con el papel aluminio es de que no entre nada de agua, porque lo vamos a hornear al ba\u00f1o mar\u00eda con el horno ya calentito a 180\u00ba<\/p>\n<p style=\"text-align: center;\"><img decoding=\"async\" loading=\"lazy\" class=\"alignnone size-large wp-image-16763\" src=\"https:\/\/elcalaixetdelaiaia.es\/wp-content\/uploads\/2018\/04\/QLGF5515-1024x768.png\" alt=\"\" width=\"750\" height=\"563\" srcset=\"https:\/\/elcalaixetdelaiaia.es\/wp-content\/uploads\/2018\/04\/QLGF5515-1024x768.png 1024w, https:\/\/elcalaixetdelaiaia.es\/wp-content\/uploads\/2018\/04\/QLGF5515-300x225.png 300w, https:\/\/elcalaixetdelaiaia.es\/wp-content\/uploads\/2018\/04\/QLGF5515-768x576.png 768w\" sizes=\"(max-width: 750px) 100vw, 750px\" \/><\/p>\n<p style=\"text-align: center;\">y al horno, en el m\u00edo durante 30 minutos. Cada horno necesita unos tiempos distintos, los que os doy son orientativos, cada cual conoce el suyo y para saber si ya est\u00e1 en su punto<\/p>\n<p style=\"text-align: center;\"><img decoding=\"async\" loading=\"lazy\" class=\"alignnone size-large wp-image-16754\" src=\"https:\/\/elcalaixetdelaiaia.es\/wp-content\/uploads\/2018\/04\/IMG_E8734-1024x768.jpg\" alt=\"\" width=\"750\" height=\"563\" srcset=\"https:\/\/elcalaixetdelaiaia.es\/wp-content\/uploads\/2018\/04\/IMG_E8734-1024x768.jpg 1024w, https:\/\/elcalaixetdelaiaia.es\/wp-content\/uploads\/2018\/04\/IMG_E8734-300x225.jpg 300w, https:\/\/elcalaixetdelaiaia.es\/wp-content\/uploads\/2018\/04\/IMG_E8734-768x576.jpg 768w\" sizes=\"(max-width: 750px) 100vw, 750px\" \/><\/p>\n<p style=\"text-align: center;\">el mejor truco es pinchar en el centro con un palo de brocheta o palillo. En \u00e9ste caso aunque salga un poco mojado, no pasa nada porque cuaja un poco, incluso cuando lo retiremos del horno. Sacaremos el molde, y lo dejaremos entibiar un poco<\/p>\n<p style=\"text-align: center;\"><img decoding=\"async\" loading=\"lazy\" class=\"alignnone size-large wp-image-16749\" src=\"https:\/\/elcalaixetdelaiaia.es\/wp-content\/uploads\/2018\/04\/HLPA0575-1024x790.png\" alt=\"\" width=\"750\" height=\"579\" srcset=\"https:\/\/elcalaixetdelaiaia.es\/wp-content\/uploads\/2018\/04\/HLPA0575-1024x790.png 1024w, https:\/\/elcalaixetdelaiaia.es\/wp-content\/uploads\/2018\/04\/HLPA0575-300x231.png 300w, https:\/\/elcalaixetdelaiaia.es\/wp-content\/uploads\/2018\/04\/HLPA0575-768x592.png 768w\" sizes=\"(max-width: 750px) 100vw, 750px\" \/><\/p>\n<p style=\"text-align: center;\">Antes de que se enfr\u00ede del todo, lo desmoldaremos<\/p>\n<p style=\"text-align: center;\"><img decoding=\"async\" loading=\"lazy\" class=\"alignnone size-large wp-image-16744\" src=\"https:\/\/elcalaixetdelaiaia.es\/wp-content\/uploads\/2018\/04\/DZDB3196-1024x768.png\" alt=\"\" width=\"750\" height=\"563\" srcset=\"https:\/\/elcalaixetdelaiaia.es\/wp-content\/uploads\/2018\/04\/DZDB3196-1024x768.png 1024w, https:\/\/elcalaixetdelaiaia.es\/wp-content\/uploads\/2018\/04\/DZDB3196-300x225.png 300w, https:\/\/elcalaixetdelaiaia.es\/wp-content\/uploads\/2018\/04\/DZDB3196-768x576.png 768w\" sizes=\"(max-width: 750px) 100vw, 750px\" \/><\/p>\n<p style=\"text-align: center;\">con cuidado de que no se pierda el jugo del caramelo l\u00edquido<\/p>\n<p style=\"text-align: center;\"><img decoding=\"async\" loading=\"lazy\" class=\"alignnone size-large wp-image-16745\" src=\"https:\/\/elcalaixetdelaiaia.es\/wp-content\/uploads\/2018\/04\/EFKH8805-1024x768.png\" alt=\"\" width=\"750\" height=\"563\" srcset=\"https:\/\/elcalaixetdelaiaia.es\/wp-content\/uploads\/2018\/04\/EFKH8805-1024x768.png 1024w, https:\/\/elcalaixetdelaiaia.es\/wp-content\/uploads\/2018\/04\/EFKH8805-300x225.png 300w, https:\/\/elcalaixetdelaiaia.es\/wp-content\/uploads\/2018\/04\/EFKH8805-768x576.png 768w\" sizes=\"(max-width: 750px) 100vw, 750px\" \/><\/p>\n<p style=\"text-align: center;\">y lo pondremos en el frigo, hasta la hora de consumir, porque se ha de comer muy muy fresquito.<\/p>\n<p style=\"text-align: center;\"><img decoding=\"async\" loading=\"lazy\" class=\"alignnone size-large wp-image-16755\" src=\"https:\/\/elcalaixetdelaiaia.es\/wp-content\/uploads\/2018\/04\/IMG_E8744-1024x768.jpg\" alt=\"\" width=\"750\" height=\"563\" srcset=\"https:\/\/elcalaixetdelaiaia.es\/wp-content\/uploads\/2018\/04\/IMG_E8744-1024x768.jpg 1024w, https:\/\/elcalaixetdelaiaia.es\/wp-content\/uploads\/2018\/04\/IMG_E8744-300x225.jpg 300w, https:\/\/elcalaixetdelaiaia.es\/wp-content\/uploads\/2018\/04\/IMG_E8744-768x576.jpg 768w\" sizes=\"(max-width: 750px) 100vw, 750px\" \/><\/p>\n<p style=\"text-align: center;\">Y ahora \u00bfos acord\u00e1is de los 200ml de horchata que tenemos en el frigo? pues ha llegado el momento de hacer con ella, una \u00abcrema d&#8217;orxata\u00bb, para ello, le a\u00f1adiremos una cucharadita de harina de ma\u00edz y daremos golpes en el micro de 15 segundos, sacando y batiendo, hasta que obtengamos una cremita no demasiado espesa.<\/p>\n<p style=\"text-align: center;\"><img decoding=\"async\" loading=\"lazy\" class=\"alignnone size-large wp-image-16756\" src=\"https:\/\/elcalaixetdelaiaia.es\/wp-content\/uploads\/2018\/04\/IMG_E8760-1024x759.jpg\" alt=\"\" width=\"750\" height=\"556\" srcset=\"https:\/\/elcalaixetdelaiaia.es\/wp-content\/uploads\/2018\/04\/IMG_E8760-1024x759.jpg 1024w, https:\/\/elcalaixetdelaiaia.es\/wp-content\/uploads\/2018\/04\/IMG_E8760-300x222.jpg 300w, https:\/\/elcalaixetdelaiaia.es\/wp-content\/uploads\/2018\/04\/IMG_E8760-768x569.jpg 768w\" sizes=\"(max-width: 750px) 100vw, 750px\" \/><\/p>\n<p style=\"text-align: center;\">y la dejaremos enfriar junto al pud\u00edn que tenemos en el frigo. A la hora de servir, volcaremos la crema en una salsera, para que cada cual se sirva a su gusto.<\/p>\n<p style=\"text-align: center;\"><img decoding=\"async\" loading=\"lazy\" class=\"alignnone size-large wp-image-16766\" src=\"https:\/\/elcalaixetdelaiaia.es\/wp-content\/uploads\/2018\/04\/THRJ1805-1024x768.png\" alt=\"\" width=\"750\" height=\"563\" srcset=\"https:\/\/elcalaixetdelaiaia.es\/wp-content\/uploads\/2018\/04\/THRJ1805-1024x768.png 1024w, https:\/\/elcalaixetdelaiaia.es\/wp-content\/uploads\/2018\/04\/THRJ1805-300x225.png 300w, https:\/\/elcalaixetdelaiaia.es\/wp-content\/uploads\/2018\/04\/THRJ1805-768x576.png 768w\" sizes=\"(max-width: 750px) 100vw, 750px\" \/><\/p>\n<p style=\"text-align: center;\">Madre m\u00eda que bien huele&#8230; y como le gustaba a mi marido, no me extra\u00f1a que me dijera que hab\u00eda que patentar \u00e9ste invento, de hecho el verano pasado, ya me dijeron que hab\u00edan visto esta receta en varios blogs de cocina&#8230;<\/p>\n<p style=\"text-align: center;\"><img decoding=\"async\" loading=\"lazy\" class=\"alignnone size-large wp-image-16751\" src=\"https:\/\/elcalaixetdelaiaia.es\/wp-content\/uploads\/2018\/04\/HYMA1378-1024x768.png\" alt=\"\" width=\"750\" height=\"563\" srcset=\"https:\/\/elcalaixetdelaiaia.es\/wp-content\/uploads\/2018\/04\/HYMA1378-1024x768.png 1024w, https:\/\/elcalaixetdelaiaia.es\/wp-content\/uploads\/2018\/04\/HYMA1378-300x225.png 300w, https:\/\/elcalaixetdelaiaia.es\/wp-content\/uploads\/2018\/04\/HYMA1378-768x576.png 768w\" sizes=\"(max-width: 750px) 100vw, 750px\" \/><\/p>\n<p style=\"text-align: center;\">servimos la porci\u00f3n, regamos con la crema \u00abd&#8217;orxata\u00bb<\/p>\n<p style=\"text-align: center;\"><img decoding=\"async\" loading=\"lazy\" class=\"alignnone size-large wp-image-16765\" src=\"https:\/\/elcalaixetdelaiaia.es\/wp-content\/uploads\/2018\/04\/SSHT9888-1024x768.png\" alt=\"\" width=\"750\" height=\"563\" srcset=\"https:\/\/elcalaixetdelaiaia.es\/wp-content\/uploads\/2018\/04\/SSHT9888-1024x768.png 1024w, https:\/\/elcalaixetdelaiaia.es\/wp-content\/uploads\/2018\/04\/SSHT9888-300x225.png 300w, https:\/\/elcalaixetdelaiaia.es\/wp-content\/uploads\/2018\/04\/SSHT9888-768x576.png 768w\" sizes=\"(max-width: 750px) 100vw, 750px\" \/><\/p>\n<p style=\"text-align: center;\">y a disfrutar de un postre<\/p>\n<p style=\"text-align: center;\"><img decoding=\"async\" loading=\"lazy\" class=\"alignnone size-large wp-image-16761\" src=\"https:\/\/elcalaixetdelaiaia.es\/wp-content\/uploads\/2018\/04\/OYDU5959-1024x768.png\" alt=\"\" width=\"750\" height=\"563\" srcset=\"https:\/\/elcalaixetdelaiaia.es\/wp-content\/uploads\/2018\/04\/OYDU5959-1024x768.png 1024w, https:\/\/elcalaixetdelaiaia.es\/wp-content\/uploads\/2018\/04\/OYDU5959-300x225.png 300w, https:\/\/elcalaixetdelaiaia.es\/wp-content\/uploads\/2018\/04\/OYDU5959-768x576.png 768w\" sizes=\"(max-width: 750px) 100vw, 750px\" \/><\/p>\n<p style=\"text-align: center;\">que es una aut\u00e9ntica \u00abdeliciusura\u00bb, como dice mi nieta mayor.<\/p>\n<p style=\"text-align: center;\"><img decoding=\"async\" loading=\"lazy\" class=\"alignnone size-large wp-image-16750\" src=\"https:\/\/elcalaixetdelaiaia.es\/wp-content\/uploads\/2018\/04\/HMUS8210-1024x768.png\" alt=\"\" width=\"750\" height=\"563\" srcset=\"https:\/\/elcalaixetdelaiaia.es\/wp-content\/uploads\/2018\/04\/HMUS8210-1024x768.png 1024w, https:\/\/elcalaixetdelaiaia.es\/wp-content\/uploads\/2018\/04\/HMUS8210-300x225.png 300w, https:\/\/elcalaixetdelaiaia.es\/wp-content\/uploads\/2018\/04\/HMUS8210-768x576.png 768w\" sizes=\"(max-width: 750px) 100vw, 750px\" \/><\/p>\n<p style=\"text-align: center;\">Os recuerdo de nuevo, que ha de servirse MUY MUY FR\u00cdO, lo he probado de distintas maneras, y como m\u00e1s me gusta es hecho todo, (la salsa y el pud\u00edn) de un d\u00eda para otro \ud83d\ude09<\/p>\n<p style=\"text-align: center;\"><img decoding=\"async\" loading=\"lazy\" class=\"alignnone size-large wp-image-16739\" src=\"https:\/\/elcalaixetdelaiaia.es\/wp-content\/uploads\/2018\/04\/AHDY5547-1024x768.png\" alt=\"\" width=\"750\" height=\"563\" srcset=\"https:\/\/elcalaixetdelaiaia.es\/wp-content\/uploads\/2018\/04\/AHDY5547-1024x768.png 1024w, https:\/\/elcalaixetdelaiaia.es\/wp-content\/uploads\/2018\/04\/AHDY5547-300x225.png 300w, https:\/\/elcalaixetdelaiaia.es\/wp-content\/uploads\/2018\/04\/AHDY5547-768x576.png 768w\" sizes=\"(max-width: 750px) 100vw, 750px\" \/><\/p>\n<p style=\"text-align: center;\">\u00abA la taula i&#8230; BON PROFIT!!!<\/p>\n<p style=\"text-align: center;\"><img decoding=\"async\" loading=\"lazy\" class=\"alignnone size-large wp-image-16741\" src=\"https:\/\/elcalaixetdelaiaia.es\/wp-content\/uploads\/2018\/04\/AQVP4323-1024x768.png\" alt=\"\" width=\"750\" height=\"563\" srcset=\"https:\/\/elcalaixetdelaiaia.es\/wp-content\/uploads\/2018\/04\/AQVP4323-1024x768.png 1024w, https:\/\/elcalaixetdelaiaia.es\/wp-content\/uploads\/2018\/04\/AQVP4323-300x225.png 300w, https:\/\/elcalaixetdelaiaia.es\/wp-content\/uploads\/2018\/04\/AQVP4323-768x576.png 768w\" sizes=\"(max-width: 750px) 100vw, 750px\" \/><\/p>\n<p style=\"text-align: center;\">Conf\u00edo en que te haya gustado mi receta, si es as\u00ed y la compartes, llegar\u00e1 a m\u00e1s gente. Espero si quieres, tu comentario y te recuerdo que tambi\u00e9n estoy en Facebook <a href=\"https:\/\/www.facebook.com\/El-calaixet-de-la-iaia-533062140099386\/\">https:\/\/www.facebook.com\/El-calaixet-de-la-iaia-533062140099386\/\u00a0\u00a0<\/a><\/p>\n","protected":false},"excerpt":{"rendered":"<p>\u00abRefrany; Qui te padrins, el bategen\u00bb Quien tiene padrinos, lo bautizan. Pues eso hice yo hace ya unos a\u00f1os, bautizar \u00e9sta receta que mi marido me dec\u00eda que patentara por lo s\u00faper rica que est\u00e1 y ahora os lo explico&#8230; como al pud\u00edn o bud\u00edn, (en la zona de Castilla &hellip; <\/p>\n","protected":false},"author":2,"featured_media":16765,"comment_status":"open","ping_status":"open","sticky":false,"template":"","format":"standard","meta":[],"categories":[46,6,1],"tags":[],"_links":{"self":[{"href":"https:\/\/elcalaixetdelaiaia.es\/index.php?rest_route=\/wp\/v2\/posts\/76"}],"collection":[{"href":"https:\/\/elcalaixetdelaiaia.es\/index.php?rest_route=\/wp\/v2\/posts"}],"about":[{"href":"https:\/\/elcalaixetdelaiaia.es\/index.php?rest_route=\/wp\/v2\/types\/post"}],"author":[{"embeddable":true,"href":"https:\/\/elcalaixetdelaiaia.es\/index.php?rest_route=\/wp\/v2\/users\/2"}],"replies":[{"embeddable":true,"href":"https:\/\/elcalaixetdelaiaia.es\/index.php?rest_route=%2Fwp%2Fv2%2Fcomments&post=76"}],"version-history":[{"count":39,"href":"https:\/\/elcalaixetdelaiaia.es\/index.php?rest_route=\/wp\/v2\/posts\/76\/revisions"}],"predecessor-version":[{"id":28418,"href":"https:\/\/elcalaixetdelaiaia.es\/index.php?rest_route=\/wp\/v2\/posts\/76\/revisions\/28418"}],"wp:featuredmedia":[{"embeddable":true,"href":"https:\/\/elcalaixetdelaiaia.es\/index.php?rest_route=\/wp\/v2\/media\/16765"}],"wp:attachment":[{"href":"https:\/\/elcalaixetdelaiaia.es\/index.php?rest_route=%2Fwp%2Fv2%2Fmedia&parent=76"}],"wp:term":[{"taxonomy":"category","embeddable":true,"href":"https:\/\/elcalaixetdelaiaia.es\/index.php?rest_route=%2Fwp%2Fv2%2Fcategories&post=76"},{"taxonomy":"post_tag","embeddable":true,"href":"https:\/\/elcalaixetdelaiaia.es\/index.php?rest_route=%2Fwp%2Fv2%2Ftags&post=76"}],"curies":[{"name":"wp","href":"https:\/\/api.w.org\/{rel}","templated":true}]}}