{"id":755,"date":"2024-01-14T17:34:23","date_gmt":"2024-01-14T17:34:23","guid":{"rendered":"http:\/\/elcalaixetdelaiaia.es\/?p=755"},"modified":"2024-01-15T21:45:54","modified_gmt":"2024-01-15T21:45:54","slug":"calaixetdelaiaia-blogspot-co-5","status":"publish","type":"post","link":"https:\/\/elcalaixetdelaiaia.es\/?p=755","title":{"rendered":"Sopa de cebolla gratinada paso a paso foto a foto"},"content":{"rendered":"<p>\u00abRefrany; En temps de fred, m\u00e9s val una gorra que un barret\u00bb. En tiempos de fr\u00edo m\u00e1s vale una gorra , que un sombrero.<\/p>\n<p>Pues es tiempo de gorro o gorra (y si es de lana mejor, el sombrero ya&#8230; lo dejaremos para el verano) y de comida de cuchara, cremas y sopitas, que calientan el est\u00f3mago.<\/p>\n<p>Hoy una sopa de cebolla, que como todas las comidas tradicionales tienen su historia. Mi amigo Michelle, me contaba, que un antiguo rey de Polonia, y apasionado de la gastronom\u00eda, fue qui\u00e9n descubri\u00f3 esta sopa tradicional en una fonda francesa. Tanto le gust\u00f3 su sabor delicado, que no par\u00f3 hasta hacerse con la receta. Desde ese momento adquiri\u00f3 fama y popularidad en la corte, y m\u00e1s tarde, se convirti\u00f3 en el plato obligado con el que terminaban las juergas nocturnas parisinas, aunque no se si ser\u00e1 cierto \u00f3 quiz\u00e1s&#8230; leyenda.<\/p>\n<p><img decoding=\"async\" loading=\"lazy\" class=\"alignnone size-full wp-image-26675\" src=\"https:\/\/elcalaixetdelaiaia.es\/wp-content\/uploads\/2024\/01\/WhatsApp-Image-2024-01-14-at-15.49.2617.jpeg\" alt=\"\" width=\"1024\" height=\"768\" srcset=\"https:\/\/elcalaixetdelaiaia.es\/wp-content\/uploads\/2024\/01\/WhatsApp-Image-2024-01-14-at-15.49.2617.jpeg 1024w, https:\/\/elcalaixetdelaiaia.es\/wp-content\/uploads\/2024\/01\/WhatsApp-Image-2024-01-14-at-15.49.2617-300x225.jpeg 300w, https:\/\/elcalaixetdelaiaia.es\/wp-content\/uploads\/2024\/01\/WhatsApp-Image-2024-01-14-at-15.49.2617-768x576.jpeg 768w\" sizes=\"(max-width: 1024px) 100vw, 1024px\" \/><\/p>\n<p>Como siempre os digo, seguro que en cada cocina, se prepara con distintos ingredientes y de distintas maneras, esta es la m\u00eda, que me ense\u00f1\u00f3 mi amiga francesa, la mujer de Michelle.<\/p>\n<p>Necesitaremos para dos;<\/p>\n<p><img decoding=\"async\" loading=\"lazy\" class=\"alignnone size-full wp-image-26658\" src=\"https:\/\/elcalaixetdelaiaia.es\/wp-content\/uploads\/2024\/01\/WhatsApp-Image-2024-01-14-at-13.28.250.jpeg\" alt=\"\" width=\"1782\" height=\"2048\" srcset=\"https:\/\/elcalaixetdelaiaia.es\/wp-content\/uploads\/2024\/01\/WhatsApp-Image-2024-01-14-at-13.28.250.jpeg 1782w, https:\/\/elcalaixetdelaiaia.es\/wp-content\/uploads\/2024\/01\/WhatsApp-Image-2024-01-14-at-13.28.250-261x300.jpeg 261w, https:\/\/elcalaixetdelaiaia.es\/wp-content\/uploads\/2024\/01\/WhatsApp-Image-2024-01-14-at-13.28.250-891x1024.jpeg 891w, https:\/\/elcalaixetdelaiaia.es\/wp-content\/uploads\/2024\/01\/WhatsApp-Image-2024-01-14-at-13.28.250-768x883.jpeg 768w, https:\/\/elcalaixetdelaiaia.es\/wp-content\/uploads\/2024\/01\/WhatsApp-Image-2024-01-14-at-13.28.250-1337x1536.jpeg 1337w\" sizes=\"(max-width: 1782px) 100vw, 1782px\" \/><\/p>\n<ol>\n<li>Dos cebollas o cebolletas tiernas o dulces<\/li>\n<li>Cuatro rodajas de pan de hogaza del d\u00eda anterior<\/li>\n<li>Una cucharada de mantequilla<\/li>\n<li>Dos cucharadas de aceite de oliva<\/li>\n<li>50g. de queso suave para gratinar<\/li>\n<li>Dos dientes de ajo<\/li>\n<li>600ml de caldo de pollo, carne, o verduras<\/li>\n<li>10ml de vino blanco o bebida espirituosa<\/li>\n<li>Dos cucharadas de harina<\/li>\n<li>Sal y pimienta<\/li>\n<\/ol>\n<p><img decoding=\"async\" loading=\"lazy\" class=\"alignnone size-full wp-image-26659\" src=\"https:\/\/elcalaixetdelaiaia.es\/wp-content\/uploads\/2024\/01\/WhatsApp-Image-2024-01-14-at-13.28.251.jpeg\" alt=\"\" width=\"2048\" height=\"1536\" srcset=\"https:\/\/elcalaixetdelaiaia.es\/wp-content\/uploads\/2024\/01\/WhatsApp-Image-2024-01-14-at-13.28.251.jpeg 2048w, https:\/\/elcalaixetdelaiaia.es\/wp-content\/uploads\/2024\/01\/WhatsApp-Image-2024-01-14-at-13.28.251-300x225.jpeg 300w, https:\/\/elcalaixetdelaiaia.es\/wp-content\/uploads\/2024\/01\/WhatsApp-Image-2024-01-14-at-13.28.251-1024x768.jpeg 1024w, https:\/\/elcalaixetdelaiaia.es\/wp-content\/uploads\/2024\/01\/WhatsApp-Image-2024-01-14-at-13.28.251-768x576.jpeg 768w, https:\/\/elcalaixetdelaiaia.es\/wp-content\/uploads\/2024\/01\/WhatsApp-Image-2024-01-14-at-13.28.251-1536x1152.jpeg 1536w\" sizes=\"(max-width: 2048px) 100vw, 2048px\" \/><\/p>\n<p>Ponemos a calentar el aceite,<\/p>\n<p><img decoding=\"async\" loading=\"lazy\" class=\"alignnone size-full wp-image-26660\" src=\"https:\/\/elcalaixetdelaiaia.es\/wp-content\/uploads\/2024\/01\/WhatsApp-Image-2024-01-14-at-13.28.252.jpeg\" alt=\"\" width=\"2048\" height=\"1536\" srcset=\"https:\/\/elcalaixetdelaiaia.es\/wp-content\/uploads\/2024\/01\/WhatsApp-Image-2024-01-14-at-13.28.252.jpeg 2048w, https:\/\/elcalaixetdelaiaia.es\/wp-content\/uploads\/2024\/01\/WhatsApp-Image-2024-01-14-at-13.28.252-300x225.jpeg 300w, https:\/\/elcalaixetdelaiaia.es\/wp-content\/uploads\/2024\/01\/WhatsApp-Image-2024-01-14-at-13.28.252-1024x768.jpeg 1024w, https:\/\/elcalaixetdelaiaia.es\/wp-content\/uploads\/2024\/01\/WhatsApp-Image-2024-01-14-at-13.28.252-768x576.jpeg 768w, https:\/\/elcalaixetdelaiaia.es\/wp-content\/uploads\/2024\/01\/WhatsApp-Image-2024-01-14-at-13.28.252-1536x1152.jpeg 1536w\" sizes=\"(max-width: 2048px) 100vw, 2048px\" \/><\/p>\n<p>y a\u00f1adimos una nuez de mantequilla.<\/p>\n<p><img decoding=\"async\" loading=\"lazy\" class=\"alignnone size-full wp-image-26661\" src=\"https:\/\/elcalaixetdelaiaia.es\/wp-content\/uploads\/2024\/01\/WhatsApp-Image-2024-01-14-at-13.28.262.jpeg\" alt=\"\" width=\"2048\" height=\"1536\" srcset=\"https:\/\/elcalaixetdelaiaia.es\/wp-content\/uploads\/2024\/01\/WhatsApp-Image-2024-01-14-at-13.28.262.jpeg 2048w, https:\/\/elcalaixetdelaiaia.es\/wp-content\/uploads\/2024\/01\/WhatsApp-Image-2024-01-14-at-13.28.262-300x225.jpeg 300w, https:\/\/elcalaixetdelaiaia.es\/wp-content\/uploads\/2024\/01\/WhatsApp-Image-2024-01-14-at-13.28.262-1024x768.jpeg 1024w, https:\/\/elcalaixetdelaiaia.es\/wp-content\/uploads\/2024\/01\/WhatsApp-Image-2024-01-14-at-13.28.262-768x576.jpeg 768w, https:\/\/elcalaixetdelaiaia.es\/wp-content\/uploads\/2024\/01\/WhatsApp-Image-2024-01-14-at-13.28.262-1536x1152.jpeg 1536w\" sizes=\"(max-width: 2048px) 100vw, 2048px\" \/><\/p>\n<p>Pelamos y cortamos en juliana la cebolla dulce, el ajo, en trozos peque\u00f1itos<\/p>\n<p><img decoding=\"async\" loading=\"lazy\" class=\"alignnone size-full wp-image-26662\" src=\"https:\/\/elcalaixetdelaiaia.es\/wp-content\/uploads\/2024\/01\/WhatsApp-Image-2024-01-14-at-13.28.26.jpeg\" alt=\"\" width=\"2048\" height=\"1536\" srcset=\"https:\/\/elcalaixetdelaiaia.es\/wp-content\/uploads\/2024\/01\/WhatsApp-Image-2024-01-14-at-13.28.26.jpeg 2048w, https:\/\/elcalaixetdelaiaia.es\/wp-content\/uploads\/2024\/01\/WhatsApp-Image-2024-01-14-at-13.28.26-300x225.jpeg 300w, https:\/\/elcalaixetdelaiaia.es\/wp-content\/uploads\/2024\/01\/WhatsApp-Image-2024-01-14-at-13.28.26-1024x768.jpeg 1024w, https:\/\/elcalaixetdelaiaia.es\/wp-content\/uploads\/2024\/01\/WhatsApp-Image-2024-01-14-at-13.28.26-768x576.jpeg 768w, https:\/\/elcalaixetdelaiaia.es\/wp-content\/uploads\/2024\/01\/WhatsApp-Image-2024-01-14-at-13.28.26-1536x1152.jpeg 1536w\" sizes=\"(max-width: 2048px) 100vw, 2048px\" \/><\/p>\n<p>y los incorporamos a la cazuela<\/p>\n<p><img decoding=\"async\" loading=\"lazy\" class=\"alignnone size-full wp-image-26663\" src=\"https:\/\/elcalaixetdelaiaia.es\/wp-content\/uploads\/2024\/01\/WhatsApp-Image-2024-01-14-at-13.28.27.jpeg\" alt=\"\" width=\"2048\" height=\"1536\" srcset=\"https:\/\/elcalaixetdelaiaia.es\/wp-content\/uploads\/2024\/01\/WhatsApp-Image-2024-01-14-at-13.28.27.jpeg 2048w, https:\/\/elcalaixetdelaiaia.es\/wp-content\/uploads\/2024\/01\/WhatsApp-Image-2024-01-14-at-13.28.27-300x225.jpeg 300w, https:\/\/elcalaixetdelaiaia.es\/wp-content\/uploads\/2024\/01\/WhatsApp-Image-2024-01-14-at-13.28.27-1024x768.jpeg 1024w, https:\/\/elcalaixetdelaiaia.es\/wp-content\/uploads\/2024\/01\/WhatsApp-Image-2024-01-14-at-13.28.27-768x576.jpeg 768w, https:\/\/elcalaixetdelaiaia.es\/wp-content\/uploads\/2024\/01\/WhatsApp-Image-2024-01-14-at-13.28.27-1536x1152.jpeg 1536w\" sizes=\"(max-width: 2048px) 100vw, 2048px\" \/><\/p>\n<p>Espolvoreamos de sal(teniendo cuenta que el caldo ya debe llevar sal) y pimienta, removemos y tapamos, a fuego suave y removiendo, para que la cebolla y el ajo se pochen, durante una media hora aproximadamente.<\/p>\n<p><img decoding=\"async\" loading=\"lazy\" class=\"alignnone size-full wp-image-26664\" src=\"https:\/\/elcalaixetdelaiaia.es\/wp-content\/uploads\/2024\/01\/WhatsApp-Image-2024-01-14-at-15.49.261.jpeg\" alt=\"\" width=\"1024\" height=\"768\" srcset=\"https:\/\/elcalaixetdelaiaia.es\/wp-content\/uploads\/2024\/01\/WhatsApp-Image-2024-01-14-at-15.49.261.jpeg 1024w, https:\/\/elcalaixetdelaiaia.es\/wp-content\/uploads\/2024\/01\/WhatsApp-Image-2024-01-14-at-15.49.261-300x225.jpeg 300w, https:\/\/elcalaixetdelaiaia.es\/wp-content\/uploads\/2024\/01\/WhatsApp-Image-2024-01-14-at-15.49.261-768x576.jpeg 768w\" sizes=\"(max-width: 1024px) 100vw, 1024px\" \/><\/p>\n<p>Una vez pochada la cebolla, que veamos que est\u00e9 transparente pero sin coger color, repartiremos la harina y removeremos bien, que no queden grumos.<\/p>\n<p><img decoding=\"async\" loading=\"lazy\" class=\"alignnone size-full wp-image-26665\" src=\"https:\/\/elcalaixetdelaiaia.es\/wp-content\/uploads\/2024\/01\/WhatsApp-Image-2024-01-14-at-15.49.263.jpeg\" alt=\"\" width=\"1024\" height=\"768\" srcset=\"https:\/\/elcalaixetdelaiaia.es\/wp-content\/uploads\/2024\/01\/WhatsApp-Image-2024-01-14-at-15.49.263.jpeg 1024w, https:\/\/elcalaixetdelaiaia.es\/wp-content\/uploads\/2024\/01\/WhatsApp-Image-2024-01-14-at-15.49.263-300x225.jpeg 300w, https:\/\/elcalaixetdelaiaia.es\/wp-content\/uploads\/2024\/01\/WhatsApp-Image-2024-01-14-at-15.49.263-768x576.jpeg 768w\" sizes=\"(max-width: 1024px) 100vw, 1024px\" \/><\/p>\n<p>Cuando veamos que la harina se ha cocinado lo suficiente para que no sepa a crudo, a\u00f1adiremos el vino blanco o bebida espirituosa, removemos y dejamos a fuego m\u00ednimo, un par de minutos, para que se evapore el alcohol, aunque recientemente he le\u00eddo un estudio en el que se dice, que no llega a evaporarse absolutamente&#8230;<\/p>\n<p><img decoding=\"async\" loading=\"lazy\" class=\"alignnone size-full wp-image-26678\" src=\"https:\/\/elcalaixetdelaiaia.es\/wp-content\/uploads\/2024\/01\/WhatsApp-Image-2024-01-14-at-15.49.2621.jpeg\" alt=\"\" width=\"1024\" height=\"768\" srcset=\"https:\/\/elcalaixetdelaiaia.es\/wp-content\/uploads\/2024\/01\/WhatsApp-Image-2024-01-14-at-15.49.2621.jpeg 1024w, https:\/\/elcalaixetdelaiaia.es\/wp-content\/uploads\/2024\/01\/WhatsApp-Image-2024-01-14-at-15.49.2621-300x225.jpeg 300w, https:\/\/elcalaixetdelaiaia.es\/wp-content\/uploads\/2024\/01\/WhatsApp-Image-2024-01-14-at-15.49.2621-768x576.jpeg 768w\" sizes=\"(max-width: 1024px) 100vw, 1024px\" \/><\/p>\n<p>A\u00f1adimos el caldo elegido, que est\u00e9 ya caliente y dejaremos a fuego m\u00ednimo durante unos quince minutos removiendo.<\/p>\n<p><img decoding=\"async\" loading=\"lazy\" class=\"alignnone size-full wp-image-26667\" src=\"https:\/\/elcalaixetdelaiaia.es\/wp-content\/uploads\/2024\/01\/WhatsApp-Image-2024-01-14-at-15.49.267.jpeg\" alt=\"\" width=\"1024\" height=\"768\" srcset=\"https:\/\/elcalaixetdelaiaia.es\/wp-content\/uploads\/2024\/01\/WhatsApp-Image-2024-01-14-at-15.49.267.jpeg 1024w, https:\/\/elcalaixetdelaiaia.es\/wp-content\/uploads\/2024\/01\/WhatsApp-Image-2024-01-14-at-15.49.267-300x225.jpeg 300w, https:\/\/elcalaixetdelaiaia.es\/wp-content\/uploads\/2024\/01\/WhatsApp-Image-2024-01-14-at-15.49.267-768x576.jpeg 768w\" sizes=\"(max-width: 1024px) 100vw, 1024px\" \/><\/p>\n<p>Mientras tanto, tostamos un poco el pan, unt\u00e1ndolo previamente, con el diente de ajo que nos queda. Precalentamos el horno a 220\u00ba con calor arriba.<\/p>\n<p><img decoding=\"async\" loading=\"lazy\" class=\"alignnone size-full wp-image-26668\" src=\"https:\/\/elcalaixetdelaiaia.es\/wp-content\/uploads\/2024\/01\/WhatsApp-Image-2024-01-14-at-15.49.269.jpeg\" alt=\"\" width=\"1024\" height=\"768\" srcset=\"https:\/\/elcalaixetdelaiaia.es\/wp-content\/uploads\/2024\/01\/WhatsApp-Image-2024-01-14-at-15.49.269.jpeg 1024w, https:\/\/elcalaixetdelaiaia.es\/wp-content\/uploads\/2024\/01\/WhatsApp-Image-2024-01-14-at-15.49.269-300x225.jpeg 300w, https:\/\/elcalaixetdelaiaia.es\/wp-content\/uploads\/2024\/01\/WhatsApp-Image-2024-01-14-at-15.49.269-768x576.jpeg 768w\" sizes=\"(max-width: 1024px) 100vw, 1024px\" \/><\/p>\n<p>Ponemos la sopa en cazuelas o platos hondos que puedan ir al horno,<\/p>\n<p><img decoding=\"async\" loading=\"lazy\" class=\"alignnone size-full wp-image-26670\" src=\"https:\/\/elcalaixetdelaiaia.es\/wp-content\/uploads\/2024\/01\/WhatsApp-Image-2024-01-14-at-15.49.2611.jpeg\" alt=\"\" width=\"1024\" height=\"768\" srcset=\"https:\/\/elcalaixetdelaiaia.es\/wp-content\/uploads\/2024\/01\/WhatsApp-Image-2024-01-14-at-15.49.2611.jpeg 1024w, https:\/\/elcalaixetdelaiaia.es\/wp-content\/uploads\/2024\/01\/WhatsApp-Image-2024-01-14-at-15.49.2611-300x225.jpeg 300w, https:\/\/elcalaixetdelaiaia.es\/wp-content\/uploads\/2024\/01\/WhatsApp-Image-2024-01-14-at-15.49.2611-768x576.jpeg 768w\" sizes=\"(max-width: 1024px) 100vw, 1024px\" \/><\/p>\n<p>cubrimos con la rebanada de pan<\/p>\n<p><img decoding=\"async\" loading=\"lazy\" class=\"alignnone size-full wp-image-26671\" src=\"https:\/\/elcalaixetdelaiaia.es\/wp-content\/uploads\/2024\/01\/WhatsApp-Image-2024-01-14-at-15.49.2613.jpeg\" alt=\"\" width=\"1024\" height=\"789\" srcset=\"https:\/\/elcalaixetdelaiaia.es\/wp-content\/uploads\/2024\/01\/WhatsApp-Image-2024-01-14-at-15.49.2613.jpeg 1024w, https:\/\/elcalaixetdelaiaia.es\/wp-content\/uploads\/2024\/01\/WhatsApp-Image-2024-01-14-at-15.49.2613-300x231.jpeg 300w, https:\/\/elcalaixetdelaiaia.es\/wp-content\/uploads\/2024\/01\/WhatsApp-Image-2024-01-14-at-15.49.2613-768x592.jpeg 768w\" sizes=\"(max-width: 1024px) 100vw, 1024px\" \/><\/p>\n<p>y espolvoreamos con queso rallado a vuestro gusto. Introducimos en el horno ya caliente, y gratinamos durante 6 minutos.<\/p>\n<p><img decoding=\"async\" loading=\"lazy\" class=\"alignnone size-full wp-image-26674\" src=\"https:\/\/elcalaixetdelaiaia.es\/wp-content\/uploads\/2024\/01\/WhatsApp-Image-2024-01-14-at-15.49.2616.jpeg\" alt=\"\" width=\"1024\" height=\"768\" srcset=\"https:\/\/elcalaixetdelaiaia.es\/wp-content\/uploads\/2024\/01\/WhatsApp-Image-2024-01-14-at-15.49.2616.jpeg 1024w, https:\/\/elcalaixetdelaiaia.es\/wp-content\/uploads\/2024\/01\/WhatsApp-Image-2024-01-14-at-15.49.2616-300x225.jpeg 300w, https:\/\/elcalaixetdelaiaia.es\/wp-content\/uploads\/2024\/01\/WhatsApp-Image-2024-01-14-at-15.49.2616-768x576.jpeg 768w\" sizes=\"(max-width: 1024px) 100vw, 1024px\" \/><\/p>\n<p>Es una sopa deliciosa, que vale la pena hacer.<\/p>\n<p><img decoding=\"async\" loading=\"lazy\" class=\"alignnone size-full wp-image-26675\" src=\"https:\/\/elcalaixetdelaiaia.es\/wp-content\/uploads\/2024\/01\/WhatsApp-Image-2024-01-14-at-15.49.2617.jpeg\" alt=\"\" width=\"1024\" height=\"768\" srcset=\"https:\/\/elcalaixetdelaiaia.es\/wp-content\/uploads\/2024\/01\/WhatsApp-Image-2024-01-14-at-15.49.2617.jpeg 1024w, https:\/\/elcalaixetdelaiaia.es\/wp-content\/uploads\/2024\/01\/WhatsApp-Image-2024-01-14-at-15.49.2617-300x225.jpeg 300w, https:\/\/elcalaixetdelaiaia.es\/wp-content\/uploads\/2024\/01\/WhatsApp-Image-2024-01-14-at-15.49.2617-768x576.jpeg 768w\" sizes=\"(max-width: 1024px) 100vw, 1024px\" \/><\/p>\n<p>Incluso pod\u00e9is hacer mas cantidad y guardarle en el frigo, para el d\u00eda siguiente y en el momento de consumir, poner la rodaja de pan y el queso y gratinar.<\/p>\n<p><img decoding=\"async\" loading=\"lazy\" class=\"alignnone size-full wp-image-26677\" src=\"https:\/\/elcalaixetdelaiaia.es\/wp-content\/uploads\/2024\/01\/WhatsApp-Image-2024-01-14-at-15.49.2619.jpeg\" alt=\"\" width=\"1024\" height=\"768\" srcset=\"https:\/\/elcalaixetdelaiaia.es\/wp-content\/uploads\/2024\/01\/WhatsApp-Image-2024-01-14-at-15.49.2619.jpeg 1024w, https:\/\/elcalaixetdelaiaia.es\/wp-content\/uploads\/2024\/01\/WhatsApp-Image-2024-01-14-at-15.49.2619-300x225.jpeg 300w, https:\/\/elcalaixetdelaiaia.es\/wp-content\/uploads\/2024\/01\/WhatsApp-Image-2024-01-14-at-15.49.2619-768x576.jpeg 768w\" sizes=\"(max-width: 1024px) 100vw, 1024px\" \/><\/p>\n<p>Servimos directamente a la mesa. \u00a1Ojo que quema!<\/p>\n<p><img decoding=\"async\" loading=\"lazy\" class=\"alignnone size-full wp-image-26657\" src=\"https:\/\/elcalaixetdelaiaia.es\/wp-content\/uploads\/2024\/01\/WhatsApp-Image-2024-01-14-at-15.49.2620.jpeg\" alt=\"\" width=\"1024\" height=\"768\" srcset=\"https:\/\/elcalaixetdelaiaia.es\/wp-content\/uploads\/2024\/01\/WhatsApp-Image-2024-01-14-at-15.49.2620.jpeg 1024w, https:\/\/elcalaixetdelaiaia.es\/wp-content\/uploads\/2024\/01\/WhatsApp-Image-2024-01-14-at-15.49.2620-300x225.jpeg 300w, https:\/\/elcalaixetdelaiaia.es\/wp-content\/uploads\/2024\/01\/WhatsApp-Image-2024-01-14-at-15.49.2620-768x576.jpeg 768w\" sizes=\"(max-width: 1024px) 100vw, 1024px\" \/><\/p>\n<p>Ya me dir\u00e9is que os parece \ud83d\ude09 \u00abA la taula i&#8230; BON PROFIT!!!\u00bb<\/p>\n<div>Espero tus comentarios que para mi son MUY importantes y recuerda que tambi\u00e9n estoy en Facebook <a href=\"https:\/\/www.facebook.com\/El-calaixet-de-la-iaia-533062140099386\/\">https:\/\/www.facebook.com\/El-calaixet-de-la-iaia-533062140099386\/<\/a><\/div>\n<div>Si quieres recibir mis actualizaciones por mail, al final de \u00e9sta p\u00e1gina a la izquierda tienes como hacer para introducir tu correo electr\u00f3nico y no perderte las actualizaciones de mis recetas \u00a1Gracias!<\/div>\n","protected":false},"excerpt":{"rendered":"<p>\u00abRefrany; En temps de fred, m\u00e9s val una gorra que un barret\u00bb. En tiempos de fr\u00edo m\u00e1s vale una gorra , que un sombrero. Pues es tiempo de gorro o gorra (y si es de lana mejor, el sombrero ya&#8230; lo dejaremos para el verano) y de comida de cuchara, &hellip; <\/p>\n","protected":false},"author":2,"featured_media":26672,"comment_status":"open","ping_status":"open","sticky":false,"template":"","format":"standard","meta":[],"categories":[38,1],"tags":[],"_links":{"self":[{"href":"https:\/\/elcalaixetdelaiaia.es\/index.php?rest_route=\/wp\/v2\/posts\/755"}],"collection":[{"href":"https:\/\/elcalaixetdelaiaia.es\/index.php?rest_route=\/wp\/v2\/posts"}],"about":[{"href":"https:\/\/elcalaixetdelaiaia.es\/index.php?rest_route=\/wp\/v2\/types\/post"}],"author":[{"embeddable":true,"href":"https:\/\/elcalaixetdelaiaia.es\/index.php?rest_route=\/wp\/v2\/users\/2"}],"replies":[{"embeddable":true,"href":"https:\/\/elcalaixetdelaiaia.es\/index.php?rest_route=%2Fwp%2Fv2%2Fcomments&post=755"}],"version-history":[{"count":12,"href":"https:\/\/elcalaixetdelaiaia.es\/index.php?rest_route=\/wp\/v2\/posts\/755\/revisions"}],"predecessor-version":[{"id":26689,"href":"https:\/\/elcalaixetdelaiaia.es\/index.php?rest_route=\/wp\/v2\/posts\/755\/revisions\/26689"}],"wp:featuredmedia":[{"embeddable":true,"href":"https:\/\/elcalaixetdelaiaia.es\/index.php?rest_route=\/wp\/v2\/media\/26672"}],"wp:attachment":[{"href":"https:\/\/elcalaixetdelaiaia.es\/index.php?rest_route=%2Fwp%2Fv2%2Fmedia&parent=755"}],"wp:term":[{"taxonomy":"category","embeddable":true,"href":"https:\/\/elcalaixetdelaiaia.es\/index.php?rest_route=%2Fwp%2Fv2%2Fcategories&post=755"},{"taxonomy":"post_tag","embeddable":true,"href":"https:\/\/elcalaixetdelaiaia.es\/index.php?rest_route=%2Fwp%2Fv2%2Ftags&post=755"}],"curies":[{"name":"wp","href":"https:\/\/api.w.org\/{rel}","templated":true}]}}