{"id":745,"date":"2015-02-18T18:34:00","date_gmt":"2015-02-18T18:34:00","guid":{"rendered":"http:\/\/elcalaixetdelaiaia.es\/paella-de-floricol-i-abaetxo-col-y"},"modified":"2026-05-04T17:13:05","modified_gmt":"2026-05-04T17:13:05","slug":"paella-de-floricol-i-abaetxo-col-y","status":"publish","type":"post","link":"https:\/\/elcalaixetdelaiaia.es\/?p=745","title":{"rendered":"Paella de floric\u00f2l i abaetxo col y bacalao paso a paso foto a foto"},"content":{"rendered":"<p>\u00abRefrany; Col de Febrer, bona com el corder.\u00bb Col de Febrero, buena como el cordero.<\/p>\n<div>Voy a preparar una paella que a mi madre le encantaba y \u00a0mi marido y mi papi, se chupan los dedos.<\/div>\n<div>\n<p>\u00abPaella de floric\u00f2l i abatexto\u00bb, Paella de col y bacalao.<\/p>\n<div class=\"separator\" style=\"clear: both; text-align: center;\"><a style=\"margin-left: 1em; margin-right: 1em;\" href=\"http:\/\/3.bp.blogspot.com\/-CC5GaRpMEb0\/VOTQVXLx8mI\/AAAAAAAAVcA\/leSsPY4O6Gg\/s1600\/pppppppp.jpg\"><img decoding=\"async\" loading=\"lazy\" src=\"https:\/\/elcalaixetdelaiaia.es\/wp-content\/uploads\/2015\/02\/pppppppp.jpg\" width=\"384\" height=\"640\" border=\"0\" \/><\/a><\/div>\n<div class=\"separator\" style=\"clear: both; text-align: center;\"><\/div>\n<\/div>\n<div>El arroz en casa es muy habitual, y lo cocino de much\u00edsimas formas, porque con toda clase de ingredientes est\u00e1 riquii\u00edsiiiimo una vez sabes cogerle el punto, animaros los novatos, que en nada ser\u00e9is expertos.<\/div>\n<div>\u00c9ste es un arroz en paella muy t\u00edpico del Grau, Canyamelar y Cabanyal, (vamos, \u00abdels poblats mar\u00edtims\u00bb) que en casa comemos muy a menudo, un plato econ\u00f3mico y alimenticio. A mi padre le encanta y me la pide muy a menudo, porque le recuerda cuando la hac\u00edan mi iaia y mi madre, que no era muy seguido, porque ni a mi, ni a mis hermanos nos gustaba la col, y sigue sin gustarnoshoy d\u00eda. Lo mismo ocurr\u00eda con otros muchos platos, que solo los hac\u00edan para los tres o cuando por los motivos que fueran, no com\u00edamos nosotros en casa.<\/div>\n<div>A ver, yo me como todo, y si me lo dan hecho mejor, peeero la col, si puedo escaparme de comerla, lo hago. En esta paella, la aparto y disfruto del arroz y del bacalao, pero vamos que la cocino por complacer a mis dos chicos, ya os aseguro que si tuviera que pagar por ella, en un restaurante, pedir\u00eda cualquier otro arroz.<\/div>\n<div>\u00c9sto no es una paella valenciana \u00bfeh? que quede claro, como tambi\u00e9n he de aclarar que en cada casa hay una manera particular de hacer las cosas, unos ponen o quitan o a\u00f1aden los ingredientes en un momento determinado.<br \/>\n\u00c9sta es mi manera de hacerlo, igual que lo hac\u00eda mi iaia, que no ser\u00e1 peor ni mejor que otras, pero igual es distinta&#8230; no s\u00e9..<\/div>\n<div>Bueno, s\u00f3lo decir que el papi y mi chico comer\u00e1n hoy como maharaj\u00e1s, menuda alegr\u00eda se van a llevar en cuanto entren por la puerta y les llegue el aroma jajajaja.<\/div>\n<div><\/div>\n<div>Para tres comensales necesitaremos;<\/div>\n<div><\/div>\n<div><\/div>\n<div>\n<div class=\"separator\" style=\"clear: both; text-align: center;\"><a style=\"margin-left: 1em; margin-right: 1em;\" href=\"http:\/\/4.bp.blogspot.com\/-TfPZyYQbBac\/VOTQZlzbgcI\/AAAAAAAAVdE\/6UtW6f2eAhc\/s1600\/ppppppppppppppppppppp.jpg\"><img decoding=\"async\" loading=\"lazy\" src=\"https:\/\/elcalaixetdelaiaia.es\/wp-content\/uploads\/2015\/02\/ppppppppppppppppppppp.jpg\" width=\"640\" height=\"404\" border=\"0\" \/><\/a><\/div>\n<\/div>\n<div>\n<ol>\n<li>Media coliflor<\/li>\n<li>300 gramos de bacalao limpio<\/li>\n<li>3 dientes de ajo<\/li>\n<li>Aceite de oliva<\/li>\n<li>Dos tomates maduros<\/li>\n<li>300 g de arroz redondo<\/li>\n<li>750 ml caldo, fumet, o fondo de pescado<\/li>\n<li>Preparado con azafr\u00e1n<\/li>\n<li>Piment\u00f3n de la Vera<\/li>\n<li>Sal<\/li>\n<\/ol>\n<div>Comenzaremos desalando el bacalao \u00a0el d\u00eda d\u00eda de antes, que habremos comprado en la parada de mercado, s\u00faper o tienda de salazones. En el Mercat del Cabanyal, Mercat de Grau, Mercat de Russafa y en el Mercat Central, (supongo que en todos los mercados) le llaman bacalao Labrador y viene a estar por unos 12\u20ac el k. mas o menos. Pedid que os lo troceen y como m\u00ednimo 12 horas antes, pondremos a desalar en agua fr\u00eda.<\/div>\n<div>\n<p>El d\u00eda antes pondremos el bacalao a remojo en agua fresca, despu\u00e9s de haberlo enjuagado bajo el grifo con agua fresca, a conciencia<\/p>\n<div class=\"separator\" style=\"clear: both; text-align: center;\"><a style=\"margin-left: 1em; margin-right: 1em;\" href=\"http:\/\/1.bp.blogspot.com\/-7f7lf1zwFsI\/UxkM1w1aWOI\/AAAAAAAAGKA\/UNnHaFdlkWY\/s1600\/SAM_4992.JPG\"><img decoding=\"async\" loading=\"lazy\" src=\"https:\/\/elcalaixetdelaiaia.es\/wp-content\/uploads\/2015\/02\/SAM_4992-1.jpg\" width=\"640\" height=\"480\" border=\"0\" \/><\/a><\/div>\n<p style=\"text-align: center;\">y cambiaremos TRES veces el agua, durante todo el d\u00eda siguiente, yo lo suelo dejar unas 24 horas en remojo \u00a0con sus tres cambios de agua, en el frigo<\/p>\n<\/div>\n<div>\n<div class=\"separator\" style=\"clear: both; text-align: center;\"><a style=\"margin-left: 1em; margin-right: 1em;\" href=\"http:\/\/1.bp.blogspot.com\/-myVCsEZ8WTU\/VOTcQQ8vb1I\/AAAAAAAAVeU\/1wt4cnxbD9Y\/s1600\/aba.JPG\"><img decoding=\"async\" loading=\"lazy\" class=\"alignnone\" src=\"https:\/\/elcalaixetdelaiaia.es\/wp-content\/uploads\/2015\/02\/aba-1.jpg\" width=\"640\" height=\"480\" border=\"0\" \/><\/a><\/div>\n<\/div>\n<div>\n<p style=\"text-align: center;\">Lo escurrimos bien y lo secamos con papel de cocina<\/p>\n<div class=\"separator\" style=\"clear: both; text-align: center;\"><a style=\"margin-left: 1em; margin-right: 1em;\" href=\"http:\/\/3.bp.blogspot.com\/-OfGspzXUkGI\/VOTQZbQ8qRI\/AAAAAAAAVdI\/7ZJ5kgRDhoQ\/s1600\/pppppppppppppppppppp.jpg\"><img decoding=\"async\" loading=\"lazy\" src=\"https:\/\/elcalaixetdelaiaia.es\/wp-content\/uploads\/2015\/02\/pppppppppppppppppppp.jpg\" width=\"640\" height=\"394\" border=\"0\" \/><\/a><\/div>\n<\/div>\n<div>\n<p style=\"text-align: center;\">cortamos la col en inflorescencias, o sea en peque\u00f1os arbolitos de tama\u00f1os similares<\/p>\n<div class=\"separator\" style=\"clear: both;\"><a style=\"margin-left: 1em; margin-right: 1em;\" href=\"http:\/\/1.bp.blogspot.com\/-_dcYuFACFvk\/VOTQZGG8oKI\/AAAAAAAAVc4\/fjhii98ftQQ\/s1600\/ppppppppppppppppppp.jpg\"><img decoding=\"async\" loading=\"lazy\" class=\"alignnone\" src=\"https:\/\/elcalaixetdelaiaia.es\/wp-content\/uploads\/2015\/02\/ppppppppppppppppppp.jpg\" width=\"640\" height=\"384\" border=\"0\" \/><\/a><\/div>\n<p style=\"text-align: center;\">y lo mismo haremos con el bacalao, cortando en trozos de bocado. Rallamos el tomate junto a tres dientes de ajo<\/p>\n<div class=\"separator\" style=\"clear: both;\"><a style=\"margin-left: 1em; margin-right: 1em;\" href=\"http:\/\/4.bp.blogspot.com\/-YRDAV6fXIew\/VOTQYmPNHGI\/AAAAAAAAVc0\/YDWhgLtGvN0\/s1600\/pppppppppppppppppp.jpg\"><img decoding=\"async\" loading=\"lazy\" class=\"alignnone\" src=\"https:\/\/elcalaixetdelaiaia.es\/wp-content\/uploads\/2015\/02\/pppppppppppppppppp.jpg\" width=\"640\" height=\"384\" border=\"0\" \/><\/a><\/div>\n<p style=\"text-align: center;\">a\u00f1adimos aceite de oliva en la paella y lo ponemos a calentar con sal por encima<\/p>\n<div class=\"separator\" style=\"clear: both;\"><a style=\"margin-left: 1em; margin-right: 1em;\" href=\"http:\/\/3.bp.blogspot.com\/-Ot4XFjoIiKw\/VOTQYbTMplI\/AAAAAAAAVcw\/6l4Pa1gOwpk\/s1600\/ppppppppppppppppp.jpg\"><img decoding=\"async\" loading=\"lazy\" class=\"alignnone\" src=\"https:\/\/elcalaixetdelaiaia.es\/wp-content\/uploads\/2015\/02\/ppppppppppppppppp.jpg\" width=\"640\" height=\"384\" border=\"0\" \/><\/a><\/div>\n<p style=\"text-align: center;\">fre\u00edmos el bacalao y cuando se comience a poner dorado,<\/p>\n<div class=\"separator\" style=\"clear: both;\"><a style=\"margin-left: 1em; margin-right: 1em;\" href=\"http:\/\/1.bp.blogspot.com\/-ezgA8p7CbIQ\/VOTQXy5iedI\/AAAAAAAAVco\/m1o5G6dVSg0\/s1600\/pppppppppppppppp.jpg\"><img decoding=\"async\" loading=\"lazy\" class=\"alignnone\" src=\"https:\/\/elcalaixetdelaiaia.es\/wp-content\/uploads\/2015\/02\/pppppppppppppppp.jpg\" width=\"640\" height=\"384\" border=\"0\" \/><\/a><\/div>\n<p style=\"text-align: center;\">a\u00f1adimos la col, removemos y dejamos hacer a fuego lento<\/p>\n<div class=\"separator\" style=\"clear: both;\"><a style=\"margin-left: 1em; margin-right: 1em;\" href=\"http:\/\/1.bp.blogspot.com\/-J0h0-QiO8rc\/VOTQXukU87I\/AAAAAAAAVck\/y0QaHa4YAuA\/s1600\/ppppppppppppppp.jpg\"><img decoding=\"async\" loading=\"lazy\" class=\"alignnone\" src=\"https:\/\/elcalaixetdelaiaia.es\/wp-content\/uploads\/2015\/02\/ppppppppppppppp.jpg\" width=\"640\" height=\"384\" border=\"0\" \/><\/a><\/div>\n<p style=\"text-align: center;\">tapando la paella para que la col se haga poco a poco sin tostarse<\/p>\n<div class=\"separator\" style=\"clear: both;\"><a style=\"margin-left: 1em; margin-right: 1em;\" href=\"http:\/\/3.bp.blogspot.com\/-rZZJ8qvcNrk\/VOTQXJjSFRI\/AAAAAAAAVcc\/dFszuW5Esk4\/s1600\/pppppppppppppp.jpg\"><img decoding=\"async\" loading=\"lazy\" class=\"alignnone\" src=\"https:\/\/elcalaixetdelaiaia.es\/wp-content\/uploads\/2015\/02\/pppppppppppppp.jpg\" width=\"640\" height=\"384\" border=\"0\" \/><\/a><\/div>\n<p style=\"text-align: center;\">cuando est\u00e9 la col al dente, subimos un poco el fuego e incorporamos el tomate y el ajo para fre\u00edrlo<\/p>\n<div class=\"separator\" style=\"clear: both;\"><a style=\"margin-left: 1em; margin-right: 1em;\" href=\"http:\/\/2.bp.blogspot.com\/-QbnhpASyBl4\/VOTQW7I7FsI\/AAAAAAAAVcY\/b5WFpqGoYBI\/s1600\/ppppppppppppp.jpg\"><img decoding=\"async\" loading=\"lazy\" class=\"alignnone\" src=\"https:\/\/elcalaixetdelaiaia.es\/wp-content\/uploads\/2015\/02\/ppppppppppppp.jpg\" width=\"640\" height=\"384\" border=\"0\" \/><\/a><\/div>\n<p style=\"text-align: center;\">en cuanto est\u00e9 listo ponemos el arroz para darles unas vueltas y que absorba todo el sabor<\/p>\n<div class=\"separator\" style=\"clear: both;\"><a style=\"margin-left: 1em; margin-right: 1em;\" href=\"http:\/\/1.bp.blogspot.com\/-vvs3kZQgmm8\/VOTQWbgHAPI\/AAAAAAAAVcQ\/Flkd0oQuYoI\/s1600\/pppppppppppp.jpg\"><img decoding=\"async\" loading=\"lazy\" class=\"alignnone\" src=\"https:\/\/elcalaixetdelaiaia.es\/wp-content\/uploads\/2015\/02\/pppppppppppp.jpg\" width=\"640\" height=\"384\" border=\"0\" \/><\/a><\/div>\n<p>ahora toca el turno del piment\u00f3n de la vera, removemos y acto seguido para que no se nos queme o amargar\u00e1 el guiso&#8230;<\/p>\n<div class=\"separator\" style=\"clear: both;\"><a style=\"margin-left: 1em; margin-right: 1em;\" href=\"http:\/\/1.bp.blogspot.com\/-qnefPMxX8sg\/VOTQWDwFceI\/AAAAAAAAVcM\/2g5Oiv-AHzw\/s1600\/ppppppppppp.jpg\"><img decoding=\"async\" loading=\"lazy\" class=\"alignnone\" src=\"https:\/\/elcalaixetdelaiaia.es\/wp-content\/uploads\/2015\/02\/ppppppppppp.jpg\" width=\"640\" height=\"384\" border=\"0\" \/><\/a><\/div>\n<p style=\"text-align: center;\">a\u00f1adimos el caldo de pescado que tendremos preparado y caliente<\/p>\n<div class=\"separator\" style=\"clear: both;\"><a style=\"margin-left: 1em; margin-right: 1em;\" href=\"http:\/\/2.bp.blogspot.com\/-VY_cHecoPwg\/VOTQVtswEbI\/AAAAAAAAVds\/ClAV7JfhtvA\/s1600\/ppppppppp.jpg\"><img decoding=\"async\" loading=\"lazy\" class=\"alignnone\" src=\"https:\/\/elcalaixetdelaiaia.es\/wp-content\/uploads\/2015\/02\/ppppppppp.jpg\" width=\"640\" height=\"384\" border=\"0\" \/><\/a><\/div>\n<p style=\"text-align: center;\">e incorporamos el preparado de paella con azafr\u00e1n,<\/p>\n<div class=\"separator\" style=\"clear: both;\"><a style=\"margin-left: 1em; margin-right: 1em;\" href=\"http:\/\/2.bp.blogspot.com\/-aqu6hoSTdJA\/VOTQVD_tD6I\/AAAAAAAAVb8\/Uh0QRi_MYP4\/s1600\/ppppppp.jpg\"><img decoding=\"async\" loading=\"lazy\" class=\"alignnone\" src=\"https:\/\/elcalaixetdelaiaia.es\/wp-content\/uploads\/2015\/02\/ppppppp.jpg\" width=\"640\" height=\"384\" border=\"0\" \/><\/a><\/div>\n<p>rectificamos de sal, lo tenemos a fuego fuerte 5 minutos y a fuego medio otros 15, pasados los cuales<\/p>\n<div class=\"separator\" style=\"clear: both;\"><a style=\"margin-left: 1em; margin-right: 1em;\" href=\"http:\/\/2.bp.blogspot.com\/-_aypCg0vmuo\/VOTQUO42W-I\/AAAAAAAAVbs\/g88p0XsAXIA\/s1600\/pppp.jpg\"><img decoding=\"async\" loading=\"lazy\" class=\"alignnone\" src=\"https:\/\/elcalaixetdelaiaia.es\/wp-content\/uploads\/2015\/02\/pppp.jpg\" width=\"640\" height=\"384\" border=\"0\" \/><\/a><\/div>\n<p style=\"text-align: center;\">dejamos reposar y \u00abaixuar\u00bb secar, el arroz<\/p>\n<div class=\"separator\" style=\"clear: both;\"><a style=\"margin-left: 1em; margin-right: 1em;\" href=\"http:\/\/1.bp.blogspot.com\/-zLg4XM6lZuE\/VOTQUpcGqII\/AAAAAAAAVb0\/Y0Jr5obCWO0\/s1600\/ppppp.jpg\"><img decoding=\"async\" loading=\"lazy\" class=\"alignnone\" src=\"https:\/\/elcalaixetdelaiaia.es\/wp-content\/uploads\/2015\/02\/ppppp.jpg\" width=\"640\" height=\"416\" border=\"0\" \/><\/a><\/div>\n<p style=\"text-align: center;\">a \u00e9ste arroz le va perfecto un vino blanco<\/p>\n<div class=\"separator\" style=\"clear: both;\"><a style=\"margin-left: 1em; margin-right: 1em;\" href=\"http:\/\/4.bp.blogspot.com\/-fm0rwvkN8Bo\/VOTQU7tiX-I\/AAAAAAAAVb4\/mqoRuInJZak\/s1600\/pppppp.jpg\"><img decoding=\"async\" loading=\"lazy\" class=\"alignnone\" src=\"https:\/\/elcalaixetdelaiaia.es\/wp-content\/uploads\/2015\/02\/pppppp.jpg\" width=\"640\" height=\"384\" border=\"0\" \/><\/a><\/div>\n<p style=\"text-align: center;\">bien fresquito<a style=\"margin-left: 1em; margin-right: 1em;\" href=\"http:\/\/4.bp.blogspot.com\/-coJYRnBCl9s\/VOTQULcvAgI\/AAAAAAAAVbw\/-Ja7fo1NooY\/s1600\/ppp.jpg\"><img decoding=\"async\" loading=\"lazy\" class=\"aligncenter\" src=\"https:\/\/elcalaixetdelaiaia.es\/wp-content\/uploads\/2015\/02\/ppp.jpg\" width=\"384\" height=\"640\" border=\"0\" \/><\/a><\/p>\n<p style=\"text-align: center;\">emplatamos, y listo para disfrutar de un arroz<a style=\"margin-left: 1em; margin-right: 1em;\" href=\"http:\/\/3.bp.blogspot.com\/-sLCI8GK12Ko\/VOTalz-1I4I\/AAAAAAAAVeI\/INTFIptVKE8\/s1600\/p.jpg\"><img decoding=\"async\" loading=\"lazy\" class=\"aligncenter\" src=\"https:\/\/elcalaixetdelaiaia.es\/wp-content\/uploads\/2015\/02\/p.jpg\" width=\"640\" height=\"390\" border=\"0\" \/><\/a> sano , rico y con su puntito exacto de \u00absocarraet\u00bb<a style=\"margin-left: 1em; margin-right: 1em;\" href=\"http:\/\/3.bp.blogspot.com\/-RN13Tkoj9zc\/VOTQTz2NLsI\/AAAAAAAAVbo\/ZaEf5sWqDho\/s1600\/pp.jpg\"><img decoding=\"async\" loading=\"lazy\" class=\"aligncenter\" src=\"https:\/\/elcalaixetdelaiaia.es\/wp-content\/uploads\/2015\/02\/pp.jpg\" width=\"640\" height=\"384\" border=\"0\" \/><\/a><\/p>\n<p style=\"text-align: center;\">!A la taula i..BON PROFIT!!!<\/p>\n<\/div>\n<div style=\"text-align: center;\">Si te gusta mi receta, puedes compartirla, para que llegue a m\u00e1s gente.<\/div>\n<div style=\"text-align: center;\">Espero tus comentarios, que para mi son MUY importantes y prometo contestar lo antes posible. Gracias por tu visita.<br \/>\nY recuerda que tambi\u00e9n estoy en Facebook\u00a0<a href=\"https:\/\/www.facebook.com\/El-calaixet-de-la-iaia-533062140099386\/\">https:\/\/www.facebook.com\/El-calaixet-de-la-iaia-533062140099386\/<\/a><\/div>\n<\/div>\n","protected":false},"excerpt":{"rendered":"<p>\u00abRefrany; Col de Febrer, bona com el corder.\u00bb Col de Febrero, buena como el cordero. Voy a preparar una paella que a mi madre le encantaba y \u00a0mi marido y mi papi, se chupan los dedos. \u00abPaella de floric\u00f2l i abatexto\u00bb, Paella de col y bacalao. El arroz en casa &hellip; <\/p>\n","protected":false},"author":2,"featured_media":16412,"comment_status":"open","ping_status":"open","sticky":false,"template":"","format":"standard","meta":[],"categories":[36,1],"tags":[],"_links":{"self":[{"href":"https:\/\/elcalaixetdelaiaia.es\/index.php?rest_route=\/wp\/v2\/posts\/745"}],"collection":[{"href":"https:\/\/elcalaixetdelaiaia.es\/index.php?rest_route=\/wp\/v2\/posts"}],"about":[{"href":"https:\/\/elcalaixetdelaiaia.es\/index.php?rest_route=\/wp\/v2\/types\/post"}],"author":[{"embeddable":true,"href":"https:\/\/elcalaixetdelaiaia.es\/index.php?rest_route=\/wp\/v2\/users\/2"}],"replies":[{"embeddable":true,"href":"https:\/\/elcalaixetdelaiaia.es\/index.php?rest_route=%2Fwp%2Fv2%2Fcomments&post=745"}],"version-history":[{"count":15,"href":"https:\/\/elcalaixetdelaiaia.es\/index.php?rest_route=\/wp\/v2\/posts\/745\/revisions"}],"predecessor-version":[{"id":29704,"href":"https:\/\/elcalaixetdelaiaia.es\/index.php?rest_route=\/wp\/v2\/posts\/745\/revisions\/29704"}],"wp:featuredmedia":[{"embeddable":true,"href":"https:\/\/elcalaixetdelaiaia.es\/index.php?rest_route=\/wp\/v2\/media\/16412"}],"wp:attachment":[{"href":"https:\/\/elcalaixetdelaiaia.es\/index.php?rest_route=%2Fwp%2Fv2%2Fmedia&parent=745"}],"wp:term":[{"taxonomy":"category","embeddable":true,"href":"https:\/\/elcalaixetdelaiaia.es\/index.php?rest_route=%2Fwp%2Fv2%2Fcategories&post=745"},{"taxonomy":"post_tag","embeddable":true,"href":"https:\/\/elcalaixetdelaiaia.es\/index.php?rest_route=%2Fwp%2Fv2%2Ftags&post=745"}],"curies":[{"name":"wp","href":"https:\/\/api.w.org\/{rel}","templated":true}]}}