{"id":716,"date":"2015-03-01T15:47:00","date_gmt":"2015-03-01T15:47:00","guid":{"rendered":"http:\/\/elcalaixetdelaiaia.es\/faldriquera-o-realera-en-la"},"modified":"2026-03-03T09:33:54","modified_gmt":"2026-03-03T09:33:54","slug":"faldriquera-o-realera-en-la","status":"publish","type":"post","link":"https:\/\/elcalaixetdelaiaia.es\/?p=716","title":{"rendered":"Faldriquera o realera en la indumentaria de valenciano\/a"},"content":{"rendered":"<p>\u00abRefrany;<br \/>\nFaldriquera oberta, reals que volen\u00bb \u00a0 Faldriquera abierta, reales que vuelan.<\/p>\n<p>Faldriquera, faltriquera o realera.<\/p>\n<p>Era una bolsa rectangular con una abertura que se llevaban las mujeres, bajo el guardapi\u00e9s o falda \u00a0haci\u00e9ndola coincidir con la abertura de \u00e9ste que siempre era (y sigue siendo) de pa\u00f1al, y los hombres exteriormente.<br \/>\nLa definen como;<\/p>\n<p>1.- \u00a0Bolsa peque\u00f1a atada a la cintura y que se lleva colgando por debajo las mujeres o por encima de la ropa los hombres.<br \/>\n2.- Col. Bolsillo.<br \/>\nLas faldriqueras,\u00a0 vinieron a ser con el tiempo los modernos bolsillos. Deriva de falda o faldica, ya que se llevaba bajo de las basqui\u00f1as faldas y briales femeninos.<br \/>\nDurante alg\u00fan tiempo se us\u00f3 la voz de faltriquero como sin\u00f3nimo de faldero o mujeriego, porque no hab\u00eda otra cosa m\u00e1s pegada a la mujer que el bolsillo donde llevaban el dinero u otras cosas de importancia.<\/p>\n<div>\u00a0Era imprescindible, porque las ropas femeninas no llevaban bolsillos. Aunque no se ve\u00eda desde fuera, estaban bordadas o hechas con diferentes trabajos de superposici\u00f3n. Las he visto de tela con forma de estrella preciosas, con retales de seda labrada, de ropa de valenciana, o como las m\u00edas, mucho mas sencillas, con retorta de algod\u00f3n y alg\u00fan adorno. Estas son algunas de las que tengo a mano.<\/div>\n<div class=\"separator\" style=\"clear: both; text-align: center;\"><a style=\"margin-left: 1em; margin-right: 1em;\" href=\"http:\/\/2.bp.blogspot.com\/-Sf41PPBuPLU\/VPMzav9qqiI\/AAAAAAAAWkI\/A_rKn7wH2kU\/s1600\/SAM_6009%2Bmodified.jpg\"><img decoding=\"async\" loading=\"lazy\" class=\"aligncenter\" src=\"https:\/\/elcalaixetdelaiaia.es\/wp-content\/uploads\/2015\/03\/SAM_6009modified.jpg\" width=\"480\" height=\"640\" border=\"0\" \/><\/a><\/div>\n<p style=\"text-align: center;\">Ahora las falleras llevan bolsillos cosidos a las enaguas o al cancan o ahuecador, (que da un vuelo muy artificial),\u00a0 pero si vistes tradicional y de manera aut\u00e9ntica, \u00e9sto no es lo que toca, ya que el cancan no es lo adecuado, y las enaguas tradicionales van almidonadas y sin bolsillos.<\/p>\n<p style=\"text-align: center;\"><a style=\"margin-left: 1em; margin-right: 1em;\" href=\"http:\/\/4.bp.blogspot.com\/-OjyOzU28LSg\/VPM97MAR6WI\/AAAAAAAAWks\/XzMZRYYuG_w\/s1600\/SAM_6008%2Bmodified.jpg\"><img decoding=\"async\" loading=\"lazy\" class=\"aligncenter\" src=\"https:\/\/elcalaixetdelaiaia.es\/wp-content\/uploads\/2015\/03\/SAM_6008modified.jpg\" width=\"640\" height=\"480\" border=\"0\" \/><\/a><\/p>\n<div>Algunas mujeres llevamos dos, una a cada lado, y os puedo asegurar por propia experiencia que es comod\u00edsimo, pues metes la mano por la abertura lateral de la falda (que siempre es de pa\u00f1al) y tienes acceso directo al pa\u00f1uelo, o a lo que necesites llevar encima. A mi nieta le encanta llevar su pa\u00f1uelito all\u00ed.<\/div>\n<div><\/div>\n<div><img decoding=\"async\" loading=\"lazy\" class=\"alignnone size-full wp-image-24686\" src=\"https:\/\/elcalaixetdelaiaia.es\/wp-content\/uploads\/2015\/03\/WhatsApp-Image-2023-03-02-at-19.26.08.jpeg\" alt=\"\" width=\"768\" height=\"1024\" srcset=\"https:\/\/elcalaixetdelaiaia.es\/wp-content\/uploads\/2015\/03\/WhatsApp-Image-2023-03-02-at-19.26.08.jpeg 768w, https:\/\/elcalaixetdelaiaia.es\/wp-content\/uploads\/2015\/03\/WhatsApp-Image-2023-03-02-at-19.26.08-225x300.jpeg 225w\" sizes=\"(max-width: 768px) 100vw, 768px\" \/><\/div>\n<div style=\"text-align: center;\">esta es la \u00faltima faldriquera que he hecho<\/div>\n<div style=\"text-align: center;\"><img decoding=\"async\" loading=\"lazy\" class=\"alignnone size-full wp-image-24682\" src=\"https:\/\/elcalaixetdelaiaia.es\/wp-content\/uploads\/2015\/03\/WhatsApp-Image-2023-03-02-at-19.26.081.jpeg\" alt=\"\" width=\"1024\" height=\"768\" srcset=\"https:\/\/elcalaixetdelaiaia.es\/wp-content\/uploads\/2015\/03\/WhatsApp-Image-2023-03-02-at-19.26.081.jpeg 1024w, https:\/\/elcalaixetdelaiaia.es\/wp-content\/uploads\/2015\/03\/WhatsApp-Image-2023-03-02-at-19.26.081-300x225.jpeg 300w, https:\/\/elcalaixetdelaiaia.es\/wp-content\/uploads\/2015\/03\/WhatsApp-Image-2023-03-02-at-19.26.081-768x576.jpeg 768w\" sizes=\"(max-width: 1024px) 100vw, 1024px\" \/><\/div>\n<div style=\"text-align: center;\">en punto de cadeneta a mano<\/div>\n<div><img decoding=\"async\" loading=\"lazy\" class=\"alignnone size-full wp-image-24683\" src=\"https:\/\/elcalaixetdelaiaia.es\/wp-content\/uploads\/2015\/03\/WhatsApp-Image-2023-03-02-at-19.26.082.jpeg\" alt=\"\" width=\"779\" height=\"1024\" srcset=\"https:\/\/elcalaixetdelaiaia.es\/wp-content\/uploads\/2015\/03\/WhatsApp-Image-2023-03-02-at-19.26.082.jpeg 779w, https:\/\/elcalaixetdelaiaia.es\/wp-content\/uploads\/2015\/03\/WhatsApp-Image-2023-03-02-at-19.26.082-228x300.jpeg 228w, https:\/\/elcalaixetdelaiaia.es\/wp-content\/uploads\/2015\/03\/WhatsApp-Image-2023-03-02-at-19.26.082-768x1010.jpeg 768w\" sizes=\"(max-width: 779px) 100vw, 779px\" \/><\/div>\n<div style=\"text-align: center;\">confeccionada en retorta<\/div>\n<div><img decoding=\"async\" loading=\"lazy\" class=\"alignnone size-full wp-image-24684\" src=\"https:\/\/elcalaixetdelaiaia.es\/wp-content\/uploads\/2015\/03\/WhatsApp-Image-2023-03-02-at-19.26.083.jpeg\" alt=\"\" width=\"768\" height=\"1024\" srcset=\"https:\/\/elcalaixetdelaiaia.es\/wp-content\/uploads\/2015\/03\/WhatsApp-Image-2023-03-02-at-19.26.083.jpeg 768w, https:\/\/elcalaixetdelaiaia.es\/wp-content\/uploads\/2015\/03\/WhatsApp-Image-2023-03-02-at-19.26.083-225x300.jpeg 225w\" sizes=\"(max-width: 768px) 100vw, 768px\" \/><\/div>\n<div style=\"text-align: center;\">de algod\u00f3n<\/div>\n<div style=\"text-align: center;\"><img decoding=\"async\" loading=\"lazy\" class=\"alignnone size-full wp-image-24685\" src=\"https:\/\/elcalaixetdelaiaia.es\/wp-content\/uploads\/2015\/03\/WhatsApp-Image-2023-03-02-at-19.26.084.jpeg\" alt=\"\" width=\"768\" height=\"1024\" srcset=\"https:\/\/elcalaixetdelaiaia.es\/wp-content\/uploads\/2015\/03\/WhatsApp-Image-2023-03-02-at-19.26.084.jpeg 768w, https:\/\/elcalaixetdelaiaia.es\/wp-content\/uploads\/2015\/03\/WhatsApp-Image-2023-03-02-at-19.26.084-225x300.jpeg 225w\" sizes=\"(max-width: 768px) 100vw, 768px\" \/><\/div>\n<div style=\"text-align: center;\">cosida tambi\u00e9n a mano, y con bies de algod\u00f3n<\/div>\n<div><\/div>\n<div><img decoding=\"async\" loading=\"lazy\" class=\"wp-image-20720 aligncenter\" src=\"https:\/\/elcalaixetdelaiaia.es\/wp-content\/uploads\/2015\/03\/DafiJuliofaltriqueracalaixet.jpg\" alt=\"\" width=\"626\" height=\"531\" srcset=\"https:\/\/elcalaixetdelaiaia.es\/wp-content\/uploads\/2015\/03\/DafiJuliofaltriqueracalaixet.jpg 854w, https:\/\/elcalaixetdelaiaia.es\/wp-content\/uploads\/2015\/03\/DafiJuliofaltriqueracalaixet-300x255.jpg 300w, https:\/\/elcalaixetdelaiaia.es\/wp-content\/uploads\/2015\/03\/DafiJuliofaltriqueracalaixet-768x652.jpg 768w\" sizes=\"(max-width: 626px) 100vw, 626px\" \/><\/div>\n<p>En el caso de los hombres que la llevaban (y siguen llevando cuando visten tradicionalmente) por encima de la faja y la ataban a la cintura con un largo cord\u00f3n. Incluso las hab\u00eda hechas a punto, con lanas de muchos colores con flecos y borlas.<\/p>\n<p><a style=\"margin-left: 1em; margin-right: 1em;\" href=\"http:\/\/1.bp.blogspot.com\/-9eNyg4houtM\/VPMzeR022BI\/AAAAAAAAWkQ\/QuA1OSo4CD8\/s1600\/firma%2Bmodified.jpg\"><img decoding=\"async\" loading=\"lazy\" class=\"aligncenter\" src=\"https:\/\/elcalaixetdelaiaia.es\/wp-content\/uploads\/2015\/03\/firmamodified.jpg\" width=\"480\" height=\"640\" border=\"0\" \/><\/a>La utilizaban para llevar el tabaco y el dinero o reales, de ah\u00ed el nombre de \u00abrealera\u00bb.<br \/>\nPara la indumentaria de valenciano, sobre todo de saraguells, es imprescindible al no llevar bolsillo, aunque son muchos los hombres que usan un pliegue de la faja para \u00e9ste menester, es mucho mas c\u00f3moda la faltriquera, para las llaves, las gafas de sol, el reloj (\u00e1mbos, gafas de sol y reloj, no se ha de llevar NUNCA en un pasacarrer, ni ofrenda, ni similar) el m\u00f3vil etc.<a style=\"margin-left: 1em; margin-right: 1em;\" href=\"http:\/\/1.bp.blogspot.com\/-nSuRzgyVmZA\/VPMx_QGuxeI\/AAAAAAAAWj8\/W6yemmBxiJ8\/s1600\/CIMG3854.JPG\"><img decoding=\"async\" loading=\"lazy\" class=\"aligncenter\" src=\"https:\/\/elcalaixetdelaiaia.es\/wp-content\/uploads\/2015\/03\/CIMG3854.jpg\" width=\"479\" height=\"535\" border=\"0\" \/><\/a><i>\u00a0 \u00a0 \u00a0 \u00a0 Fotograf\u00eda tomada del libro de M\u00aa Victoria Liceras De dins a fora, de dalt a baix la<\/i><i style=\"font-family: Times, 'Times New Roman', serif; font-size: small;\">\u00a0Indumentaria Valenciana \u00a0 siglos XVIII y XIX \u00a0 \u00a0 \u00a0 \u00a0 \u00a0\u00a0<\/i><\/p>\n<p><i><img decoding=\"async\" loading=\"lazy\" class=\"size-large wp-image-20718 aligncenter\" src=\"https:\/\/elcalaixetdelaiaia.es\/wp-content\/uploads\/2015\/03\/faldriqueraisarag\u00fcellcalaixet-821x1024.jpg\" alt=\"\" width=\"750\" height=\"935\" srcset=\"https:\/\/elcalaixetdelaiaia.es\/wp-content\/uploads\/2015\/03\/faldriqueraisarag\u00fcellcalaixet-821x1024.jpg 821w, https:\/\/elcalaixetdelaiaia.es\/wp-content\/uploads\/2015\/03\/faldriqueraisarag\u00fcellcalaixet-241x300.jpg 241w, https:\/\/elcalaixetdelaiaia.es\/wp-content\/uploads\/2015\/03\/faldriqueraisarag\u00fcellcalaixet-768x958.jpg 768w, https:\/\/elcalaixetdelaiaia.es\/wp-content\/uploads\/2015\/03\/faldriqueraisarag\u00fcellcalaixet-1232x1536.jpg 1232w, https:\/\/elcalaixetdelaiaia.es\/wp-content\/uploads\/2015\/03\/faldriqueraisarag\u00fcellcalaixet-1642x2048.jpg 1642w\" sizes=\"(max-width: 750px) 100vw, 750px\" \/><\/i><br \/>\nAs\u00ed que ya sab\u00e9is, pr\u00e1ctica, c\u00f3moda, y tradicional, \u00bfquien da mas? Ah, por cierto, aprovecho la foto del \u00absarag\u00fcells\u00bb para recordar una vez mas, que el \u00absarag\u00fcell\u00bb, no ha de cubrir ni media rodilla, ni la rodilla entera . La altura del mismo ha de ser siempre por encima de la rodilla, todo lo dem\u00e1s&#8230; no.<\/p>\n<p><img decoding=\"async\" loading=\"lazy\" class=\" wp-image-20752 aligncenter\" src=\"https:\/\/elcalaixetdelaiaia.es\/wp-content\/uploads\/2015\/03\/Dafneambfaldriquerafetaaulio-2-1024x987.jpg\" alt=\"\" width=\"739\" height=\"712\" srcset=\"https:\/\/elcalaixetdelaiaia.es\/wp-content\/uploads\/2015\/03\/Dafneambfaldriquerafetaaulio-2-1024x987.jpg 1024w, https:\/\/elcalaixetdelaiaia.es\/wp-content\/uploads\/2015\/03\/Dafneambfaldriquerafetaaulio-2-300x289.jpg 300w, https:\/\/elcalaixetdelaiaia.es\/wp-content\/uploads\/2015\/03\/Dafneambfaldriquerafetaaulio-2-768x740.jpg 768w, https:\/\/elcalaixetdelaiaia.es\/wp-content\/uploads\/2015\/03\/Dafneambfaldriquerafetaaulio-2-1536x1480.jpg 1536w, https:\/\/elcalaixetdelaiaia.es\/wp-content\/uploads\/2015\/03\/Dafneambfaldriquerafetaaulio-2.jpg 1651w\" sizes=\"(max-width: 739px) 100vw, 739px\" \/><\/p>\n<p>Tengo una prima hermana con manos de \u00e1ngel, a la que ense\u00f1\u00e9 que eran las faltriqueras de hombre, y que las hace precioooosassss y adem\u00e1s personalizadas <span class=\"ILfuVd\" lang=\"es\"><span class=\"hgKElc\">\ud83e\udd70<\/span><\/span><\/p>\n<p>Aqu\u00ed ten\u00e9is el enlace de paso a paso y foto a foto, como confeccionar uns \u00absarag\u00fcells\u00bb <a href=\"https:\/\/elcalaixetdelaiaia.es\/?p=988\">https:\/\/elcalaixetdelaiaia.es\/?p=988<\/a><\/p>\n<p>Ya se que me hab\u00e9is pedido que hable sobre los pa\u00f1uelos de hombre, no me he olvidado, tengo el borrador hecho desde las pasadas fallas, pero&#8230; estoy buscando alguien que me preste su cabeza para hacer de conejito de indias, que tenga un ratito disponible y que no le de verguenza salir en el blog&#8230; buffff que dificiiiiiiiil \ud83d\ude41<\/p>\n<p>Edito para deciros que mi peque, al final de mucho rogar me prest\u00f2 su cabeza \ud83d\ude09 aqu\u00ed ten\u00e9is el paso paso y foto a foto de todas las maneras que yo se de colocar el pa\u00f1uelo de hombre <a href=\"https:\/\/elcalaixetdelaiaia.es\/2015\/03\/el-panuelo-mocador-de-cabeza-en-el_5\/\">https:\/\/elcalaixetdelaiaia.es\/2015\/03\/el-panuelo-mocador-de-cabeza-en-el_5\/<\/a><\/p>\n<p>Recordad, el hombre vestido de fallero o valenciano JAMAS con la cabeza descubierta NUNCA!!!!!<\/p>\n<p>Si te gusta esta entrada y la compartes, mucha gente podr\u00e1 conocer esta pieza de indumentaria. Gracias por hacerlo. Si quieres comentar, tus comentarios para mi son MUY importantes, responder\u00e9 lo antes posible y recuerda que tambi\u00e9n estoy en Facebook <a href=\"https:\/\/www.facebook.com\/El-calaixet-de-la-iaia-533062140099386\/\">https:\/\/www.facebook.com\/El-calaixet-de-la-iaia-533062140099386\/<\/a><\/p>\n<p>Edito esta entrada en fallas del 2023, porque una fiel seguidora del calaixet, Isabel Tovar, le confeccion\u00f3 a su hijo esta preciosa faltriquera<\/p>\n<p><img decoding=\"async\" loading=\"lazy\" class=\"alignnone size-full wp-image-24869\" src=\"https:\/\/elcalaixetdelaiaia.es\/wp-content\/uploads\/2015\/03\/IsabelTovarfaldriquera.jpg\" alt=\"\" width=\"1511\" height=\"2015\" srcset=\"https:\/\/elcalaixetdelaiaia.es\/wp-content\/uploads\/2015\/03\/IsabelTovarfaldriquera.jpg 1511w, https:\/\/elcalaixetdelaiaia.es\/wp-content\/uploads\/2015\/03\/IsabelTovarfaldriquera-225x300.jpg 225w, https:\/\/elcalaixetdelaiaia.es\/wp-content\/uploads\/2015\/03\/IsabelTovarfaldriquera-768x1024.jpg 768w, https:\/\/elcalaixetdelaiaia.es\/wp-content\/uploads\/2015\/03\/IsabelTovarfaldriquera-1152x1536.jpg 1152w\" sizes=\"(max-width: 1511px) 100vw, 1511px\" \/><\/p>\n<p>Tuvo la amabilidad de enviarnos una foto y no puedo dejar de compartirla con vosotros, porque le qued\u00f3 muy bonita y para mi, es una alegr\u00eda que lo que comparto con todos vosotros, os sea de utilidad, lo pong\u00e1is en pr\u00e1ctica y podamos todos juntos hacer que perduren nuestras tradiciones.<\/p>\n<p>Muchas gracias Isabel, por confiar en mi, y enhorabuena, por esas manitas &lt;3<\/p>\n<div>\n<p>Recomiendo a quienes est\u00e9is interesados en saber cual es la autentica indumentaria valenciana varios libros como son;<\/p>\n<p>(seguro que olvido algunos mas, y todos recomendables)<\/p>\n<p>-\u00abSeda, Oro y Plata en Valencia\u00bb, Gar\u00edn, 258 a\u00f1os. (Libro de Gar\u00edn)<br \/>\n-\u00abIndumentaria Valenciana Siglos XVIII-XIX, De dentro afuera, De arriba abajo\u00bb, M\u00aa Victoria Liceras Ferreres;<br \/>\n-A la moda valenciana. La dona al segle XVIII\u2019, Salvador Mercado Mach\u00ed<br \/>\n&#8211; Justillos i gipons Paquita Roca i Josep Vidal<br \/>\n&#8211; La moda en la Valencia del siglo XV de Mar\u00eda Purificaci\u00f3n Benito Vidal<\/p>\n<div>&#8211; Faldes, vions i faldilles Inmaculada Puig y Paquita Roca<br \/>\n-Mocadors de pit de Paquita Roca e Imma Puig<br \/>\n&#8211; La nova col-lecci\u00f3 d&#8217;indument\u00e0ria del Museu Etn\u00f2logic- Una visi\u00f3 evolutiva<br \/>\nY como no\u2026os aconsejo encarecidamente las generos\u00edsimas y aclaradoras aportaciones del gran Vicent Ferrandis Mas en;<br \/>\n<a href=\"http:\/\/filadis.blogspot.com.es\/\">http:\/\/filadis.blogspot.com.es\/<\/a> y<br \/>\n<a href=\"http:\/\/www.calameo.com\/subscriptions\/1077466\">http:\/\/www.calameo.com\/subscriptions\/1077466<\/a><br \/>\ny \u00e9ste art\u00edculo;<a href=\"http:\/\/www.levante-emv.com\/valencia\/2011\/03\/24\/investigadores-afirman-moda-desvirtuado-traje-valenciana\/792866.html\">http:\/\/www.levante-emv.com\/valencia\/2011\/03\/24\/investigadores-afirman-moda-desvirtuado-traje-valenciana\/792866.html<\/a>,<\/div>\n<p>donde podr\u00e9is encontrar toda la informaci\u00f3n.<\/p>\n<div>\n<div>\n<div>\u00abPer a saber festejar, ning\u00fa com els de la Vall, que es possen capa i sombrero i\u00a0es muden de dalt a baix\u00bb.\u00bb<\/div>\n<\/div>\n<div>\u00abArrima&#8217;t cap ac\u00ed, que este capot \u00e9s estret,que no em diga ta mare que per mi has patit fred\u00bb<\/div>\n<div>\u00abDe les ales d\u2019un mosquit \u00a0en tinc que fer una capa, i\u00a0de les ratalladures;\u00a0Jupa, jupet\u00ed i casaca\u00bb<\/div>\n<div>\u00abQui t\u00e9 capa es tapa, i qui t\u00e9 capot\u00a0si pot.\u00bb<\/div>\n<div>\n<div>\u00abPer calor no deixes la capa,\u00a0Ni per fred la carabassa\u00bb<\/div>\n<div><\/div>\n<div>Si te gusta \u00e9ste post, puedes compartirlo para que llegue a m\u00e1s gente. No pretendo molestar ni ofender a nadie, cada cual es muy libre de vestir como quiera, solo comparto lo que he aprendido y que cada cual decida como hacerlo pero eso si, por favor, de \u00abfallera\u00bb o tradicional, pero sin disfraces, no estropeemos m\u00e1s nuestra tan da\u00f1ada y manipulada indumentaria.<\/div>\n<div>Si te gusta \u00e9sta entrada puedes\u00a0 compartir con tus amigos. Gracias.<\/div>\n<\/div>\n<\/div>\n<\/div>\n<div>\n<div>Recuerda que tambi\u00e9n estoy en Facebook\u00a0 <a href=\"https:\/\/www.facebook.com\/El-calaixet-de-la-iaia-533062140099386\/\">https:\/\/www.facebook.com\/El-calaixet-de-la-iaia-533062140099386\/<\/a><\/div>\n<\/div>\n","protected":false},"excerpt":{"rendered":"<p>\u00abRefrany; Faldriquera oberta, reals que volen\u00bb \u00a0 Faldriquera abierta, reales que vuelan. Faldriquera, faltriquera o realera. Era una bolsa rectangular con una abertura que se llevaban las mujeres, bajo el guardapi\u00e9s o falda \u00a0haci\u00e9ndola coincidir con la abertura de \u00e9ste que siempre era (y sigue siendo) de pa\u00f1al, y los &hellip; <\/p>\n","protected":false},"author":2,"featured_media":20719,"comment_status":"open","ping_status":"open","sticky":false,"template":"","format":"standard","meta":[],"categories":[24,78,1],"tags":[],"_links":{"self":[{"href":"https:\/\/elcalaixetdelaiaia.es\/index.php?rest_route=\/wp\/v2\/posts\/716"}],"collection":[{"href":"https:\/\/elcalaixetdelaiaia.es\/index.php?rest_route=\/wp\/v2\/posts"}],"about":[{"href":"https:\/\/elcalaixetdelaiaia.es\/index.php?rest_route=\/wp\/v2\/types\/post"}],"author":[{"embeddable":true,"href":"https:\/\/elcalaixetdelaiaia.es\/index.php?rest_route=\/wp\/v2\/users\/2"}],"replies":[{"embeddable":true,"href":"https:\/\/elcalaixetdelaiaia.es\/index.php?rest_route=%2Fwp%2Fv2%2Fcomments&post=716"}],"version-history":[{"count":22,"href":"https:\/\/elcalaixetdelaiaia.es\/index.php?rest_route=\/wp\/v2\/posts\/716\/revisions"}],"predecessor-version":[{"id":29125,"href":"https:\/\/elcalaixetdelaiaia.es\/index.php?rest_route=\/wp\/v2\/posts\/716\/revisions\/29125"}],"wp:featuredmedia":[{"embeddable":true,"href":"https:\/\/elcalaixetdelaiaia.es\/index.php?rest_route=\/wp\/v2\/media\/20719"}],"wp:attachment":[{"href":"https:\/\/elcalaixetdelaiaia.es\/index.php?rest_route=%2Fwp%2Fv2%2Fmedia&parent=716"}],"wp:term":[{"taxonomy":"category","embeddable":true,"href":"https:\/\/elcalaixetdelaiaia.es\/index.php?rest_route=%2Fwp%2Fv2%2Fcategories&post=716"},{"taxonomy":"post_tag","embeddable":true,"href":"https:\/\/elcalaixetdelaiaia.es\/index.php?rest_route=%2Fwp%2Fv2%2Ftags&post=716"}],"curies":[{"name":"wp","href":"https:\/\/api.w.org\/{rel}","templated":true}]}}