{"id":714,"date":"2018-03-08T22:11:18","date_gmt":"2018-03-08T22:11:18","guid":{"rendered":"http:\/\/elcalaixetdelaiaia.es\/?p=714"},"modified":"2018-03-10T16:33:54","modified_gmt":"2018-03-10T16:33:54","slug":"bizcocho-sin-con-zumo-de-limon","status":"publish","type":"post","link":"https:\/\/elcalaixetdelaiaia.es\/?p=714","title":{"rendered":"Bizcocho sin  yogur con zumo de lim\u00f3n natural paso paso"},"content":{"rendered":"<p>\u00abRefrany;<\/p>\n<p>Quan mar\u00e7 fa de maig maigfa de mar\u00e7\u00bb Cuando Marzo hace de mayo, mayo hace de marzo.<\/p>\n<p>Traigo hoy una receta s\u00f3lo para los amantes de los c\u00edtricos, ya que se trata de una bizcocho muy tradicional pero que no solo lleva la ralladura del lim\u00f3n, sino puro jugo de lim\u00f3n y un maravilloso en intenso sabor al mismo. Es delicioso, para tomar s\u00f3lo, como un caf\u00e9 o acompa\u00f1ado de un rico chocolate caliente y queda divino como base de una tarta.<\/p>\n<p>Este bizcocho lo hago mucho en el pueblo cuando no tengo yogur, ya que all\u00ed no hay posibilidad de comprarlo, tambi\u00e9n es otra receta de bizcocho de mi iaia y de peque\u00f1itos, unos de los pocos que les gustaba a mis hijos aunque ahora ya de mayores, no les gusta ning\u00fan bizcocho, as\u00ed que cuando hago tarta ha de ser con base de galletas, masa brise u hojaldrada.<\/p>\n<p>Hoy usar\u00e9 dos moldes, ya que uno de los bizcochos se lo lleva mi nuera para probarlo, si le gusta, a la pr\u00f3xima uno grande \ud83d\ude09<\/p>\n<p>He usado un molde de papel de usar y tirar y otro rectangular. Normalmente para \u00e9stos ingredientes, uso uno redondo de\u00a0 24cm que es lo que os recomiendo, porque en el molde met\u00e1lico ha faltado masa y se ha quedado hundido en el centro aunque el sabor como siempre mmmmmmmmm<br \/>\nNecesitaremos;<\/p>\n<p><img decoding=\"async\" loading=\"lazy\" class=\"alignnone size-large wp-image-16008\" src=\"https:\/\/elcalaixetdelaiaia.es\/wp-content\/uploads\/2018\/03\/IMG_1138-1024x768.jpg\" alt=\"\" width=\"750\" height=\"563\" srcset=\"https:\/\/elcalaixetdelaiaia.es\/wp-content\/uploads\/2018\/03\/IMG_1138-1024x768.jpg 1024w, https:\/\/elcalaixetdelaiaia.es\/wp-content\/uploads\/2018\/03\/IMG_1138-300x225.jpg 300w, https:\/\/elcalaixetdelaiaia.es\/wp-content\/uploads\/2018\/03\/IMG_1138-768x576.jpg 768w\" sizes=\"(max-width: 750px) 100vw, 750px\" \/><\/p>\n<ol>\n<li>4 huevos camperos<\/li>\n<li>El zumo de dos limones<\/li>\n<li>La ralladura de dos limones<\/li>\n<li>Dos sobres gasificantes azules<\/li>\n<li>Dos sobres gasificantes blancos<\/li>\n<li>250g de az\u00facar<\/li>\n<li>175g de harina<\/li>\n<li>75g de mantequilla<\/li>\n<li>Un pellizquito de sal<\/li>\n<\/ol>\n<p><img decoding=\"async\" loading=\"lazy\" class=\"alignnone size-large wp-image-16006\" src=\"https:\/\/elcalaixetdelaiaia.es\/wp-content\/uploads\/2018\/03\/IMG_1136-1024x740.jpg\" alt=\"\" width=\"750\" height=\"542\" srcset=\"https:\/\/elcalaixetdelaiaia.es\/wp-content\/uploads\/2018\/03\/IMG_1136-1024x740.jpg 1024w, https:\/\/elcalaixetdelaiaia.es\/wp-content\/uploads\/2018\/03\/IMG_1136-300x217.jpg 300w, https:\/\/elcalaixetdelaiaia.es\/wp-content\/uploads\/2018\/03\/IMG_1136-768x555.jpg 768w\" sizes=\"(max-width: 750px) 100vw, 750px\" \/><\/p>\n<p>Para quienes no conozc\u00e1is las gaseosillas,soda o litines, os contar\u00e9 que se trata de un impulsor para masas dulces batidas y que consigue que queden esponjosas, se compone de unos sobres con dos colores distintos.<\/p>\n<ol>\n<li>Un sobre blanco que contiene acidulantes<\/li>\n<li>Un sobre de color que contiene gasificante.<\/li>\n<\/ol>\n<p>Dependiendo de la marca el sobre de color lo ser\u00e1 distinto, los hay en color azul, morado, amarillo, con cuadraditos rojos, lunares verdes etc.<\/p>\n<p>Dejan un ligero sabor c\u00edtrico. Lo podr\u00e9is sustituir por levadura en polvo pero&#8230;..el bizcocho no sabr\u00e1 igual.<\/p>\n<p><img decoding=\"async\" loading=\"lazy\" class=\"alignnone size-large wp-image-16009\" src=\"https:\/\/elcalaixetdelaiaia.es\/wp-content\/uploads\/2018\/03\/IMG_1140-1024x768.jpg\" alt=\"\" width=\"750\" height=\"563\" srcset=\"https:\/\/elcalaixetdelaiaia.es\/wp-content\/uploads\/2018\/03\/IMG_1140-1024x768.jpg 1024w, https:\/\/elcalaixetdelaiaia.es\/wp-content\/uploads\/2018\/03\/IMG_1140-300x225.jpg 300w, https:\/\/elcalaixetdelaiaia.es\/wp-content\/uploads\/2018\/03\/IMG_1140-768x576.jpg 768w\" sizes=\"(max-width: 750px) 100vw, 750px\" \/><\/p>\n<p style=\"text-align: center;\">Ponemos a precalentar el horno\u00a0 a 180\u00ba con calor arriba y abajo y forramos con papel sulfurizado o de horno el molde met\u00e1lico<\/p>\n<p style=\"text-align: center;\"><img decoding=\"async\" loading=\"lazy\" class=\"alignnone size-large wp-image-15998\" src=\"https:\/\/elcalaixetdelaiaia.es\/wp-content\/uploads\/2018\/03\/DEKI7937-1024x768.png\" alt=\"\" width=\"750\" height=\"563\" srcset=\"https:\/\/elcalaixetdelaiaia.es\/wp-content\/uploads\/2018\/03\/DEKI7937-1024x768.png 1024w, https:\/\/elcalaixetdelaiaia.es\/wp-content\/uploads\/2018\/03\/DEKI7937-300x225.png 300w, https:\/\/elcalaixetdelaiaia.es\/wp-content\/uploads\/2018\/03\/DEKI7937-768x576.png 768w\" sizes=\"(max-width: 750px) 100vw, 750px\" \/><\/p>\n<p style=\"text-align: center;\">Este es el molde de papel de usar y tirar es como el de la magdalenas pero gigante, para que aguante bien la masa lo he puesto dentro de otro molde de silicona como ver\u00e9is m\u00e1s abajo<\/p>\n<p style=\"text-align: center;\"><img decoding=\"async\" loading=\"lazy\" class=\"alignnone size-large wp-image-16004\" src=\"https:\/\/elcalaixetdelaiaia.es\/wp-content\/uploads\/2018\/03\/IFYB8990-1024x768.png\" alt=\"\" width=\"750\" height=\"563\" srcset=\"https:\/\/elcalaixetdelaiaia.es\/wp-content\/uploads\/2018\/03\/IFYB8990-1024x768.png 1024w, https:\/\/elcalaixetdelaiaia.es\/wp-content\/uploads\/2018\/03\/IFYB8990-300x225.png 300w, https:\/\/elcalaixetdelaiaia.es\/wp-content\/uploads\/2018\/03\/IFYB8990-768x576.png 768w\" sizes=\"(max-width: 750px) 100vw, 750px\" \/><\/p>\n<p style=\"text-align: center;\">Continuamos montando los huevos junto al az\u00facar con la ayuda<\/p>\n<p style=\"text-align: center;\"><img decoding=\"async\" loading=\"lazy\" class=\"alignnone size-large wp-image-16010\" src=\"https:\/\/elcalaixetdelaiaia.es\/wp-content\/uploads\/2018\/03\/IMG_1143-1024x768.jpg\" alt=\"\" width=\"750\" height=\"563\" srcset=\"https:\/\/elcalaixetdelaiaia.es\/wp-content\/uploads\/2018\/03\/IMG_1143-1024x768.jpg 1024w, https:\/\/elcalaixetdelaiaia.es\/wp-content\/uploads\/2018\/03\/IMG_1143-300x225.jpg 300w, https:\/\/elcalaixetdelaiaia.es\/wp-content\/uploads\/2018\/03\/IMG_1143-768x576.jpg 768w\" sizes=\"(max-width: 750px) 100vw, 750px\" \/><\/p>\n<p style=\"text-align: center;\">de la barilla el\u00e9ctrica hasta conseguir que dupliquen su volumen,<\/p>\n<p style=\"text-align: center;\"><img decoding=\"async\" loading=\"lazy\" class=\"alignnone size-large wp-image-16012\" src=\"https:\/\/elcalaixetdelaiaia.es\/wp-content\/uploads\/2018\/03\/IMG_1145-1024x768.jpg\" alt=\"\" width=\"750\" height=\"563\" srcset=\"https:\/\/elcalaixetdelaiaia.es\/wp-content\/uploads\/2018\/03\/IMG_1145-1024x768.jpg 1024w, https:\/\/elcalaixetdelaiaia.es\/wp-content\/uploads\/2018\/03\/IMG_1145-300x225.jpg 300w, https:\/\/elcalaixetdelaiaia.es\/wp-content\/uploads\/2018\/03\/IMG_1145-768x576.jpg 768w\" sizes=\"(max-width: 750px) 100vw, 750px\" \/><\/p>\n<p style=\"text-align: center;\">Lavamos muy bien los dos limones, sobretodo si es comprado, para eliminar los posibles pesticidas o abono que pueda llevar, los rallamos y a\u00f1adimos la ralladura a los huevos<\/p>\n<p style=\"text-align: center;\"><img decoding=\"async\" loading=\"lazy\" class=\"alignnone size-large wp-image-16005\" src=\"https:\/\/elcalaixetdelaiaia.es\/wp-content\/uploads\/2018\/03\/IMG_0434-1024x829.jpg\" alt=\"\" width=\"750\" height=\"607\" srcset=\"https:\/\/elcalaixetdelaiaia.es\/wp-content\/uploads\/2018\/03\/IMG_0434-1024x829.jpg 1024w, https:\/\/elcalaixetdelaiaia.es\/wp-content\/uploads\/2018\/03\/IMG_0434-300x243.jpg 300w, https:\/\/elcalaixetdelaiaia.es\/wp-content\/uploads\/2018\/03\/IMG_0434-768x621.jpg 768w\" sizes=\"(max-width: 750px) 100vw, 750px\" \/><\/p>\n<p style=\"text-align: center;\">Tengo un limonero hasta en el balc\u00f3n de casa&#8230;.el aroma de sus flores me superencantaaaaaa, y a mi marido igual, era pasi\u00f3n con el aroma del azahar de naranjas y limones, con el jazm\u00edn, y con el gal\u00e1n de noche<\/p>\n<p style=\"text-align: center;\"><img decoding=\"async\" loading=\"lazy\" class=\"alignnone size-large wp-image-16013\" src=\"https:\/\/elcalaixetdelaiaia.es\/wp-content\/uploads\/2018\/03\/IMG_1146-1024x768.jpg\" alt=\"\" width=\"750\" height=\"563\" srcset=\"https:\/\/elcalaixetdelaiaia.es\/wp-content\/uploads\/2018\/03\/IMG_1146-1024x768.jpg 1024w, https:\/\/elcalaixetdelaiaia.es\/wp-content\/uploads\/2018\/03\/IMG_1146-300x225.jpg 300w, https:\/\/elcalaixetdelaiaia.es\/wp-content\/uploads\/2018\/03\/IMG_1146-768x576.jpg 768w\" sizes=\"(max-width: 750px) 100vw, 750px\" \/><\/p>\n<p style=\"text-align: center;\">Pesamos unos 70g de mantequilla sin sal y la calentamos en el microondas<\/p>\n<p style=\"text-align: center;\"><img decoding=\"async\" loading=\"lazy\" class=\"alignnone size-large wp-image-16014\" src=\"https:\/\/elcalaixetdelaiaia.es\/wp-content\/uploads\/2018\/03\/IMG_1147-1024x768.jpg\" alt=\"\" width=\"750\" height=\"563\" srcset=\"https:\/\/elcalaixetdelaiaia.es\/wp-content\/uploads\/2018\/03\/IMG_1147-1024x768.jpg 1024w, https:\/\/elcalaixetdelaiaia.es\/wp-content\/uploads\/2018\/03\/IMG_1147-300x225.jpg 300w, https:\/\/elcalaixetdelaiaia.es\/wp-content\/uploads\/2018\/03\/IMG_1147-768x576.jpg 768w\" sizes=\"(max-width: 750px) 100vw, 750px\" \/><\/p>\n<p style=\"text-align: center;\">la a\u00f1adiremos batiendo y<\/p>\n<p style=\"text-align: center;\"><img decoding=\"async\" loading=\"lazy\" class=\"alignnone size-large wp-image-16015\" src=\"https:\/\/elcalaixetdelaiaia.es\/wp-content\/uploads\/2018\/03\/IMG_1148-1024x768.jpg\" alt=\"\" width=\"750\" height=\"563\" srcset=\"https:\/\/elcalaixetdelaiaia.es\/wp-content\/uploads\/2018\/03\/IMG_1148-1024x768.jpg 1024w, https:\/\/elcalaixetdelaiaia.es\/wp-content\/uploads\/2018\/03\/IMG_1148-300x225.jpg 300w, https:\/\/elcalaixetdelaiaia.es\/wp-content\/uploads\/2018\/03\/IMG_1148-768x576.jpg 768w\" sizes=\"(max-width: 750px) 100vw, 750px\" \/><\/p>\n<p style=\"text-align: center;\">pesaremos 175g de harina y le a\u00f1adiremos los sobrecitos de gaseosilla, dos blancos y dos azules<\/p>\n<p style=\"text-align: center;\"><img decoding=\"async\" loading=\"lazy\" class=\"alignnone size-large wp-image-15996\" src=\"https:\/\/elcalaixetdelaiaia.es\/wp-content\/uploads\/2018\/03\/BZQM8835-1024x768.png\" alt=\"\" width=\"750\" height=\"563\" srcset=\"https:\/\/elcalaixetdelaiaia.es\/wp-content\/uploads\/2018\/03\/BZQM8835-1024x768.png 1024w, https:\/\/elcalaixetdelaiaia.es\/wp-content\/uploads\/2018\/03\/BZQM8835-300x225.png 300w, https:\/\/elcalaixetdelaiaia.es\/wp-content\/uploads\/2018\/03\/BZQM8835-768x576.png 768w\" sizes=\"(max-width: 750px) 100vw, 750px\" \/><\/p>\n<p style=\"text-align: center;\">que a\u00f1adiremos tamizando con el tamizador o con un colador de rejilla fina, dando golpecitos con el dorso de la mano<\/p>\n<p style=\"text-align: center;\"><img decoding=\"async\" loading=\"lazy\" class=\"alignnone size-large wp-image-16011\" src=\"https:\/\/elcalaixetdelaiaia.es\/wp-content\/uploads\/2018\/03\/IMG_1144-1024x768.jpg\" alt=\"\" width=\"750\" height=\"563\" srcset=\"https:\/\/elcalaixetdelaiaia.es\/wp-content\/uploads\/2018\/03\/IMG_1144-1024x768.jpg 1024w, https:\/\/elcalaixetdelaiaia.es\/wp-content\/uploads\/2018\/03\/IMG_1144-300x225.jpg 300w, https:\/\/elcalaixetdelaiaia.es\/wp-content\/uploads\/2018\/03\/IMG_1144-768x576.jpg 768w\" sizes=\"(max-width: 750px) 100vw, 750px\" \/><\/p>\n<p style=\"text-align: center;\">le toca el turno al az\u00facar, pesaremos 250g e iremos a\u00f1adiendo y batiendo<\/p>\n<p style=\"text-align: center;\"><img decoding=\"async\" loading=\"lazy\" class=\"alignnone size-large wp-image-16003\" src=\"https:\/\/elcalaixetdelaiaia.es\/wp-content\/uploads\/2018\/03\/IFPJ7831-1024x768.png\" alt=\"\" width=\"750\" height=\"563\" srcset=\"https:\/\/elcalaixetdelaiaia.es\/wp-content\/uploads\/2018\/03\/IFPJ7831-1024x768.png 1024w, https:\/\/elcalaixetdelaiaia.es\/wp-content\/uploads\/2018\/03\/IFPJ7831-300x225.png 300w, https:\/\/elcalaixetdelaiaia.es\/wp-content\/uploads\/2018\/03\/IFPJ7831-768x576.png 768w\" sizes=\"(max-width: 750px) 100vw, 750px\" \/><\/p>\n<p style=\"text-align: center;\">sacamos el zumo a los dos limones y colamos por si se nos ha pasado alguna semilla<\/p>\n<p style=\"text-align: center;\"><img decoding=\"async\" loading=\"lazy\" class=\"alignnone size-large wp-image-16016\" src=\"https:\/\/elcalaixetdelaiaia.es\/wp-content\/uploads\/2018\/03\/IMG_1153-1024x768.jpg\" alt=\"\" width=\"750\" height=\"563\" srcset=\"https:\/\/elcalaixetdelaiaia.es\/wp-content\/uploads\/2018\/03\/IMG_1153-1024x768.jpg 1024w, https:\/\/elcalaixetdelaiaia.es\/wp-content\/uploads\/2018\/03\/IMG_1153-300x225.jpg 300w, https:\/\/elcalaixetdelaiaia.es\/wp-content\/uploads\/2018\/03\/IMG_1153-768x576.jpg 768w\" sizes=\"(max-width: 750px) 100vw, 750px\" \/><\/p>\n<p style=\"text-align: center;\">y a\u00f1adimos a la mezcla removiendo con cuidado<\/p>\n<p style=\"text-align: center;\"><img decoding=\"async\" loading=\"lazy\" class=\"alignnone size-large wp-image-16017\" src=\"https:\/\/elcalaixetdelaiaia.es\/wp-content\/uploads\/2018\/03\/IMG_1154-1024x768.jpg\" alt=\"\" width=\"750\" height=\"563\" srcset=\"https:\/\/elcalaixetdelaiaia.es\/wp-content\/uploads\/2018\/03\/IMG_1154-1024x768.jpg 1024w, https:\/\/elcalaixetdelaiaia.es\/wp-content\/uploads\/2018\/03\/IMG_1154-300x225.jpg 300w, https:\/\/elcalaixetdelaiaia.es\/wp-content\/uploads\/2018\/03\/IMG_1154-768x576.jpg 768w\" sizes=\"(max-width: 750px) 100vw, 750px\" \/><\/p>\n<p style=\"text-align: center;\">ponemos una pizquita de sal<\/p>\n<p style=\"text-align: center;\"><img decoding=\"async\" loading=\"lazy\" class=\"alignnone size-large wp-image-16018\" src=\"https:\/\/elcalaixetdelaiaia.es\/wp-content\/uploads\/2018\/03\/IMG_1155-1024x768.jpg\" alt=\"\" width=\"750\" height=\"563\" srcset=\"https:\/\/elcalaixetdelaiaia.es\/wp-content\/uploads\/2018\/03\/IMG_1155-1024x768.jpg 1024w, https:\/\/elcalaixetdelaiaia.es\/wp-content\/uploads\/2018\/03\/IMG_1155-300x225.jpg 300w, https:\/\/elcalaixetdelaiaia.es\/wp-content\/uploads\/2018\/03\/IMG_1155-768x576.jpg 768w\" sizes=\"(max-width: 750px) 100vw, 750px\" \/><\/p>\n<p style=\"text-align: center;\">y removemos para que se integren todos los ingredientes, pero con movimientos envolventes y mucho cuidado para que no se pierda volumen<\/p>\n<p style=\"text-align: center;\"><img decoding=\"async\" loading=\"lazy\" class=\"alignnone size-large wp-image-16000\" src=\"https:\/\/elcalaixetdelaiaia.es\/wp-content\/uploads\/2018\/03\/EMQJ6723-1024x768.png\" alt=\"\" width=\"750\" height=\"563\" srcset=\"https:\/\/elcalaixetdelaiaia.es\/wp-content\/uploads\/2018\/03\/EMQJ6723-1024x768.png 1024w, https:\/\/elcalaixetdelaiaia.es\/wp-content\/uploads\/2018\/03\/EMQJ6723-300x225.png 300w, https:\/\/elcalaixetdelaiaia.es\/wp-content\/uploads\/2018\/03\/EMQJ6723-768x576.png 768w, https:\/\/elcalaixetdelaiaia.es\/wp-content\/uploads\/2018\/03\/EMQJ6723.png 2048w\" sizes=\"(max-width: 750px) 100vw, 750px\" \/><\/p>\n<p style=\"text-align: center;\">volcamos la masa en los moldes que ten\u00edamos preparados<\/p>\n<p style=\"text-align: center;\"><img decoding=\"async\" loading=\"lazy\" class=\"alignnone size-large wp-image-16019\" src=\"https:\/\/elcalaixetdelaiaia.es\/wp-content\/uploads\/2018\/03\/IMG_1157-1024x768.jpg\" alt=\"\" width=\"750\" height=\"563\" srcset=\"https:\/\/elcalaixetdelaiaia.es\/wp-content\/uploads\/2018\/03\/IMG_1157-1024x768.jpg 1024w, https:\/\/elcalaixetdelaiaia.es\/wp-content\/uploads\/2018\/03\/IMG_1157-300x225.jpg 300w, https:\/\/elcalaixetdelaiaia.es\/wp-content\/uploads\/2018\/03\/IMG_1157-768x576.jpg 768w\" sizes=\"(max-width: 750px) 100vw, 750px\" \/><\/p>\n<p style=\"text-align: center;\">y al horno que ten\u00edamos precalentado a 180\u00ba<\/p>\n<p style=\"text-align: center;\"><img decoding=\"async\" loading=\"lazy\" class=\"alignnone size-large wp-image-16002\" src=\"https:\/\/elcalaixetdelaiaia.es\/wp-content\/uploads\/2018\/03\/GAIZ7969-1024x768.png\" alt=\"\" width=\"750\" height=\"563\" srcset=\"https:\/\/elcalaixetdelaiaia.es\/wp-content\/uploads\/2018\/03\/GAIZ7969-1024x768.png 1024w, https:\/\/elcalaixetdelaiaia.es\/wp-content\/uploads\/2018\/03\/GAIZ7969-300x225.png 300w, https:\/\/elcalaixetdelaiaia.es\/wp-content\/uploads\/2018\/03\/GAIZ7969-768x576.png 768w\" sizes=\"(max-width: 750px) 100vw, 750px\" \/><\/p>\n<p style=\"text-align: center;\">donde mantendremos a media altura unos 30 minutos. Estos tiempos son en ,i horno, como siempre os digo, cada horno funciona de distinta manera y por tanto necesita unos tiempos distintos, por tanto<\/p>\n<p style=\"text-align: center;\"><img decoding=\"async\" loading=\"lazy\" class=\"alignnone size-large wp-image-16020\" src=\"https:\/\/elcalaixetdelaiaia.es\/wp-content\/uploads\/2018\/03\/IMG_1159-1024x768.jpg\" alt=\"\" width=\"750\" height=\"563\" srcset=\"https:\/\/elcalaixetdelaiaia.es\/wp-content\/uploads\/2018\/03\/IMG_1159-1024x768.jpg 1024w, https:\/\/elcalaixetdelaiaia.es\/wp-content\/uploads\/2018\/03\/IMG_1159-300x225.jpg 300w, https:\/\/elcalaixetdelaiaia.es\/wp-content\/uploads\/2018\/03\/IMG_1159-768x576.jpg 768w\" sizes=\"(max-width: 750px) 100vw, 750px\" \/><\/p>\n<p style=\"text-align: center;\">lo ideal ser\u00e1 que hasta que la cocin\u00e9is varias veces y le coj\u00e1is el tiempo adecuado, cuando hayan pasado unos 35 minutos pinch\u00e9is con un palito de brocheta de madera o plalillo en el centro del bizcocho,<\/p>\n<p style=\"text-align: center;\"><img decoding=\"async\" loading=\"lazy\" class=\"alignnone size-large wp-image-16021\" src=\"https:\/\/elcalaixetdelaiaia.es\/wp-content\/uploads\/2018\/03\/IMG_1160-1024x768.jpg\" alt=\"\" width=\"750\" height=\"563\" srcset=\"https:\/\/elcalaixetdelaiaia.es\/wp-content\/uploads\/2018\/03\/IMG_1160-1024x768.jpg 1024w, https:\/\/elcalaixetdelaiaia.es\/wp-content\/uploads\/2018\/03\/IMG_1160-300x225.jpg 300w, https:\/\/elcalaixetdelaiaia.es\/wp-content\/uploads\/2018\/03\/IMG_1160-768x576.jpg 768w\" sizes=\"(max-width: 750px) 100vw, 750px\" \/><\/p>\n<p style=\"text-align: center;\">si el palito sale limpio, ya tenemos nuestro bizcocho listo para sacar del horno y dejar enfriar, de lo contrario dejaremos 5 minutos mas horneando<\/p>\n<p style=\"text-align: center;\"><img decoding=\"async\" loading=\"lazy\" class=\"alignnone size-large wp-image-16001\" src=\"https:\/\/elcalaixetdelaiaia.es\/wp-content\/uploads\/2018\/03\/EXXC4995-1024x768.png\" alt=\"\" width=\"750\" height=\"563\" srcset=\"https:\/\/elcalaixetdelaiaia.es\/wp-content\/uploads\/2018\/03\/EXXC4995-1024x768.png 1024w, https:\/\/elcalaixetdelaiaia.es\/wp-content\/uploads\/2018\/03\/EXXC4995-300x225.png 300w, https:\/\/elcalaixetdelaiaia.es\/wp-content\/uploads\/2018\/03\/EXXC4995-768x576.png 768w\" sizes=\"(max-width: 750px) 100vw, 750px\" \/><\/p>\n<p style=\"text-align: center;\">en cuanto se enfr\u00ede un poco, lo sacaremos del molde y dejaremos enfriar por completo sobre una rejilla<\/p>\n<p style=\"text-align: center;\"><img decoding=\"async\" loading=\"lazy\" class=\"alignnone size-large wp-image-16024\" src=\"https:\/\/elcalaixetdelaiaia.es\/wp-content\/uploads\/2018\/03\/IMG_1166-1024x768.jpg\" alt=\"\" width=\"750\" height=\"563\" srcset=\"https:\/\/elcalaixetdelaiaia.es\/wp-content\/uploads\/2018\/03\/IMG_1166-1024x768.jpg 1024w, https:\/\/elcalaixetdelaiaia.es\/wp-content\/uploads\/2018\/03\/IMG_1166-300x225.jpg 300w, https:\/\/elcalaixetdelaiaia.es\/wp-content\/uploads\/2018\/03\/IMG_1166-768x576.jpg 768w\" sizes=\"(max-width: 750px) 100vw, 750px\" \/><\/p>\n<p style=\"text-align: center;\">y podremos disfrutar de un rico y esponjoso bizcocho<\/p>\n<p style=\"text-align: center;\"><img decoding=\"async\" loading=\"lazy\" class=\"alignnone size-large wp-image-16023\" src=\"https:\/\/elcalaixetdelaiaia.es\/wp-content\/uploads\/2018\/03\/IMG_1165-1024x768.jpg\" alt=\"\" width=\"750\" height=\"563\" srcset=\"https:\/\/elcalaixetdelaiaia.es\/wp-content\/uploads\/2018\/03\/IMG_1165-1024x768.jpg 1024w, https:\/\/elcalaixetdelaiaia.es\/wp-content\/uploads\/2018\/03\/IMG_1165-300x225.jpg 300w, https:\/\/elcalaixetdelaiaia.es\/wp-content\/uploads\/2018\/03\/IMG_1165-768x576.jpg 768w\" sizes=\"(max-width: 750px) 100vw, 750px\" \/><\/p>\n<p style=\"text-align: center;\">con un intenso y delicioso sabor a lim\u00f3n<\/p>\n<p style=\"text-align: center;\"><img decoding=\"async\" loading=\"lazy\" class=\"alignnone size-large wp-image-16025\" src=\"https:\/\/elcalaixetdelaiaia.es\/wp-content\/uploads\/2018\/03\/IMG_1167-1024x740.jpg\" alt=\"\" width=\"750\" height=\"542\" srcset=\"https:\/\/elcalaixetdelaiaia.es\/wp-content\/uploads\/2018\/03\/IMG_1167-1024x740.jpg 1024w, https:\/\/elcalaixetdelaiaia.es\/wp-content\/uploads\/2018\/03\/IMG_1167-300x217.jpg 300w, https:\/\/elcalaixetdelaiaia.es\/wp-content\/uploads\/2018\/03\/IMG_1167-768x555.jpg 768w\" sizes=\"(max-width: 750px) 100vw, 750px\" \/><\/p>\n<p style=\"text-align: center;\">ideal para un desayuno o merienda<\/p>\n<p style=\"text-align: center;\"><img decoding=\"async\" loading=\"lazy\" class=\"alignnone size-large wp-image-16026\" src=\"https:\/\/elcalaixetdelaiaia.es\/wp-content\/uploads\/2018\/03\/IMG_1169-1024x768.jpg\" alt=\"\" width=\"750\" height=\"563\" srcset=\"https:\/\/elcalaixetdelaiaia.es\/wp-content\/uploads\/2018\/03\/IMG_1169-1024x768.jpg 1024w, https:\/\/elcalaixetdelaiaia.es\/wp-content\/uploads\/2018\/03\/IMG_1169-300x225.jpg 300w, https:\/\/elcalaixetdelaiaia.es\/wp-content\/uploads\/2018\/03\/IMG_1169-768x576.jpg 768w\" sizes=\"(max-width: 750px) 100vw, 750px\" \/><\/p>\n<p style=\"text-align: center;\">que no contiene leche, ni yogur<\/p>\n<p style=\"text-align: center;\"><img decoding=\"async\" loading=\"lazy\" class=\"alignnone size-large wp-image-15999\" src=\"https:\/\/elcalaixetdelaiaia.es\/wp-content\/uploads\/2018\/03\/DLLY8722-1024x768.png\" alt=\"\" width=\"750\" height=\"563\" srcset=\"https:\/\/elcalaixetdelaiaia.es\/wp-content\/uploads\/2018\/03\/DLLY8722-1024x768.png 1024w, https:\/\/elcalaixetdelaiaia.es\/wp-content\/uploads\/2018\/03\/DLLY8722-300x225.png 300w, https:\/\/elcalaixetdelaiaia.es\/wp-content\/uploads\/2018\/03\/DLLY8722-768x576.png 768w\" sizes=\"(max-width: 750px) 100vw, 750px\" \/><\/p>\n<p style=\"text-align: center;\">mmmmmque piiiintaaaa \u00bfno? \u00abA la taula i&#8230;..BON PROFIT!!!\u00bb<\/p>\n<p>Si te gusta mi receta, puedes compartirla y clicar en g+1 para que llegue a m\u00e1s gente.<br \/>\nEspero tus comentarios y recuerda que tambi\u00e9n estoy en Facebook\u00a0<a href=\"https:\/\/www.facebook.com\/El-calaixet-de-la-iaia-533062140099386\/\">https:\/\/www.facebook.com\/El-calaixet-de-la-iaia-533062140099386\/<\/a><\/p>\n<p>&nbsp;<\/p>\n","protected":false},"excerpt":{"rendered":"<p>\u00abRefrany; Quan mar\u00e7 fa de maig maigfa de mar\u00e7\u00bb Cuando Marzo hace de mayo, mayo hace de marzo. Traigo hoy una receta s\u00f3lo para los amantes de los c\u00edtricos, ya que se trata de una bizcocho muy tradicional pero que no solo lleva la ralladura del lim\u00f3n, sino puro jugo &hellip; <\/p>\n","protected":false},"author":2,"featured_media":16024,"comment_status":"open","ping_status":"open","sticky":false,"template":"","format":"standard","meta":[],"categories":[6,1],"tags":[],"_links":{"self":[{"href":"https:\/\/elcalaixetdelaiaia.es\/index.php?rest_route=\/wp\/v2\/posts\/714"}],"collection":[{"href":"https:\/\/elcalaixetdelaiaia.es\/index.php?rest_route=\/wp\/v2\/posts"}],"about":[{"href":"https:\/\/elcalaixetdelaiaia.es\/index.php?rest_route=\/wp\/v2\/types\/post"}],"author":[{"embeddable":true,"href":"https:\/\/elcalaixetdelaiaia.es\/index.php?rest_route=\/wp\/v2\/users\/2"}],"replies":[{"embeddable":true,"href":"https:\/\/elcalaixetdelaiaia.es\/index.php?rest_route=%2Fwp%2Fv2%2Fcomments&post=714"}],"version-history":[{"count":4,"href":"https:\/\/elcalaixetdelaiaia.es\/index.php?rest_route=\/wp\/v2\/posts\/714\/revisions"}],"predecessor-version":[{"id":16109,"href":"https:\/\/elcalaixetdelaiaia.es\/index.php?rest_route=\/wp\/v2\/posts\/714\/revisions\/16109"}],"wp:featuredmedia":[{"embeddable":true,"href":"https:\/\/elcalaixetdelaiaia.es\/index.php?rest_route=\/wp\/v2\/media\/16024"}],"wp:attachment":[{"href":"https:\/\/elcalaixetdelaiaia.es\/index.php?rest_route=%2Fwp%2Fv2%2Fmedia&parent=714"}],"wp:term":[{"taxonomy":"category","embeddable":true,"href":"https:\/\/elcalaixetdelaiaia.es\/index.php?rest_route=%2Fwp%2Fv2%2Fcategories&post=714"},{"taxonomy":"post_tag","embeddable":true,"href":"https:\/\/elcalaixetdelaiaia.es\/index.php?rest_route=%2Fwp%2Fv2%2Ftags&post=714"}],"curies":[{"name":"wp","href":"https:\/\/api.w.org\/{rel}","templated":true}]}}