{"id":708,"date":"2015-03-03T10:06:00","date_gmt":"2015-03-03T10:06:00","guid":{"rendered":"http:\/\/elcalaixetdelaiaia.es\/ropa-de-abrigo-en-la-indumentaria"},"modified":"2026-03-05T13:43:18","modified_gmt":"2026-03-05T13:43:18","slug":"ropa-de-abrigo-en-la-indumentaria","status":"publish","type":"post","link":"https:\/\/elcalaixetdelaiaia.es\/?p=708","title":{"rendered":"Ropa de abrigo en la Indumentaria valenciana"},"content":{"rendered":"<p>\u00abRefrany;\u00a0 Per tots Sants, capes i mocadors grans\u00bb.\u00a0 Por todos Santos capas y pa\u00f1uelos grandes.<\/p>\n<div style=\"text-align: center;\">Los valencianos, de siempre nos hemos abrigado con ropas gruesas o de lana. Los pa\u00f1olones de seda que llevan muchas falleras hoy d\u00eda, no sirven apenas para nada mas que para lucir bonito, porque evidentemente, no abrigan nada, (y eso que muchos, van forrados por dentro) y digo yo&#8230; \u00bfporque hacer inventos cuando tenemos nuestra indumentaria adecuada? Aunque por descontado, cada cual es muy libre de decidir que ponerse, no faltaba mas&#8230;<\/div>\n<div class=\"separator\" style=\"clear: both; text-align: center;\"><a style=\"margin-left: 1em; margin-right: 1em;\" href=\"http:\/\/3.bp.blogspot.com\/-SlvkMBD7f6s\/VPXnXagUz5I\/AAAAAAAAWs4\/TdB3P7Mpu80\/s1600\/CIMG3892.JPG\"><img decoding=\"async\" loading=\"lazy\" class=\"aligncenter\" src=\"https:\/\/elcalaixetdelaiaia.es\/wp-content\/uploads\/2015\/03\/CIMG3892.jpg\" width=\"640\" height=\"480\" border=\"0\" \/><\/a><\/div>\n<div style=\"text-align: center;\">Pero da mucha pena ver que, lamentablemente, gracias a ello, vamos perdiendo nuestras ra\u00edces y nuestras se\u00f1as de identidad, indumentar\u00edsticamente hablando.<\/div>\n<div class=\"separator\" style=\"clear: both; text-align: center;\"><a style=\"margin-left: 1em; margin-right: 1em;\" href=\"http:\/\/4.bp.blogspot.com\/-OJfBeMyaWlc\/VPW6pa8DJqI\/AAAAAAAAWq4\/bpBTr9IfmNE\/s1600\/8puntas.jpg\"><img decoding=\"async\" loading=\"lazy\" class=\"aligncenter\" src=\"https:\/\/elcalaixetdelaiaia.es\/wp-content\/uploads\/2015\/03\/8puntas.jpg\" width=\"640\" height=\"480\" border=\"0\" \/><\/a><\/div>\n<div class=\"separator\" style=\"clear: both; text-align: center;\">\u00a0Si en fallas salen d\u00eda primaverales nos vestimos de verano, pero si hace una rasca que pela, lo l\u00f3gico y normal es usar ropa que abrigue, huyendo por completo de la uniformidad.<\/div>\n<div class=\"separator\" style=\"clear: both; text-align: center;\">Es un absurdo ir helados de fr\u00edo para lucir sedas, lentejuelas y dorados \u00bfno? independientemente de aquel refr\u00e1n que utilizaba mucho mi iaia, que solo sab\u00eda hablar castellano en \u00abcan\u00e7onetes\u00bb. <em>Quien quiere presumir, tiene que sufrir.<\/em><\/div>\n<div style=\"text-align: center;\">\n<div class=\"separator\" style=\"clear: both; text-align: center;\"><a style=\"margin-left: 1em; margin-right: 1em;\" href=\"http:\/\/3.bp.blogspot.com\/-Orad8YA5qy4\/VPXwBUc2r6I\/AAAAAAAAWtI\/SiFdtjgVxuM\/s1600\/CIMG3894.JPG\"><img decoding=\"async\" loading=\"lazy\" class=\"aligncenter\" src=\"https:\/\/elcalaixetdelaiaia.es\/wp-content\/uploads\/2015\/03\/CIMG3894.jpg\" width=\"438\" height=\"640\" border=\"0\" \/><\/a><i>Manto de ocho puntas o de capucha imagen tomada del llibret faller de Marqu\u00e9s de Montortal Berni i Catal\u00e1<\/i><\/div>\n<p>Pues muchos cada d\u00eda mas, somos quienes pensamos que se puede presumir sin sufrir, yo presumo luciendo mi ropa tradicional valenciana, (poco a poco, que ya se que no TODO lo que llevo es correcto) sin modas, disfraces, ni inventos y \u00abven pag\u00e1\u00bb que voy por los pasacalles, bailes, procesiones y ofrendas, usando orgullosa reproducciones de las ropas, peinado y complementos que llevaban mis antepasadas valencianas, que adem\u00e1s es muy similar a la de muchas ciudades espa\u00f1olas. Desde luego, que no reniego de la ropa fallera que he llevado en mi infancia y juventud, (desde luego que no, para nada, no confundamos), cuando no ten\u00eda ninguna cultura indumentar\u00edstica y mi iaia me abrigaba con mi toca de ganchillo de lana color blanco, hecha por ella, pero con lo de \u00abdisfraces\u00bb no me refiero en absoluto ese tipo de ropa&#8230; que es preciosa, aunque sin ra\u00edces, va por la \u00abotra\u00bb ropa, pseudofallera, una desvirtuaci\u00f3n de la autenticidad, un quiero, pero no es, que vemos en pasacalles y ofrendas.<\/p>\n<\/div>\n<div class=\"separator\" style=\"clear: both; text-align: center;\"><a style=\"margin-left: 1em; margin-right: 1em;\" href=\"http:\/\/1.bp.blogspot.com\/-TeIRvLp5yeQ\/VPW6pcix1_I\/AAAAAAAAWq8\/Uce4sBJvplY\/s1600\/6.jpg\"><img decoding=\"async\" loading=\"lazy\" class=\"aligncenter\" src=\"https:\/\/elcalaixetdelaiaia.es\/wp-content\/uploads\/2015\/03\/6.jpg\" width=\"640\" height=\"474\" border=\"0\" \/><\/a><\/div>\n<div style=\"text-align: center;\">Los hombres, se pueden abrigar aparte de con la manta morellana,puesta sobre un hombro o sobre los dos, (que es una pasada de bonita y calentita), con la capa valenciana de pa\u00f1o negro, la diferencia entre la capa valenciana y la espa\u00f1ola, es que \u00e9sta primera no suele abrocharse, aunque las personas de m\u00e1s categor\u00eda social pudieran utilizar alg\u00fan tipo de abrocho. Pero recordad, la capa es \u00fanicamente, para uso masculino, igual que la manta morellana.<\/div>\n<div class=\"separator\" style=\"clear: both; text-align: center;\"><a style=\"margin-left: 1em; margin-right: 1em;\" href=\"http:\/\/2.bp.blogspot.com\/-BNKUmaBJ8Uo\/VPXXYjcqdsI\/AAAAAAAAWsQ\/nJC30ih7Wh4\/s1600\/postal%2Bde%2Btabal%2Bi%2Bdol%C3%A7aina.jpg\"><img decoding=\"async\" loading=\"lazy\" class=\"aligncenter\" src=\"https:\/\/elcalaixetdelaiaia.es\/wp-content\/uploads\/2015\/03\/postaldetabalidol\u00e7aina.jpg\" width=\"408\" height=\"640\" border=\"0\" \/><\/a>\u00a0\u00a0 <em>Postal de tabal i dol\u00e7aina<\/em><\/div>\n<div><\/div>\n<div style=\"text-align: center;\">La confecci\u00f3n de la capa valenciana a partir de este siglo sol\u00eda ser de pa\u00f1o, del que se fabricaba en casi todos los pueblos, y los colores eran negro, color tierra y buriel.<\/div>\n<div style=\"text-align: center;\">La capa valenciana no lleva forro, ni vueltas de terciopelo, ni adorno alguno, es mas larga que la espa\u00f1ola y de cuello mas grande.<\/div>\n<div style=\"text-align: center;\">Como aqu\u00ed no tengo fotos propias no puedo poneros, pero tengo una capa en el pueblo, cuando vaya har\u00e9 fotos.<\/div>\n<div class=\"separator\" style=\"clear: both; text-align: center;\"><a style=\"margin-left: 1em; margin-right: 1em;\" href=\"http:\/\/1.bp.blogspot.com\/-qgssZhqWNvM\/VPXXH8A35HI\/AAAAAAAAWsI\/51DnlE1NQkw\/s1600\/feria%2Bde%2Bnavidad%2Ben%2B1906.jpg\"><img decoding=\"async\" loading=\"lazy\" class=\"aligncenter\" src=\"https:\/\/elcalaixetdelaiaia.es\/wp-content\/uploads\/2015\/03\/feriadenavidaden1906.jpg\" width=\"640\" height=\"538\" border=\"0\" \/><\/a><i><i>Feria de Navidad de Valencia 1906<\/i><\/i><br \/>\n<i><i><br \/>\n<\/i><\/i><\/div>\n<div style=\"text-align: center;\">Tambi\u00e9n usan los valencianos \u00a0y falleros en nuestros tiempos, la preciosa manta bocairentina de doble cara o la morellana, que se siguen vendiendo, pero al paso que vamos&#8230;<\/div>\n<div style=\"text-align: center;\">No permitamos que muera nuestra indumentaria tradicional<\/div>\n<div><\/div>\n<div style=\"text-align: center;\">\u00a0\u00a0\u00a0 \u00a0 \u00a0 \u00a0 \u00a0 \u00a0 <iframe loading=\"lazy\" src=\"\/\/www.youtube.com\/embed\/tc6elyVZTIg\" width=\"480\" height=\"270\" frameborder=\"0\" allowfullscreen=\"allowfullscreen\"><\/iframe><\/div>\n<div><\/div>\n<div style=\"text-align: center;\">Seguro que \u00e9ste v\u00eddeo os es de mucha utilidad, es cortito pero muy valioso.<\/div>\n<div><\/div>\n<div style=\"text-align: center;\">La explicaci\u00f3n de los indumentaristas es muy buena, pero por lo visto quienes han realizado el montaje no entienden mucho de indumentaria y se han liado con las im\u00e1genes y las descripciones, ya que nada tienen que ver los mantos de abrigo con los ligeros de ir a misa y por descontado la imagen que ponen del mant\u00f3n de cachemir,o de \u00abhuit puntes\u00bb, nada tiene que ver con la manteleta.<\/div>\n<div><\/div>\n<div><\/div>\n<div class=\"separator\" style=\"clear: both; text-align: center;\"><a style=\"margin-left: 1em; margin-right: 1em;\" href=\"http:\/\/2.bp.blogspot.com\/-4aosAHmuGRY\/VPW6qJVjO0I\/AAAAAAAAWrM\/sYtRcNO7J4Y\/s1600\/94.jpg\"><img decoding=\"async\" loading=\"lazy\" class=\"aligncenter\" src=\"https:\/\/elcalaixetdelaiaia.es\/wp-content\/uploads\/2015\/03\/94.jpg\" width=\"226\" height=\"320\" border=\"0\" \/><\/a><\/div>\n<div style=\"text-align: center;\">No es mas fallero quien acude todos los actos de la falla, olvidando nuestras tradiciones m\u00e1s antiguas, y vistiendo modas o modernismos que no vienen a cuento para nada.<\/div>\n<div style=\"text-align: center;\">Si piensas de forma distinta, no es mi intenci\u00f3n molestarte, pero es \u00a0que \u00e9sto va por muy mal camino, y empezando por quien tiene que dar ejemplo que \u00abper comte de donar llum, donen FUM\u00bb<\/div>\n<div class=\"separator\" style=\"clear: both; text-align: center;\"><a style=\"margin-left: 1em; margin-right: 1em;\" href=\"http:\/\/2.bp.blogspot.com\/-Ymf4BHuwLH4\/VPXYbcIcoqI\/AAAAAAAAWsY\/sSZmDnpHIyo\/s1600\/554064_502349389802828_1866665519_n.jpg\"><img decoding=\"async\" loading=\"lazy\" class=\"aligncenter\" src=\"https:\/\/elcalaixetdelaiaia.es\/wp-content\/uploads\/2015\/03\/554064_502349389802828_1866665519_n.jpg\" width=\"220\" height=\"320\" border=\"0\" \/><\/a>\u00a0 \u00a0<i> \u00a0Llaurador al 1870<\/i><br \/>\n<i><br \/>\n<\/i><\/div>\n<div style=\"text-align: center;\">\u00a0La historia es la que es, y no lo digo yo, lo dicen los libros y los indumentaristas estudiosos, aunque \u00e9sto es como la Biblia, cada cual la interpreta como quiere, que pena.<\/div>\n<div style=\"text-align: center;\">Recalco que no soy profesional de ninguno de \u00e9stos temas, ni indumentarista, ni siquiera modistilla, solo una valenciana que ama Val\u00e8ncia y sus fallas, pero opino que;<\/div>\n<div style=\"text-align: center;\">\u00a0Mejor dejar los disfraces para carnavales.<\/div>\n<div class=\"separator\" style=\"clear: both; text-align: center;\"><a style=\"margin-left: 1em; margin-right: 1em;\" href=\"http:\/\/3.bp.blogspot.com\/-ntRMIX0vTew\/VPW_mCkip_I\/AAAAAAAAWro\/RuUoyGonFNE\/s1600\/13584153_3147369.jpg\"><img decoding=\"async\" loading=\"lazy\" class=\"aligncenter\" src=\"https:\/\/elcalaixetdelaiaia.es\/wp-content\/uploads\/2015\/03\/13584153_3147369.jpg\" width=\"474\" height=\"640\" border=\"0\" \/><\/a><\/div>\n<div class=\"separator\" style=\"clear: both; text-align: center;\">\u00c9ste es un manto de ocho puntas o de capucha, a veces llamado \u00abde tomaqueta i ou\u00bbporque los colores predominantes eran el rojo y el amarillo y con el dibujo de cachemir parec\u00eda tomate con huevo .<\/div>\n<div><\/div>\n<div><img decoding=\"async\" loading=\"lazy\" class=\"alignnone size-full wp-image-27189\" src=\"https:\/\/elcalaixetdelaiaia.es\/wp-content\/uploads\/2015\/03\/mantocachemirpataconafirmadaretalladaok.jpg\" alt=\"\" width=\"1024\" height=\"569\" srcset=\"https:\/\/elcalaixetdelaiaia.es\/wp-content\/uploads\/2015\/03\/mantocachemirpataconafirmadaretalladaok.jpg 1024w, https:\/\/elcalaixetdelaiaia.es\/wp-content\/uploads\/2015\/03\/mantocachemirpataconafirmadaretalladaok-300x167.jpg 300w, https:\/\/elcalaixetdelaiaia.es\/wp-content\/uploads\/2015\/03\/mantocachemirpataconafirmadaretalladaok-768x427.jpg 768w\" sizes=\"(max-width: 1024px) 100vw, 1024px\" \/><\/div>\n<div><\/div>\n<div class=\"separator\" style=\"clear: both; text-align: center;\">En el v\u00eddeo que os he puesto arriba, pod\u00e9is ver como se dobla para hacerlo de capucha, y su colocaci\u00f3n correcta, es de lana, muy ligera, y calienta un mont\u00f3n, y por propia experiencia os digo que no pesa nada y tiene unos dibujos de cachemir preciosos.<\/div>\n<div class=\"separator\" style=\"clear: both; text-align: center;\"><\/div>\n<div class=\"separator\" style=\"clear: both; text-align: center;\"><a style=\"margin-left: 1em; margin-right: 1em;\" href=\"https:\/\/2.bp.blogspot.com\/-BAkCtk4s4Tw\/VubQzl-BPJI\/AAAAAAAAi_M\/ZPZuju56B24eJrywUd1Zpl0KIZcXLT7LQ\/s1600\/mantra.jpg\"><img decoding=\"async\" loading=\"lazy\" src=\"https:\/\/elcalaixetdelaiaia.es\/wp-content\/uploads\/2015\/03\/mantra.jpg\" width=\"640\" height=\"480\" border=\"0\" \/><\/a><\/div>\n<div class=\"separator\" style=\"clear: both; text-align: center;\"><\/div>\n<div class=\"separator\" style=\"clear: both; text-align: center;\">y \u00e9sta es mi manta bocairentina,que me trajeron mi cu\u00f1ada Noe y mi hermano Jose-Vi (vale la pena ir a comprarla a Bocairent y a tiempo que hacemos turismo por nuestra tierra y ver el maravilloso pueblo, que es incre\u00edble, comprarla en el estanco de tabacos) que como veis, tiene dos caras y las hay de diversos tama\u00f1os, colores y formas de cuadros, os aseguro que es muy calentita y con la que podemos ir abrigados y adecuadamente ataviados y hay distintos modelos para elegir. Citando a Bocairent, no puedo resistirme a nombrar a una segunda familia que tengo all\u00ed, la familia Llorca Silvestre, mil besos y abrazos, os quiero un mont\u00f3n y os llevo en mi coraz\u00f3n para siempre <span class=\"ILfuVd\" lang=\"es\"><span class=\"hgKElc\">\ud83d\ude18<\/span><\/span><\/div>\n<div class=\"separator\" style=\"clear: both; text-align: center;\"><\/div>\n<div class=\"separator\" style=\"clear: both; text-align: center;\"><a style=\"margin-left: 1em; margin-right: 1em;\" href=\"https:\/\/4.bp.blogspot.com\/-0ddZM53XVrs\/VubRCMzgB3I\/AAAAAAAAi_Q\/vfI20XjTm_Mpo_RDorUkoTToYxxFbFJAw\/s1600\/%25C3%25ADndice.jpg\"><img decoding=\"async\" loading=\"lazy\" src=\"https:\/\/elcalaixetdelaiaia.es\/wp-content\/uploads\/2015\/03\/C3ADndice.jpg\" width=\"640\" height=\"480\" border=\"0\" \/><\/a><\/div>\n<div class=\"separator\" style=\"clear: both; text-align: center;\">\u00a0Incluso lleva unas asas, para poderla transportar cuando no la usemos.<\/div>\n<div>Edito esta entrada el15\/002\/2016 porque ahora, en algunas tiendas de indumentaria \u00a1por fin! ya tienen la aut\u00e9ntica manta bocairentina, por si no quer\u00e9is hacer el viaje y de paso que veis peinetas, aderezos, telas y dem\u00e1s&#8230; \u00a0 \ud83d\ude09<\/div>\n<div style=\"text-align: center;\">Tenemos un maravilloso patrimonio cultural, pongamos entre todos los valencianos nuestro granito de arena para que no se pierda \u00bfno os parece?<\/div>\n<p>Recomiendo a quienes est\u00e9n interesados en saber cual es la autentica indumentaria valenciana varios libros como son;<\/p>\n<p>(seguro que olvido algunos mas, y todos recomendables),<\/p>\n<p>-\u00abSeda, Oro y Plata en Valencia\u00bb, Gar\u00edn, 258 a\u00f1os. (Libro de Gar\u00edn)<br \/>\n-\u00abIndumentaria Valenciana Siglos XVIII-XIX, De dentro afuera, De arriba abajo\u00bb, M\u00aa Victoria Liceras Ferreres;<br \/>\n-A la moda valenciana. La dona al segle XVIII\u2019, Salvador Mercado Mach\u00ed<br \/>\n&#8211; Justillos i gipons Paquita Roca i Josep Vidal<br \/>\n&#8211; La moda en la Valencia del siglo XV de Mar\u00eda Purificaci\u00f3n Benito Vidal<\/p>\n<div>&#8211; Faldes, vions i faldilles Inmaculada Puig y Paquita Roca<br \/>\n-Mocadors de pit de Paquita Roca e Imma Puig<br \/>\n&#8211; La nova col-lecci\u00f3 d&#8217;indument\u00e0ria del Museu Etn\u00f2logic- Una visi\u00f3 evolutiva<br \/>\nY como no\u2026os aconsejo encarecidamente las generos\u00edsimas y aclaradoras aportaciones del gran Vicent Ferrandis Mas en;<br \/>\n<a href=\"http:\/\/filadis.blogspot.com.es\/\">http:\/\/filadis.blogspot.com.es\/<\/a> y<br \/>\n<a href=\"http:\/\/www.calameo.com\/subscriptions\/1077466\">http:\/\/www.calameo.com\/subscriptions\/1077466<\/a><br \/>\ny \u00e9ste art\u00edculo;<a href=\"http:\/\/www.levante-emv.com\/valencia\/2011\/03\/24\/investigadores-afirman-moda-desvirtuado-traje-valenciana\/792866.html\">http:\/\/www.levante-emv.com\/valencia\/2011\/03\/24\/investigadores-afirman-moda-desvirtuado-traje-valenciana\/792866.html<\/a>,<\/div>\n<p>donde podr\u00e9is encontrar toda la informaci\u00f3n.<\/p>\n<div>\n<div>\n<div style=\"text-align: center;\">\u00abPer a saber festejar, ning\u00fa com els de la Vall, que es possen capa i sombrero i\u00a0es muden de dalt a baix\u00bb.\u00bb<\/div>\n<\/div>\n<div style=\"text-align: center;\">\u00abArrima&#8217;t cap ac\u00ed, que este capot \u00e9s estret,que no em diga ta mare que per mi has patit fred\u00bb<\/div>\n<div style=\"text-align: center;\">\u00abDe les ales d\u2019un mosquit \u00a0en tinc que fer una capa, i\u00a0de les ratalladures;\u00a0Jupa, jupet\u00ed i casaca\u00bb<\/div>\n<div style=\"text-align: center;\">\u00abQui t\u00e9 capa es tapa, i qui t\u00e9 capot\u00a0si pot.\u00bb<\/div>\n<div>\n<div style=\"text-align: center;\">\u00abPer calor no deixes la capa,\u00a0Ni per fred la carabassa\u00bb<\/div>\n<div><\/div>\n<div>Si te gusta \u00e9ste post, puedes compartirlo para que llegue a m\u00e1s gente. No pretendo molestar ni ofender a nadie, cada cual es muy libre de vestir como quiera, solo comparto lo que he aprendido y que cada cual decida como hacerlo pero eso si, por favor, de \u00abfallera\u00bb o tradicional, pero sin disfraces, no estropeemos m\u00e1s nuestra tan da\u00f1ada y manipulada indumentaria.<br \/>\nEspero tus comentarios y recuerda que tambi\u00e9n estoy en Facebook\u00a0<a href=\"https:\/\/www.facebook.com\/El-calaixet-de-la-iaia-533062140099386\/\">https:\/\/www.facebook.com\/El-calaixet-de-la-iaia-533062140099386\/<\/a><\/div>\n<\/div>\n<\/div>\n","protected":false},"excerpt":{"rendered":"<p>\u00abRefrany;\u00a0 Per tots Sants, capes i mocadors grans\u00bb.\u00a0 Por todos Santos capas y pa\u00f1uelos grandes. Los valencianos, de siempre nos hemos abrigado con ropas gruesas o de lana. Los pa\u00f1olones de seda que llevan muchas falleras hoy d\u00eda, no sirven apenas para nada mas que para lucir bonito, porque evidentemente, &hellip; <\/p>\n","protected":false},"author":2,"featured_media":8965,"comment_status":"open","ping_status":"open","sticky":false,"template":"","format":"standard","meta":[],"categories":[78,1,47],"tags":[],"_links":{"self":[{"href":"https:\/\/elcalaixetdelaiaia.es\/index.php?rest_route=\/wp\/v2\/posts\/708"}],"collection":[{"href":"https:\/\/elcalaixetdelaiaia.es\/index.php?rest_route=\/wp\/v2\/posts"}],"about":[{"href":"https:\/\/elcalaixetdelaiaia.es\/index.php?rest_route=\/wp\/v2\/types\/post"}],"author":[{"embeddable":true,"href":"https:\/\/elcalaixetdelaiaia.es\/index.php?rest_route=\/wp\/v2\/users\/2"}],"replies":[{"embeddable":true,"href":"https:\/\/elcalaixetdelaiaia.es\/index.php?rest_route=%2Fwp%2Fv2%2Fcomments&post=708"}],"version-history":[{"count":38,"href":"https:\/\/elcalaixetdelaiaia.es\/index.php?rest_route=\/wp\/v2\/posts\/708\/revisions"}],"predecessor-version":[{"id":29193,"href":"https:\/\/elcalaixetdelaiaia.es\/index.php?rest_route=\/wp\/v2\/posts\/708\/revisions\/29193"}],"wp:featuredmedia":[{"embeddable":true,"href":"https:\/\/elcalaixetdelaiaia.es\/index.php?rest_route=\/wp\/v2\/media\/8965"}],"wp:attachment":[{"href":"https:\/\/elcalaixetdelaiaia.es\/index.php?rest_route=%2Fwp%2Fv2%2Fmedia&parent=708"}],"wp:term":[{"taxonomy":"category","embeddable":true,"href":"https:\/\/elcalaixetdelaiaia.es\/index.php?rest_route=%2Fwp%2Fv2%2Fcategories&post=708"},{"taxonomy":"post_tag","embeddable":true,"href":"https:\/\/elcalaixetdelaiaia.es\/index.php?rest_route=%2Fwp%2Fv2%2Ftags&post=708"}],"curies":[{"name":"wp","href":"https:\/\/api.w.org\/{rel}","templated":true}]}}