{"id":682,"date":"2015-03-14T09:47:00","date_gmt":"2015-03-14T09:47:00","guid":{"rendered":"http:\/\/elcalaixetdelaiaia.es\/como-hacer-un-petillo-para-un-jubon-de"},"modified":"2026-03-03T09:40:19","modified_gmt":"2026-03-03T09:40:19","slug":"como-hacer-un-petillo-para-un-jubon-de","status":"publish","type":"post","link":"https:\/\/elcalaixetdelaiaia.es\/?p=682","title":{"rendered":"Como hacer un petillo para un jub\u00f3n de valenciana paso a paso"},"content":{"rendered":"<p>\u00abRefrany;Primer \u00e9s la camisa que el gip\u00f3\u00bb\u00a0 Primero es la camisa, que el jub\u00f3n.<\/p>\n<div>\n<p>PETO O PETILLO DE VALENCIANA<\/p>\n<\/div>\n<div>Ojal\u00e1 \u00e9ste refr\u00e1n alg\u00fan d\u00eda sea cierto y se le de a la camisa el puesto que merece en la indumentaria valenciana.<\/div>\n<div><\/div>\n<div>La indumentaria tradicional tiene much\u00edsimas ventajas, el \u00abguardap\u00e9us\u00bb o falda confeccionada a pa\u00f1al, facilita enormemente el uso aunque se engorde o adelgace, (nuestras antepasadas, utilizaban la misma falda o \u00abguadap\u00e8us\u00bb durante los embarazos que antes, y despu\u00e9s del embarazo,) aparte de por el ahorro econ\u00f3mico, por practicidad, al tener los laterales abiertos, es sencill\u00edsimo meter las manos para acceder a las faldriqueras que llevamos en los laterales sobre las enaguas (canc\u00e1n o ahuecador no, por favor) y tener a mano las llaves, gafas de vista, pa\u00f1uelo, dinero etc. y no tener que subir la falda (guardap\u00e9us) hasta la cintura. Hice un paso a paso con el \u00faltimo guardap\u00e9us de pa\u00f1al que cos\u00ed, pero con la inundaci\u00f3n perd\u00ed todo, as\u00ed que est\u00e1 pendiente para el pr\u00f3ximo que cosa, que no tengo ni idea cuando ser\u00e1 posible, pero lo tengo en cuenta. Lo mismo ocurre con el jub\u00f3n, al ir acordonado (con ojales hechos a mano, jam\u00e1s met\u00e1licos por favor tambi\u00e9n y ya de paso&#8230; much\u00edsimo menos con corchetes NO) si queda un poco estrecho se soluciona a la perfecci\u00f3n poniendo o quitando un simple petillo, de \u00e9sta manera jugamos perfectamente con un par de tallas, esto es s\u00faper pr\u00e1ctico para embarazadas y ni\u00f1as<\/div>\n<div><\/div>\n<div>\n<div class=\"separator\" style=\"clear: both; text-align: center;\"><a style=\"margin-left: 1em; margin-right: 1em;\" href=\"http:\/\/2.bp.blogspot.com\/-w2_kZF40Vwc\/VQN88mhL2jI\/AAAAAAAAXXc\/d03Rqpq7WVQ\/s1600\/CIMG4091.JPG\"><img decoding=\"async\" loading=\"lazy\" class=\"\" src=\"https:\/\/elcalaixetdelaiaia.es\/wp-content\/uploads\/2015\/03\/CIMG4091.jpg\" width=\"671\" height=\"503\" border=\"0\" \/><\/a><\/div>\n<p>Al igual que para el jub\u00f3n o gip\u00f3, sirve tambi\u00e9n para la cotilla (que no <u>coteta,<\/u> como muy bi\u00e9n nos aclar\u00f3 el gran Vicent Ferrandis Mas) o justillo.<\/p>\n<\/div>\n<div>\n<p>A mi nieta, le ha quedado un poco estrecho el jub\u00f3n (gip\u00f3) del traje que le hice el a\u00f1o pasado, y aprovechando que voy a confeccionarle un petillo voy a hacer el paso a paso para que ve\u00e1is que facil\u00edsimo es, con \u00e9ste simpleza, aguantar\u00e1 el traje hasta el a\u00f1o que viene, y es una pieza m\u00e1s de nuestra indumentaria.<\/p>\n<p>Mis padres me ense\u00f1aron que es de bien nacidos ser agradecidos, insisto en que no soy modista, ni costurera, solo una aficionada a la costura y una apasionada de la indumentaria tradicional valenciana y de nuestras costumbres, y dado que soy autodidacta, quiero dar otra vez las gracias a una persona que fue muy generosa en \u00e9ste aspecto y que en un momento dado me ayud\u00f3 explic\u00e1ndome como hacer lo que no sab\u00eda, a base de hacer y deshacer lo hubiera acabado aprendiendo, como siempre hago.. .hacer y deshacer, pero gracias a sus explicaciones, me facilit\u00f3 mucho el trabajo, por eso lo comparto con todos vosotros con total altruismo, como hizo ella con toda su generosidad, cuanto m\u00e1s gente sepa de indumentaria tradicional, mejor para todos. De nuevo, gracias Charo F.<\/p>\n<\/div>\n<div>Los petillos se pueden hacer con tela, reforzado interiormente de esparto o ca\u00f1a de olivo o con cart\u00f3n.<\/div>\n<div>El cart\u00f3n ha de ser duro, yo lo compro en una papeler\u00eda cerca de la gasolinera de Cardenal Benlloch que se llama;<\/div>\n<p>Suministros Gr\u00e1ficos M\u00f3dulos S.l<br \/>\nC\/ Gorgos, 18<br \/>\n46021 Valencia<br \/>\n963 699 641<\/p>\n<div>\n<p>Supongo que en cualquier papeler\u00eda de bellas artes podr\u00e9is encontrar. Esta vez va solo con cart\u00f3n duro y como ten\u00eda un trozo de sobras de uno que hice el a\u00f1o pasado, manos a la obra.Necesitaremos;<\/p>\n<div class=\"separator\" style=\"clear: both; text-align: center;\"><a style=\"margin-left: 1em; margin-right: 1em;\" href=\"http:\/\/3.bp.blogspot.com\/-ZbcpWcRD-e0\/VQN82i5yClI\/AAAAAAAAXWw\/kYxLuurgZmQ\/s1600\/CIMG4061.JPG\"><img decoding=\"async\" loading=\"lazy\" class=\"\" src=\"https:\/\/elcalaixetdelaiaia.es\/wp-content\/uploads\/2015\/03\/CIMG4061.jpg\" width=\"657\" height=\"493\" border=\"0\" \/><\/a><\/div>\n<ol>\n<li style=\"text-align: left;\">Cart\u00f3n muy duro<\/li>\n<li style=\"text-align: left;\">Tela<\/li>\n<li style=\"text-align: left;\">Retorta<\/li>\n<li style=\"text-align: left;\">Hilo, metro aguja etc.<\/li>\n<\/ol>\n<div class=\"separator\" style=\"clear: both; text-align: center;\"><a style=\"margin-left: 1em; margin-right: 1em;\" href=\"http:\/\/4.bp.blogspot.com\/-mF41799_CIk\/VQN82sVnZtI\/AAAAAAAAXWs\/DvpJXot-tC0\/s1600\/CIMG4062.JPG\"><img decoding=\"async\" loading=\"lazy\" class=\"\" src=\"https:\/\/elcalaixetdelaiaia.es\/wp-content\/uploads\/2015\/03\/CIMG4062.jpg\" width=\"658\" height=\"877\" border=\"0\" \/><\/a><\/div>\n<div style=\"text-align: center;\"><\/div>\n<div style=\"text-align: center;\">El peto ha de medir el largo del cierre de la pala, tomamos medida<\/div>\n<div style=\"text-align: center;\"><\/div>\n<div class=\"separator\" style=\"clear: both; text-align: center;\"><a style=\"margin-left: 1em; margin-right: 1em;\" href=\"http:\/\/3.bp.blogspot.com\/-aXuxSqg7Qm0\/VQN82XpAWGI\/AAAAAAAAXWo\/5S-XHnuRbwc\/s1600\/CIMG4063.JPG\"><img decoding=\"async\" loading=\"lazy\" class=\"\" src=\"https:\/\/elcalaixetdelaiaia.es\/wp-content\/uploads\/2015\/03\/CIMG4063.jpg\" width=\"642\" height=\"435\" border=\"0\" \/><\/a><\/div>\n<div style=\"text-align: center;\"><\/div>\n<div style=\"text-align: center;\">y recortamos con \u00e9sta forma<\/div>\n<div style=\"text-align: center;\"><\/div>\n<div class=\"separator\" style=\"clear: both; text-align: center;\"><a style=\"margin-left: 1em; margin-right: 1em;\" href=\"http:\/\/3.bp.blogspot.com\/-JeleqsPxskI\/VQN85RKBRfI\/AAAAAAAAXXA\/EQOti0LJbkM\/s1600\/CIMG4065.JPG\"><img decoding=\"async\" loading=\"lazy\" class=\"\" src=\"https:\/\/elcalaixetdelaiaia.es\/wp-content\/uploads\/2015\/03\/CIMG4065.jpg\" width=\"651\" height=\"478\" border=\"0\" \/><\/a><\/div>\n<div style=\"text-align: center;\"><\/div>\n<div style=\"text-align: center;\">Cortamos la tela elegida, en \u00e9ste caso tengo un trozo de seda, color chocolate, que me sobr\u00f3 de los zapatos nuevos, y que es muy parecido a el otom\u00e1n que us\u00e9 para los adornos de las mangas\u00a0 y el cordoncillo de la orilla del guardap\u00e8us y como le va bien, es el que voy a usar. Comenzamos cosiendo por la punta formando un cruzado de hilos tirando la tela para que quede perfectamente tensada<\/div>\n<div style=\"text-align: center;\"><\/div>\n<div class=\"separator\" style=\"clear: both; text-align: center;\"><a style=\"margin-left: 1em; margin-right: 1em;\" href=\"http:\/\/1.bp.blogspot.com\/-KQfNb5Dw1hQ\/VQN85voB1LI\/AAAAAAAAXXI\/QMZM8wlNmKE\/s1600\/CIMG4067.JPG\"><img decoding=\"async\" loading=\"lazy\" class=\"\" src=\"https:\/\/elcalaixetdelaiaia.es\/wp-content\/uploads\/2015\/03\/CIMG4067.jpg\" width=\"658\" height=\"466\" border=\"0\" \/><\/a><\/div>\n<div style=\"text-align: center;\"><\/div>\n<div style=\"text-align: center;\">y as\u00ed hasta arriba del peto<\/div>\n<div style=\"text-align: center;\"><\/div>\n<div class=\"separator\" style=\"clear: both; text-align: center;\"><a style=\"margin-left: 1em; margin-right: 1em;\" href=\"http:\/\/1.bp.blogspot.com\/-EwicEG5U-ig\/VQN85gW-8vI\/AAAAAAAAXXE\/h68rN5C8x1Y\/s1600\/CIMG4070.JPG\"><img decoding=\"async\" loading=\"lazy\" class=\"\" src=\"https:\/\/elcalaixetdelaiaia.es\/wp-content\/uploads\/2015\/03\/CIMG4070.jpg\" width=\"653\" height=\"470\" border=\"0\" \/><\/a><\/div>\n<div style=\"text-align: center;\"><\/div>\n<div style=\"text-align: center;\">Cortamos un trozo de retorta<\/div>\n<div style=\"text-align: center;\"><\/div>\n<div class=\"separator\" style=\"clear: both; text-align: center;\"><a style=\"margin-left: 1em; margin-right: 1em;\" href=\"http:\/\/4.bp.blogspot.com\/-pnpBAE2v4k8\/VQOAPiIgpXI\/AAAAAAAAXX0\/m7fqyD8-hpA\/s1600\/CIMG4084.JPG\"><img decoding=\"async\" loading=\"lazy\" class=\"\" src=\"https:\/\/elcalaixetdelaiaia.es\/wp-content\/uploads\/2015\/03\/CIMG4084.jpg\" width=\"651\" height=\"488\" border=\"0\" \/><\/a><\/div>\n<div style=\"text-align: center;\"><\/div>\n<div style=\"text-align: center;\">Y con punto invisible cosemos a mano haciendo un forro<\/div>\n<div style=\"text-align: center;\"><\/div>\n<div class=\"separator\" style=\"clear: both; text-align: center;\"><a style=\"margin-left: 1em; margin-right: 1em;\" href=\"http:\/\/2.bp.blogspot.com\/-w2_kZF40Vwc\/VQN88mhL2jI\/AAAAAAAAXXc\/d03Rqpq7WVQ\/s1600\/CIMG4091.JPG\"><img decoding=\"async\" loading=\"lazy\" class=\"\" src=\"https:\/\/elcalaixetdelaiaia.es\/wp-content\/uploads\/2015\/03\/CIMG4091.jpg\" width=\"644\" height=\"483\" border=\"0\" \/><\/a><\/div>\n<div style=\"text-align: center;\"><\/div>\n<div style=\"text-align: center;\">as\u00ed queda el petillo del derecho<\/div>\n<div style=\"text-align: center;\"><\/div>\n<div class=\"separator\" style=\"clear: both; text-align: center;\"><a style=\"margin-left: 1em; margin-right: 1em;\" href=\"http:\/\/4.bp.blogspot.com\/-1PTLxC9BxqM\/VQN88dpiltI\/AAAAAAAAXXY\/LBU6vhWeVVw\/s1600\/CIMG4097.JPG\"><img decoding=\"async\" loading=\"lazy\" class=\"\" src=\"https:\/\/elcalaixetdelaiaia.es\/wp-content\/uploads\/2015\/03\/CIMG4097.jpg\" width=\"650\" height=\"468\" border=\"0\" \/><\/a><\/div>\n<div style=\"text-align: center;\"><\/div>\n<div style=\"text-align: center;\">as\u00ed del rev\u00e9s<\/div>\n<div style=\"text-align: center;\"><\/div>\n<div class=\"separator\" style=\"clear: both; text-align: center;\"><a style=\"margin-left: 1em; margin-right: 1em;\" href=\"http:\/\/2.bp.blogspot.com\/-ewdiKYuxWc0\/VQN89GQkhZI\/AAAAAAAAXXk\/EO0-HDW89bc\/s1600\/CIMG4140.JPG\"><img decoding=\"async\" loading=\"lazy\" class=\"\" src=\"https:\/\/elcalaixetdelaiaia.es\/wp-content\/uploads\/2015\/03\/CIMG4140.jpg\" width=\"643\" height=\"857\" border=\"0\" \/><\/a><\/div>\n<div style=\"text-align: center;\"><\/div>\n<div style=\"text-align: center;\">y podremos ajustar el acordonado mas o menos en funci\u00f3n de la anchura que necesitemos dar.<\/div>\n<div><\/div>\n<div style=\"text-align: center;\">\n<div class=\"separator\" style=\"clear: both; text-align: center;\"><a style=\"margin-left: 1em; margin-right: 1em;\" href=\"http:\/\/4.bp.blogspot.com\/-HGmA10j3pZo\/VQQxyA6DoFI\/AAAAAAAAXYQ\/7EDFZpqLVHA\/s1600\/CIMG4156.JPG\"><img decoding=\"async\" loading=\"lazy\" class=\"\" src=\"https:\/\/elcalaixetdelaiaia.es\/wp-content\/uploads\/2015\/03\/CIMG4156.jpg\" width=\"656\" height=\"428\" border=\"0\" \/><\/a><\/div>\n<p>\u00e9stos son<\/p>\n<div class=\"separator\" style=\"clear: both; text-align: center;\"><a style=\"margin-left: 1em; margin-right: 1em;\" href=\"http:\/\/3.bp.blogspot.com\/-VUcKfdi-i7A\/VQQxxmfO8tI\/AAAAAAAAXYU\/fklW7NYE7v0\/s1600\/CIMG4160.JPG\"><img decoding=\"async\" loading=\"lazy\" class=\"\" src=\"https:\/\/elcalaixetdelaiaia.es\/wp-content\/uploads\/2015\/03\/CIMG4160.jpg\" width=\"644\" height=\"483\" border=\"0\" \/><\/a><\/div>\n<p>algunos de \u00a0mis petos o petillos (que ahora tengo a mano)<\/p>\n<div class=\"separator\" style=\"clear: both; text-align: center;\"><a style=\"margin-left: 1em; margin-right: 1em;\" href=\"http:\/\/4.bp.blogspot.com\/-OlsbQrVpcNU\/VQQxxilAG0I\/AAAAAAAAXYM\/eJEQe9kcOik\/s1600\/CIMG4161.JPG\"><img decoding=\"async\" loading=\"lazy\" class=\"\" src=\"https:\/\/elcalaixetdelaiaia.es\/wp-content\/uploads\/2015\/03\/CIMG4161.jpg\" width=\"643\" height=\"482\" border=\"0\" \/><\/a><\/div>\n<\/div>\n<\/div>\n<div style=\"text-align: center;\"><\/div>\n<div style=\"text-align: center;\">Para tener mas surtido, pod\u00e9is poner en lugar de forro, otra tela que le vaya a la cotilla, jub\u00f3n o guardap\u00e8us (falda),<\/div>\n<div><\/div>\n<div><img decoding=\"async\" loading=\"lazy\" class=\"alignnone size-full wp-image-28960\" src=\"https:\/\/elcalaixetdelaiaia.es\/wp-content\/uploads\/2015\/03\/IMG_0198.jpeg\" alt=\"\" width=\"1666\" height=\"1986\" srcset=\"https:\/\/elcalaixetdelaiaia.es\/wp-content\/uploads\/2015\/03\/IMG_0198.jpeg 1666w, https:\/\/elcalaixetdelaiaia.es\/wp-content\/uploads\/2015\/03\/IMG_0198-252x300.jpeg 252w, https:\/\/elcalaixetdelaiaia.es\/wp-content\/uploads\/2015\/03\/IMG_0198-859x1024.jpeg 859w, https:\/\/elcalaixetdelaiaia.es\/wp-content\/uploads\/2015\/03\/IMG_0198-768x916.jpeg 768w, https:\/\/elcalaixetdelaiaia.es\/wp-content\/uploads\/2015\/03\/IMG_0198-1289x1536.jpeg 1289w\" sizes=\"(max-width: 1666px) 100vw, 1666px\" \/><\/div>\n<div style=\"text-align: center;\">incluso un trozo de la misma tela del jub\u00f3n o cotilla o guardap\u00e8us<\/div>\n<div><\/div>\n<div><img decoding=\"async\" loading=\"lazy\" class=\"alignnone size-full wp-image-28961\" src=\"https:\/\/elcalaixetdelaiaia.es\/wp-content\/uploads\/2015\/03\/IMG_0197.jpeg\" alt=\"\" width=\"1611\" height=\"2053\" srcset=\"https:\/\/elcalaixetdelaiaia.es\/wp-content\/uploads\/2015\/03\/IMG_0197.jpeg 1611w, https:\/\/elcalaixetdelaiaia.es\/wp-content\/uploads\/2015\/03\/IMG_0197-235x300.jpeg 235w, https:\/\/elcalaixetdelaiaia.es\/wp-content\/uploads\/2015\/03\/IMG_0197-804x1024.jpeg 804w, https:\/\/elcalaixetdelaiaia.es\/wp-content\/uploads\/2015\/03\/IMG_0197-768x979.jpeg 768w, https:\/\/elcalaixetdelaiaia.es\/wp-content\/uploads\/2015\/03\/IMG_0197-1205x1536.jpeg 1205w, https:\/\/elcalaixetdelaiaia.es\/wp-content\/uploads\/2015\/03\/IMG_0197-1607x2048.jpeg 1607w\" sizes=\"(max-width: 1611px) 100vw, 1611px\" \/><\/div>\n<div><\/div>\n<div>esta im\u00e1genes son de un primer\u00edsimo plano, para que ve\u00e1is las puntaditas peque\u00f1as, ya que se cose todo a mano, aunque pod\u00e9is coserlo a m\u00e1quina por la parte de atr\u00e1s, dejando un trozo sin coser, para pasarle el cart\u00f3n y una vez cosido, darle la vuelta como a un calcet\u00edn, introducirlo del derecho y coser a mano la abertura, pero eso si os corre muchis\u00edsima prisa, de lo contrario, si pod\u00e9is, lo hac\u00e9is de la manera tradicional, ya que hacemos el Santo&#8230;<\/div>\n<div><\/div>\n<div>\n<div><img decoding=\"async\" loading=\"lazy\" class=\"size-full wp-image-16069 aligncenter\" src=\"https:\/\/elcalaixetdelaiaia.es\/wp-content\/uploads\/2015\/03\/peto.jpg\" alt=\"\" width=\"623\" height=\"832\" srcset=\"https:\/\/elcalaixetdelaiaia.es\/wp-content\/uploads\/2015\/03\/peto.jpg 623w, https:\/\/elcalaixetdelaiaia.es\/wp-content\/uploads\/2015\/03\/peto-225x300.jpg 225w\" sizes=\"(max-width: 623px) 100vw, 623px\" \/><\/div>\n<div><\/div>\n<\/div>\n<div style=\"text-align: center;\">como en \u00e9ste peto que hice para una muy querida amiga, cuando le reconvert\u00ed un corpi\u00f1o que ten\u00eda confeccionado de fallera, en un jub\u00f3n tradicional (dentro de lo que pude, claro, ya que el patronaje, es completamente distinto)<\/div>\n<div><\/div>\n<div>\n<div><img decoding=\"async\" loading=\"lazy\" class=\"size-large wp-image-16070 aligncenter\" src=\"https:\/\/elcalaixetdelaiaia.es\/wp-content\/uploads\/2015\/03\/petillo.jpg\" alt=\"\" width=\"666\" height=\"856\" srcset=\"https:\/\/elcalaixetdelaiaia.es\/wp-content\/uploads\/2015\/03\/petillo.jpg 666w, https:\/\/elcalaixetdelaiaia.es\/wp-content\/uploads\/2015\/03\/petillo-233x300.jpg 233w\" sizes=\"(max-width: 666px) 100vw, 666px\" \/><\/div>\n<div><\/div>\n<div style=\"text-align: center;\">al tener doble cara con un solo peto es como si tuvieras dos. El petillo o peto, se desliza tras los cordones una vez colocado en el cuerpo el jub\u00f3n, podemos tener de varios modelos, e intercambiarlos si necesidad de quitar el jub\u00f3n, simplemente cambiando el delantal, el mocador y el peto podemos darle otro aire a un mismo traje haciendo que parezca distinto. \u00a1Imaginaci\u00f3n al poder!<\/div>\n<p>Si te gusta \u00e9ste post, puedes compartirlo para que llegue a m\u00e1s gente. No pretendo molestar ni ofender a nadie, cada cual es muy libre de vestir como quiera, solo comparto lo que he aprendido, por si es de ayuda a alguien, y que cada cual decida como hacerlo pero eso si, por favor de fallera o tradicional, pero sin disfraces, no estropeemos m\u00e1s nuestra tan da\u00f1ada y manipulada indumentaria.<\/p>\n<div>\n<p>Recomiendo a quienes est\u00e9is interesados en saber cual es la autentica indumentaria valenciana varios libros como son;<\/p>\n<p>(seguro que olvido algunos mas, y todos recomendables)<\/p>\n<p>-\u00abSeda, Oro y Plata en Valencia\u00bb, Gar\u00edn, 258 a\u00f1os. (Libro de Gar\u00edn)<br \/>\n-\u00abIndumentaria Valenciana Siglos XVIII-XIX, De dentro afuera, De arriba abajo\u00bb, M\u00aa Victoria Liceras Ferreres;<br \/>\n-A la moda valenciana. La dona al segle XVIII\u2019, Salvador Mercado Mach\u00ed<br \/>\n&#8211; Justillos i gipons Paquita Roca i Josep Vidal<br \/>\n&#8211; La moda en la Valencia del siglo XV de Mar\u00eda Purificaci\u00f3n Benito Vidal<\/p>\n<div>&#8211; Faldes, vions i faldilles Inmaculada Puig y Paquita Roca<br \/>\n-Mocadors de pit de Paquita Roca e Imma Puig<br \/>\n&#8211; La nova col-lecci\u00f3 d&#8217;indument\u00e0ria del Museu Etn\u00f2logic- Una visi\u00f3 evolutiva<br \/>\nY como no\u2026os aconsejo encarecidamente las generos\u00edsimas y aclaradoras aportaciones del gran Vicent Ferrandis Mas en;<br \/>\n<a href=\"http:\/\/filadis.blogspot.com.es\/\">http:\/\/filadis.blogspot.com.es\/<\/a> y<br \/>\n<a href=\"http:\/\/www.calameo.com\/subscriptions\/1077466\">http:\/\/www.calameo.com\/subscriptions\/1077466<\/a><br \/>\ny \u00e9ste art\u00edculo;<a href=\"http:\/\/www.levante-emv.com\/valencia\/2011\/03\/24\/investigadores-afirman-moda-desvirtuado-traje-valenciana\/792866.html\">http:\/\/www.levante-emv.com\/valencia\/2011\/03\/24\/investigadores-afirman-moda-desvirtuado-traje-valenciana\/792866.html<\/a>,<\/div>\n<p>donde podr\u00e9is encontrar toda la informaci\u00f3n.<\/p>\n<div>\n<div>\n<div>\u00abPer a saber festejar, ning\u00fa com els de la Vall, que es possen capa i sombrero i\u00a0es muden de dalt a baix\u00bb.\u00bb<\/div>\n<\/div>\n<div>\u00abArrima&#8217;t cap ac\u00ed, que este capot \u00e9s estret,que no em diga ta mare que per mi has patit fred\u00bb<\/div>\n<div>\u00abDe les ales d\u2019un mosquit \u00a0en tinc que fer una capa, i\u00a0de les ratalladures;\u00a0Jupa, jupet\u00ed i casaca\u00bb<\/div>\n<div>\u00abQui t\u00e9 capa es tapa, i qui t\u00e9 capot\u00a0si pot.\u00bb<\/div>\n<div>\n<div>\u00abPer calor no deixes la capa,\u00a0Ni per fred la carabassa\u00bb<\/div>\n<div><\/div>\n<div>Si te gusta \u00e9ste post, puedes compartirlo para que llegue a m\u00e1s gente. No pretendo molestar ni ofender a nadie, cada cual es muy libre de vestir como quiera, solo comparto lo que he aprendido y que cada cual decida como hacerlo pero eso si, por favor, de \u00abfallera\u00bb o tradicional, pero sin disfraces, no estropeemos m\u00e1s nuestra tan da\u00f1ada y manipulada indumentaria.<\/div>\n<div>Si te gusta \u00e9sta entrada puedes\u00a0 compartir con tus amigos. Gracias.<\/div>\n<\/div>\n<\/div>\n<\/div>\n<div>\n<div>Recuerda que tambi\u00e9n estoy en Facebook\u00a0 <a href=\"https:\/\/www.facebook.com\/El-calaixet-de-la-iaia-533062140099386\/\">https:\/\/www.facebook.com\/El-calaixet-de-la-iaia-533062140099386\/<\/a><\/div>\n<\/div>\n<p>Espero tus comentarios y recuerda que tambi\u00e9n estoy en Facebook\u00a0<a href=\"https:\/\/www.facebook.com\/El-calaixet-de-la-iaia-533062140099386\/\">https:\/\/www.facebook.com\/El-calaixet-de-la-iaia-533062140099386\/<\/a><\/p>\n<\/div>\n","protected":false},"excerpt":{"rendered":"<p>\u00abRefrany;Primer \u00e9s la camisa que el gip\u00f3\u00bb\u00a0 Primero es la camisa, que el jub\u00f3n. PETO O PETILLO DE VALENCIANA Ojal\u00e1 \u00e9ste refr\u00e1n alg\u00fan d\u00eda sea cierto y se le de a la camisa el puesto que merece en la indumentaria valenciana. La indumentaria tradicional tiene much\u00edsimas ventajas, el \u00abguardap\u00e9us\u00bb o &hellip; <\/p>\n","protected":false},"author":2,"featured_media":8779,"comment_status":"open","ping_status":"open","sticky":false,"template":"","format":"standard","meta":[],"categories":[78,1],"tags":[],"_links":{"self":[{"href":"https:\/\/elcalaixetdelaiaia.es\/index.php?rest_route=\/wp\/v2\/posts\/682"}],"collection":[{"href":"https:\/\/elcalaixetdelaiaia.es\/index.php?rest_route=\/wp\/v2\/posts"}],"about":[{"href":"https:\/\/elcalaixetdelaiaia.es\/index.php?rest_route=\/wp\/v2\/types\/post"}],"author":[{"embeddable":true,"href":"https:\/\/elcalaixetdelaiaia.es\/index.php?rest_route=\/wp\/v2\/users\/2"}],"replies":[{"embeddable":true,"href":"https:\/\/elcalaixetdelaiaia.es\/index.php?rest_route=%2Fwp%2Fv2%2Fcomments&post=682"}],"version-history":[{"count":27,"href":"https:\/\/elcalaixetdelaiaia.es\/index.php?rest_route=\/wp\/v2\/posts\/682\/revisions"}],"predecessor-version":[{"id":29129,"href":"https:\/\/elcalaixetdelaiaia.es\/index.php?rest_route=\/wp\/v2\/posts\/682\/revisions\/29129"}],"wp:featuredmedia":[{"embeddable":true,"href":"https:\/\/elcalaixetdelaiaia.es\/index.php?rest_route=\/wp\/v2\/media\/8779"}],"wp:attachment":[{"href":"https:\/\/elcalaixetdelaiaia.es\/index.php?rest_route=%2Fwp%2Fv2%2Fmedia&parent=682"}],"wp:term":[{"taxonomy":"category","embeddable":true,"href":"https:\/\/elcalaixetdelaiaia.es\/index.php?rest_route=%2Fwp%2Fv2%2Fcategories&post=682"},{"taxonomy":"post_tag","embeddable":true,"href":"https:\/\/elcalaixetdelaiaia.es\/index.php?rest_route=%2Fwp%2Fv2%2Ftags&post=682"}],"curies":[{"name":"wp","href":"https:\/\/api.w.org\/{rel}","templated":true}]}}