{"id":680,"date":"2015-03-15T19:38:00","date_gmt":"2015-03-15T19:38:00","guid":{"rendered":"http:\/\/elcalaixetdelaiaia.es\/fallas-2015-lhistoria-de-les-falles-que"},"modified":"2026-03-15T15:48:45","modified_gmt":"2026-03-15T15:48:45","slug":"fallas-2015-lhistoria-de-les-falles-que","status":"publish","type":"post","link":"https:\/\/elcalaixetdelaiaia.es\/?p=680","title":{"rendered":"Fallas l&#8217;historia de les falles, que son les falles?"},"content":{"rendered":"<div class=\"separador\" style=\"font-family: 'Arial Narrow'; font-size: 13px; font-weight: bold; line-height: 18px; margin-bottom: 3px; margin-top: 3px; text-align: justify; text-shadow: rgba(0, 0, 0, 0.4) 1px 1px 1px;\">\u00a0 \u00a0 \u00a0\u00abLes falles \u00ab<\/div>\n<div class=\"limpiarTexto\" style=\"font-family: 'Arial Narrow'; font-size: 13px; line-height: 18px; text-align: justify;\">\n<div style=\"text-align: center;\">Despertant els nostres cors,<\/div>\n<div style=\"text-align: center;\">Valencia riu.<\/div>\n<div style=\"text-align: center;\">Per la senda de les, flors<\/div>\n<div style=\"text-align: center;\">ja ve l&#8217;estiu.<\/div>\n<div style=\"text-align: center;\">Creua el carrer la xicalla<\/div>\n<div style=\"text-align: center;\">replegant els trastos per \u00e0 la falla;<\/div>\n<div style=\"text-align: center;\">i mant\u00e9 la tradici\u00f3<\/div>\n<div style=\"text-align: center;\">d&#8217;esta can\u00e7\u00f3&#8230;<\/div>\n<div style=\"text-align: center;\">\u00bfHi ha una estoreta velleta<\/div>\n<div style=\"text-align: center;\">per \u00e0 la falla de Sant Josep,<\/div>\n<div style=\"text-align: center;\">del tio Pep&#8230;?<\/div>\n<div style=\"text-align: center;\">I van juntant lo que els veins els van donant<\/div>\n<div style=\"text-align: center;\">per a buidar el porxe.<\/div>\n<div style=\"text-align: center;\">\u00bfHi ha una estoreta velleta<\/div>\n<div style=\"text-align: center;\">per a la falla de Sant Josep?,<\/div>\n<div style=\"text-align: center;\">I amb una estella del munt\u00f3<\/div>\n<div style=\"text-align: center;\">se du el compas de esta can\u00e7\u00f3.<\/div>\n<div style=\"text-align: center;\">En les cares de la gent<\/div>\n<div style=\"text-align: center;\">tot es content.<\/div>\n<div style=\"text-align: center;\">Xiqueta meua<\/div>\n<div style=\"text-align: center;\">que del carrer eres l&#8217;ama<\/div>\n<div style=\"text-align: center;\">per culpa teua<\/div>\n<div style=\"text-align: center;\">tinc el cor enc\u00e9s en flama.<\/div>\n<div style=\"text-align: center;\">No te separes<\/div>\n<div style=\"text-align: center;\">del caliu del meu voler,<\/div>\n<div style=\"text-align: center;\">reineta fallera,<\/div>\n<div style=\"text-align: center;\">que si me deixes<\/div>\n<div style=\"text-align: center;\">un ninot tindr\u00e9 que ser,<\/div>\n<div style=\"text-align: center;\">\u00bfHi ha una estoreta velleta<\/div>\n<div style=\"text-align: center;\">per a la falla de Sant Josep?,<\/div>\n<div style=\"text-align: center;\">per a la falla del teu carrer.<\/div>\n<div><\/div>\n<div><img decoding=\"async\" loading=\"lazy\" class=\"size-full wp-image-27246 aligncenter\" src=\"https:\/\/elcalaixetdelaiaia.es\/wp-content\/uploads\/2015\/03\/meuescutfalla.jpg\" alt=\"\" width=\"400\" height=\"400\" srcset=\"https:\/\/elcalaixetdelaiaia.es\/wp-content\/uploads\/2015\/03\/meuescutfalla.jpg 400w, https:\/\/elcalaixetdelaiaia.es\/wp-content\/uploads\/2015\/03\/meuescutfalla-300x300.jpg 300w, https:\/\/elcalaixetdelaiaia.es\/wp-content\/uploads\/2015\/03\/meuescutfalla-150x150.jpg 150w, https:\/\/elcalaixetdelaiaia.es\/wp-content\/uploads\/2015\/03\/meuescutfalla-60x60.jpg 60w, https:\/\/elcalaixetdelaiaia.es\/wp-content\/uploads\/2015\/03\/meuescutfalla-235x235.jpg 235w, https:\/\/elcalaixetdelaiaia.es\/wp-content\/uploads\/2015\/03\/meuescutfalla-255x255.jpg 255w\" sizes=\"(max-width: 400px) 100vw, 400px\" \/><\/div>\n<\/div>\n<div style=\"text-align: center;\"><\/div>\n<p>Es complicado, muuuy complicado para una valenciana y fallera, explicar que son las fallas, y mas, cuando tengo la pena de no haber podido transmitir a mis propios hijos mi pasi\u00f3n y amor por las fallas, aunque tengo el orgullo de ver que mis nietas, si han heredado mi pasi\u00f3n fallera \ud83d\ude09\u00a0 pero intentar\u00e9 hacer un resumen, desde el coraz\u00f3n;<\/p>\n<div class=\"separator\" style=\"clear: both; text-align: center;\"><\/div>\n<div class=\"separator\" style=\"clear: both; text-align: center;\"><a style=\"margin-left: 1em; margin-right: 1em;\" href=\"http:\/\/2.bp.blogspot.com\/-FJbLqOIbXzk\/VQXqoaAdOcI\/AAAAAAAAXbM\/gDWwgVIRtRY\/s1600\/fallagran_2010-2011.JPG\"><img decoding=\"async\" loading=\"lazy\" src=\"https:\/\/elcalaixetdelaiaia.es\/wp-content\/uploads\/2015\/03\/fallagran_2010-2011.jpg\" width=\"640\" height=\"480\" border=\"0\" \/><\/a><\/div>\n<div class=\"separator\" style=\"clear: both; text-align: center;\"><\/div>\n<div class=\"separator\" style=\"clear: both; text-align: center;\">Las primeras noticias \u00a0sobre\u00a0el origen de las fallas se remontan al a\u00f1o 1784, aunque hay quien asegura que fue en el siglo XVII y otros lo trasladan hasta la Edad Media.<\/div>\n<p>Los primeros escritos nos explican c\u00f3mo con la llegada del 19 de marzo, festividad de San Jos\u00e9 (d\u00eda del Padre y Patr\u00f3n de los Carpinteros) los artesanos y trabajadores valencianos del gremio de la carpinter\u00eda realizaban unas hogueras frente a sus negocios en las que quemaban virutas y trozos de madera junto al \u00abparot\u00bb, el m\u00e1stil donde se colgaba el candil que les hab\u00eda estado iluminando a lo largo de las largas tardes oscuras del invierno, debido a que la llegada de la primavera\u00a0tra\u00eda m\u00e1s horas de luz y, por consiguiente, no les har\u00eda falta para trabajar hasta tarde.<br \/>\n<br style=\"text-align: start;\" \/>El trascurrir de los a\u00f1os hizo que, posiblemente, un ingenioso y divertido carpintero vistiese una de esas noches de fiesta\u00a0y celebraci\u00f3n al parot con las ropas y\/o forma de alg\u00fan personaje local, tomando y populariz\u00e1ndose con el nombre de \u2018ninot\u2019 (manera en la que se llama a los mu\u00f1ecos en valenciano), aprovechando la semejanza entre parot y ninot. Los personajes preferidos\u00a0para disfrazar y quemar en la v\u00edspera de San Jos\u00e9 eran aquellos que representaban a los burgueses, el clero y la clase pol\u00edtica.<br \/>\n<br style=\"text-align: start;\" \/>Esta tradici\u00f3n de encender una hoguera, y colocar un ninot en el centro, se populariz\u00f3 enormemente entre la poblaci\u00f3n, participando \u00e9sta de dicha celebraci\u00f3n y en las que aportaban trastos viejos y las esteras que se hab\u00edan estado utilizando durante el invierno. Fue tal el apogeo que alcanz\u00f3, que en el siglo XVII se public\u00f3 un edicto en el que se prohib\u00eda encender fuego en medio de las calles, teni\u00e9ndose que trasladar a las plazas<\/p>\n<div class=\"separator\" style=\"clear: both; text-align: center;\"><a style=\"margin-left: 1em; margin-right: 1em;\" href=\"http:\/\/1.bp.blogspot.com\/-PEkRbdxSKRE\/VQXq3ZZRnaI\/AAAAAAAAXbk\/q-1ihEYBBQs\/s1600\/falla.jpg\"><img decoding=\"async\" loading=\"lazy\" src=\"https:\/\/elcalaixetdelaiaia.es\/wp-content\/uploads\/2015\/03\/falla.jpg\" width=\"300\" height=\"400\" border=\"0\" \/><\/a><\/div>\n<p>Esto propici\u00f3 que una misma hoguera agrupase los trastos y ninots de varias personas, comenzando a crearse las primeras comisiones falleras que unificaban criterios y trabajaban a lo largo de todo el a\u00f1o en la construcci\u00f3n y dise\u00f1o\u00a0de ninots que satirizasen algunos estamentos sociales, pol\u00edticos y religiosos de la sociedad.<\/p>\n<p><img decoding=\"async\" loading=\"lazy\" class=\"size-full wp-image-27245 aligncenter\" src=\"https:\/\/elcalaixetdelaiaia.es\/wp-content\/uploads\/2015\/03\/insigniafallameua.jpg\" alt=\"\" width=\"500\" height=\"627\" srcset=\"https:\/\/elcalaixetdelaiaia.es\/wp-content\/uploads\/2015\/03\/insigniafallameua.jpg 500w, https:\/\/elcalaixetdelaiaia.es\/wp-content\/uploads\/2015\/03\/insigniafallameua-239x300.jpg 239w\" sizes=\"(max-width: 500px) 100vw, 500px\" \/><br style=\"text-align: start;\" \/>Pero tambi\u00e9n llev\u00f3 a que, durante el \u00faltimo cuarto del siglo XIX, desde los sectores m\u00e1s conservadores y la propia iglesia se pidiese la prohibici\u00f3n de la quema de ninots, al considerar que era una burla pagana de la festividad de San Jos\u00e9. A pesar de esta presi\u00f3n y los elevad\u00edsimos impuesto que puso el ayuntamiento por plantar una falla, \u00e9sta fue cogiendo cada vez m\u00e1s arraigo entre la poblaci\u00f3n, convirti\u00e9ndose en la fiesta m\u00e1s popular y oficial de la provincia de Valencia.<br \/>\n<br style=\"text-align: start;\" \/>La costumbre de indultar un ninot lleg\u00f3 en 1934, tras un concurso de ideas propuesto por el ayuntamiento de Valencia en el que el artista fallero Regino Mas propuso incluir el indulto de ninots en el programa de fiestas municipal, aunque extraoficialmente ya se hab\u00eda realizado en a\u00f1os anteriores.<br \/>\n<br style=\"text-align: start;\" \/>El nombre \u00abfalla\u00bb proviene de la palabra en lat\u00edn \u00abfacula\u00bb (diminutivo de fax o facis) que es como se le llamaba en el valenciano medieval a las antorchas, seg\u00fan algunos escritos de la \u00e9poca del rey Jaume .<\/p>\n<p>As\u00ed, el temple adquirido con el tiempo permite que la fiesta sobreviva durante el nuevo per\u00edodo, hasta el punto de que los libretos que se publican como complemento de determinadas fallas se convierten en una de las principales plataformas p\u00fablicas de la lengua propia en una sociedad progresivamente desvalencianizada.<\/p>\n<p style=\"text-align: center;\"><img decoding=\"async\" loading=\"lazy\" class=\"alignnone size-full wp-image-27284\" src=\"https:\/\/elcalaixetdelaiaia.es\/wp-content\/uploads\/2015\/03\/WhatsApp-Image-2024-03-12-at-15.59.29.jpeg\" alt=\"\" width=\"1125\" height=\"830\" srcset=\"https:\/\/elcalaixetdelaiaia.es\/wp-content\/uploads\/2015\/03\/WhatsApp-Image-2024-03-12-at-15.59.29.jpeg 1125w, https:\/\/elcalaixetdelaiaia.es\/wp-content\/uploads\/2015\/03\/WhatsApp-Image-2024-03-12-at-15.59.29-300x221.jpeg 300w, https:\/\/elcalaixetdelaiaia.es\/wp-content\/uploads\/2015\/03\/WhatsApp-Image-2024-03-12-at-15.59.29-1024x755.jpeg 1024w, https:\/\/elcalaixetdelaiaia.es\/wp-content\/uploads\/2015\/03\/WhatsApp-Image-2024-03-12-at-15.59.29-768x567.jpeg 768w\" sizes=\"(max-width: 1125px) 100vw, 1125px\" \/><\/p>\n<div>\n<div style=\"text-align: center;\"><a href=\"https:\/\/youtu.be\/wDhXCU60HgI\">https:\/\/youtu.be\/wDhXCU60HgI<\/a><\/div>\n<div style=\"text-align: center;\"><strong><i>No os perd\u00e1is \u00e9ste v\u00eddeo producido por Antonio Ortu\u00f1o Ballester<\/i><\/strong> (os recomiendo que sub\u00e1is el volumen a tope)<i><\/i><i><\/i><\/div>\n<\/div>\n<div>\n<p>Siempre he dicho, que hay dos maneras muy distintas de vivir las fallas, (me corrige mi querid\u00edsima\u00a0 Vanesa Ordu\u00f1a Civera, desde Stuttgart , Alemania, y por empat\u00eda la entiendo, ya que yo he vivido bastantes a\u00f1os, fuera de la terreta, y mi hijo, nuera y nietas, tambi\u00e9n lo est\u00e1n, y son los <strong>valencianos<\/strong> que viv\u00eds con toda la emoci\u00f3n a lo lejos, desde muchos Km. de distancia) que son siendo falleros, parte integrante de una comisi\u00f3n, y vivirlas desde fuera, como disfrutadores, pero tambi\u00e9n sufridores, as\u00ed que intentemos ser tolerantes en fallas, con los cortes de calles, m\u00fasica y sonidos de tracas.<br \/>\nPara una fallera de casal, las fallas son tambi\u00e9n muchas otras cosas, un sentimiento de fiesta, lucha, esfuerzo y trabajo.<\/p>\n<p style=\"text-align: center;\"><img decoding=\"async\" loading=\"lazy\" class=\"alignnone size-full wp-image-24779\" src=\"https:\/\/elcalaixetdelaiaia.es\/wp-content\/uploads\/2015\/03\/casalMercat1.jpg\" alt=\"\" width=\"756\" height=\"496\" srcset=\"https:\/\/elcalaixetdelaiaia.es\/wp-content\/uploads\/2015\/03\/casalMercat1.jpg 756w, https:\/\/elcalaixetdelaiaia.es\/wp-content\/uploads\/2015\/03\/casalMercat1-300x197.jpg 300w\" sizes=\"(max-width: 756px) 100vw, 756px\" \/><\/p>\n<p style=\"text-align: center;\"><em>Cuando fui FM, tuve la enorme suerte, de tener la mejor FMI que se pueda so\u00f1ar, mi MariJose, mi mu\u00f1equita preciosa, a la que sigo queriendo much\u00edsimo, igual que entonces.<\/em><\/p>\n<p style=\"text-align: center;\">La\/el fallero de casal, sabe lo que es pelear porque la falla salga adelante, que se pueda plantar el monumento, que siendo de una humilde falla a trav\u00e9s de las cuotas que pagamos los falleros, de las rifas, loter\u00edas, falleros de Honor y \u00abarrepleg\u00e1s\u00bb se pueda conseguir el dinero necesario para contratar al pirot\u00e9cnico, a la banda de m\u00fasica que dormir\u00e1 en el casal para abaratar costos, pedir los permisos necesarios, renovar la junta directiva, tener las falleras Mayores, cubrir gastos del luz agua para el casal, contratar las flores, la barraca, el boceto del llibret, escribir la presentaci\u00f3n, pelear con J.C.F, \u00a0conseguir la colaboraci\u00f3n necesaria&#8230; una falla no es todo tan f\u00e1cil como se pueda ver desde fuera, requiere muchas horas y mucha planificaci\u00f3n para disfrutar al m\u00e1ximo durante los d\u00edas 15 a 19 de Marzo que es la c\u00faspide de la fiesta, el d\u00eda grande el de nuestro patr\u00f3n&#8230; Sant Josep.<\/p>\n<p><img decoding=\"async\" loading=\"lazy\" class=\"alignnone size-full wp-image-27244\" src=\"https:\/\/elcalaixetdelaiaia.es\/wp-content\/uploads\/2015\/03\/WhatsApp-Image-2024-03-10-at-11.34.31.jpeg\" alt=\"\" width=\"1600\" height=\"1600\" srcset=\"https:\/\/elcalaixetdelaiaia.es\/wp-content\/uploads\/2015\/03\/WhatsApp-Image-2024-03-10-at-11.34.31.jpeg 1600w, https:\/\/elcalaixetdelaiaia.es\/wp-content\/uploads\/2015\/03\/WhatsApp-Image-2024-03-10-at-11.34.31-300x300.jpeg 300w, https:\/\/elcalaixetdelaiaia.es\/wp-content\/uploads\/2015\/03\/WhatsApp-Image-2024-03-10-at-11.34.31-1024x1024.jpeg 1024w, https:\/\/elcalaixetdelaiaia.es\/wp-content\/uploads\/2015\/03\/WhatsApp-Image-2024-03-10-at-11.34.31-150x150.jpeg 150w, https:\/\/elcalaixetdelaiaia.es\/wp-content\/uploads\/2015\/03\/WhatsApp-Image-2024-03-10-at-11.34.31-768x768.jpeg 768w, https:\/\/elcalaixetdelaiaia.es\/wp-content\/uploads\/2015\/03\/WhatsApp-Image-2024-03-10-at-11.34.31-1536x1536.jpeg 1536w, https:\/\/elcalaixetdelaiaia.es\/wp-content\/uploads\/2015\/03\/WhatsApp-Image-2024-03-10-at-11.34.31-60x60.jpeg 60w, https:\/\/elcalaixetdelaiaia.es\/wp-content\/uploads\/2015\/03\/WhatsApp-Image-2024-03-10-at-11.34.31-235x235.jpeg 235w, https:\/\/elcalaixetdelaiaia.es\/wp-content\/uploads\/2015\/03\/WhatsApp-Image-2024-03-10-at-11.34.31-255x255.jpeg 255w\" sizes=\"(max-width: 1600px) 100vw, 1600px\" \/><\/p>\n<p>Las fallas siguientes comienzan la misma nit del la \u00abcrem\u00e1\u00bb, preparando cada semana, en Marzo a\u00fan, nuestras reuniones (que suelen hacerse en viernes noche, con \u00absopar de sobaquillo),\u00a0 para comenzar el nuevo ejercicio, para empezar de nuevo las fallas siguientes, que el ritmo, no pare, que no se acabe nuestra fiesta.<\/p>\n<p>Las reuniones, ensayos para las obras de teatro que hac\u00edamos en \u00abEl musical\u00bb obras y obras&#8230; para recaudar fondos&#8230; cuanto teatro habr\u00e9 hecho??? muuucho, primero dirigida por el gran Vicente Visiedo, gran persona y gran amigo, maravilloso ser humano, (sin olvidar a su buen\u00edsima esposa, Amparo) a quien llevo en el coraz\u00f3n y cuya sonrisa no olvidar\u00e9 mientras viva&#8230; con aquellas maravillas manos de orfebre que hizo joyas incre\u00edbles&#8230; y con aquellas poes\u00edas que nos hac\u00eda&#8230; c\u00f3mo lo recuerdo y como lo echo de menos&#8230; como a todos y cada uno de los que, por desgracia,\u00a0 nos dejaron ya, y que formaron parte de mi vida diaria, familiar y fallera, que siempre han sido una sola.<\/p>\n<p><img decoding=\"async\" loading=\"lazy\" class=\"alignnone size-full wp-image-27274\" src=\"https:\/\/elcalaixetdelaiaia.es\/wp-content\/uploads\/2015\/03\/jofalleraJesusiaiapapimamifallaMercat.jpeg\" alt=\"\" width=\"667\" height=\"1024\" srcset=\"https:\/\/elcalaixetdelaiaia.es\/wp-content\/uploads\/2015\/03\/jofalleraJesusiaiapapimamifallaMercat.jpeg 667w, https:\/\/elcalaixetdelaiaia.es\/wp-content\/uploads\/2015\/03\/jofalleraJesusiaiapapimamifallaMercat-195x300.jpeg 195w\" sizes=\"(max-width: 667px) 100vw, 667px\" \/><\/p>\n<p>La Crida la hac\u00edamos desde el balc\u00f3n del Mercat del Cabanyal&#8230; que recuerdoooos, se me saltan las l\u00e1grimas mientras escribo.<\/p>\n<p>Ahora se hace desde el balc\u00f3n de nuestro maravilloso y enorme casal, que es Asociaci\u00f3n Cultural y en el que se trabaj\u00f3 buffffffffffff.<\/p>\n<p><img decoding=\"async\" loading=\"lazy\" class=\"size-full wp-image-27247 aligncenter\" src=\"https:\/\/elcalaixetdelaiaia.es\/wp-content\/uploads\/2015\/03\/escurmeuafalla.jpg\" alt=\"\" width=\"521\" height=\"600\" srcset=\"https:\/\/elcalaixetdelaiaia.es\/wp-content\/uploads\/2015\/03\/escurmeuafalla.jpg 521w, https:\/\/elcalaixetdelaiaia.es\/wp-content\/uploads\/2015\/03\/escurmeuafalla-261x300.jpg 261w\" sizes=\"(max-width: 521px) 100vw, 521px\" \/><\/p>\n<p>Mi comisi\u00f3n estaba, y est\u00e1 formada por unos artistas incre\u00edbles. Mi recuerdo especial para el \u00abT\u00edo Selva\u00bb otro maravilloso ser humano que nos hizo en marqueter\u00eda nuestro escudo&#8230; son tantas las personas que quisiera nombrar, que me quedar\u00eda muy corta, as\u00ed que disculparme todos y todas, segu\u00eds en mi mente y sobretodo en mi coraz\u00f3n.<\/p>\n<p>Recuerdo con tanto cari\u00f1o mis fallas infantiles, mi falla era mi casa, ya que los fundadores fueron t\u00edos y all\u00ed est\u00e1bamos todos, t\u00edos primos, familia, grandes amigos, all\u00ed me cri\u00e9.<\/p>\n<p><img decoding=\"async\" loading=\"lazy\" class=\"alignnone size-full wp-image-27251\" src=\"https:\/\/elcalaixetdelaiaia.es\/wp-content\/uploads\/2015\/03\/aniversari-amb-Manolo-Peris-i-M.-Varrasc.firmada.jpg\" alt=\"\" width=\"1402\" height=\"1036\" srcset=\"https:\/\/elcalaixetdelaiaia.es\/wp-content\/uploads\/2015\/03\/aniversari-amb-Manolo-Peris-i-M.-Varrasc.firmada.jpg 1402w, https:\/\/elcalaixetdelaiaia.es\/wp-content\/uploads\/2015\/03\/aniversari-amb-Manolo-Peris-i-M.-Varrasc.firmada-300x222.jpg 300w, https:\/\/elcalaixetdelaiaia.es\/wp-content\/uploads\/2015\/03\/aniversari-amb-Manolo-Peris-i-M.-Varrasc.firmada-1024x757.jpg 1024w, https:\/\/elcalaixetdelaiaia.es\/wp-content\/uploads\/2015\/03\/aniversari-amb-Manolo-Peris-i-M.-Varrasc.firmada-768x568.jpg 768w\" sizes=\"(max-width: 1402px) 100vw, 1402px\" \/><\/p>\n<p>Las primeras presentaciones se hicieron subiendo la la fallera Mayor sobre un caj\u00f3n de madera&#8230; y luego mis fallas juveniles, cuando llegada la semana fallera, cog\u00eda mis vacaciones laborales, hac\u00eda la maleta y me instalaba en casa de mis t\u00edos Conxeta y Pepe, (que paciencia ten\u00edan Dios m\u00edo, pero que felices eran con el foll\u00f3n de tanta gente en su casa), primero viv\u00edan junto al puerto, en aquella casa\u00a0 de Vidal de Blanes y m\u00e1s tarde ya se acercaron mucho al mercat, en Francisco Baldom\u00e1, primero en el \u00e1tico, donde ten\u00edamos enfrente el casal, luego cambiaron de casa y tambi\u00e9n cambi\u00f3 el casal de bajo, y est\u00e1bamos casi arriba del casal y frente al Mercat del Cabanyal, en mi falla, en mi Cabanyal, que luego por alg\u00fan a\u00f1o fue de mi marido hijos y nieta, y la de mi familia y amigos.<\/p>\n<p><img decoding=\"async\" loading=\"lazy\" class=\"alignnone size-full wp-image-27277\" src=\"https:\/\/elcalaixetdelaiaia.es\/wp-content\/uploads\/2015\/03\/TentiCocoijofirm.jpg\" alt=\"\" width=\"713\" height=\"1120\" srcset=\"https:\/\/elcalaixetdelaiaia.es\/wp-content\/uploads\/2015\/03\/TentiCocoijofirm.jpg 713w, https:\/\/elcalaixetdelaiaia.es\/wp-content\/uploads\/2015\/03\/TentiCocoijofirm-191x300.jpg 191w, https:\/\/elcalaixetdelaiaia.es\/wp-content\/uploads\/2015\/03\/TentiCocoijofirm-652x1024.jpg 652w\" sizes=\"(max-width: 713px) 100vw, 713px\" \/><\/p>\n<p>El a\u00f1o de mi reinado de FM,\u00a0 fue FMIV Sonsoles Suar\u00e9z Ruiz, y tuve la suerte de conocer a su madre, aquella gran dama y se\u00f1ora D\u00f1a. Amparo Illana, esposa de Don Adolfo Su\u00e1rez. Entonces, la cena de Gala fallera se hac\u00eda en los Viveros, mi marido en aquel tiempo, a\u00fan estaba haciendo el servicio militar el Le\u00f3n, y no pudo acompa\u00f1arme a la cena de gala, pero si\u00a0 lleg\u00f3 a la ofrenda, y a la crem\u00e0.<\/p>\n<p><img decoding=\"async\" loading=\"lazy\" class=\"wp-image-29291 aligncenter\" src=\"https:\/\/elcalaixetdelaiaia.es\/wp-content\/uploads\/2015\/03\/03e5e0af-9e1c-4c77-8725-ce623e937a10-scaled.jpg\" alt=\"\" width=\"441\" height=\"588\" srcset=\"https:\/\/elcalaixetdelaiaia.es\/wp-content\/uploads\/2015\/03\/03e5e0af-9e1c-4c77-8725-ce623e937a10-scaled.jpg 1920w, https:\/\/elcalaixetdelaiaia.es\/wp-content\/uploads\/2015\/03\/03e5e0af-9e1c-4c77-8725-ce623e937a10-225x300.jpg 225w, https:\/\/elcalaixetdelaiaia.es\/wp-content\/uploads\/2015\/03\/03e5e0af-9e1c-4c77-8725-ce623e937a10-768x1024.jpg 768w, https:\/\/elcalaixetdelaiaia.es\/wp-content\/uploads\/2015\/03\/03e5e0af-9e1c-4c77-8725-ce623e937a10-1152x1536.jpg 1152w, https:\/\/elcalaixetdelaiaia.es\/wp-content\/uploads\/2015\/03\/03e5e0af-9e1c-4c77-8725-ce623e937a10-1536x2048.jpg 1536w\" sizes=\"(max-width: 441px) 100vw, 441px\" \/> La gala fallera fue un acto precioso, con violinistas tocando m\u00fasica entre las mesas&#8230;que recuerdo m\u00e1s maravilloso, de aquellas galas. En aquellos a\u00f1os, no pod\u00eda optar a ser fallera mayor de valencia, cualquier fallera Mayor de cualquier falla, no exist\u00edan ni la preselecciones, ni las selecciones, eso, lamentablemente, no lo pude vivir, pero eran otros tiempos.<\/p>\n<figure id=\"attachment_29260\" aria-describedby=\"caption-attachment-29260\" style=\"width: 839px\" class=\"wp-caption aligncenter\"><img decoding=\"async\" loading=\"lazy\" class=\"size-full wp-image-29260\" src=\"https:\/\/elcalaixetdelaiaia.es\/wp-content\/uploads\/2026\/03\/c41a6ddb-f4a4-4473-9863-c7ff21676fb3.jpeg\" alt=\"\" width=\"839\" height=\"943\" srcset=\"https:\/\/elcalaixetdelaiaia.es\/wp-content\/uploads\/2026\/03\/c41a6ddb-f4a4-4473-9863-c7ff21676fb3.jpeg 839w, https:\/\/elcalaixetdelaiaia.es\/wp-content\/uploads\/2026\/03\/c41a6ddb-f4a4-4473-9863-c7ff21676fb3-267x300.jpeg 267w, https:\/\/elcalaixetdelaiaia.es\/wp-content\/uploads\/2026\/03\/c41a6ddb-f4a4-4473-9863-c7ff21676fb3-768x863.jpeg 768w\" sizes=\"(max-width: 839px) 100vw, 839px\" \/><figcaption id=\"caption-attachment-29260\" class=\"wp-caption-text\">Amb la FMV 1977 Teresa Mart\u00ednez Hueso Ferrer en la gala fallera del Jard\u00ed dels Vivers<\/figcaption><\/figure>\n<p>S\u00f3lo lo eran hijas de gente importante y elegidas a dedo. Menos mal, que despu\u00e9s se iniciaron las preseleciones y elecciones entre las fallas, y pueden optar hoy d\u00eda a ser fallera Mayor, las Falleras Mayores que as\u00ed lo desean,\u00a0 (y se lo pueden permitir, claro), de todas las comisiones falleras.<br \/>\nPara mi ofrenda a la Xeperudeta como FM, yo misma me confeccion\u00e9 mi ramo, con mis manos. Mi falla era muy humilde, y compr\u00e1bamos los claveles a granel, nos los serv\u00edan en grandes cajas de cart\u00f3n, que luego, en nuestro casal primero de Francisco Baldom\u00e1, entre todos los falleros, convert\u00edamos en los ramos de claveles que llevar\u00edamos a la Mareta, envueltos por aquel entonces en papel de plata y una lazada hecha con nuestras manos.<\/p>\n<div class=\"separator\" style=\"clear: both; text-align: center;\"><a style=\"margin-left: 1em; margin-right: 1em;\" href=\"http:\/\/2.bp.blogspot.com\/-PCqksyDSEA8\/VQXqj_mlB3I\/AAAAAAAAXbE\/9kjOB9V6CiU\/s1600\/fallainfantil_2010-2011.jpg\"><img decoding=\"async\" loading=\"lazy\" src=\"https:\/\/elcalaixetdelaiaia.es\/wp-content\/uploads\/2015\/03\/fallainfantil_2010-2011.jpg\" width=\"640\" height=\"480\" border=\"0\" \/><\/a><\/div>\n<p>Aquellas noches de hermandad fallera y los somnolientos momentos de despert\u00e1, tras haber dormido alg\u00fan que otro d\u00eda, con el \u00abmonyo\u00bb puesto, por no ir a casa a que mi madre me peinara y poder ara\u00f1ar unos minutos de sue\u00f1o y de fiesta,<\/p>\n<p><img decoding=\"async\" loading=\"lazy\" class=\"size-full wp-image-29261 aligncenter\" src=\"https:\/\/elcalaixetdelaiaia.es\/wp-content\/uploads\/2026\/03\/4667ace2-cabf-44a4-b8f3-9ab136d1a2702.jpeg\" alt=\"\" width=\"537\" height=\"535\" srcset=\"https:\/\/elcalaixetdelaiaia.es\/wp-content\/uploads\/2026\/03\/4667ace2-cabf-44a4-b8f3-9ab136d1a2702.jpeg 537w, https:\/\/elcalaixetdelaiaia.es\/wp-content\/uploads\/2026\/03\/4667ace2-cabf-44a4-b8f3-9ab136d1a2702-300x300.jpeg 300w, https:\/\/elcalaixetdelaiaia.es\/wp-content\/uploads\/2026\/03\/4667ace2-cabf-44a4-b8f3-9ab136d1a2702-150x150.jpeg 150w, https:\/\/elcalaixetdelaiaia.es\/wp-content\/uploads\/2026\/03\/4667ace2-cabf-44a4-b8f3-9ab136d1a2702-60x60.jpeg 60w, https:\/\/elcalaixetdelaiaia.es\/wp-content\/uploads\/2026\/03\/4667ace2-cabf-44a4-b8f3-9ab136d1a2702-235x235.jpeg 235w, https:\/\/elcalaixetdelaiaia.es\/wp-content\/uploads\/2026\/03\/4667ace2-cabf-44a4-b8f3-9ab136d1a2702-255x255.jpeg 255w\" sizes=\"(max-width: 537px) 100vw, 537px\" \/><\/p>\n<p>vestirnos unas a otras en casa de la t\u00eda, con su ayuda y la de mi madre que tras haber peinado a quien iba a su casa, venia corriendo con la iaia, mi padre, y mis hermanitos peque\u00f1os gemelos, a terminar de arreglarnos&#8230;<\/p>\n<p><img decoding=\"async\" loading=\"lazy\" class=\" wp-image-24777 aligncenter\" src=\"https:\/\/elcalaixetdelaiaia.es\/wp-content\/uploads\/2015\/03\/ofrenajoFMIfirmada-1.jpg\" alt=\"\" width=\"513\" height=\"719\" srcset=\"https:\/\/elcalaixetdelaiaia.es\/wp-content\/uploads\/2015\/03\/ofrenajoFMIfirmada-1.jpg 554w, https:\/\/elcalaixetdelaiaia.es\/wp-content\/uploads\/2015\/03\/ofrenajoFMIfirmada-1-214x300.jpg 214w\" sizes=\"(max-width: 513px) 100vw, 513px\" \/><\/p>\n<p>aquel l\u00edo de \u00absinag\u00fces\u00bb, zapatos, medias, cintas&#8230; aquellas risas de felicidad y complicidad, mientras mi madre me pon\u00eda calcetines enrollados, para que bajo del corpi\u00f1o, se me viera algo de \u00abpit\u00bb, cuando era apenas una jovencita, (mi iaia me cantaba, \u00abMensi, xiqueta, no tens mamelles, i ta mare te fica, dos escudelles&#8230;\u00bb jajaja, mi iaia, que cosas ten\u00eda), aquellos primeros trajes de falleras, con nuestras mangas de farol, o los corpi\u00f1os de terciopelo negro, manga larga y cuello un poco alzado con puntillas, si hac\u00eda mucho fr\u00edo, (que me cos\u00edan entre mi madre y mi t\u00eda Mar\u00eda primero, que era una maravillosa en incre\u00edble modista y dise\u00f1adora, y a las que cuando fui mas mayor, ayudaba yo), mientras vestidas ya, nos tom\u00e1bamos els \u00abbunyols de carabassa\u00bb que el t\u00edo Pepe o mi padre tra\u00edan reci\u00e9n hechos con el olor de chocolate caliente de la cocina, donde se afanaban la iaia, la t\u00eda Conxeta y mi mami&#8230; at\u00e1ndonos los lazos mientras baj\u00e1bamos corriendo por las escaleras&#8230; \u00abafanyeuse&#8230; que comen\u00e7a el passacarrer i la banda ja toca a festa!!!!!\u00bb y ale&#8230; a por las falleras mayores, a visitar otras fallas, a los falleros de Honor y si hab\u00edamos tenido suerte&#8230; a \u00abreplegar el palet\u00bb.<\/p>\n<p><img decoding=\"async\" loading=\"lazy\" class=\"alignnone size-full wp-image-27276\" src=\"https:\/\/elcalaixetdelaiaia.es\/wp-content\/uploads\/2015\/03\/Tentimesdisfrassosfalla.png\" alt=\"\" width=\"3584\" height=\"2227\" srcset=\"https:\/\/elcalaixetdelaiaia.es\/wp-content\/uploads\/2015\/03\/Tentimesdisfrassosfalla.png 3584w, https:\/\/elcalaixetdelaiaia.es\/wp-content\/uploads\/2015\/03\/Tentimesdisfrassosfalla-300x186.png 300w, https:\/\/elcalaixetdelaiaia.es\/wp-content\/uploads\/2015\/03\/Tentimesdisfrassosfalla-1024x636.png 1024w, https:\/\/elcalaixetdelaiaia.es\/wp-content\/uploads\/2015\/03\/Tentimesdisfrassosfalla-768x477.png 768w, https:\/\/elcalaixetdelaiaia.es\/wp-content\/uploads\/2015\/03\/Tentimesdisfrassosfalla-1536x954.png 1536w, https:\/\/elcalaixetdelaiaia.es\/wp-content\/uploads\/2015\/03\/Tentimesdisfrassosfalla-2048x1273.png 2048w\" sizes=\"(max-width: 3584px) 100vw, 3584px\" \/><\/p>\n<p>O cuando nos afan\u00e1bamos todos con la confecci\u00f3n de nuestros disfraces&#8230; \u00a1vaya l\u00edo que arm\u00e1bamos! ah\u00ed li\u00e1bamos a los padres, hermanos, o a quienes hiciera falta, para tener el mejor disfraz.<\/p>\n<p>Y llegado el gran d\u00eda, el mas emocionante y principal sobre todas las presentaciones, pasacalles y actos diversos, el d\u00eda de L&#8217;OFRENA A LA MARE \u2764\ufe0f<\/p>\n<div class=\"separator\" style=\"clear: both; text-align: center;\"><a style=\"margin-left: 1em; margin-right: 1em;\" href=\"http:\/\/4.bp.blogspot.com\/-owO1lmw1TZM\/VQX19S8mivI\/AAAAAAAAXcE\/qo92YAK2AaI\/s1600\/Mare-de-deu-dels-desamparats.jpg\"><img decoding=\"async\" loading=\"lazy\" src=\"https:\/\/elcalaixetdelaiaia.es\/wp-content\/uploads\/2015\/03\/Mare-de-deu-dels-desamparats.jpg\" width=\"640\" height=\"406\" border=\"0\" \/><\/a><\/div>\n<p>Yo voy a la Bas\u00edlica muchas veces al a\u00f1o, me siento all\u00ed a \u00abhablarle\u00bb a mi Xeperudeta, donde me siento tan cerca de mi madre y la de iaia, pero el d\u00eda de la ofrenda&#8230; es algo especial, ya est\u00e1s cansada de los d\u00edas de ajetreo, te duelen las orejas, los pies y la cintura del peso de la ropa, la cabeza del peinado&#8230; pero no importa nada, ni el dolor, ni el fr\u00edo o cansancio&#8230; cuando al llegar a su plaza, por fin,\u00a0 tus ojos se encuentran con los suyos \u2764\ufe0f<\/p>\n<p><img decoding=\"async\" loading=\"lazy\" class=\"alignnone size-full wp-image-24778\" src=\"https:\/\/elcalaixetdelaiaia.es\/wp-content\/uploads\/2015\/03\/fallesofrenaany69.jpg\" alt=\"\" width=\"918\" height=\"1364\" srcset=\"https:\/\/elcalaixetdelaiaia.es\/wp-content\/uploads\/2015\/03\/fallesofrenaany69.jpg 918w, https:\/\/elcalaixetdelaiaia.es\/wp-content\/uploads\/2015\/03\/fallesofrenaany69-202x300.jpg 202w, https:\/\/elcalaixetdelaiaia.es\/wp-content\/uploads\/2015\/03\/fallesofrenaany69-689x1024.jpg 689w, https:\/\/elcalaixetdelaiaia.es\/wp-content\/uploads\/2015\/03\/fallesofrenaany69-768x1141.jpg 768w\" sizes=\"(max-width: 918px) 100vw, 918px\" \/><\/p>\n<p>Mientras escribo, se me saltan las l\u00e1grimas&#8230; es algo inexplicable, pero es as\u00ed&#8230; el momento de besar el ramo y ofrecerlo a todos los seres queridos del cielo y la tierra a trav\u00e9s de La Mare, hacer tus plegarias y darle las gracias&#8230; bufff no hay un momento igual.<\/p>\n<table class=\"tr-caption-container\" style=\"margin-left: auto; margin-right: auto; text-align: center;\" cellspacing=\"0\" cellpadding=\"0\" align=\"center\">\n<tbody>\n<tr>\n<td style=\"text-align: center;\"><a style=\"margin-left: auto; margin-right: auto;\" href=\"https:\/\/2.bp.blogspot.com\/-m_EL7nS5fks\/VuuZ1JpdLdI\/AAAAAAAAjD8\/z4FB4pWtnbAXff1mye3pFwunrG_UQUHDg\/s1600\/falles%2B013%2B%25282%2529.jpg\"><img decoding=\"async\" loading=\"lazy\" src=\"https:\/\/elcalaixetdelaiaia.es\/wp-content\/uploads\/2015\/03\/falles01328229.jpg\" width=\"393\" height=\"400\" border=\"0\" \/><\/a><\/td>\n<\/tr>\n<tr>\n<td class=\"tr-caption\" style=\"text-align: center;\"><em>Primera falla infantil de la falla Justo Vilar Mercat del Cabanyal en 1969, mi fallita como primera FMI de la falla, bajo la mirada de mis querid\u00edsimos hermanos gemelos.<br \/>\n<\/em><\/td>\n<\/tr>\n<\/tbody>\n<\/table>\n<p>Recuerdo que el a\u00f1o que fui Fallera Mayor Infantil, (la primera que tuvo mi falla y en el a\u00f1o 69 pronto se cumplir\u00e1 el 50 aniversario de la comisi\u00f3n infantil), a\u00fan nos permit\u00edan entrar en la Bas\u00edlica y dejar nuestras flores a sus pies, momentos&#8230; realmente indescriptibles. Luego cuando fui Fallera Mayor, solo entraban ya las falleras Mayores de Valencia y su corte de honor. Las dem\u00e1s falleras Mayores dej\u00e1bamos el ramo fuera a la Mare, como se hace hoy d\u00eda.<\/p>\n<p><img decoding=\"async\" loading=\"lazy\" class=\"alignnone size-full wp-image-24787\" src=\"https:\/\/elcalaixetdelaiaia.es\/wp-content\/uploads\/2015\/03\/WhatsApp-Image-2023-03-14-at-09.36.18.jpeg\" alt=\"\" width=\"746\" height=\"1024\" srcset=\"https:\/\/elcalaixetdelaiaia.es\/wp-content\/uploads\/2015\/03\/WhatsApp-Image-2023-03-14-at-09.36.18.jpeg 746w, https:\/\/elcalaixetdelaiaia.es\/wp-content\/uploads\/2015\/03\/WhatsApp-Image-2023-03-14-at-09.36.18-219x300.jpeg 219w\" sizes=\"(max-width: 746px) 100vw, 746px\" \/><\/p>\n<p>Cuando el segundo casal se qued\u00f3 peque\u00f1o, mi t\u00edo Pepe, tuvo la idea de hacer una barraca frente a la puerta del Mercat del Cabanyal,\u00a0 esa primera barraca fue met\u00e1lica y la hizo mi t\u00edo Pepe en el taller con su hermano Vicente y los primos, el montaje corr\u00eda por cuenta de todos los falleros y falleras, se pint\u00f3 toda entera de azul y con los colores de nuestra Senyera, quedando una enoooorme senyera en las puertas del Mercat del Cabanyal, ahora se monta una enorme carpa ya que la comisi\u00f3n ha seguido creciendo a\u00f1o tras a\u00f1o y hay mucha gente que albergar.<\/p>\n<p><img decoding=\"async\" loading=\"lazy\" class=\"alignnone size-full wp-image-27249\" src=\"https:\/\/elcalaixetdelaiaia.es\/wp-content\/uploads\/2015\/03\/ultima-vegada-mantilla-mamaita-firmada-1.jpg\" alt=\"\" width=\"629\" height=\"791\" srcset=\"https:\/\/elcalaixetdelaiaia.es\/wp-content\/uploads\/2015\/03\/ultima-vegada-mantilla-mamaita-firmada-1.jpg 629w, https:\/\/elcalaixetdelaiaia.es\/wp-content\/uploads\/2015\/03\/ultima-vegada-mantilla-mamaita-firmada-1-239x300.jpg 239w\" sizes=\"(max-width: 629px) 100vw, 629px\" \/><\/p>\n<p>Y llegado el ultimo d\u00eda, el 19 de Marzo, el d\u00eda de padre y el de nuestro patr\u00f3n\u00a0 Sant Josep, el santo de mi hermano, tios Pepes Pepas y Josefinas&#8230; que l\u00edooos de felicitaciones el 18 a las 12 de la noche!!!!!!<\/p>\n<p><img decoding=\"async\" loading=\"lazy\" class=\"size-full wp-image-27269 aligncenter\" src=\"https:\/\/elcalaixetdelaiaia.es\/wp-content\/uploads\/2015\/03\/jomascletaretafirm.jpg\" alt=\"\" width=\"393\" height=\"419\" srcset=\"https:\/\/elcalaixetdelaiaia.es\/wp-content\/uploads\/2015\/03\/jomascletaretafirm.jpg 393w, https:\/\/elcalaixetdelaiaia.es\/wp-content\/uploads\/2015\/03\/jomascletaretafirm-281x300.jpg 281w\" sizes=\"(max-width: 393px) 100vw, 393px\" \/><\/p>\n<p>La despedida de la banda, que es muuuy emotiva, tras la incre\u00edble masclet\u00e1, cada a\u00f1o mejor, a las puertas del Mercat del Cabanyal y el \u00faltimo acto de cada a\u00f1o en fallas.<\/p>\n<table class=\"tr-caption-container\" style=\"margin-left: auto; margin-right: auto; text-align: center;\" cellspacing=\"0\" cellpadding=\"0\" align=\"center\">\n<tbody>\n<tr>\n<td style=\"text-align: center;\"><a style=\"margin-left: auto; margin-right: auto;\" href=\"https:\/\/2.bp.blogspot.com\/-Gavq1bVwl3E\/VuuZz-ADlSI\/AAAAAAAAjD4\/KO4q32ZofiwUT8Q33-n6PhBX6gVFG-ZHw\/s1600\/falles%2B0666.jpg\"><img decoding=\"async\" loading=\"lazy\" src=\"https:\/\/elcalaixetdelaiaia.es\/wp-content\/uploads\/2015\/03\/falles0666.jpg\" width=\"292\" height=\"400\" border=\"0\" \/><\/a><\/td>\n<td style=\"text-align: center;\"><\/td>\n<\/tr>\n<tr>\n<td class=\"tr-caption\" style=\"text-align: center;\"><em>Crem\u00e1 de la Falla de Justo Vilar Mercat del Cabanyal en el a\u00f1o 77, mi falla como FM<\/em><\/td>\n<\/tr>\n<\/tbody>\n<\/table>\n<p>Con la \u00abcrem\u00e1\u00bb damos paso a la primavera, quemando todos lo malo que envuelve nuestras vidas,<\/p>\n<div><\/div>\n<div class=\"separator\" style=\"clear: both; text-align: center;\"><a style=\"margin-left: 1em; margin-right: 1em;\" href=\"http:\/\/1.bp.blogspot.com\/-TNT5ov1u2ew\/VQXqsj-n48I\/AAAAAAAAXbU\/PNyS0ojleE0\/s1600\/colonia.jpg\"><img decoding=\"async\" loading=\"lazy\" class=\"aligncenter\" src=\"https:\/\/elcalaixetdelaiaia.es\/wp-content\/uploads\/2015\/03\/colonia.jpg\" width=\"320\" height=\"320\" border=\"0\" \/><\/a><\/div>\n<div>Cuando me preguntan porque quemamos esos maravillosos monumentos, que son las fallas, creados por nuestro inmejorables artistas falleros, son muchas las respuestas;<\/div>\n<div><img decoding=\"async\" loading=\"lazy\" class=\"size-full wp-image-27292 alignnone\" src=\"https:\/\/elcalaixetdelaiaia.es\/wp-content\/uploads\/2015\/03\/cendrescremanaiversari50Mercat.jpg\" alt=\"\" width=\"640\" height=\"480\" srcset=\"https:\/\/elcalaixetdelaiaia.es\/wp-content\/uploads\/2015\/03\/cendrescremanaiversari50Mercat.jpg 640w, https:\/\/elcalaixetdelaiaia.es\/wp-content\/uploads\/2015\/03\/cendrescremanaiversari50Mercat-300x225.jpg 300w\" sizes=\"(max-width: 640px) 100vw, 640px\" \/><\/div>\n<p>Para los falleros la noche de la crem\u00e0 es algo m\u00e1gico, un momento en el que hacemos que las cosas malas del a\u00f1o desaparezcan ante nosotros, porque est\u00e1 en nuestra esencia, como valencianos que somos, vivir todos los a\u00f1os un romance de p\u00f3lvora, cart\u00f3n y fuego. Por que con una chispa de ingenio, nace una falla, y con una chispa de fuego, muere el invierno, y porque de las cenizas de la falla resurgimos cual ave f\u00e9nix, una vez mas, un ejercicio mas.<\/p>\n<p><img decoding=\"async\" loading=\"lazy\" class=\"size-full wp-image-27271 aligncenter\" src=\"https:\/\/elcalaixetdelaiaia.es\/wp-content\/uploads\/2015\/03\/jofallerafmaniversarimercatcabanyalfirm.jpg\" alt=\"\" width=\"396\" height=\"480\" srcset=\"https:\/\/elcalaixetdelaiaia.es\/wp-content\/uploads\/2015\/03\/jofallerafmaniversarimercatcabanyalfirm.jpg 396w, https:\/\/elcalaixetdelaiaia.es\/wp-content\/uploads\/2015\/03\/jofallerafmaniversarimercatcabanyalfirm-248x300.jpg 248w\" sizes=\"(max-width: 396px) 100vw, 396px\" \/><br \/>\nHoy he le\u00eddo que los valencianos quemamos el dinero en las fallas y que deber\u00edamos hacer otras cosas mas importante con \u00e9se dinero&#8230; qui\u00e9n as\u00ed habla no tiene ni idea, de los puestos de trabajo que nuestras fallas proporcionan y las much\u00edsimas y much\u00edsimas personas, que tienen un sueldo con que mantenerse y mantener a sus familias gracias a las fallas.<br \/>\nApoyemos entre todos, la candidatura de las Fallas a Patrimonio Inmaterial de la Unesco<\/p>\n<\/div>\n<div><\/div>\n<div class=\"separator\" style=\"clear: both; text-align: center;\"><a style=\"margin-left: 1em; margin-right: 1em;\" href=\"http:\/\/2.bp.blogspot.com\/-ls6wymtRTjY\/VQXwhounGMI\/AAAAAAAAXb0\/rOcx1AdYMtM\/s1600\/totsfallafirm.jpg\"><img decoding=\"async\" loading=\"lazy\" src=\"https:\/\/elcalaixetdelaiaia.es\/wp-content\/uploads\/2015\/03\/totsfallafirm.jpg\" width=\"640\" height=\"486\" border=\"0\" \/><\/a><\/div>\n<div><\/div>\n<div>Hoy 15, de Marzo comienzan unas nuevas fallas, para mi este a\u00f1o ser\u00e1n muy muy distintas, las ver\u00e9 desde casa, por la tele, abriendo los balcones para oir el ruido de la masclet\u00e1, con la piel de gallina cuando una comisi\u00f3n pase por bajo de mi ventana y oiga tocar un pasodoble, \u00e9ste a\u00f1o no podr\u00e9 vestir mi indumentaria valenciana, ni llevarle mis flores con un beso, y mis peticiones y gracias a la Mareta, lo har\u00e9 cuando pasen fallas en la intimidad&#8230; es lo que tiene tener que estar en \u00e9stos momentos luchando por la vida y luchando con garras y dientes&#8230; porque compa\u00f1ero marathoniano y guerrero, vamos de la mano, y \u00a1VAMOS A GANAAAAAR!<br \/>\nOjal\u00e1 el d\u00eda 19, cuando todas las fallas ardan se lleven entre sus fuegos lo malo que nos envuelve.<\/div>\n<div><\/div>\n<div>Felices fallas a todos los valencianos y valencianas, turistas amig@s y visitantes<\/div>\n<div>\n<p>\u00a1\u00a1\u00a1 VIXQUEN LES FALLES, VIXCA VAL\u00c8NCIA!!!<\/p>\n<p><iframe loading=\"lazy\" src=\"https:\/\/www.youtube.com\/embed\/MpDLpzl1Fug\" width=\"459\" height=\"344\" frameborder=\"0\" allowfullscreen=\"allowfullscreen\"><\/iframe><\/p>\n<p>Despertando nuestros corazones Valencia r\u00ede&#8230;<br \/>\nPor la senda de las flores,<br \/>\nya viene el verano&#8230;<br \/>\nCruza la calle la chiquiller\u00eda<br \/>\nrecogiendo los trastos para la falla<br \/>\ny mantiene la tradici\u00f3n<br \/>\nde esta canci\u00f3n.<br \/>\n\u00bfHay una esterilla viejecita<br \/>\npara la falla de San Jos\u00e9,<br \/>\ndel t\u00edo Pepe?<br \/>\nY van juntando lo que los vecinos les van dando para vaciar el porche&#8230;<br \/>\n\u00bfHay una esterilla viejecita<br \/>\npara la falla de San Jos\u00e9?<br \/>\nY con una astilla del mont\u00f3n<br \/>\nse lleva el comp\u00e1s de esta canci\u00f3n&#8230;<br \/>\nEn las caras de la gente<br \/>\ntodo es alegr\u00eda&#8230;<br \/>\nChiquilla m\u00eda<br \/>\nque de la calle eres el ama<br \/>\npor culpa tuya<br \/>\ntengo el coraz\u00f3n encendido en llama.<br \/>\nNo te separes<br \/>\ndel calor de mi querer<br \/>\nReinecita Fallera<br \/>\nQue si me dejas<br \/>\nun mu\u00f1eco tendr\u00e9 que ser&#8230;<br \/>\n\u00bfHay una esterilla viejecita<br \/>\npara la falla de San Jos\u00e9?<br \/>\nPara la falla de mi calle.<\/p>\n<p>Si consider\u00e1is \u00e9sta entrada interesante, compartidla para que llegue a mucha gente, y conozca un poco mas la fiesta de las fallas,\u00a0 y si te gusta \u00e9sta entrada, podr\u00edas compartirla, as\u00ed mucha gente podr\u00e1 leer \u00e9ste post.<\/p>\n<p>Espero tus comentarios y recuerda que tambi\u00e9n estoy en Facebook\u00a0<a href=\"https:\/\/www.facebook.com\/El-calaixet-de-la-iaia-533062140099386\/\">https:\/\/www.facebook.com\/El-calaixet-de-la-iaia-533062140099386\/<\/a><\/p>\n<p>Graciaaaaas&#8230; BONES FALLES I VIXCA VAL\u00c8NCIA!!!<\/p>\n<\/div>\n","protected":false},"excerpt":{"rendered":"<p>\u00a0 \u00a0 \u00a0\u00abLes falles \u00ab Despertant els nostres cors, Valencia riu. Per la senda de les, flors ja ve l&#8217;estiu. Creua el carrer la xicalla replegant els trastos per \u00e0 la falla; i mant\u00e9 la tradici\u00f3 d&#8217;esta can\u00e7\u00f3&#8230; \u00bfHi ha una estoreta velleta per \u00e0 la falla de Sant Josep, &hellip; <\/p>\n","protected":false},"author":2,"featured_media":29292,"comment_status":"open","ping_status":"open","sticky":false,"template":"","format":"standard","meta":[],"categories":[1,47],"tags":[],"_links":{"self":[{"href":"https:\/\/elcalaixetdelaiaia.es\/index.php?rest_route=\/wp\/v2\/posts\/680"}],"collection":[{"href":"https:\/\/elcalaixetdelaiaia.es\/index.php?rest_route=\/wp\/v2\/posts"}],"about":[{"href":"https:\/\/elcalaixetdelaiaia.es\/index.php?rest_route=\/wp\/v2\/types\/post"}],"author":[{"embeddable":true,"href":"https:\/\/elcalaixetdelaiaia.es\/index.php?rest_route=\/wp\/v2\/users\/2"}],"replies":[{"embeddable":true,"href":"https:\/\/elcalaixetdelaiaia.es\/index.php?rest_route=%2Fwp%2Fv2%2Fcomments&post=680"}],"version-history":[{"count":60,"href":"https:\/\/elcalaixetdelaiaia.es\/index.php?rest_route=\/wp\/v2\/posts\/680\/revisions"}],"predecessor-version":[{"id":29340,"href":"https:\/\/elcalaixetdelaiaia.es\/index.php?rest_route=\/wp\/v2\/posts\/680\/revisions\/29340"}],"wp:featuredmedia":[{"embeddable":true,"href":"https:\/\/elcalaixetdelaiaia.es\/index.php?rest_route=\/wp\/v2\/media\/29292"}],"wp:attachment":[{"href":"https:\/\/elcalaixetdelaiaia.es\/index.php?rest_route=%2Fwp%2Fv2%2Fmedia&parent=680"}],"wp:term":[{"taxonomy":"category","embeddable":true,"href":"https:\/\/elcalaixetdelaiaia.es\/index.php?rest_route=%2Fwp%2Fv2%2Fcategories&post=680"},{"taxonomy":"post_tag","embeddable":true,"href":"https:\/\/elcalaixetdelaiaia.es\/index.php?rest_route=%2Fwp%2Fv2%2Ftags&post=680"}],"curies":[{"name":"wp","href":"https:\/\/api.w.org\/{rel}","templated":true}]}}