{"id":679,"date":"2015-03-18T22:02:00","date_gmt":"2015-03-18T22:02:00","guid":{"rendered":"http:\/\/elcalaixetdelaiaia.es\/bunuelos-de-calabaza-bunyols-de"},"modified":"2025-11-24T17:37:13","modified_gmt":"2025-11-24T17:37:13","slug":"bunuelos-de-calabaza-bunyols-de","status":"publish","type":"post","link":"https:\/\/elcalaixetdelaiaia.es\/?p=679","title":{"rendered":"Bu\u00f1uelos de calabaza. Bunyols de carabassa valencianos paso a paso foto a foto"},"content":{"rendered":"<p>\u00abRefrany; Bunyols de carabassa, primavera en casa\u00bb Bu\u00f1uelos de calabaza, primavera en casa.<\/p>\n<div>Un dulce t\u00edpico de Valencia, sobre todo en fallas, preludio de la primavera y que en mi familia tiene un significado muy especial.<\/div>\n<div>\n<p>En la Font d&#8217;En Carr\u00f2s pueblo natal de mi padre era por aquella \u00e9poca costumbre comer como postre de la cena de NocheBuena \u00abNit de Nadal\u00bb \u00abbunyols de carabassa\u00bb, (o por lo menos en casa de mis iaios) mi iaia Isabel se afanaba a prepararlos momentos antes de cenar, aquellas Navidades del 30, pero termin\u00e1ndolos de hacer, mi padre avis\u00f3 que quer\u00eda nacer y que aquel a\u00f1o tendr\u00edan un ni\u00f1ito viviente en el portal, y as\u00ed fue como a las 12 de la noche vino al mundo en aquella humilde casa de labradores, al que iban a llamar Rafael peeeero \u00a1como no!.. le llamaron Jes\u00fas. Podr\u00e9is suponer como de especiales son las Noche Buenas en mi familia, la \u00abNit de Nadal\u00bb es muy muy, pero MUY especial en mi casa.<\/p>\n<div class=\"separator\" style=\"clear: both; text-align: center;\"><a style=\"margin-left: 1em; margin-right: 1em;\" href=\"http:\/\/2.bp.blogspot.com\/-1dnm06ThFUA\/VQnmulUNSrI\/AAAAAAAAXgI\/cL7PfkcHvMg\/s1600\/IMG_1046.JPG\"><img decoding=\"async\" loading=\"lazy\" src=\"https:\/\/elcalaixetdelaiaia.es\/wp-content\/uploads\/2015\/03\/IMG_1046.jpg\" width=\"640\" height=\"426\" border=\"0\" \/><\/a><\/div>\n<div><\/div>\n<\/div>\n<div>\n<div>Para mi, es un bocado de Navidades imprescindible en el cumple de mi papi (que ya van 84) y que repetimos siempre cada vez que tenemos capricho, pero indudablemente <strong>SIEMPRE<\/strong>&#8230; cuando llega la primavera, los naranjos se llenan de azahar, el cielo es mas azul, las calles se inundan de m\u00fasica, olor a p\u00f3lvora, ninots, color y alegr\u00eda.<\/div>\n<div>Llegan las fallas y con ellas el solsticio de primavera, as\u00ed que un buen plato de bu\u00f1uelos son el mejor significado de primavera. Dicen que \u00e9ste tipo de bu\u00f1uelos, se los debemos a nuestros antepasados \u00e1rabes, ya que los trajeron a la Caifa valenciana,\u00a0 al igual que muchos otros postres t\u00edpicos en nuestra tierra, como por ejemplo el arnad\u00ed, cuya receta con paso a paso detallado, podr\u00e9is ver aqu\u00ed <a href=\"https:\/\/elcalaixetdelaiaia.es\/?p=964\">https:\/\/elcalaixetdelaiaia.es\/?p=964<\/a><\/div>\n<div><\/div>\n<div>Mi receta\u00a0 de bu\u00f1uelos, es la t\u00edpica y tradicional de la iaia Isabel, que ella preparaba en aquella olla de hierro fundido sobre las tr\u00e9bedes y los troncos ardiendo en su cocina de suelo, con aquellos ladrillos de \u00abtomaqueta i ou\u00bb, como siempre cuenta mi padre.<br \/>\nElla muri\u00f3 siendo yo joven, en las Navidades del 80, cuando mi hijo mayor, casi acababa de nacer, pero tanto \u00e9sta como otras de sus t\u00edpicas recetas, me las apunt\u00e9 mucho antes, dichas de su boca o de la t\u00eda LLuisa, y cada vez que preparo alguna de ellas a mi padre le traen maravillosos recuerdos.<\/div>\n<div>\n<p>Mi iaia los hac\u00eda a ojo, y a ojo los he hecho yo siempre, pero pensando en poneros la receta, las \u00faltimas veces he estado pesando los ingredientes para que no me dig\u00e1is como le dec\u00eda yo a la iaia Conxeta cuando me daba medidas a ojo \u00abiaia&#8230; a ull tant pot ser, un poal com un didal\u00bb yaya, a ojo igual puede ser un cubo que un dedal.<\/p>\n<div class=\"separator\" style=\"clear: both; text-align: center;\"><a style=\"margin-left: 1em; margin-right: 1em;\" href=\"http:\/\/3.bp.blogspot.com\/-we5MachHt-g\/VQnmh8jJCAI\/AAAAAAAAXeY\/BsM8w6z2td4\/s1600\/CIMG4195.JPG\"><img decoding=\"async\" loading=\"lazy\" src=\"https:\/\/elcalaixetdelaiaia.es\/wp-content\/uploads\/2015\/03\/CIMG4195.jpg\" width=\"640\" height=\"458\" border=\"0\" \/><\/a><\/div>\n<div><\/div>\n<\/div>\n<div>Tambi\u00e9n los preparo sin calabaza, con naranja, con higos, \u00abfigues albardaes\u00bb, con d\u00e1tiles, incluso con horchata. Se pueden comen regados con an\u00eds, con un buen caf\u00e9, o mojados en un chocolate fundido, fuerte, caliente y espeso, a la valenciana.<\/div>\n<div>Con las cantidades que os pongo me han salido tres docenas de bu\u00f1uelos, si necesit\u00e1is mas es cuesti\u00f3n de duplicar o triplicar ingredientes. Este mes, se cumple el segundo aniversario de Cocineros del Mundo, un grupo de Geogle+ que he descubierto de la mano de Victoria, una incansable mujer, paisana m\u00eda y excelente ser humano a quien quiero desde aqu\u00ed dar las gracias por su cari\u00f1o y atenci\u00f3n, por hacernos sentir como en la tauleta de casa, much\u00edsimas felicidades por haber conseguido un grupo de tanta calidad, donde sinceramente me da un poco de apuro participar, por el alt\u00edsimo nivel de tod@s l@s participantes, y donde se aprende tanto. Gracias Victoria,<br \/>\n<a href=\"http:\/\/cocinerosdelmundodegoogle.blogspot.com.es\/\">Con esta receta participo en el 2\u00ba Aniversario del Reto de Cocineros del Mundo<\/a><br \/>\n<a href=\"http:\/\/cocinerosdelmundodegoogle.blogspot.com.es\/2014\/03\/1-aniversario-del-reto-de-cocineros-del.html\">http:\/\/cocinerosdelmundodegoogle.blogspot.com.es<\/a><\/div>\n<div><\/div>\n<div>Encima, hoy es el cumplea\u00f1os, de mi adorada nieta mayor, que naci\u00f3 en mitad de la \u00abnit de foc\u00bb, como una carcasa inundando nuestras vidas de color, luz y alegr\u00eda, santo de uno de mis tetes, cumple tambi\u00e9n de mi querido sobrino y ahijado \u00c1lvaro, en plena masclet\u00e1, y d\u00eda del padre, as\u00ed que &#8230;\u00bbBunyols de carabassa per \u00e0 celebrar-ho\u00bb.<\/div>\n<div>\n<p>Necesitaremos;<\/p>\n<div class=\"separator\" style=\"clear: both; text-align: center;\"><a style=\"margin-left: 1em; margin-right: 1em;\" href=\"http:\/\/1.bp.blogspot.com\/-0UtWxJ6sXNk\/VQnoLgkqlXI\/AAAAAAAAXgk\/NafUfeeau9Q\/s1600\/CIMG4162.JPG\"><img decoding=\"async\" loading=\"lazy\" src=\"https:\/\/elcalaixetdelaiaia.es\/wp-content\/uploads\/2015\/03\/CIMG4162.jpg\" width=\"640\" height=\"480\" border=\"0\" \/><\/a><\/div>\n<\/div>\n<div>\n<ol>\n<li>500g de calabaza hervida o asada al horno<\/li>\n<li>Medio vaso de agua (de la cocci\u00f3n, si la hab\u00e9is hervido)<\/li>\n<li>250g de harina de trigo<\/li>\n<li>Una pizca de sal<\/li>\n<li>Una cucharada de vinagre<\/li>\n<li>Az\u00facar<\/li>\n<li>Un trocito de pan<\/li>\n<li>1.5 litros de aceite de girasol<\/li>\n<li>40g levadura fresca, de panadero<\/li>\n<\/ol>\n<div>\n<p>\u00c9sta es la receta tradicional antigua de mi iaia Isabel, por tanto no uso ni huevo, ni leche, ni ralladura de lim\u00f3n, ni gasificante, ni levadura qu\u00edmica, si no \u00abrent del forn\u00bb, levadura de horno o de panadero, y recordad que la medida de calabaza es doble que de harina, pero pesada, una vez asada o hervida, y escurrida.<\/p>\n<div class=\"separator\" style=\"clear: both; text-align: center;\"><a style=\"margin-left: 1em; margin-right: 1em;\" href=\"http:\/\/3.bp.blogspot.com\/-QPc3NMXc_PI\/VQnoL4ibWAI\/AAAAAAAAXgs\/GqZWFkILHtY\/s1600\/CIMG4163.JPG\"><img decoding=\"async\" loading=\"lazy\" src=\"https:\/\/elcalaixetdelaiaia.es\/wp-content\/uploads\/2015\/03\/CIMG4163.jpg\" width=\"640\" height=\"480\" border=\"0\" \/><\/a><\/div>\n<div style=\"text-align: center;\">Comenzamos partiendo la calabaza, id con extremo cuidado que es muy dura y es f\u00e1cil cortarse, por experiencia os lo digo, porque tengo alguna que otra se\u00f1al en las manos, peeeero, tengo un s\u00fapertrucazo que facilita cortarla, de una manera IMPRESIONANTE simplemente la lavamos, y la ponemos entera en el microondas a m\u00e1xima potencia, durante 3 minutos. Esta acci\u00f3n no afecta en absoluto a la calidad de la calabaza, solo la ablanda lo necesario, para poder cortarla sin el m\u00ednimo problema, ni resistencia. As\u00ed que ahora ya, la troceamos y podemos quitarle la piel, si la vamos a hervir o no, a nuestra elecci\u00f3n. Yo hoy la troceo y la pongo a hervir sin quitar la piel, ya la quitar\u00e9 una vez hervida. Pod\u00e9is hacerla asada, \u00abtorrada al forn\u00bb, (o en la estufa de le\u00f1a, que sale de muerte), pero entonces no tendr\u00e9is el caldito necesario para la masa (suele soltar un poco de jugo, pero no el suficiente, aunque os recomiendo aprovecharlo y complementar el resto con agua tibia) y tendr\u00e9is que usar agua sin sabor a cloro \u00bfeh? En mi casa se hace indistintamente con calabaza asado o hervida porque cada iaia los hac\u00eda de distinta forma y a mi me encanta de las dos maneras, pero como hoy hago los de la iaia Sabeleta, van con la calabaza hervida. La iaia la herv\u00eda en su perol de hierro con patas y al fuego de la le\u00f1a, en su cocina\/chimenea con aquellos azulejos de \u00abtomaqueta i \u00f2u\u00bb.<\/div>\n<div class=\"separator\" style=\"clear: both; text-align: center;\"><a style=\"margin-left: 1em; margin-right: 1em;\" href=\"http:\/\/3.bp.blogspot.com\/-fo33w84v4tw\/VQnoL6rv8PI\/AAAAAAAAXgo\/w9HOVomC0FI\/s1600\/CIMG4165.JPG\"><img decoding=\"async\" loading=\"lazy\" src=\"https:\/\/elcalaixetdelaiaia.es\/wp-content\/uploads\/2015\/03\/CIMG4165.jpg\" width=\"640\" height=\"480\" border=\"0\" \/><\/a><\/div>\n<div><\/div>\n<div style=\"text-align: center;\">Ponemos agua a hervir y cuando rompa el hervor, a\u00f1adimos los trozos de calabaza que dejaremos a fuego medio durante unos 25 o 30 minutos,<\/div>\n<div><\/div>\n<div class=\"separator\" style=\"clear: both; text-align: center;\"><a style=\"margin-left: 1em; margin-right: 1em;\" href=\"http:\/\/1.bp.blogspot.com\/-5IcqapQkh3U\/VQnoN99HqBI\/AAAAAAAAXg8\/ZWu7GFHoa7U\/s1600\/CIMG4166.JPG\"><img decoding=\"async\" loading=\"lazy\" src=\"https:\/\/elcalaixetdelaiaia.es\/wp-content\/uploads\/2015\/03\/CIMG4166.jpg\" width=\"640\" height=\"480\" border=\"0\" \/><\/a><\/div>\n<div><\/div>\n<div style=\"text-align: center;\">hasta que pinchemos y est\u00e9 blanda, mirad que maravilloso color<\/div>\n<div><\/div>\n<div class=\"separator\" style=\"clear: both; text-align: center;\"><a style=\"margin-left: 1em; margin-right: 1em;\" href=\"http:\/\/2.bp.blogspot.com\/-xdv-7kxbtVo\/VQnoO5urw3I\/AAAAAAAAXhI\/x2rGmN9kMPo\/s1600\/CIMG4168.JPG\"><img decoding=\"async\" loading=\"lazy\" src=\"https:\/\/elcalaixetdelaiaia.es\/wp-content\/uploads\/2015\/03\/CIMG4168.jpg\" width=\"640\" height=\"480\" border=\"0\" \/><\/a><\/div>\n<div><\/div>\n<div style=\"text-align: center;\">ahora podremos quitar la piel sin peligro para nuestros deditos jajaja<\/div>\n<div><\/div>\n<div class=\"separator\" style=\"clear: both; text-align: center;\"><a style=\"margin-left: 1em; margin-right: 1em;\" href=\"http:\/\/4.bp.blogspot.com\/-nYuxqLsVbz0\/VQnoOzKTGYI\/AAAAAAAAXhE\/g1UQ0WXyWS8\/s1600\/CIMG4170.JPG\"><img decoding=\"async\" loading=\"lazy\" src=\"https:\/\/elcalaixetdelaiaia.es\/wp-content\/uploads\/2015\/03\/CIMG4170.jpg\" width=\"480\" height=\"640\" border=\"0\" \/><\/a><\/div>\n<div><\/div>\n<div style=\"text-align: center;\">reservamos el agua de la cocci\u00f3n medio vasito, porque la entibiaremos en el micro, recordad TIBIA, caliente NO, porque si la usamos tibia facilitaremos el levado, pero si est\u00e1 caliente la levadura har\u00e1 el efecto contrario y no subir\u00e1 la masa<\/div>\n<div><\/div>\n<div class=\"separator\" style=\"clear: both; text-align: center;\"><a style=\"margin-left: 1em; margin-right: 1em;\" href=\"http:\/\/1.bp.blogspot.com\/-x5ZK6oGxTBk\/VQnmW4CuxyI\/AAAAAAAAXco\/6KC4YzZJUrU\/s1600\/CIMG4171.JPG\"><img decoding=\"async\" loading=\"lazy\" src=\"https:\/\/elcalaixetdelaiaia.es\/wp-content\/uploads\/2015\/03\/CIMG4171.jpg\" width=\"480\" height=\"640\" border=\"0\" \/><\/a><\/div>\n<div><\/div>\n<div style=\"text-align: center;\">pondremos los 250 g de harina<\/div>\n<div><\/div>\n<div class=\"separator\" style=\"clear: both; text-align: center;\"><a style=\"margin-left: 1em; margin-right: 1em;\" href=\"http:\/\/3.bp.blogspot.com\/-ySbNNKyWEDY\/VQnmY8Bk2zI\/AAAAAAAAXdA\/JJLhy8Arcag\/s1600\/CIMG4172.JPG\"><img decoding=\"async\" loading=\"lazy\" src=\"https:\/\/elcalaixetdelaiaia.es\/wp-content\/uploads\/2015\/03\/CIMG4172.jpg\" width=\"640\" height=\"480\" border=\"0\" \/><\/a><\/div>\n<div><\/div>\n<div style=\"text-align: center;\">en un recipiente ancho, yo uso un llibrell, igual que hac\u00eda mi iaia y a\u00f1adimos una pizca de sal<\/div>\n<div><\/div>\n<div class=\"separator\" style=\"clear: both; text-align: center;\"><a style=\"margin-left: 1em; margin-right: 1em;\" href=\"http:\/\/3.bp.blogspot.com\/-dZbOhAw1xK8\/VQnmZ4YNIII\/AAAAAAAAXdE\/En8GLAkpk_w\/s1600\/CIMG4174.JPG\"><img decoding=\"async\" loading=\"lazy\" src=\"https:\/\/elcalaixetdelaiaia.es\/wp-content\/uploads\/2015\/03\/CIMG4174.jpg\" width=\"640\" height=\"480\" border=\"0\" \/><\/a><\/div>\n<div><\/div>\n<div style=\"text-align: center;\">aplastamos la calabaza, con un tenedor o pisa pur\u00e9s. Yo lo hago con las manos, como me ense\u00f1aron, porque nos gusta que se vea la calabaza. Hay quien la pasa por la trituradora porque dice que la calabaza no se ha de notar&#8230; pues en mi casa, y en mi receta, todo lo contrario.<\/div>\n<div><\/div>\n<div class=\"separator\" style=\"clear: both; text-align: center;\"><a style=\"margin-left: 1em; margin-right: 1em;\" href=\"http:\/\/1.bp.blogspot.com\/-4UL3XDK6aOc\/VQnmaJXRbwI\/AAAAAAAAXdI\/u2IHRSYg_vA\/s1600\/CIMG4175.JPG\"><img decoding=\"async\" loading=\"lazy\" src=\"https:\/\/elcalaixetdelaiaia.es\/wp-content\/uploads\/2015\/03\/CIMG4175.jpg\" width=\"640\" height=\"480\" border=\"0\" \/><\/a><\/div>\n<div><\/div>\n<div style=\"text-align: center;\">La a\u00f1ado a la harina, remuevo siempre a mano y para esta y otras recetas, no uso guantes, sino las manos y las u\u00f1as bien lavadas y cepilladas a conciencia<\/div>\n<div><\/div>\n<div class=\"separator\" style=\"clear: both; text-align: center;\"><a style=\"margin-left: 1em; margin-right: 1em;\" href=\"http:\/\/2.bp.blogspot.com\/-YzTkl4AR6QY\/VQnma8EmEHI\/AAAAAAAAXdY\/JU3ja1ouDVU\/s1600\/CIMG4177.JPG\"><img decoding=\"async\" loading=\"lazy\" src=\"https:\/\/elcalaixetdelaiaia.es\/wp-content\/uploads\/2015\/03\/CIMG4177.jpg\" width=\"640\" height=\"500\" border=\"0\" \/><\/a><\/div>\n<div><\/div>\n<div style=\"text-align: center;\">e incorporo el jugo de la cocci\u00f3n de la calabaza, tibio y con la levadura disuelta<\/div>\n<div><\/div>\n<div class=\"separator\" style=\"clear: both; text-align: center;\"><a style=\"margin-left: 1em; margin-right: 1em;\" href=\"http:\/\/3.bp.blogspot.com\/-NZqj9hai_y8\/VQnmcYCs4UI\/AAAAAAAAXdg\/y0YIVGQPdq4\/s1600\/CIMG4180.JPG\"><img decoding=\"async\" loading=\"lazy\" src=\"https:\/\/elcalaixetdelaiaia.es\/wp-content\/uploads\/2015\/03\/CIMG4180.jpg\" width=\"640\" height=\"476\" border=\"0\" \/><\/a><\/div>\n<div><\/div>\n<div style=\"text-align: center;\">Removemos y nos quedar\u00e1 una pasta suave y relativamente blanda sin grumos y de un delicioso color anaranjado<\/div>\n<div><\/div>\n<div class=\"separator\" style=\"clear: both; text-align: center;\"><a style=\"margin-left: 1em; margin-right: 1em;\" href=\"http:\/\/4.bp.blogspot.com\/-z7QZiyx5zKs\/VQnmcVO8R5I\/AAAAAAAAXdk\/m2WdpWe_VhY\/s1600\/CIMG4179.JPG\"><img decoding=\"async\" loading=\"lazy\" src=\"https:\/\/elcalaixetdelaiaia.es\/wp-content\/uploads\/2015\/03\/CIMG4179.jpg\" width=\"640\" height=\"480\" border=\"0\" \/><\/a><\/div>\n<div><\/div>\n<div style=\"text-align: center;\">a\u00f1adiremos una cucharada de vinagre blanco, con \u00e9sto evitaremos que se empapen demasiado de aceite, y la masa no coger\u00e1 sabor de vinagre&#8230; tranquil@s, los trucos de las iaias son infalibles, y no saben en absoluto a vinagre,\u00a0 mezclamos bien de nuevo y<\/div>\n<div><\/div>\n<div class=\"separator\" style=\"clear: both; text-align: center;\"><a style=\"margin-left: 1em; margin-right: 1em;\" href=\"http:\/\/3.bp.blogspot.com\/-3LQGq3yS3hg\/VQnmeQeYWCI\/AAAAAAAAXd0\/g6ebix73vsg\/s1600\/CIMG4184.JPG\"><img decoding=\"async\" loading=\"lazy\" src=\"https:\/\/elcalaixetdelaiaia.es\/wp-content\/uploads\/2015\/03\/CIMG4184.jpg\" width=\"640\" height=\"458\" border=\"0\" \/><\/a><\/div>\n<div><\/div>\n<div style=\"text-align: center;\">cubrimos el recipiente con papel film (\u00e9sto claro est\u00e1&#8230; no lo hac\u00eda mi aia jeje), con el fin de que no se nos ensucie el trapo o toalla<\/div>\n<div><\/div>\n<div class=\"separator\" style=\"clear: both; text-align: center;\"><a style=\"margin-left: 1em; margin-right: 1em;\" href=\"http:\/\/1.bp.blogspot.com\/-vtUAsQVsHLc\/VQnmdIf8cDI\/AAAAAAAAXdo\/NpwQttRxfhY\/s1600\/CIMG4183.JPG\"><img decoding=\"async\" loading=\"lazy\" src=\"https:\/\/elcalaixetdelaiaia.es\/wp-content\/uploads\/2015\/03\/CIMG4183.jpg\" width=\"640\" height=\"480\" border=\"0\" \/><\/a><\/div>\n<div><\/div>\n<div style=\"text-align: center;\">con lo que la cubriremos, mi iaia usaba una especie de manta igual que la que utilizaba para envolver el pan reci\u00e9n cocido, y la dejamos fermentar durante una hora mas o menos, todo depende del tiempo, y hoy hace bastante fr\u00edo<\/div>\n<div><\/div>\n<div class=\"separator\" style=\"clear: both; text-align: center;\"><a style=\"margin-left: 1em; margin-right: 1em;\" href=\"http:\/\/1.bp.blogspot.com\/-oTSvHq6C5sg\/VQnmfy8SsLI\/AAAAAAAAXeA\/l6vNnWYG4Ao\/s1600\/CIMG4185.JPG\"><img decoding=\"async\" loading=\"lazy\" src=\"https:\/\/elcalaixetdelaiaia.es\/wp-content\/uploads\/2015\/03\/CIMG4185.jpg\" width=\"640\" height=\"480\" border=\"0\" \/><\/a><\/div>\n<div><\/div>\n<div style=\"text-align: center;\">Veremos que ha triplicado el tama\u00f1o<\/div>\n<div><\/div>\n<div class=\"separator\" style=\"clear: both; text-align: center;\"><a style=\"margin-left: 1em; margin-right: 1em;\" href=\"http:\/\/2.bp.blogspot.com\/-aNsnksuNOtA\/VQnmgN3SrbI\/AAAAAAAAXeE\/e4BS6rDjdII\/s1600\/CIMG4186.JPG\"><img decoding=\"async\" loading=\"lazy\" src=\"https:\/\/elcalaixetdelaiaia.es\/wp-content\/uploads\/2015\/03\/CIMG4186.jpg\" width=\"640\" height=\"480\" border=\"0\" \/><\/a><\/div>\n<div><\/div>\n<div style=\"text-align: center;\">Ponemos el aceite a calentar. no debe estar muy caliente pues esto podr\u00eda quemar los bu\u00f1uelos y no se har\u00edan por dentro, mientras que si el aceite est\u00e1 fr\u00edo, los bu\u00f1uelos absorber\u00e1n mucho aceite y quedar\u00edan excesivamente aceitosos,<\/div>\n<div><\/div>\n<div class=\"separator\" style=\"clear: both; text-align: center;\"><a style=\"margin-left: 1em; margin-right: 1em;\" href=\"http:\/\/4.bp.blogspot.com\/-QuOYOMSuYYI\/VQnmkCSwxgI\/AAAAAAAAXes\/0vterA4EiD8\/s1600\/IMG_1028.JPG\"><img decoding=\"async\" loading=\"lazy\" src=\"https:\/\/elcalaixetdelaiaia.es\/wp-content\/uploads\/2015\/03\/IMG_1028.jpg\" width=\"640\" height=\"480\" border=\"0\" \/><\/a><\/div>\n<div><\/div>\n<div style=\"text-align: center;\">para encontrar el punto de calor adecuado, pondremos una rosca de pan en el aceite, si el pan sale a flote a los pocos minutos y se dora, significa que el aceite est\u00e1 en su punto adecuado.<\/div>\n<div><img decoding=\"async\" loading=\"lazy\" class=\"size-full wp-image-27264 aligncenter\" src=\"https:\/\/elcalaixetdelaiaia.es\/wp-content\/uploads\/2015\/03\/bunyolerafirmada-scaled.jpg\" alt=\"\" width=\"2560\" height=\"2335\" srcset=\"https:\/\/elcalaixetdelaiaia.es\/wp-content\/uploads\/2015\/03\/bunyolerafirmada-scaled.jpg 2560w, https:\/\/elcalaixetdelaiaia.es\/wp-content\/uploads\/2015\/03\/bunyolerafirmada-300x274.jpg 300w, https:\/\/elcalaixetdelaiaia.es\/wp-content\/uploads\/2015\/03\/bunyolerafirmada-1024x934.jpg 1024w, https:\/\/elcalaixetdelaiaia.es\/wp-content\/uploads\/2015\/03\/bunyolerafirmada-768x701.jpg 768w, https:\/\/elcalaixetdelaiaia.es\/wp-content\/uploads\/2015\/03\/bunyolerafirmada-1536x1401.jpg 1536w, https:\/\/elcalaixetdelaiaia.es\/wp-content\/uploads\/2015\/03\/bunyolerafirmada-2048x1868.jpg 2048w, https:\/\/elcalaixetdelaiaia.es\/wp-content\/uploads\/2015\/03\/bunyolerafirmada-280x255.jpg 280w\" sizes=\"(max-width: 2560px) 100vw, 2560px\" \/><\/div>\n<div><\/div>\n<div style=\"text-align: center;\">Hoy estoy de suerte, mi marid\u00edn est\u00e1 en casa y se ha ofrecido a hacer de fot\u00f3grafo, pero me ha puesto la condici\u00f3n, de hacerme una foto con mi equipaje de bunyolera y a\u00f1adirla al post as\u00ed que&#8230; foto hecha jajajaja. Hoy podr\u00e9 poner cada paso a paso, y con dos manitas, porque con \u00e9sta receta necesito las dos manos, y hubiera tenido que saltarme algunas fotos. Gracias cari\u00f1ooooo \u2764\ufe0f \u00bfque ser\u00eda de mi sin ti?<\/div>\n<div><\/div>\n<div class=\"separator\" style=\"clear: both; text-align: center;\"><a style=\"margin-left: 1em; margin-right: 1em;\" href=\"http:\/\/1.bp.blogspot.com\/-7O0oF6EHelE\/VQnmkXViZTI\/AAAAAAAAXe0\/nAHfJTAkjjk\/s1600\/IMG_1029.JPG\"><img decoding=\"async\" loading=\"lazy\" src=\"https:\/\/elcalaixetdelaiaia.es\/wp-content\/uploads\/2015\/03\/IMG_1029.jpg\" width=\"640\" height=\"480\" border=\"0\" \/><\/a><\/div>\n<\/div>\n<div><\/div>\n<div style=\"text-align: center;\">lavamos nuevamente las manos, las secamos las untamos con aceite y colocamos un recipiente a la derecha con un poco de aceite con el que nos iremos untando los dedos de vez en cuando<\/div>\n<div><\/div>\n<div class=\"separator\" style=\"clear: both; text-align: center;\"><a style=\"margin-left: 1em; margin-right: 1em;\" href=\"http:\/\/4.bp.blogspot.com\/-bmu-2ybee_8\/VQnmpOjY8QI\/AAAAAAAAXfk\/6F-bl4H366w\/s1600\/IMG_1037.JPG\"><img decoding=\"async\" loading=\"lazy\" src=\"https:\/\/elcalaixetdelaiaia.es\/wp-content\/uploads\/2015\/03\/IMG_1037.jpg\" width=\"640\" height=\"458\" border=\"0\" \/><\/a><\/div>\n<div><\/div>\n<div style=\"text-align: center;\">con la mano izquierda cogeremos un poco de masa, la que nos quepa en la mano<\/div>\n<div><\/div>\n<div class=\"separator\" style=\"clear: both; text-align: center;\"><a style=\"margin-left: 1em; margin-right: 1em;\" href=\"http:\/\/3.bp.blogspot.com\/-gt4oRWSeczk\/VQnml5HTHQI\/AAAAAAAAXfI\/vNOe0JC49gg\/s1600\/IMG_1030.JPG\"><img decoding=\"async\" loading=\"lazy\" src=\"https:\/\/elcalaixetdelaiaia.es\/wp-content\/uploads\/2015\/03\/IMG_1030.jpg\" width=\"640\" height=\"480\" border=\"0\" \/><\/a><\/div>\n<div><\/div>\n<div style=\"text-align: center;\">y cerrando el pu\u00f1o presionando,<\/div>\n<div><\/div>\n<div class=\"separator\" style=\"clear: both; text-align: center;\"><a style=\"margin-left: 1em; margin-right: 1em;\" href=\"http:\/\/2.bp.blogspot.com\/-U_bBXWxNVnY\/VQnmmou04qI\/AAAAAAAAXfE\/bphkGmLVPbQ\/s1600\/IMG_1032.JPG\"><img decoding=\"async\" loading=\"lazy\" src=\"https:\/\/elcalaixetdelaiaia.es\/wp-content\/uploads\/2015\/03\/IMG_1032.jpg\" width=\"640\" height=\"458\" border=\"0\" \/><\/a><\/div>\n<div><\/div>\n<div style=\"text-align: center;\">haremos que salga un poco de masa por arriba,<\/div>\n<div><\/div>\n<div class=\"separator\" style=\"clear: both; text-align: center;\"><a style=\"margin-left: 1em; margin-right: 1em;\" href=\"http:\/\/4.bp.blogspot.com\/-Dfl7_zyANfM\/VQnmmanyCvI\/AAAAAAAAXfA\/7yt46Vjr-9c\/s1600\/IMG_1031.JPG\"><img decoding=\"async\" loading=\"lazy\" src=\"https:\/\/elcalaixetdelaiaia.es\/wp-content\/uploads\/2015\/03\/IMG_1031.jpg\" width=\"640\" height=\"472\" border=\"0\" \/><\/a><\/div>\n<div><\/div>\n<div style=\"text-align: center;\">luego metemos los dedos de la mano derecha en el aceite, y tomaremos la bolita de masa que sali\u00f3 de la otra mano con el pulgar haremos un agujero<\/div>\n<div><\/div>\n<div class=\"separator\" style=\"clear: both; text-align: center;\"><a style=\"margin-left: 1em; margin-right: 1em;\" href=\"http:\/\/1.bp.blogspot.com\/-tIY4Q1-Ml-E\/VQnmowvoHiI\/AAAAAAAAXfY\/ONM3U-0gt54\/s1600\/IMG_1033.JPG\"><img decoding=\"async\" loading=\"lazy\" src=\"https:\/\/elcalaixetdelaiaia.es\/wp-content\/uploads\/2015\/03\/IMG_1033.jpg\" width=\"640\" height=\"480\" border=\"0\" \/><\/a><\/div>\n<div><\/div>\n<div style=\"text-align: center;\">r\u00e1pidamente en la masa justo antes de colocarla en el aceite.<\/div>\n<div><\/div>\n<div class=\"separator\" style=\"clear: both; text-align: center;\"><a style=\"margin-left: 1em; margin-right: 1em;\" href=\"http:\/\/4.bp.blogspot.com\/-WPvA9LHp5T0\/VQnmql4zUTI\/AAAAAAAAXfo\/FFDDlpq8870\/s1600\/IMG_1039.JPG\"><img decoding=\"async\" loading=\"lazy\" src=\"https:\/\/elcalaixetdelaiaia.es\/wp-content\/uploads\/2015\/03\/IMG_1039.jpg\" width=\"640\" height=\"480\" border=\"0\" \/><\/a><\/div>\n<div style=\"text-align: center;\">\n<p>Igual al principio sale mas un churro que un bu\u00f1uelo jajaja, a esto lo llamo \u00abtraure del puny\u00bb<\/p>\n<div class=\"separator\" style=\"clear: both; text-align: center;\"><a style=\"margin-left: 1em; margin-right: 1em;\" href=\"http:\/\/1.bp.blogspot.com\/-u-6Eq_a8Sog\/VQstk6t1UGI\/AAAAAAAAXjo\/PLj1_ZP2Mpk\/s1600\/CIMG4187.JPG\"><img decoding=\"async\" loading=\"lazy\" src=\"https:\/\/elcalaixetdelaiaia.es\/wp-content\/uploads\/2015\/03\/CIMG4187.jpg\" width=\"640\" height=\"480\" border=\"0\" \/><\/a><\/div>\n<\/div>\n<div><\/div>\n<div style=\"text-align: center;\">ya se sabe que lo artesanal no es perfecto, pero est\u00e1 mas rico y poco a poco, nos saldr\u00e1n mas similares y redonditos con su agujerito, casi, c\u00f3mo de m\u00e1quina, todo es cuesti\u00f3n de pr\u00e1ctica, como casi todo en la vida. En una comunidad \u00abimportante\u00bb de recetas, hace tiempo, compart\u00edan las m\u00edas, y en un comentario, se me dijo que estos bu\u00f1uelos estaban hechos con m\u00e1quina&#8230;.y es que no se hab\u00edan molestado en entrar al enlace y ver el blog, aqu\u00ed se puede ver que solo utilizo mis manos, obviamente, en la foto de portada no eleg\u00ed para fotografiar los primeros que hice, sino ya los \u00faltimos y mas bonitos, pero yo no hago trampas y no os enga\u00f1o, no maquillo mi comida, ni pongo filtros en nada, lo que veis, es lo que nos comemos en casa, sin trampa, ni cart\u00f3n \ud83d\ude09<\/div>\n<div><\/div>\n<div class=\"separator\" style=\"clear: both; text-align: center;\"><a style=\"margin-left: 1em; margin-right: 1em;\" href=\"http:\/\/2.bp.blogspot.com\/-NmeINNCdjMY\/VQnms-Te7WI\/AAAAAAAAXgE\/Vu8pNFi7db4\/s1600\/IMG_1041.JPG\"><img decoding=\"async\" loading=\"lazy\" src=\"https:\/\/elcalaixetdelaiaia.es\/wp-content\/uploads\/2015\/03\/IMG_1041.jpg\" width=\"640\" height=\"480\" border=\"0\" \/><\/a><\/div>\n<div><\/div>\n<div style=\"text-align: center;\">Tendremos a mano un palo de brocheta por ejemplo, (yo tengo uno especial para \u00e9sto de madera), para darles la vuelta con rapidez para que no se nos quemen, han de quedar crujientes por fuera y blanditos y esponjosos por dentro, los iremos sacando y colocando sobre papel absorbente.<\/div>\n<div><\/div>\n<div class=\"separator\" style=\"clear: both; text-align: center;\"><a style=\"margin-left: 1em; margin-right: 1em;\" href=\"http:\/\/3.bp.blogspot.com\/-5iwpvkpKYR4\/VQnmtplVc1I\/AAAAAAAAXgA\/6jbL0HIjgbQ\/s1600\/IMG_1045.JPG\"><img decoding=\"async\" loading=\"lazy\" src=\"https:\/\/elcalaixetdelaiaia.es\/wp-content\/uploads\/2015\/03\/IMG_1045.jpg\" width=\"640\" height=\"480\" border=\"0\" \/><\/a><\/div>\n<div><\/div>\n<div class=\"separator\" style=\"clear: both; text-align: center;\">Est\u00e1n riqu\u00edsimos reci\u00e9n hechos y buenos, al d\u00eda siguiente, pero no se os ocurra calentarlos en el microondas, hacerlo en el horno o calentarlos unos minutos en freidora de aire, es incre\u00edble lo buenos que quedan, parecen, reci\u00e9n hechos<\/div>\n<div><\/div>\n<div class=\"separator\" style=\"clear: both; text-align: center;\"><a style=\"margin-left: 1em; margin-right: 1em;\" href=\"http:\/\/2.bp.blogspot.com\/-1dnm06ThFUA\/VQnmulUNSrI\/AAAAAAAAXgI\/cL7PfkcHvMg\/s1600\/IMG_1046.JPG\"><img decoding=\"async\" loading=\"lazy\" src=\"https:\/\/elcalaixetdelaiaia.es\/wp-content\/uploads\/2015\/03\/IMG_1046.jpg\" width=\"640\" height=\"426\" border=\"0\" \/><\/a><\/div>\n<div><\/div>\n<div style=\"text-align: center;\">para mi, es el reflejo aut\u00e9ntico de la primavera, aunque he de deciros que en casa, es muy habitual hacerlos para merendar o desayunar cualquier d\u00eda del a\u00f1o, y desde que nos casamos, mi marido, me lo pide cada a\u00f1o, porque le superencantaaaaan, el desayuno siempre del d\u00eda de Navidad y por supuesto, de A\u00f1o nuevo \u00bfque manera mejor que comenzar el a\u00f1o con tremendo y valenciano desayuno? NINGUNA<\/div>\n<div><\/div>\n<div class=\"separator\" style=\"clear: both; text-align: center;\"><a style=\"margin-left: 1em; margin-right: 1em;\" href=\"http:\/\/2.bp.blogspot.com\/--xR_lGw4KsM\/VQnmv40dKHI\/AAAAAAAAXgY\/1ZEFdaZf8AQ\/s1600\/IMG_1049.JPG\"><img decoding=\"async\" loading=\"lazy\" src=\"https:\/\/elcalaixetdelaiaia.es\/wp-content\/uploads\/2015\/03\/IMG_1049.jpg\" width=\"640\" height=\"472\" border=\"0\" \/><\/a><\/div>\n<div><\/div>\n<div style=\"text-align: center;\">excelentes tibios y fr\u00edos, con un caf\u00e9, caf\u00e9 con leche, regados con an\u00eds, o los mejores con un chocolate fuerte, espeso caliente y oscuro mmmmm aqu\u00ed ten\u00e9is como hago \u00e9ste chocolate <a href=\"https:\/\/elcalaixetdelaiaia.es\/?p=796\">https:\/\/elcalaixetdelaiaia.es\/?p=796<\/a>\u00a0 de manera tradicional, y si quer\u00e9is matar el gusanillo, aqu\u00ed est\u00e1 el paso a paso, de c\u00f3mo lo hago en dos minutos en el microondas<\/div>\n<div><a href=\"https:\/\/elcalaixetdelaiaia.es\/?p=14900\">https:\/\/elcalaixetdelaiaia.es\/?p=14900<\/a><\/div>\n<div><\/div>\n<div class=\"separator\" style=\"clear: both; text-align: center;\"><a style=\"margin-left: 1em; margin-right: 1em;\" href=\"http:\/\/4.bp.blogspot.com\/-LiSsmCdGU3Q\/VQnmiAvtPcI\/AAAAAAAAXec\/03KGbNlYEow\/s1600\/CIMG4197.JPG\"><img decoding=\"async\" loading=\"lazy\" src=\"https:\/\/elcalaixetdelaiaia.es\/wp-content\/uploads\/2015\/03\/CIMG4197.jpg\" width=\"640\" height=\"386\" border=\"0\" \/><\/a><\/div>\n<div><\/div>\n<div style=\"text-align: center;\">\u00ab<strong>Despertant els nostres cors, Val\u00e8ncia r\u00edu, per la senda de les flors&#8230; ja ve l&#8217;est\u00edu&#8230;<\/strong>\u00ab<\/div>\n<div>Ah se me olvidaba contaros que al parecer, el origen de los bu\u00f1uelos de viento se remonta al siglo XIX, cuando el gremio de carpinteros de Valencia, consigui\u00f3 que el Ayuntamiento les permitiera sacar los muebles y trastos viejos a la calle para quemarlos en hogueras. As\u00ed nacieron las Fallas, simples montones de madera que se quemaban el d\u00eda de San Jos\u00e9. Acompa\u00f1ando a sus maridos, las mujeres de los carpinteros cocinaban los bu\u00f1uelos que se saboreaban durante la velada. Por aquel entonces, acompa\u00f1aban el dulce con an\u00eds o aguardiente mientras contemplaban las hogueras arder.<\/div>\n<div>M\u00e1s tarde, los campesinos introducir\u00edan la calabaza a la masa tradicional de los bu\u00f1uelos de viento, para dar salida al producto de temporada. Con los a\u00f1os, la receta original se ha mantenido intacta a pesar de que se haya innovado con los ingredientes complementarios.<\/div>\n<div style=\"text-align: center;\">\n<div style=\"text-align: left;\">\n<p>Si consider\u00e1is \u00e9sta entrada interesante, compartidla para que llegue a mucha gente \ud83d\ude09 gracias por ello.<\/p>\n<div style=\"text-align: center;\">Espero vuestro comentarios que para mi son MUY importantes y recordad que tambi\u00e9n estoy en Facebook <a href=\"https:\/\/www.facebook.com\/El-calaixet-de-la-iaia-533062140099386\/\">https:\/\/www.facebook.com\/El-calaixet-de-la-iaia-533062140099386\/<\/a><\/div>\n<p>Graciaaaaas&#8230; BONES FALLES!!! Feli\u00e7 d\u00eda de Sant Josep i feli\u00e7 d\u00eda a tots els pares del mon! Que no se os olvide decirles lo muuucho que los quer\u00e9is, pero no solo hoy&#8230; sino los 365 d\u00edas de a\u00f1o \ud83d\ude09 como siempre digo \u00abl&#8217;amor i l&#8217;amistat&#8230; que suren\u00bb<\/p>\n<\/div>\n<\/div>\n<\/div>\n<\/div>\n","protected":false},"excerpt":{"rendered":"<p>\u00abRefrany; Bunyols de carabassa, primavera en casa\u00bb Bu\u00f1uelos de calabaza, primavera en casa. Un dulce t\u00edpico de Valencia, sobre todo en fallas, preludio de la primavera y que en mi familia tiene un significado muy especial. En la Font d&#8217;En Carr\u00f2s pueblo natal de mi padre era por aquella \u00e9poca &hellip; <\/p>\n","protected":false},"author":2,"featured_media":8750,"comment_status":"open","ping_status":"open","sticky":false,"template":"","format":"standard","meta":[],"categories":[46,6,1,47],"tags":[],"_links":{"self":[{"href":"https:\/\/elcalaixetdelaiaia.es\/index.php?rest_route=\/wp\/v2\/posts\/679"}],"collection":[{"href":"https:\/\/elcalaixetdelaiaia.es\/index.php?rest_route=\/wp\/v2\/posts"}],"about":[{"href":"https:\/\/elcalaixetdelaiaia.es\/index.php?rest_route=\/wp\/v2\/types\/post"}],"author":[{"embeddable":true,"href":"https:\/\/elcalaixetdelaiaia.es\/index.php?rest_route=\/wp\/v2\/users\/2"}],"replies":[{"embeddable":true,"href":"https:\/\/elcalaixetdelaiaia.es\/index.php?rest_route=%2Fwp%2Fv2%2Fcomments&post=679"}],"version-history":[{"count":50,"href":"https:\/\/elcalaixetdelaiaia.es\/index.php?rest_route=\/wp\/v2\/posts\/679\/revisions"}],"predecessor-version":[{"id":28647,"href":"https:\/\/elcalaixetdelaiaia.es\/index.php?rest_route=\/wp\/v2\/posts\/679\/revisions\/28647"}],"wp:featuredmedia":[{"embeddable":true,"href":"https:\/\/elcalaixetdelaiaia.es\/index.php?rest_route=\/wp\/v2\/media\/8750"}],"wp:attachment":[{"href":"https:\/\/elcalaixetdelaiaia.es\/index.php?rest_route=%2Fwp%2Fv2%2Fmedia&parent=679"}],"wp:term":[{"taxonomy":"category","embeddable":true,"href":"https:\/\/elcalaixetdelaiaia.es\/index.php?rest_route=%2Fwp%2Fv2%2Fcategories&post=679"},{"taxonomy":"post_tag","embeddable":true,"href":"https:\/\/elcalaixetdelaiaia.es\/index.php?rest_route=%2Fwp%2Fv2%2Ftags&post=679"}],"curies":[{"name":"wp","href":"https:\/\/api.w.org\/{rel}","templated":true}]}}