{"id":676,"date":"2015-03-25T11:05:00","date_gmt":"2015-03-25T11:05:00","guid":{"rendered":"http:\/\/elcalaixetdelaiaia.es\/como-guardar-mantillas-y-panuelos-de"},"modified":"2026-03-03T09:35:36","modified_gmt":"2026-03-03T09:35:36","slug":"como-guardar-mantillas-y-panuelos-de","status":"publish","type":"post","link":"https:\/\/elcalaixetdelaiaia.es\/?p=676","title":{"rendered":"Como guardar mantillas y pa\u00f1uelos de valenciana\/o"},"content":{"rendered":"<p>Refrany;<br \/>\n\u00abLa meua Carmencita sempre porta mocador, de valenciana per a tapar-se, en l&#8217;hivern per la moquita, i en l&#8217;estiu per la calor\u00bb<br \/>\nMi Carmencita, siempre lleva pa\u00f1uelo, de valenciana para taparse, en \u00a0invierno por la moquita y en verano para el calor.<\/p>\n<p>Pasadas nuestras maravillosas fiestas falleras y en espera de poder ataviarnos con nuestras galas valencianas, falleras y falleros guardamos nuestros av\u00edos.<\/p>\n<div class=\"separator\" style=\"clear: both; text-align: center;\"><a style=\"margin-left: 1em; margin-right: 1em;\" href=\"http:\/\/4.bp.blogspot.com\/-RMec9A76Ozc\/VRKY4bYuCII\/AAAAAAAAXpI\/L87mJb429Jg\/s1600\/mantellina%2Bmodified.jpg\"><img decoding=\"async\" loading=\"lazy\" src=\"https:\/\/elcalaixetdelaiaia.es\/wp-content\/uploads\/2015\/03\/mantellinamodified.jpg\" width=\"400\" height=\"272\" border=\"0\" \/><\/a><\/div>\n<div style=\"text-align: center;\"><\/div>\n<div style=\"text-align: center;\">Una manera excelente para evitar marcas y posibles desperfectos, es \u00e9sta que os traigo y que a mi, por lo menos, me funciona fenomenal, porque as\u00ed no se arruga y se mantienen en perfecto estado \u00abmantellines, mocadors \u00bb etc. siempre comparto lo que me funciona, y he probado primero.<\/div>\n<div style=\"text-align: center;\"><\/div>\n<div class=\"separator\" style=\"clear: both; text-align: center;\"><a style=\"margin-left: 1em; margin-right: 1em;\" href=\"http:\/\/4.bp.blogspot.com\/-4N0Tevp-aws\/VRKZl4ZrwHI\/AAAAAAAAXpQ\/a1bGZ1c8b7w\/s1600\/mantellina2%2Bmodified.jpg\"><img decoding=\"async\" loading=\"lazy\" src=\"https:\/\/elcalaixetdelaiaia.es\/wp-content\/uploads\/2015\/03\/mantellina2modified.jpg\" width=\"400\" height=\"300\" border=\"0\" \/><\/a><\/div>\n<div style=\"text-align: center;\"><\/div>\n<div style=\"text-align: center;\">Solo necesitaremos rulos de cart\u00f3n, en cualquier tienda de telas o cortinas, pod\u00e9is pedir y os las dar\u00e1n encantados.<\/div>\n<div><\/div>\n<div style=\"text-align: center;\">\n<div class=\"separator\" style=\"clear: both; text-align: center;\"><a style=\"margin-left: 1em; margin-right: 1em;\" href=\"http:\/\/2.bp.blogspot.com\/-eL1ysqWfals\/VRKZmDMw9lI\/AAAAAAAAXpU\/iJGqcoZfIeI\/s1600\/mantellina3%2Bmodified.jpg\"><img decoding=\"async\" loading=\"lazy\" src=\"https:\/\/elcalaixetdelaiaia.es\/wp-content\/uploads\/2015\/03\/mantellina3modified.jpg\" width=\"400\" height=\"281\" border=\"0\" \/><\/a><\/div>\n<\/div>\n<div><\/div>\n<div style=\"text-align: center;\">Enrollamos con delicadeza, con la prenda del rev\u00e9s, en \u00e9ste caso una mantellina de dengue confeccionada por mi, en otom\u00e1n de algod\u00f3n.<\/div>\n<div style=\"text-align: center;\">Pod\u00e9is guardar de la misma forma cualquier mantilla, de tres picos, de cinta, mitjalluna, terno, tovalla&#8230; cualquiera (por cierto, esto me hace pensar que tengo que escribir un post sobre mantillas, que el otro d\u00eda o\u00ed un comentario que me hizo sonre\u00edr con cierta tristeza&#8230; oye&#8230; que se han puesto de moda las mantillas de mitjalluna\u00bb) \ud83d\ude12<\/div>\n<div style=\"text-align: center;\"><\/div>\n<div class=\"separator\" style=\"clear: both; text-align: center;\"><a style=\"margin-left: 1em; margin-right: 1em;\" href=\"http:\/\/2.bp.blogspot.com\/--mQuSmiIp9s\/VRKVhQb0eJI\/AAAAAAAAXos\/7s0D7fd-FuM\/s1600\/CIMG4027%2Bmodified.jpg\"><img decoding=\"async\" loading=\"lazy\" src=\"https:\/\/elcalaixetdelaiaia.es\/wp-content\/uploads\/2015\/03\/CIMG4027modified.jpg\" width=\"400\" height=\"277\" border=\"0\" \/><\/a><\/div>\n<div style=\"text-align: center;\"><\/div>\n<div style=\"text-align: center;\">y lo mismo con los \u00abmocadors de cap\u00bb como estos de seda, procurando que no queden arrugas, como los pa\u00f1uelos son tan finos, podemos enrollar unos, sobre otros<\/div>\n<div style=\"text-align: center;\"><\/div>\n<div class=\"separator\" style=\"clear: both; text-align: center;\"><a style=\"margin-left: 1em; margin-right: 1em;\" href=\"http:\/\/3.bp.blogspot.com\/-Ww5Q1DVzjzk\/VRKViJcLhiI\/AAAAAAAAXo4\/WLBLhojAQEo\/s1600\/CIMG4028.JPG\"><img decoding=\"async\" loading=\"lazy\" src=\"https:\/\/elcalaixetdelaiaia.es\/wp-content\/uploads\/2015\/03\/CIMG4028.jpg\" width=\"400\" height=\"283\" border=\"0\" \/><\/a><\/div>\n<div class=\"separator\" style=\"clear: both; text-align: center;\"><\/div>\n<div style=\"text-align: center;\">para acabar, las podemos envolver en s\u00e1banas de algod\u00f3n viejas o papel de seda, y con alg\u00fan puro (tabaco) cerquita, y as\u00ed las tendremos listas para usar<\/div>\n<div style=\"text-align: center;\">Si consider\u00e1is \u00e9sta entrada interesante, compartidla para que llegue a mucha gente, pinchando en cada foto podr\u00e1s verla en tama\u00f1o grande.<\/div>\n<div>\n<div>\n<p>Recomiendo a quienes est\u00e9is interesados en saber cual es la autentica indumentaria valenciana varios libros como son;<\/p>\n<p>(seguro que olvido algunos mas, y todos recomendables)<\/p>\n<p>-\u00abSeda, Oro y Plata en Valencia\u00bb, Gar\u00edn, 258 a\u00f1os. (Libro de Gar\u00edn)<br \/>\n-\u00abIndumentaria Valenciana Siglos XVIII-XIX, De dentro afuera, De arriba abajo\u00bb, M\u00aa Victoria Liceras Ferreres;<br \/>\n-A la moda valenciana. La dona al segle XVIII\u2019, Salvador Mercado Mach\u00ed<br \/>\n&#8211; Justillos i gipons Paquita Roca i Josep Vidal<br \/>\n&#8211; La moda en la Valencia del siglo XV de Mar\u00eda Purificaci\u00f3n Benito Vidal<\/p>\n<div>&#8211; Faldes, vions i faldilles Inmaculada Puig y Paquita Roca<br \/>\n-Mocadors de pit de Paquita Roca e Imma Puig<br \/>\n&#8211; La nova col-lecci\u00f3 d&#8217;indument\u00e0ria del Museu Etn\u00f2logic- Una visi\u00f3 evolutiva<br \/>\nY como no\u2026os aconsejo encarecidamente las generos\u00edsimas y aclaradoras aportaciones del gran Vicent Ferrandis Mas en;<br \/>\n<a href=\"http:\/\/filadis.blogspot.com.es\/\">http:\/\/filadis.blogspot.com.es\/<\/a> y<br \/>\n<a href=\"http:\/\/www.calameo.com\/subscriptions\/1077466\">http:\/\/www.calameo.com\/subscriptions\/1077466<\/a><br \/>\ny \u00e9ste art\u00edculo;<a href=\"http:\/\/www.levante-emv.com\/valencia\/2011\/03\/24\/investigadores-afirman-moda-desvirtuado-traje-valenciana\/792866.html\">http:\/\/www.levante-emv.com\/valencia\/2011\/03\/24\/investigadores-afirman-moda-desvirtuado-traje-valenciana\/792866.html<\/a>,<\/div>\n<p>donde podr\u00e9is encontrar toda la informaci\u00f3n.<\/p>\n<div>\n<div>\n<div>\u00abPer a saber festejar, ning\u00fa com els de la Vall, que es possen capa i sombrero i\u00a0es muden de dalt a baix\u00bb.\u00bb<\/div>\n<\/div>\n<div>\u00abArrima&#8217;t cap ac\u00ed, que este capot \u00e9s estret,que no em diga ta mare que per mi has patit fred\u00bb<\/div>\n<div>\u00abDe les ales d\u2019un mosquit \u00a0en tinc que fer una capa, i\u00a0de les ratalladures;\u00a0Jupa, jupet\u00ed i casaca\u00bb<\/div>\n<div>\u00abQui t\u00e9 capa es tapa, i qui t\u00e9 capot\u00a0si pot.\u00bb<\/div>\n<div>\n<div>\u00abPer calor no deixes la capa,\u00a0Ni per fred la carabassa\u00bb<\/div>\n<div><\/div>\n<div>Si te gusta \u00e9ste post, puedes compartirlo para que llegue a m\u00e1s gente. No pretendo molestar ni ofender a nadie, cada cual es muy libre de vestir como quiera, solo comparto lo que he aprendido y que cada cual decida como hacerlo pero eso si, por favor, de \u00abfallera\u00bb o tradicional, pero sin disfraces, no estropeemos m\u00e1s nuestra tan da\u00f1ada y manipulada indumentaria.<\/div>\n<div>Si te gusta \u00e9sta entrada puedes\u00a0 compartir con tus amigos. Gracias.<\/div>\n<\/div>\n<\/div>\n<\/div>\n<div>\n<div>Recuerda que tambi\u00e9n estoy en Facebook\u00a0 <a href=\"https:\/\/www.facebook.com\/El-calaixet-de-la-iaia-533062140099386\/\">https:\/\/www.facebook.com\/El-calaixet-de-la-iaia-533062140099386\/<\/a><\/div>\n<\/div>\n<\/div>\n<p>&nbsp;<\/p>\n","protected":false},"excerpt":{"rendered":"<p>Refrany; \u00abLa meua Carmencita sempre porta mocador, de valenciana per a tapar-se, en l&#8217;hivern per la moquita, i en l&#8217;estiu per la calor\u00bb Mi Carmencita, siempre lleva pa\u00f1uelo, de valenciana para taparse, en \u00a0invierno por la moquita y en verano para el calor. Pasadas nuestras maravillosas fiestas falleras y en &hellip; <\/p>\n","protected":false},"author":2,"featured_media":8712,"comment_status":"open","ping_status":"open","sticky":false,"template":"","format":"standard","meta":[],"categories":[78,1,95],"tags":[],"_links":{"self":[{"href":"https:\/\/elcalaixetdelaiaia.es\/index.php?rest_route=\/wp\/v2\/posts\/676"}],"collection":[{"href":"https:\/\/elcalaixetdelaiaia.es\/index.php?rest_route=\/wp\/v2\/posts"}],"about":[{"href":"https:\/\/elcalaixetdelaiaia.es\/index.php?rest_route=\/wp\/v2\/types\/post"}],"author":[{"embeddable":true,"href":"https:\/\/elcalaixetdelaiaia.es\/index.php?rest_route=\/wp\/v2\/users\/2"}],"replies":[{"embeddable":true,"href":"https:\/\/elcalaixetdelaiaia.es\/index.php?rest_route=%2Fwp%2Fv2%2Fcomments&post=676"}],"version-history":[{"count":11,"href":"https:\/\/elcalaixetdelaiaia.es\/index.php?rest_route=\/wp\/v2\/posts\/676\/revisions"}],"predecessor-version":[{"id":29126,"href":"https:\/\/elcalaixetdelaiaia.es\/index.php?rest_route=\/wp\/v2\/posts\/676\/revisions\/29126"}],"wp:featuredmedia":[{"embeddable":true,"href":"https:\/\/elcalaixetdelaiaia.es\/index.php?rest_route=\/wp\/v2\/media\/8712"}],"wp:attachment":[{"href":"https:\/\/elcalaixetdelaiaia.es\/index.php?rest_route=%2Fwp%2Fv2%2Fmedia&parent=676"}],"wp:term":[{"taxonomy":"category","embeddable":true,"href":"https:\/\/elcalaixetdelaiaia.es\/index.php?rest_route=%2Fwp%2Fv2%2Fcategories&post=676"},{"taxonomy":"post_tag","embeddable":true,"href":"https:\/\/elcalaixetdelaiaia.es\/index.php?rest_route=%2Fwp%2Fv2%2Ftags&post=676"}],"curies":[{"name":"wp","href":"https:\/\/api.w.org\/{rel}","templated":true}]}}