{"id":670,"date":"2015-04-01T16:25:00","date_gmt":"2015-04-01T16:25:00","guid":{"rendered":"http:\/\/elcalaixetdelaiaia.es\/semana-santa-marinera-del-cabanya"},"modified":"2023-03-29T08:55:01","modified_gmt":"2023-03-29T08:55:01","slug":"semana-santa-marinera","status":"publish","type":"post","link":"https:\/\/elcalaixetdelaiaia.es\/?p=670","title":{"rendered":"Semana Santa Marinera de Val\u00e8ncia \u00bfque es?"},"content":{"rendered":"<p>\u00abRefrany; Tindre cara de Pasqua i obres de Divendres Sant\u00bb Tener cara de Pascua y obras de Viernes Santo.<\/p>\n<div><\/div>\n<div>Setmana Santa Marinera deVal\u00e8ncia<\/div>\n<div><\/div>\n<div><\/div>\n<div>\n<div class=\"separator\" style=\"clear: both; text-align: center;\"><a style=\"margin-left: 1em; margin-right: 1em;\" href=\"http:\/\/4.bp.blogspot.com\/-jhHzrhe7gws\/VRwJXeixpeI\/AAAAAAAAX2Q\/OQUjVup4HWc\/s1600\/ssanta23_6.jpg\"><img decoding=\"async\" loading=\"lazy\" src=\"https:\/\/elcalaixetdelaiaia.es\/wp-content\/uploads\/2015\/04\/ssanta23_6.jpg\" width=\"266\" height=\"400\" border=\"0\" \/><\/a><\/div>\n<div><\/div>\n<div>\n<div style=\"text-align: center;\">Como mediterr\u00e1nea, grauera y nieta de pescador, para mi la Semana Santa Marinera tiene mucho sentimiento, es el nombre que recibe la celebraci\u00f3n de la Semana Santa en la ciudad de Valencia, y una gran desconocida para muchos valencianos, y os aseguro que nada tiene que envidiar a las tan famosas de otras ciudades. Adem\u00e1s el car\u00e1cter de sus actos es en general, menos dram\u00e1tico. Destaca tambi\u00e9n por las procesiones vivientes, en las que muchos participantes se visten como personajes b\u00edblicos con una indumentaria y peinado caracter\u00edsticos.<\/div>\n<div><\/div>\n<div style=\"text-align: center;\"><a href=\"http:\/\/4.bp.blogspot.com\/-ogRfOjfAA0o\/VRwJWIZNTOI\/AAAAAAAAX18\/iwZwRQX1uv8\/s1600\/SemanaSantaMarinera.jpg\"><img decoding=\"async\" loading=\"lazy\" src=\"https:\/\/images-blogger-opensocial.googleusercontent.com\/gadgets\/proxy?url=http%3A%2F%2F4.bp.blogspot.com%2F-ogRfOjfAA0o%2FVRwJWIZNTOI%2FAAAAAAAAX18%2FiwZwRQX1uv8%2Fs1600%2FSemanaSantaMarinera.jpg&amp;container=blogger&amp;gadget=a&amp;rewriteMime=image%2F*\" width=\"327\" height=\"400\" border=\"0\" \/><\/a><\/div>\n<\/div>\n<p>La Semana Santa Marinera de Valencia tiene el apelativo de Marinera por su \u00edntima relaci\u00f3n con el mar. Desde tiempos inmemoriales viene celebr\u00e1ndose en el Mar\u00edtimo y los iniciadores de estas manifestaciones p\u00fablicas de fe en la Pasi\u00f3n, Muerte y Resurrecci\u00f3n del Se\u00f1or fueron pescadores y marineros.<\/p>\n<div style=\"text-align: center;\"><a href=\"http:\/\/3.bp.blogspot.com\/-X1pW1KuByV0\/VRwP8y9jlXI\/AAAAAAAAX4I\/wxDJ-bmbtpk\/s1600\/unoooooo.jpg\"><img decoding=\"async\" loading=\"lazy\" src=\"https:\/\/images-blogger-opensocial.googleusercontent.com\/gadgets\/proxy?url=http%3A%2F%2F3.bp.blogspot.com%2F-X1pW1KuByV0%2FVRwP8y9jlXI%2FAAAAAAAAX4I%2FwxDJ-bmbtpk%2Fs1600%2Funoooooo.jpg&amp;container=blogger&amp;gadget=a&amp;rewriteMime=image%2F*\" width=\"400\" height=\"266\" border=\"0\" \/><\/a><\/div>\n<p>Su origen ha quedado claramente impregnado en buena parte de los actos que se desarrollan a lo largo de un intenso programa de actos que anualmente se desarrolla en el Distrito Mar\u00edtimo de Valencia.<\/p>\n<div style=\"text-align: center;\"><a href=\"http:\/\/2.bp.blogspot.com\/-yyd7YvM02SI\/VRwKHo1EKqI\/AAAAAAAAX3Q\/SInOQPCTsA8\/s1600\/paco%2Bceldran.JPG\"><img decoding=\"async\" loading=\"lazy\" src=\"https:\/\/images-blogger-opensocial.googleusercontent.com\/gadgets\/proxy?url=http%3A%2F%2F2.bp.blogspot.com%2F-yyd7YvM02SI%2FVRwKHo1EKqI%2FAAAAAAAAX3Q%2FSInOQPCTsA8%2Fs1600%2Fpaco%252Bceldran.JPG&amp;container=blogger&amp;gadget=a&amp;rewriteMime=image%2F*\" width=\"400\" height=\"300\" border=\"0\" \/><\/a><\/div>\n<div style=\"text-align: center;\"><i>Foto de Paco Celdr\u00e1n<\/i><\/div>\n<p>Aunque lejos de las grandes cifras de otras fiestas de la capital como las Fallas, o de la Semana Santa de otras localidades de Espa\u00f1a, como las de Sevilla o Murcia, la Marinera es una celebraci\u00f3n del pueblo. De los vecinos de el Cabanyal, el Canyamelar y el Grao, que portan sus Cristos al pecho con orgullo, en una tradici\u00f3n que ha pasado de padres a hijos y que hoy sigue m\u00e1s viva que nunca. De los mismos vecinos que custodian las im\u00e1genes en sus propios domicilios Es una celebraci\u00f3n \u00fanica.<\/p>\n<div style=\"text-align: center;\"><a href=\"http:\/\/1.bp.blogspot.com\/-GnXasPIRDDo\/VRwJYj2BJUI\/AAAAAAAAX2w\/e0ae3UjQP-s\/s1600\/ssanta29n_4.jpg\"><img decoding=\"async\" loading=\"lazy\" src=\"https:\/\/images-blogger-opensocial.googleusercontent.com\/gadgets\/proxy?url=http%3A%2F%2F1.bp.blogspot.com%2F-GnXasPIRDDo%2FVRwJYj2BJUI%2FAAAAAAAAX2w%2Fe0ae3UjQP-s%2Fs1600%2Fssanta29n_4.jpg&amp;container=blogger&amp;gadget=a&amp;rewriteMime=image%2F*\" width=\"400\" height=\"266\" border=\"0\" \/><\/a><\/div>\n<p>Hasta mediada la segunda d\u00e9cada del siglo XX, la Semana Santa Marinera de Valencia giraba en torno a las im\u00e1genes del Nazareno, del Cristo y de la Dolorosa, muy posiblemente, porque los habitantes de la zona marinera se ve\u00edan especialmente reflejados en ellos. El Nazareno padeciendo camino del Calvario, el Cristo muerto en la Cruz con una indescriptible agon\u00eda y la Dolorosa o Soledad, espectadora muda e impotente ante el sufrimiento de su Hijo.<\/p>\n<div style=\"text-align: center;\"><a href=\"http:\/\/3.bp.blogspot.com\/-cUFxrsuKzd4\/VRwP8TjcABI\/AAAAAAAAX4Q\/6WihX9NslHU\/s1600\/unoo.jpg\"><img decoding=\"async\" loading=\"lazy\" src=\"https:\/\/images-blogger-opensocial.googleusercontent.com\/gadgets\/proxy?url=http%3A%2F%2F3.bp.blogspot.com%2F-cUFxrsuKzd4%2FVRwP8TjcABI%2FAAAAAAAAX4Q%2F6WihX9NslHU%2Fs1600%2Funoo.jpg&amp;container=blogger&amp;gadget=a&amp;rewriteMime=image%2F*\" width=\"400\" height=\"178\" border=\"0\" \/><\/a><\/div>\n<p>Con la l\u00f3gica diferencia, aquellos pescadores tambi\u00e9n padec\u00edan unas condiciones infrahumanas de vida, sorteando los peligros del mar. Muchas veces tambi\u00e9n mor\u00edan tragados por las aguas (patien padec\u00edan) en la mar, utilizando la terminolog\u00eda de la zona, mientras sus madres, esposas o hijas, esperaban en la orilla presintiendo doloridas el tr\u00e1gico final en una noche de temporal.<\/p>\n<div style=\"text-align: center;\"><a href=\"http:\/\/3.bp.blogspot.com\/-TUOli-qv2E8\/VRwJWP6b14I\/AAAAAAAAX2c\/mF-9jb0glsw\/s1600\/semanasanta--644x362.jpg\"><img decoding=\"async\" loading=\"lazy\" src=\"https:\/\/images-blogger-opensocial.googleusercontent.com\/gadgets\/proxy?url=http%3A%2F%2F3.bp.blogspot.com%2F-TUOli-qv2E8%2FVRwJWP6b14I%2FAAAAAAAAX2c%2FmF-9jb0glsw%2Fs1600%2Fsemanasanta--644x362.jpg&amp;container=blogger&amp;gadget=a&amp;rewriteMime=image%2F*\" width=\"400\" height=\"223\" border=\"0\" \/><\/a><\/div>\n<p>Dice el refranero popular local que \u201cSi a D\u00e9u vols pregar posat en la mar\u201d (&#8216;Si quieres rezar a Dios entra en el mar&#8217;), porque el marinero necesita de protecci\u00f3n, alguien a quien encomendarse en tantos momentos de peligro, como le ofrece su profesi\u00f3n. Era pues l\u00f3gica la celebraci\u00f3n de la Pasi\u00f3n y Muerte de Jesucristo para dar cauce a unos sentimientos cuya plasmaci\u00f3n fue recre\u00e1ndose en la idiosincrasia y costumbres de las sencillas gentes marineras.<\/p>\n<div style=\"text-align: center;\"><a href=\"http:\/\/2.bp.blogspot.com\/-WL8DU4nxdBk\/VRwJ8DK63sI\/AAAAAAAAX3E\/_kD9173HkCQ\/s1600\/paaco%2Bceldran.JPG\"><img decoding=\"async\" loading=\"lazy\" src=\"https:\/\/images-blogger-opensocial.googleusercontent.com\/gadgets\/proxy?url=http%3A%2F%2F2.bp.blogspot.com%2F-WL8DU4nxdBk%2FVRwJ8DK63sI%2FAAAAAAAAX3E%2F_kD9173HkCQ%2Fs1600%2Fpaaco%252Bceldran.JPG&amp;container=blogger&amp;gadget=a&amp;rewriteMime=image%2F*\" width=\"400\" height=\"300\" border=\"0\" \/><\/a><\/div>\n<div style=\"text-align: center;\"><i>Foto de Paco Celdr\u00e1n<\/i><\/div>\n<div><\/div>\n<\/div>\n<div>Numerosas muestras nos lo indican, como la costumbre de portar al Cristo al hombro de las numerosas personas que le acompa\u00f1an en su salida. Uno tras otro pero todos ellos, porque todos ellos necesitan aferrarse a sus piernas mientras le entregan una oraci\u00f3n.<br \/>\nO en la costumbre que todav\u00eda se registra anualmente, de llevar a los Cristos a la orilla del mar, adonde se reza por los muertos en el mar, y desde hace algunos a\u00f1os por la paz en el mundo.<br \/>\nMi familia materna tenemos much\u00edsima fe al cristo del Grau, el Morenet, el Cris de l&#8217;escaleta del que os hablare otro d\u00eda, pero en mi familia paterna es al Crist del Salvador a quien tenemos mucha fe.<\/div>\n<div><\/div>\n<div>\n<div style=\"text-align: center;\"><a href=\"http:\/\/2.bp.blogspot.com\/-4OHm1AomYjE\/VRnAqg-53tI\/AAAAAAAAXy4\/OrcUqTBHFRA\/s1600\/Crist%2Bdel%2Bsalvador.jpg\"><img decoding=\"async\" loading=\"lazy\" src=\"https:\/\/images-blogger-opensocial.googleusercontent.com\/gadgets\/proxy?url=http%3A%2F%2F2.bp.blogspot.com%2F-4OHm1AomYjE%2FVRnAqg-53tI%2FAAAAAAAAXy4%2FOrcUqTBHFRA%2Fs1600%2FCrist%252Bdel%252Bsalvador.jpg&amp;container=blogger&amp;gadget=a&amp;rewriteMime=image%2F*\" width=\"640\" height=\"502\" border=\"0\" \/><\/a><\/div>\n<p>Cuenta la piadosa leyenda que la imagen proced\u00eda de la Beirut cristiana, en el L\u00edbano, que fue lanzada al mar cuando los musulmanes la conquistaron y destrozaron todo vestigio cristiano, cruz\u00f3 el Mediterr\u00e1neo, lleg\u00f3 al golfo de Valencia y se introdujo ella sola por el r\u00edo.<br \/>\nEs a este Cristo de la calle Trinitarios al que los pescadores del Cabanyal veneraban con gran devoci\u00f3n.<br \/>\nEl d\u00eda de su fiesta se desplazaban hasta la ciudad a honrarle y pedirle protecci\u00f3n. Lo proclamaron patr\u00f3n del Cabanyal. Pidieron permiso los caba\u00f1aleros en 1815 para tener un facs\u00edmil del Cristo en su territorio, pues Valencia les quedaba lejos, y se les concedi\u00f3. Comenz\u00f3 a ser venerado en un domicilio particular, hasta que en 1850 pas\u00f3 al actual templo, la iglesia de Nuestra Se\u00f1ora de los \u00c1ngeles, donde tiene capilla propia. En 1842, con ocasi\u00f3n de una epidemia, sacaron su imagen en procesi\u00f3n por todo el pueblo y se sintieron aliviados. En el 36, fue quemada la imagen por los pir\u00f3manos de lo religioso y de nuevo fue hecha, aunque no facs\u00edmil de la de Valencia, escultura de Jos\u00e9 Estell\u00e9s. Es el m\u00e1s popular de todos los Cristos de la Semana Santa Marinera<\/p>\n<div style=\"text-align: center;\"><a href=\"http:\/\/4.bp.blogspot.com\/-_wkWmuEiDWY\/VRwK29e2eQI\/AAAAAAAAX3k\/FQryU_oYT0A\/s1600\/cristsalvador.jpg\"><img decoding=\"async\" loading=\"lazy\" src=\"https:\/\/images-blogger-opensocial.googleusercontent.com\/gadgets\/proxy?url=http%3A%2F%2F4.bp.blogspot.com%2F-_wkWmuEiDWY%2FVRwK29e2eQI%2FAAAAAAAAX3k%2FFQryU_oYT0A%2Fs1600%2Fcristsalvador.jpg&amp;container=blogger&amp;gadget=a&amp;rewriteMime=image%2F*\" width=\"400\" height=\"142\" border=\"0\" \/><\/a><\/div>\n<p>y en el amanecer del Viernes Santo es llevado a la playa, a la orilla del mar, donde se reza por los marineros que murieron faenando en sus aguas<br \/>\nSi ten\u00e9is ocasi\u00f3n, os recomiendo acompa\u00f1ar al Cristo en \u00e9ste emotivo acto, donde se echan al mar flores en memoria de los pescadores que se llev\u00f3 para siempre el mar.<br \/>\nEntre los numerosos actos de la Semana Santa Marinera, tres procesiones destacan sobre las dem\u00e1s<\/p>\n<div style=\"text-align: center;\"><a href=\"http:\/\/1.bp.blogspot.com\/-S7Or0pOCxvQ\/VRwJWjxYo3I\/AAAAAAAAX2E\/Mjcb9C_-gm0\/s1600\/setmanasat.jpg\"><img decoding=\"async\" loading=\"lazy\" src=\"https:\/\/images-blogger-opensocial.googleusercontent.com\/gadgets\/proxy?url=http%3A%2F%2F1.bp.blogspot.com%2F-S7Or0pOCxvQ%2FVRwJWjxYo3I%2FAAAAAAAAX2E%2FMjcb9C_-gm0%2Fs1600%2Fsetmanasat.jpg&amp;container=blogger&amp;gadget=a&amp;rewriteMime=image%2F*\" width=\"400\" height=\"242\" border=\"0\" \/><\/a><\/div>\n<p>Visita a los monumentos, el Jueves Santo. Se conoce a esta procesi\u00f3n tambi\u00e9n como la tamborada, por participar s\u00f3lo tambores en las bandas que acompa\u00f1an a Hermandades y Cofrad\u00edas.<\/p>\n<div style=\"text-align: center;\"><a href=\"http:\/\/3.bp.blogspot.com\/-XWIBkg6Rp6c\/VRwJWNh6ClI\/AAAAAAAAX2A\/GrtjjiwEsa0\/s1600\/setmanasantaaa.jpg\"><img decoding=\"async\" loading=\"lazy\" src=\"https:\/\/images-blogger-opensocial.googleusercontent.com\/gadgets\/proxy?url=http%3A%2F%2F3.bp.blogspot.com%2F-XWIBkg6Rp6c%2FVRwJWNh6ClI%2FAAAAAAAAX2A%2FGrtjjiwEsa0%2Fs1600%2Fsetmanasantaaa.jpg&amp;container=blogger&amp;gadget=a&amp;rewriteMime=image%2F*\" width=\"400\" height=\"300\" border=\"0\" \/><\/a><\/div>\n<p>La \u00faltima cena, acto que se celebra en el mismo Jueves y es rememoraci\u00f3n de la cena de Jes\u00fas con sus disc\u00edpulos antes del prendimiento. Es el d\u00eda en que se visitan las casas en las que se guardan im\u00e1genes tradicionales, de forma que estas casas quedan convertidas en capillas.<\/p>\n<div style=\"text-align: center;\"><a href=\"http:\/\/1.bp.blogspot.com\/-yYsU8x9BtZ4\/VRwJXKBBPaI\/AAAAAAAAX2Y\/TJCzuDemOrw\/s1600\/ssanta23_11.jpg\"><img decoding=\"async\" loading=\"lazy\" src=\"https:\/\/images-blogger-opensocial.googleusercontent.com\/gadgets\/proxy?url=http%3A%2F%2F1.bp.blogspot.com%2F-yYsU8x9BtZ4%2FVRwJXKBBPaI%2FAAAAAAAAX2Y%2FTJCzuDemOrw%2Fs1600%2Fssanta23_11.jpg&amp;container=blogger&amp;gadget=a&amp;rewriteMime=image%2F*\" width=\"400\" height=\"266\" border=\"0\" \/><\/a><\/div>\n<p>Santo Entierro, el Viernes Santo. Se trata del acto cumbre de esta conmemoraci\u00f3n religiosa, en el que predomina el silencio y el recogimiento, junto con el sentimiento religioso. Los cofrades portan ropa oscura como manifiesto de luto.<\/p>\n<div style=\"text-align: center;\"><a href=\"http:\/\/2.bp.blogspot.com\/-Q_9WqRTMb7E\/VRwJYHggfXI\/AAAAAAAAX2k\/eTK84L0nh_c\/s1600\/ssanta29_4%2B(1).jpg\"><img decoding=\"async\" loading=\"lazy\" src=\"https:\/\/images-blogger-opensocial.googleusercontent.com\/gadgets\/proxy?url=http%3A%2F%2F2.bp.blogspot.com%2F-Q_9WqRTMb7E%2FVRwJYHggfXI%2FAAAAAAAAX2k%2FeTK84L0nh_c%2Fs1600%2Fssanta29_4%252B(1).jpg&amp;container=blogger&amp;gadget=a&amp;rewriteMime=image%2F*\" width=\"400\" height=\"266\" border=\"0\" \/><\/a><\/div>\n<p>Es costumbre, durante la noche de Gloria (madrugada del S\u00e1bado al Domingo de Resurrecci\u00f3n), a las 12 de la noche, que la gente arroje agua y vajilla vieja desde los balcones.En casa la iaia y mi madre guardaban todo el a\u00f1o, la tacita a la que se romp\u00eda el asa, el plato que se astillaba o la cazuela de barro que se abr\u00eda, para tirar \u00e9sa noche. Es el acto conocido como la trenc\u00e0 dels perols, una costumbre cuya simbolog\u00eda es echar lo viejo para dejar entrar lo nuevo, renovarse.<br \/>\nEl dolor por la Muerte de Cristo ha pasado a la Alegr\u00eda por su Resurrecci\u00f3n.<br \/>\nY la Hermandad proclama por las calles del Mar\u00edtimo la Buena Nueva. Las cornetas y tambores suenan con fuerza en un cortejo que tiene un car\u00e1cter especial.<br \/>\nVivir la Resurrecci\u00f3n en el Mar\u00edtimo!<br \/>\nA medianoche, cuando las campanadas se\u00f1alan las doce en punto, una explosi\u00f3n de j\u00fabilo se adue\u00f1a de las calles del Mar\u00edtimo. tracas, fuegos artificiales y el lanzamiento desde los balcones de pozales de agua y loza, anuncian la resurrecci\u00f3n de Jesucristo. apenas unas horas antes, todo era recogimiento y fervor, ahora es una manifestaci\u00f3n de alegr\u00eda, la Muerte ha dado paso a la Vida.<br \/>\nEn los domicilios donde durante toda la semana han alojado las im\u00e1genes, la decoraci\u00f3n da un giro absoluto. las telas oscuras y negras dan paso al color blanco de la vida. la celebraci\u00f3n, incluso, invita a que los vecinos degusten pastas t\u00edpicas de la \u00e9poca.<br \/>\nla Vigilia Pascual, que se celebra en cada Parroquia, iniciar\u00e1 su ceremonia a oscuras, con la luz del Cirio Pascual, como met\u00e1fora del paso de la oscuridad a la luz que supone la resurrecci\u00f3n.<br \/>\nEn las calles, el sonido de tambores y trompetas romper\u00e1n el silencio\u2026 as\u00ed vive el Mar\u00edtimo la resurrecci\u00f3n de nuestro Se\u00f1or&#8230; os la recomiendo.<\/p>\n<div style=\"text-align: center;\"><a href=\"http:\/\/1.bp.blogspot.com\/-tJKs-u2vVBw\/VRwM5nyuvlI\/AAAAAAAAX3w\/dZrSEhGJfT8\/s1600\/Desfile-int0.jpg\"><img decoding=\"async\" loading=\"lazy\" src=\"https:\/\/images-blogger-opensocial.googleusercontent.com\/gadgets\/proxy?url=http%3A%2F%2F1.bp.blogspot.com%2F-tJKs-u2vVBw%2FVRwM5nyuvlI%2FAAAAAAAAX3w%2FdZrSEhGJfT8%2Fs1600%2FDesfile-int0.jpg&amp;container=blogger&amp;gadget=a&amp;rewriteMime=image%2F*\" width=\"400\" height=\"266\" border=\"0\" \/><\/a><\/div>\n<p style=\"text-align: center;\">El Desfile mas bonito que pod\u00e1is imaginar, el Desfile del Diumenge de Gl\u00f2ria i Resurecci\u00f2<\/p>\n<div style=\"text-align: center;\"><a href=\"http:\/\/1.bp.blogspot.com\/-oWflxxsFIYQ\/VRwP8R921RI\/AAAAAAAAX4A\/i7mEv1_ywgY\/s1600\/unoooo.jpg\"><img decoding=\"async\" loading=\"lazy\" src=\"https:\/\/images-blogger-opensocial.googleusercontent.com\/gadgets\/proxy?url=http%3A%2F%2F1.bp.blogspot.com%2F-oWflxxsFIYQ%2FVRwP8R921RI%2FAAAAAAAAX4A%2Fi7mEv1_ywgY%2Fs1600%2Funoooo.jpg&amp;container=blogger&amp;gadget=a&amp;rewriteMime=image%2F*\" width=\"400\" height=\"203\" border=\"0\" \/><\/a><\/div>\n<p>Acto colorista, \u00fanico en el mundo, la alegr\u00eda de la Resurrecci\u00f3n se expresa en un paso multicolor en el que es una gozada contemplar el paso de las hermandades.<\/p>\n<div style=\"text-align: center;\"><a href=\"http:\/\/4.bp.blogspot.com\/-r3wmZAS3CEU\/VRwP8bSXflI\/AAAAAAAAX38\/Fyywvgk6wyI\/s1600\/una.jpg\"><img decoding=\"async\" loading=\"lazy\" src=\"https:\/\/images-blogger-opensocial.googleusercontent.com\/gadgets\/proxy?url=http%3A%2F%2F4.bp.blogspot.com%2F-r3wmZAS3CEU%2FVRwP8bSXflI%2FAAAAAAAAX38%2FFyywvgk6wyI%2Fs1600%2Funa.jpg&amp;container=blogger&amp;gadget=a&amp;rewriteMime=image%2F*\" width=\"400\" height=\"266\" border=\"0\" \/><\/a><\/div>\n<p>Est\u00e1 documentado desde 1928. Adem\u00e1s se producen encuentros de im\u00e1genes desde primeras horas de la ma\u00f1ana. Un cortejo multicolor, sin im\u00e1genes, con los Personajes B\u00edblicos de blanco, y con los nazarenos con la cara descubierta, las samaritanas y Personajes B\u00edblicos lanzan flores a su paso, con el paso marcial de granaderos, sayones, pretorianos y longinos\u2026 Una verdadera explosi\u00f3n de mediterraneidad, con la alegr\u00eda propia de la Pascua. La m\u00fasica, con sus alegres notas, acompa\u00f1a al momento de gloria que se vive.<\/p>\n<\/div>\n<div>Al terminar el desfile, las hermandades, cofrad\u00edas y corporaciones llegan a sus locales sociales en medio de un ambiente festivo. Las bandas de m\u00fasica dedican piezas musicales a los propios colectivos, a modo de despedida de los d\u00edas compartidos.<\/div>\n<div><\/div>\n<div>\n<table class=\"tr-caption-container\" style=\"margin-left: auto; margin-right: auto; text-align: center;\" cellspacing=\"0\" cellpadding=\"0\" align=\"center\">\n<tbody>\n<tr>\n<td style=\"text-align: center;\" colspan=\"1\" rowspan=\"1\"><a style=\"margin-left: auto; margin-right: auto;\" href=\"http:\/\/3.bp.blogspot.com\/-_gnWKQNGUpI\/VRwbLHhHUXI\/AAAAAAAAX4k\/cYKK9GrswBI\/s1600\/jo.jpg\"><img decoding=\"async\" loading=\"lazy\" src=\"https:\/\/elcalaixetdelaiaia.es\/wp-content\/uploads\/2015\/04\/jo.jpg\" width=\"504\" height=\"640\" border=\"0\" \/><\/a><\/td>\n<\/tr>\n<tr>\n<td class=\"tr-caption\" style=\"text-align: center;\" colspan=\"1\" rowspan=\"1\">Domingo de resurecci\u00f3n de 1959,muy chiquita, junto una de mis t\u00edas y dos mis primas, como hermanas.<\/td>\n<\/tr>\n<\/tbody>\n<\/table>\n<\/div>\n<p>Un acto fuera de programaci\u00f3n pero muy tradicional, es el que realiza la Hermandad del Santo Sepulcro en la Plaza de la Cruz del Canyamelar, una vez finalizada su participaci\u00f3n en el Desfile de Resurrecci\u00f3n. Es el \u201cCaracol\u201d, tradici\u00f3n que se remonta a la d\u00e9cada de los 40 del pasado siglo. Los cofrades de esta Hermandad se concentran sobre un eje central, formando una especie de\u201ccaracol\u201d, que van haciendo y deshaciendo sobre la marcha. Una bonita y est\u00e9tica espiral a la que se suelen a\u00f1adir cofrades de otros colectivos. Es el acto que, en definitiva, pone el cierre a laSemana Santa. Un gesto que simboliza el fin de la fiesta y la apertura y preparaci\u00f3n del pr\u00f3ximo ejercicio.<\/p>\n<p>Os recomiendo encarecidamente \u00e9ste acto no solo por su sentido sino tambi\u00e9n por el cromatismo, colorido y singularidad del mismos, es una ma\u00f1ana inolvidable y preciosa.<\/p>\n<div>\n<div>\n<div>\n<div><\/div>\n<div style=\"text-align: left;\">Fntes, liturgiaforos y Levante EMV<\/div>\n<\/div>\n<\/div>\n<\/div>\n<p>Si te gusta \u00e9sta entrada, comp\u00e1rtela, as\u00ed mucha gente podr\u00e1 conocer un poco nuestra Setmana Santa Marinera, una gran desconocida, y si quieres, compartel\u00e1.<br \/>\n.Graciaaaaas&#8230;.<\/p>\n","protected":false},"excerpt":{"rendered":"<p>\u00abRefrany; Tindre cara de Pasqua i obres de Divendres Sant\u00bb Tener cara de Pascua y obras de Viernes Santo. Setmana Santa Marinera deVal\u00e8ncia Como mediterr\u00e1nea, grauera y nieta de pescador, para mi la Semana Santa Marinera tiene mucho sentimiento, es el nombre que recibe la celebraci\u00f3n de la Semana Santa &hellip; <\/p>\n","protected":false},"author":2,"featured_media":8685,"comment_status":"open","ping_status":"open","sticky":false,"template":"","format":"standard","meta":[],"categories":[1,47],"tags":[],"_links":{"self":[{"href":"https:\/\/elcalaixetdelaiaia.es\/index.php?rest_route=\/wp\/v2\/posts\/670"}],"collection":[{"href":"https:\/\/elcalaixetdelaiaia.es\/index.php?rest_route=\/wp\/v2\/posts"}],"about":[{"href":"https:\/\/elcalaixetdelaiaia.es\/index.php?rest_route=\/wp\/v2\/types\/post"}],"author":[{"embeddable":true,"href":"https:\/\/elcalaixetdelaiaia.es\/index.php?rest_route=\/wp\/v2\/users\/2"}],"replies":[{"embeddable":true,"href":"https:\/\/elcalaixetdelaiaia.es\/index.php?rest_route=%2Fwp%2Fv2%2Fcomments&post=670"}],"version-history":[{"count":15,"href":"https:\/\/elcalaixetdelaiaia.es\/index.php?rest_route=\/wp\/v2\/posts\/670\/revisions"}],"predecessor-version":[{"id":24915,"href":"https:\/\/elcalaixetdelaiaia.es\/index.php?rest_route=\/wp\/v2\/posts\/670\/revisions\/24915"}],"wp:featuredmedia":[{"embeddable":true,"href":"https:\/\/elcalaixetdelaiaia.es\/index.php?rest_route=\/wp\/v2\/media\/8685"}],"wp:attachment":[{"href":"https:\/\/elcalaixetdelaiaia.es\/index.php?rest_route=%2Fwp%2Fv2%2Fmedia&parent=670"}],"wp:term":[{"taxonomy":"category","embeddable":true,"href":"https:\/\/elcalaixetdelaiaia.es\/index.php?rest_route=%2Fwp%2Fv2%2Fcategories&post=670"},{"taxonomy":"post_tag","embeddable":true,"href":"https:\/\/elcalaixetdelaiaia.es\/index.php?rest_route=%2Fwp%2Fv2%2Ftags&post=670"}],"curies":[{"name":"wp","href":"https:\/\/api.w.org\/{rel}","templated":true}]}}