{"id":667,"date":"2015-04-02T22:50:00","date_gmt":"2015-04-02T22:50:00","guid":{"rendered":"http:\/\/elcalaixetdelaiaia.es\/viernes-santo-semana-santa-marinera-de"},"modified":"2026-04-03T09:23:37","modified_gmt":"2026-04-03T09:23:37","slug":"viernes-santo-semana-santa-marinera-de","status":"publish","type":"post","link":"https:\/\/elcalaixetdelaiaia.es\/?p=667","title":{"rendered":"Viernes Santo Semana Santa Marinera de Valencia 2026"},"content":{"rendered":"<div class=\"separator\" style=\"clear: both; text-align: center;\">Diventres Sant en Val\u00e8ncia.<\/div>\n<div class=\"separator\" style=\"clear: both; text-align: center;\"><\/div>\n<div class=\"separator\" style=\"clear: both; text-align: center;\"><a style=\"margin-left: 1em; margin-right: 1em;\" href=\"https:\/\/elcalaixetdelaiaia.es\/wp-content\/uploads\/2015\/04\/enterro.jpg\"><img decoding=\"async\" loading=\"lazy\" src=\"https:\/\/elcalaixetdelaiaia.es\/wp-content\/uploads\/2015\/04\/enterro.jpg\" width=\"320\" height=\"213\" border=\"0\" \/><\/a><\/div>\n<div style=\"text-align: center;\">\n<div class=\"separator\" style=\"clear: both; text-align: center;\"><\/div>\n<p>Como no recordar a mi iaia Conxeta tal d\u00eda como hoy?es imposible.<\/p>\n<\/div>\n<div style=\"text-align: center;\">Cada noche todos los viernes del a\u00f1o, antes de acostarse, cantaba \u00e9sta canci\u00f3n que me ense\u00f1\u00f3 en cuanto aprend\u00eda a hablar.<\/div>\n<div style=\"text-align: center;\">Y tal d\u00eda como hoy, Viernes Santo, la recitamos juntas cada a\u00f1o, mientras vivi\u00f3;<\/div>\n<div><\/div>\n<div class=\"separator\" style=\"clear: both; text-align: center;\"><a style=\"margin-left: 1em; margin-right: 1em;\" href=\"https:\/\/elcalaixetdelaiaia.es\/wp-content\/uploads\/2015\/04\/porlacallelaamargura-1024x735.png\"><img decoding=\"async\" loading=\"lazy\" src=\"https:\/\/elcalaixetdelaiaia.es\/wp-content\/uploads\/2015\/04\/porlacallelaamargura-1024x735.png\" width=\"400\" height=\"285\" border=\"0\" \/><\/a><\/div>\n<div style=\"text-align: center;\">La Semana Santa Marinera de Valencia, fiesta declarada de inter\u00e9s tur\u00edstico nacional, vivir\u00e1 el Viernes Santo uno de sus momentos m\u00e1s importantes, con la celebraci\u00f3n de la Procesi\u00f3n General del Santo Entierro, segundo de los actos colectivos, en la que se calcula la presencia de unas 4.500 personas entre cofrades, personajes b\u00edblicos, clavarios , clavariesas y m\u00fasicos.<\/div>\n<div><\/div>\n<div class=\"separator\" style=\"clear: both; text-align: center;\"><a style=\"margin-left: 1em; margin-right: 1em;\" href=\"https:\/\/elcalaixetdelaiaia.es\/wp-content\/uploads\/2015\/04\/fotosagencias20140418155009.jpg\"><img decoding=\"async\" loading=\"lazy\" src=\"https:\/\/elcalaixetdelaiaia.es\/wp-content\/uploads\/2015\/04\/fotosagencias20140418155009.jpg\" width=\"320\" height=\"167\" border=\"0\" \/><\/a><\/div>\n<div style=\"text-align: center;\">En esta procesi\u00f3n participan las 30 hermandades, cofrad\u00edas y corporaciones que integran la Semana Santa Marinera, con sus im\u00e1genes, tronos-anda, personajes b\u00edblicos, cruces gu\u00eda y bandas de m\u00fasica y de cornetas y tambores.<\/div>\n<div style=\"text-align: center;\">\n<div class=\"separator\" style=\"clear: both; text-align: center;\"><a style=\"margin-left: 1em; margin-right: 1em;\" href=\"https:\/\/elcalaixetdelaiaia.es\/wp-content\/uploads\/2015\/04\/03.png\"><img decoding=\"async\" src=\"https:\/\/elcalaixetdelaiaia.es\/wp-content\/uploads\/2015\/04\/03.png\" border=\"0\" \/><\/a><\/div>\n<p>La Procesi\u00f3n General del Santo Entierro, que tiene \u00a0una duraci\u00f3n aproximada de cinco horas, es un solemne cortejo que recorre las calles de los Poblados Mar\u00edtimos como una representaci\u00f3n pl\u00e1stica y art\u00edstica de la Pasi\u00f3n de Cristo: \u00daltima cena, flagelaci\u00f3n, juicio, sentencia, camino al calvario y muerte. En ella predomina el silencio y el recogimiento, as\u00ed como las tonalidades oscuras en los trajes de los cofrades. Mis padres me llevaban desde muy peque\u00f1ita y me sigue emocionando cada a\u00f1o. Recordad que nuestra Semana Santa no es tan dram\u00e1tica como en otras ciudades, pero muy entra\u00f1able.<\/p>\n<\/div>\n<div class=\"separator\" style=\"clear: both; text-align: center;\"><a style=\"margin-left: 1em; margin-right: 1em;\" href=\"https:\/\/elcalaixetdelaiaia.es\/wp-content\/uploads\/2015\/04\/Petare-Viernes-Santo-300x199.jpg\"><img decoding=\"async\" src=\"https:\/\/elcalaixetdelaiaia.es\/wp-content\/uploads\/2015\/04\/Petare-Viernes-Santo-300x199.jpg\" border=\"0\" \/><\/a><\/div>\n<div style=\"text-align: center;\">La procesi\u00f3n ofrece tambi\u00e9n la posibilidad de admirar, en un mismo acto, todo el patrimonio art\u00edstico de la Semana Santa Marinera: desde grupos escult\u00f3ricos firmados por personajes ilustres \u2013como el Paso de la Ver\u00f3nica de Mariano Benlliure\u2013 hasta los Cristos portados al pecho por fieles, entre ellos, el m\u00e1s antiguo de los que sale en la Semana Santa Marinera (el Cristo de la Palma, finales siglo XVII), el patr\u00f3n del Canyamelar (Cristo de los Afligidos) o el del Cabanyal (Mi Cristo del Salvador, que cumple su 75 aniversario), entre otros.<\/div>\n<div class=\"separator\" style=\"clear: both; text-align: center;\"><a style=\"margin-left: 1em; margin-right: 1em;\" href=\"https:\/\/elcalaixetdelaiaia.es\/wp-content\/uploads\/2015\/04\/SABADO-SANTO-2015.png\"><img decoding=\"async\" loading=\"lazy\" src=\"https:\/\/elcalaixetdelaiaia.es\/wp-content\/uploads\/2015\/04\/SABADO-SANTO-2015.png\" width=\"320\" height=\"208\" border=\"0\" \/><\/a><\/div>\n<div style=\"text-align: center;\">El acto est\u00e1 previsto, seg\u00fan el programa de la Semana Santa Marinera 2026, que empiece a las <b>18:30 horas<\/b>. En ese momento empieza un cortejo que ordena a las 31 hermandades, cofrad\u00edas y corporaciones seg\u00fan el pasaje b\u00edblico que representa su paso, por lo que vivir el paso de la Procesi\u00f3n del Santo Entierro de la Semana Santa Marinera 2026 es la representaci\u00f3n de la Pasi\u00f3n de Cristo.<\/div>\n<div style=\"text-align: center;\"><\/div>\n<div style=\"text-align: center;\">\n<div class=\"separator\" style=\"clear: both; text-align: center;\"><a style=\"margin-left: 1em; margin-right: 1em;\" href=\"https:\/\/elcalaixetdelaiaia.es\/wp-content\/uploads\/2015\/04\/fcmcrostro.jpg\"><img decoding=\"async\" loading=\"lazy\" src=\"https:\/\/elcalaixetdelaiaia.es\/wp-content\/uploads\/2015\/04\/fcmcrostro.jpg\" width=\"320\" height=\"240\" border=\"0\" \/><\/a><\/div>\n<div>El horario previsto para que finalice la Procesi\u00f3n del Santo Entierro de la Semana Santa Marinera de Valencia 2026 se prev\u00e9 que sea pasadas las <b>00 horas<\/b>, tras cerca de seis horas de cortejo.<\/div>\n<p>Actualizo \u00e9ste post a la Semana Santa del 2026 y los actos del viernes Santo<\/p>\n<h3 class=\"article-title-1\">Viernes Santo. 3 de Abril de 2026<\/h3>\n<p>La ma\u00f1ana del <strong>Viernes Santo,<\/strong> la mar recupera todos su protagonismo cuando <strong>los Cristos son llevados a la playa,<\/strong> donde se elevar\u00e1 una oraci\u00f3n en memoria de los marineros fallecidos, mientras en la orilla, el personaje b\u00edblico representando a la Madre Dolorosa depositar\u00e1 unas flores sobre las olas. Es el preludio de un d\u00eda cargado de emociones que se iniciar\u00e1 con los <strong>V\u00eda Crucis<\/strong> y terminar\u00e1 con la <strong>procesi\u00f3n del Santo Entierro,<\/strong> en la que participan todos los colectivos con sus tronos-anda bellamente engalanados.<\/p>\n<p>La jornada m\u00e1s intensa comienza a las 08:00 h con una emotiva procesi\u00f3n en la Playa de las Arenas. Donde las im\u00e1genes religiosas son llevadas al mar en un acto \u00fanico en Espa\u00f1a. Por la tarde, a las 18:30 h, tendr\u00e1 lugar la solemne Procesi\u00f3n del Santo Entierro, que recorrer\u00e1 la Calle de la Reina en un clima de recogimiento y respeto.<\/p>\n<\/div>\n<p class=\"paragraph\" data-mrf-recirculation=\"Enlaces p\u00e1rrafos\"><b>Viernes Santo, 3 de abril de 2026:<\/b><\/p>\n<p class=\"paragraph\" data-mrf-recirculation=\"Enlaces p\u00e1rrafos\">18:30 h. Procesi\u00f3n General del Santo Entierro. Itinerario: plaza de la Virgen de Vallivana, calle Pintor Ferrandis, plaza Iglesia de los \u00c1ngeles, calle Pedro Maza, calle Remunta, calle de la Reina, plaza Semana Santa Marinera, calle Dr. Juan Jos\u00e9 D\u00f3mine, avenida del Puerto, calle Cristo del Grau, calle Ernesto Anastasio, calle Francisco Cubells, calle del Rosario, plaza de la Iglesia del Rosario.<\/p>\n<p class=\"paragraph\" data-mrf-recirculation=\"Enlaces p\u00e1rrafos\">Parroquia Cristo Redentor\u2013San Rafael Arc\u00e1ngel:<\/p>\n<p class=\"paragraph\" data-mrf-recirculation=\"Enlaces p\u00e1rrafos\">08:00 h. Encuentro de los Cristos: Sant\u00edsimo Cristo del Salvador y Sant\u00edsimo Cristo del Salvador y del Amparo.<\/p>\n<p class=\"paragraph\" data-mrf-recirculation=\"Enlaces p\u00e1rrafos\">10:00 h. V\u00eda Crucis cantado. Concentraci\u00f3n en la puerta de la Parroquia (calle de la Reina, n\u00ba 96). Itinerario: Parroquia, calle de la Reina, calle Pintor Ferrandis, calle Jos\u00e9 Benlliure, calle Mediterr\u00e1neo, calle de la Reina, Parroquia.<\/p>\n<p class=\"paragraph\" data-mrf-recirculation=\"Enlaces p\u00e1rrafos\">Oraci\u00f3n por los difuntos en la playa (altura calle Mediterr\u00e1neo). Traslado de la Hermandad del Sant\u00edsimo Cristo del Salvador y del Amparo: calle de la Reina, calle Amparo Guillem, calle Dr. Lluch, calle Pescadores, calle Pav\u00eda, Paseo Mar\u00edtimo.<\/p>\n<p class=\"paragraph\" data-mrf-recirculation=\"Enlaces p\u00e1rrafos\">Parroquia Santa Mar\u00eda del Mar:<\/p>\n<p class=\"paragraph\" data-mrf-recirculation=\"Enlaces p\u00e1rrafos\">11:05 h. Procesi\u00f3n del V\u00eda Crucis con todas las Hermandades y Cofrad\u00edas. Itinerario: calle Jos\u00e9 Aguirre, calle Consuelo, avenida del Puerto, calle Islas Canarias, calle Lirio, calle M\u00e9ndez N\u00fa\u00f1ez, calle Bello, avenida del Puerto, plaza Tribunal de las Aguas, Parroquia. Representaci\u00f3n de las \u00faltimas estaciones en la puerta del templo. Custodia del Sepulcro del Cristo Yacente por la Hermandad de Caballeros y Damas de la Santa Cruz, acompa\u00f1ado por el canto del Miserere.<\/p>\n<p class=\"paragraph\" data-mrf-recirculation=\"Enlaces p\u00e1rrafos\">Parroquia San Mauro M\u00e1rtir:<\/p>\n<p class=\"paragraph\" data-mrf-recirculation=\"Enlaces p\u00e1rrafos\">11:00 h. V\u00eda Crucis de la Pontificia y Real Hermandad del Sant\u00edsimo Cristo de la Concordia.<\/p>\n<p class=\"paragraph\" data-mrf-recirculation=\"Enlaces p\u00e1rrafos\">Itinerario: calle Noguera, calle Rodrigo de Perteg\u00e1s, calle Ibiza, avenida Baleares, calle Menorca, calle Rodrigo de Perteg\u00e1s, calle Siete Aguas, calle Islas Canarias, calle Noguera, entrada al templo.<\/p>\n<p class=\"paragraph\" data-mrf-recirculation=\"Enlaces p\u00e1rrafos\">Parroquia Nuestra Se\u00f1ora del Rosario:<\/p>\n<p class=\"paragraph\" data-mrf-recirculation=\"Enlaces p\u00e1rrafos\">09:30 h. V\u00eda Crucis. Itinerario: plaza Iglesia del Rosario, calle del Rosario, calle Mariano Cuber, calle Jos\u00e9 Benlliure, calle Arcipreste Vicente Gallart, calle del Rosario, calle Mediterr\u00e1neo, plaza de la Cruz del Ca\u00f1amelar, calle Barraca, calle Mariano Cuber, calle Escalante, calle Arcipreste Vicente Gallart, calle del Rosario, plaza Iglesia del Rosario. Acto de Cubrimiento de Rostro y \u00abIn Memoriam\u00bb en recuerdo de los cofrades difuntos. Traslado del Sant\u00edsimo Cristo Yacente: plaza Iglesia del Rosario, calle del Rosario, calle Mariano Cuber, calle Escalante.<\/p>\n<p class=\"paragraph\" data-mrf-recirculation=\"Enlaces p\u00e1rrafos\">Parroquia Nuestra Se\u00f1ora de los \u00c1ngeles:<\/p>\n<p class=\"paragraph\" data-mrf-recirculation=\"Enlaces p\u00e1rrafos\">08:00 h. Encuentro de los Cristos y oraci\u00f3n por los difuntos en el mar. Itinerario: calle Pintor Ferrandis n\u00ba25 (encuentro), calle de la Reina, calle Amparo Guillem, calle Doctor Lluch, calle Pintor Ferrandis, orilla del mar, calle Pintor Ferrandis, calle Escalante, calle Marina, calle Arzobispo Company n\u00ba24.<\/p>\n<p class=\"paragraph\" data-mrf-recirculation=\"Enlaces p\u00e1rrafos\">10:00 h. Solemne Procesi\u00f3n del V\u00eda Crucis con todas las Cofrad\u00edas, Hermandades y Corporaciones. Itinerario: plaza Iglesia de Nuestra Se\u00f1ora de los \u00c1ngeles, calle Pintor Ferrandis, Plaza Virgen de Vallivana, calle San Pedro, calle Carlos Ros, calle Escalante, calle Vicente Guillot, calle Arzobispo Company, calle La Marina, calle Nicolau de Monsoriu, calle Conde de Alacu\u00e1s, calle Felipe Vives de Ca\u00f1am\u00e1s, calle Antonio Juan, calle Vicente Ballester, calle Felipe de Gauna, calle Francisco Eximenis, Plaza Iglesia de los \u00c1ngeles, Parroquia.<\/p>\n<h3>Acto Colectivo: Procesi\u00f3n General del Santo Entierro<\/h3>\n<p class=\"paragraph\"><b>Hora:<\/b> 18:30<\/p>\n<p class=\"paragraph\"><b>Descripci\u00f3n:<\/b> Es el acto central del Viernes Santo. Re\u00fane a todas las hermandades, cofrad\u00edas y corporaciones de la Semana Santa Marinera en una \u00fanica y solemne procesi\u00f3n que recorre varias calles del distrito mar\u00edtimo.<\/p>\n<p class=\"paragraph\"><b>Itinerario:<\/b> Plaza de la Virgen de Vallivana, calle Pintor Ferrandis, plaza Iglesia de los \u00c1ngeles, calle Pedro Maza, calle Remonta, calle de la Reina, plaza Semana Santa Marinera, calle Dr. Juan Jos\u00e9 D\u00f3mine, avenida del Puerto, calle Cristo del Grao, calle Ernesto Anastasio, calle Francisco Cubells, calle del Rosario, y finaliza en la plaza de la Iglesia del Rosario.<\/p>\n<h3>Parroquia Santa Mar\u00eda del Mar<\/h3>\n<p class=\"paragraph\"><b>10:30 \u2013 Procesi\u00f3n de Hermandades y Cofrad\u00edas <\/b><\/p>\n<p class=\"paragraph\">Participan todas las cofrad\u00edas y hermandades de la parroquia.<\/p>\n<p class=\"paragraph\"><b>Itinerario:<\/b> Calle Jos\u00e9 Aguirre, calle Consuelo, avenida del Puerto, calle Islas Canarias, calle Isaac Peral, calle M\u00e9ndez N\u00fa\u00f1ez, calle Bello, regreso por avenida del Puerto hasta plaza Tribunal de las Aguas y retorno al templo parroquial.<\/p>\n<p class=\"paragraph\"><b>Final del recorrido:<\/b> Representaci\u00f3n de las \u00faltimas estaciones del V\u00eda Crucis en la puerta de la parroquia, seguida del <b>traslado simb\u00f3lico al Sepulcro del Cristo Yacente<\/b> por la Hermandad de Caballeros y Damas de la Santa Cruz, acompa\u00f1ado del canto del Misserere. El Cristo quedar\u00e1 bajo <b>guardia y custodia<\/b> de la Hermandad.<\/p>\n<h3>Parroquia San Mauro M\u00e1rtir<\/h3>\n<p class=\"paragraph\"><b>11:00 \u2013 V\u00eda Crucis <\/b><\/p>\n<p class=\"paragraph\">Organizado por la Pontificia y Real Hermandad del Sant\u00edsimo Cristo de la Concordia.<\/p>\n<p class=\"paragraph\"><b>Itinerario:<\/b> Calle Noguera, Rodrigo de Perteg\u00e1s, Ibiza, avenida Baleares, Menorca, Rodrigo de Perteg\u00e1s, Siete Aguas, Islas Canarias, Noguera y entrada al templo.<\/p>\n<div class=\"c-add c-add--roba\" data-label=\"Publicidad\">\n<div class=\"board-module-ads c-add--sticky\">\n<div id=\"ssm_container-589266189\" class=\"ssm_adunit_container aU-15708\" data-google-query-id=\"COuIwZWQ4YwDFcVWHQkdRmARKQ\">\n<div id=\"google_ads_iframe_\/21692685822\/cope\/left6_0__container__\"><\/div>\n<\/div>\n<\/div>\n<\/div>\n<h3>Parroquia Nuestra Se\u00f1ora del Rosario<\/h3>\n<p class=\"paragraph\"><b>08:00 \u2013 Recogida de Bandera y Personajes B\u00edblicos <\/b><\/p>\n<p class=\"paragraph\">Por parte de la Real Cofrad\u00eda de Granaderos de la Virgen de la Soledad.<\/p>\n<p class=\"paragraph\"><b>09:30 \u2013 V\u00eda Crucis con representaciones <\/b><\/p>\n<p class=\"paragraph\"><b>Itinerario:<\/b> Plaza Iglesia del Rosario, calle del Rosario, Mariano Cuber, Jos\u00e9 Benlliure (representaci\u00f3n del Santo Encuentro en el cruce con Arcipreste Vicente Gallart), Arcipreste Vicente Gallart, Rosario, Mediterr\u00e1neo, plaza Cruz del Ca\u00f1amelar (representaci\u00f3n viviente del Paso de la Ver\u00f3nica), Barraca, Mariano Cuber, Escalante, Arcipreste Vicente Gallart, Rosario, plaza Iglesia del Rosario.<\/p>\n<p class=\"paragraph\"><b>Acto final:<\/b> En el templo, se realizar\u00e1 el emotivo <b>Cubrimiento de Rostro<\/b> de los cofrades en se\u00f1al de duelo. Luego, en su sede social, se celebrar\u00e1 el acto <b>\u201cIn Memoriam\u201d<\/b> por los cofrades fallecidos.<\/p>\n<p class=\"paragraph\"><b>Traslado del Sant\u00edsimo Cristo Yacente (al finalizar la Procesi\u00f3n del Santo Entierro) <\/b><\/p>\n<p class=\"paragraph\"><b>Itinerario:<\/b> Plaza Iglesia del Rosario, calle del Rosario, Mariano Cuber, Escalante, finalizando en el local de la Hermandad en calle Escalante n\u00ba 49, bajo.<\/p>\n<h3>Parroquia Nuestra Se\u00f1ora de los \u00c1ngeles<\/h3>\n<p class=\"paragraph\"><b>07:45 \u2013 Encuentro de los Cristos y Oraci\u00f3n por los Difuntos en el Mar <\/b><\/p>\n<p class=\"paragraph\">Salida desde calle Padre Luis Navarro, 341 (Cristo del Salvador) al encuentro con el Cristo del Salvador y del Amparo en calle Pintor Ferrandis, 35.<\/p>\n<p class=\"paragraph\">Las im\u00e1genes se trasladar\u00e1n hasta la playa, donde se realizar\u00e1 una oraci\u00f3n por los difuntos y se arrojar\u00e1 una corona de laurel.<\/p>\n<p class=\"paragraph\"><b>Itinerario completo del Encuentro:<\/b> Pintor Ferrandis, Reina, Amparo Guillem, Doctor Lluch, Pintor Ferrandis (hasta la orilla de la playa del Cabanyal). Regreso por Pintor Ferrandis, Escalante, la Marina, Arzobispo Company, 24.<\/p>\n<p class=\"paragraph\"><b>10:00 \u2013 V\u00eda Crucis con representaciones esc\u00e9nicas <\/b><\/p>\n<p class=\"paragraph\">Participaci\u00f3n de todas las hermandades, cofrad\u00edas y corporaciones de la parroquia.<\/p>\n<p class=\"paragraph\"><b>Itinerario y pasos representados: <\/b><\/p>\n<p class=\"paragraph\"><b>Juicio de Jes\u00fas ante Pilatos:<\/b> Interior del templo (Iglesia de los \u00c1ngeles).<\/p>\n<p class=\"paragraph\"><b>Santo Encuentro:<\/b> Calle Escalante.<\/p>\n<p class=\"paragraph\"><b>Paso de la Ver\u00f3nica:<\/b> Calle Escalante.<\/p>\n<p class=\"paragraph\"><b>Descendimiento del Se\u00f1or:<\/b> Plaza Iglesia de los \u00c1ngeles.<\/p>\n<p class=\"paragraph\"><b>Ruta completa:<\/b> Iglesia de los \u00c1ngeles, Pintor Ferrandis, plaza Virgen de Vallivana, San Pedro, Carlos Ros, Escalante, Vicente Guillot, Arzobispo Company, la Marina, Nicolau de Monsoriu, Conde de Alacu\u00e1s, Felipe Vives de Ca\u00f1am\u00e1s, Antonio Juan, Vicente Ballester, Felipe de Gauna, Francisco Eiximenis y regreso a la Parroquia.<\/p>\n<h3>Parroquia Cristo Redentor &#8211; San Rafael Arc\u00e1ngel<\/h3>\n<p class=\"paragraph\"><b>08:00 \u2013 Encuentro de los Cristos <\/b><\/p>\n<p class=\"paragraph\">Las im\u00e1genes del Sant\u00edsimo Cristo del Salvador y del Amparo y el Sant\u00edsimo Cristo del Salvador se encuentran en el domicilio del cofrade agraciado (este a\u00f1o, calle Pintor Ferrandis, 35, bajo), desde donde parten en procesi\u00f3n conjunta.<\/p>\n<p class=\"paragraph\"><b>10:00 \u2013 V\u00eda Crucis Cantado <\/b><\/p>\n<p class=\"paragraph\">Participaci\u00f3n de la Corporaci\u00f3n y Hermandades.<\/p>\n<p class=\"paragraph\"><b>Itinerario:<\/b> Parroquia (calle de la Reina, 96), calle de la Reina, Pintor Ferrandis, Jos\u00e9 Benlliure, Mediterr\u00e1neo, regreso por calle de la Reina a la Parroquia.<\/p>\n<p class=\"paragraph\"><b>Oraci\u00f3n por los Difuntos en el Mar <\/b><\/p>\n<p class=\"paragraph\">Al finalizar el V\u00eda Crucis, la Hermandad del Sant\u00edsimo Cristo del Salvador y del Amparo se desplazar\u00e1 hasta la playa, donde se realizar\u00e1 una oraci\u00f3n por los difuntos del mar y de la Semana Santa Marinera.<\/p>\n<p class=\"paragraph\"><b>Itinerario hasta el mar:<\/b> Calle de la Reina, Amparo Guillem, Doctor Lluch, Pescadores, Pav\u00eda, Paseo Mar\u00edtimo.<\/p>\n<h3>Una jornada de emoci\u00f3n, devoci\u00f3n y encuentro con la tradici\u00f3n<\/h3>\n<p class=\"paragraph\">El Viernes Santo en la Semana Santa Marinera de Val\u00e8ncia es una jornada marcada por la solemnidad y el recogimiento. Las diferentes parroquias y hermandades del distrito mar\u00edtimo convierten las calles del Cabanyal, Canyamelar y el Grau en un aut\u00e9ntico escenario viviente de la Pasi\u00f3n, Muerte y Resurrecci\u00f3n de Cristo.<\/p>\n<p class=\"paragraph\">Los encuentros, representaciones esc\u00e9nicas, procesiones y actos simb\u00f3licos \u2014como las oraciones en el mar o el Cubrimiento de Rostro\u2014 reflejan la profunda devoci\u00f3n y el car\u00e1cter singular de esta celebraci\u00f3n, declarada <b>Fiesta de Inter\u00e9s Tur\u00edstico Nacional<\/b>.<\/p>\n<p class=\"paragraph\" data-mrf-recirculation=\"Enlaces p\u00e1rrafos\"><b>S\u00e1bado de Gloria, 4 de abril de 2026:<\/b><\/p>\n<p class=\"paragraph\" data-mrf-recirculation=\"Enlaces p\u00e1rrafos\">Parroquia Cristo Redentor\u2013San Rafael Arc\u00e1ngel:<\/p>\n<p class=\"paragraph\" data-mrf-recirculation=\"Enlaces p\u00e1rrafos\">23:59 h. Procesi\u00f3n de la Resurrecci\u00f3n. La Santa Hermandad de la Muerte y Resurrecci\u00f3n del Se\u00f1or procesionar\u00e1 con su Imagen Titular \u00abJes\u00fas Resucitado\u00bb visitando a su Madre, Mar\u00eda Sant\u00edsima. Itinerario: salida de la Sede Social de la Hermandad, calle Jos\u00e9 Benlliure n\u00ba347, calle Jos\u00e9 Benlliure, calle Pintor Ferrandis, calle Escalante, calle de la Marina, calle del Conde Almenara hasta n\u00ba17 (visita y ofrenda a la Verge dels Dolors), calle Felipe Vives de Ca\u00f1am\u00e1s, calle Antonio Juan, calle Pintor Ferrandis, calle Jos\u00e9 Benlliure, calle Mediterr\u00e1neo hasta la Isleta entre calles Mari Sirera y Mart\u00ed Grajales (castillo de fuegos a la 01:00 h), calle Mediterr\u00e1neo, calle Rosario hasta n\u00ba104 (visita y ofrenda a Nuestra Se\u00f1ora de la Soledad), calle Rosario, calle Vicente Gallart, calle Jos\u00e9 Benlliure, calle Mariano Cuber, calle Arquitecto Alfaro, calle Jos\u00e9 Aguirre hasta n\u00ba25 (ofrenda a Virgen de los Dolores Coronada), regreso por calles Jos\u00e9 Aguirre, Ernesto Anastasio, Francisco Cubells, Rosario, Mariano Cuber, Amparo, Museo de la Semana Santa Marinera, calles Mariano Cuber, Escalante, Remunta, Jos\u00e9 Benlliure hasta n\u00ba347, Sede Social.<\/p>\n<p class=\"paragraph\" data-mrf-recirculation=\"Enlaces p\u00e1rrafos\">Parroquia Santa Mar\u00eda del Mar:<\/p>\n<p class=\"paragraph\" data-mrf-recirculation=\"Enlaces p\u00e1rrafos\">18:30 h. Procesi\u00f3n de la Cruz y el Sudario por la Real Hermandad de Nuestro Padre Jes\u00fas Nazareno. La Cruz con Sudario ser\u00e1 portada sobre el pecho de un cofrade. Itinerario: salida del templo, plaza Tribunal de las Aguas, avenida del Puerto, calle Cristo del Grau, calle Jos\u00e9 Aguirre, calle San Jos\u00e9 de la Vega, calle Francisco Cubells, calle Francisco Baldom\u00e1, calle Jos\u00e9 Aguirre, plaza Juan Antonio Benlliure \u2013 Reales Atarazanas, entrada al templo por plaza Tribunal de las Aguas.<\/p>\n<p class=\"paragraph\" data-mrf-recirculation=\"Enlaces p\u00e1rrafos\">23:59 h. Tambor\u00e1 y Procesi\u00f3n de la Resurrecci\u00f3n. Todas las hermandades y cofrad\u00edas participan, rompiendo la hora en la puerta de la Parroquia (plaza Tribunal de las Aguas) y continuando por: plaza Tribunal de las Aguas, plaza Juan Antonio Benlliure (Reales Atarazanas), calle Jos\u00e9 Aguirre, calle Escalante, calle Francisco Cubells, calle Ernesto Anastasio, calle Jos\u00e9 Aguirre, calle Abastos, calle Mercado Nuevo, calle Cristo del Grau hasta el local de la Real Hermandad de la Flagelaci\u00f3n del Se\u00f1or.<\/p>\n<p class=\"paragraph\" data-mrf-recirculation=\"Enlaces p\u00e1rrafos\">Parroquia Nuestra Se\u00f1ora del Rosario:<\/p>\n<p class=\"paragraph\" data-mrf-recirculation=\"Enlaces p\u00e1rrafos\">18:30 h. Procesi\u00f3n de traslado del Sant\u00edsimo Cristo Yacente al Templo, realizada por la Hermandad del Santo Sepulcro. Itinerario: calle Escalante 51, calle Mariano Cuber, calle Barraca, calle Mediterr\u00e1neo, calle Jos\u00e9 Benlliure, calle Arcipreste Gallart, calle del Rosario, plaza Iglesia del Rosario, Parroquia.<\/p>\n<p data-mrf-recirculation=\"Enlaces p\u00e1rrafos\"><img decoding=\"async\" loading=\"lazy\" src=\"https:\/\/imagenes.eldebate.com\/files\/vertical_composte_image\/uploads\/2026\/04\/03\/69cf7215000e5.jpeg\" alt=\"Mapa con el recorrido de la Procesi\u00f3n del Santo Entierro previsto entre las 18:30 y las 23:30 horas.\" width=\"620\" height=\"353\" data-index=\"\" data-full=\"[object Object]\" data-original=\"[object Object]\" data-full-src=\"https:\/\/imagenes.eldebate.com\/uploads\/2026\/04\/03\/69cf7215000e5.jpeg\" \/><\/p>\n<p data-mrf-recirculation=\"Enlaces p\u00e1rrafos\"><span id=\"m66072-66071-66073\" class=\"c-detail__media__credit composite_image \">Mapa con el recorrido de la Procesi\u00f3n del Santo Entierro previsto entre las 18:30 y las 23:30 horas.<\/span><span id=\"m66077-66076-66078\" class=\"c-detail__media__author composite_image \">Ayuntamiento de Valencia<\/span><\/p>\n<p data-mrf-recirculation=\"Enlaces p\u00e1rrafos\">Tambi\u00e9n este a\u00f1o, se podr\u00e1 ver en directo la procesi\u00f3n del Santo Entierro, la 8 Mediterr\u00e1neo ha programado la emisi\u00f3n de toda la procesi\u00f3n entre las 18 y las 00:45 horas, seg\u00fan consta en la programaci\u00f3n de su p\u00e1gina web.<\/p>\n<p class=\"paragraph\" data-mrf-recirculation=\"Enlaces p\u00e1rrafos\"><b>Domingo de Resurrecci\u00f3n, 5 de abril de 2026:<\/b><\/p>\n<p class=\"paragraph\" data-mrf-recirculation=\"Enlaces p\u00e1rrafos\">13:00 h. Desfile de Resurrecci\u00f3n. Itinerario: Mercado del Caba\u00f1al, calle Mediterr\u00e1neo, calle Escalante, calle Pintor Ferrandis, plaza Iglesia de los \u00c1ngeles, calle Pedro Maza, calle de la Reina, plaza Semana Santa Marinera, calle Doctor Juan Jos\u00e9 D\u00f3mine, avenida del Puerto, calle Cristo del Grau, calle Ernesto Anastasio, calle Francisco Cubells, calle del Rosario, plaza Iglesia del Rosario.<\/p>\n<figure id=\"m24436-24435-24437\" class=\"c-detail__media composite_image \">\n<div class=\"c-detail__media__thumb composite_image\"><picture data-size=\"w:620,h:353\" data-full-src=\"https:\/\/imagenes.eldebate.com\/uploads\/2026\/03\/25\/69c40acb55e4d.jpeg\"><source srcset=\"https:\/\/imagenes.eldebate.com\/files\/related_article_image\/uploads\/2026\/03\/25\/69c40acb55e4d.jpeg.webp, https:\/\/imagenes.eldebate.com\/files\/related_article_image_retina\/uploads\/2026\/03\/25\/69c40acb55e4d.jpeg.webp 2x\" type=\"image\/webp\" \/><\/picture><\/div>\n<\/figure>\n<p class=\"paragraph\" data-mrf-recirculation=\"Enlaces p\u00e1rrafos\">Parroquia Cristo Redentor\u2013San Rafael Arc\u00e1ngel:<\/p>\n<p class=\"paragraph\" data-mrf-recirculation=\"Enlaces p\u00e1rrafos\">09:45 h. Procesi\u00f3n del Sant\u00edsimo Sacramento. Itinerario: Parroquia, calle de la Reina, calle Mediterr\u00e1neo, calle Escalante, calle Cura Planelles, calle de la Reina, Parroquia.<\/p>\n<p class=\"paragraph\" data-mrf-recirculation=\"Enlaces p\u00e1rrafos\">11:00 h (aprox.). Santo Encuentro entre el Resucitado (representado por un ni\u00f1o de la Corporaci\u00f3n de Sayones del Sant\u00edsimo Cristo Yacente) y la Virgen Dolorosa de la Hermandad de Mar\u00eda Sant\u00edsima de las Angustias, acompa\u00f1ados por la Hermandad del Sant\u00edsimo Cristo del Salvador y del Amparo y la Hermandad de la Misericordia.<\/p>\n<p class=\"paragraph\" data-mrf-recirculation=\"Enlaces p\u00e1rrafos\">Parroquia Santa Mar\u00eda del Mar:<\/p>\n<p class=\"paragraph\" data-mrf-recirculation=\"Enlaces p\u00e1rrafos\">10:00 h. Salida de Jes\u00fas Resucitado, portado por la Cofrad\u00eda de Jes\u00fas de Medinaceli, hacia la Oraci\u00f3n por los Difuntos en la d\u00e1rsena del puerto. Itinerario: plaza Tribunal de las Aguas, avenida del Puerto, d\u00e1rsena interior del puerto (antigua Escalera Real). Ofrenda de corona de laurel y oraci\u00f3n. Retorno por la avenida del Puerto.<\/p>\n<p class=\"paragraph\" data-mrf-recirculation=\"Enlaces p\u00e1rrafos\">10:15 h. Salida de la Sant\u00edsima Virgen de los Dolores Coronada del Templo Parroquial para participar en el Encuentro de Gloria.<\/p>\n<p class=\"paragraph\" data-mrf-recirculation=\"Enlaces p\u00e1rrafos\">10:30 h. Santo Encuentro de la Resurrecci\u00f3n en la calle Jos\u00e9 Aguirre, frente a las puertas del Mercado del Grau, calle Cristo del Grau n\u00ba14. Procesi\u00f3n posterior. Itinerario: calle Cristo del Grau, calle Jos\u00e9 Aguirre, calle Doctor J. J. Domine, avenida del Puerto, plaza Tribunal de las Aguas, Parroquia.<\/p>\n<p class=\"paragraph\" data-mrf-recirculation=\"Enlaces p\u00e1rrafos\">Parroquia Nuestra Se\u00f1ora del Rosario:<\/p>\n<p class=\"paragraph\" data-mrf-recirculation=\"Enlaces p\u00e1rrafos\">09:30 h. Procesi\u00f3n del Encuentro Glorioso entre Cristo Resucitado y la Sant\u00edsima Virgen en la plaza Iglesia del Rosario.<\/p>\n<p class=\"paragraph\" data-mrf-recirculation=\"Enlaces p\u00e1rrafos\">10:00 h. Procesi\u00f3n del Comulgar de Impedidos. Itinerarios de las Hermandades: Hermandad de la Crucifixi\u00f3n del Se\u00f1or, Corporaci\u00f3n de Pretorianos y Penitentes, Hermandad del Santo Encuentro y Real Cofrad\u00eda de Granaderos de la Virgen de la Soledad: plaza Iglesia del Rosario, calle del Rosario, calle Mariano Cuber, calle Barraca, calle Vicente Gallart, calle del Rosario, plaza Iglesia del Rosario; Hermandad de la Santa Faz, Hermandad del Descendimiento del Se\u00f1or, Hermandad del Sant\u00edsimo Cristo de los Afligidos, Hermandad del Santo Sepulcro y Hermandad de Vestas del Sant\u00edsimo Cristo del Buen Acierto: plaza Iglesia del Rosario, calle del Rosario, calle Vicente Gallart, calle Jos\u00e9 Benlliure, calle Mariano Cuber, calle del Rosario, plaza Iglesia del Rosario.<\/p>\n<p class=\"paragraph\" data-mrf-recirculation=\"Enlaces p\u00e1rrafos\">12:15 h. Acto de Recogida de Personajes B\u00edblicos en su local social, calle Jos\u00e9 Benlliure n\u00ba59, por la Real Hermandad de la Santa Faz.<\/p>\n<p class=\"paragraph\" data-mrf-recirculation=\"Enlaces p\u00e1rrafos\">Parroquia Nuestra Se\u00f1ora de los \u00c1ngeles:<\/p>\n<p class=\"paragraph\" data-mrf-recirculation=\"Enlaces p\u00e1rrafos\">00:00 h. Representaci\u00f3n de la Resurrecci\u00f3n de Nuestro Se\u00f1or Jesucristo en el local agraciado, calle Nicolau de Monsoriu n\u00ba51 bajo, abierta hasta las 02:00 h.<\/p>\n<p class=\"paragraph\" data-mrf-recirculation=\"Enlaces p\u00e1rrafos\">08:45 h. Diana al Sant\u00edsimo Cristo del Salvador, a cargo de la banda de cornetas y tambores, en la casa agraciada, calle Pintor Ferrandis n\u00ba25.<\/p>\n<p class=\"paragraph\" data-mrf-recirculation=\"Enlaces p\u00e1rrafos\">09:00 h. Encuentro de la Virgen con su Hijo Resucitado en la calle Escalante (altura n\u00ba262), organizado por la Real Hermandad de Jes\u00fas con la Cruz y Cristo Resucitado y la Corporaci\u00f3n de Granaderos de la Virgen. Traslado posterior de Jes\u00fas Resucitado a la parroquia y de la Virgen de los Dolores a la casa agraciada, calle Conde Almenara n\u00ba17 bajo.<\/p>\n<p class=\"paragraph\" data-mrf-recirculation=\"Enlaces p\u00e1rrafos\">10:00 h. Solemne Procesi\u00f3n del Comulgar de Enfermos e Impedidos, con participaci\u00f3n de todas las Hermandades, Cofrad\u00edas y Corporaciones de la parroquia.<\/p>\n<p data-mrf-recirculation=\"Enlaces p\u00e1rrafos\"><strong class=\"Yjhzub\" data-sfc-root=\"c\" data-sfc-cb=\"\" data-processed=\"true\"><span data-sfc-root=\"c\" data-wiz-uids=\"sfNz7e_i\" data-sfc-cb=\"\" data-processed=\"true\">Os recomiendo el Acto del Caragol<\/span><\/strong>, celebrado tradicionalmente el Domingo de Resurrecci\u00f3n. Consiste en una coreograf\u00eda donde los miembros de las hermandades se concentran formando un espiral (caracol) antes de finalizar los desfiles y que se celebra en la Plaza de la Cruz, del Canyamelar.<\/p>\n<p class=\"paragraph\" data-mrf-recirculation=\"Enlaces p\u00e1rrafos\"><b>Lunes de Pascua, 6 de abril de 2026:<\/b><\/p>\n<p class=\"paragraph\" data-mrf-recirculation=\"Enlaces p\u00e1rrafos\">Parroquia Cristo Redentor\u2013San Rafael Arc\u00e1ngel:<\/p>\n<p class=\"paragraph\" data-mrf-recirculation=\"Enlaces p\u00e1rrafos\">19:30 h. Procesi\u00f3n Traslado. La Hermandad del Sant\u00edsimo Cristo del Salvador y del Amparo trasladar\u00e1 su Imagen Titular desde el domicilio agraciado hasta la Parroquia. Itinerario: calle Jos\u00e9 Benlliure n\u00ba 92, calle Arcipreste Gallart, calle Barraca, calle Cura Planelles, calle de la Reina, finalizando en la Parroquia.<\/p>\n<p class=\"paragraph\" data-mrf-recirculation=\"Enlaces p\u00e1rrafos\">Parroquia Santa Mar\u00eda del Mar:<\/p>\n<p class=\"paragraph\" data-mrf-recirculation=\"Enlaces p\u00e1rrafos\">18:30 h. Traslado de la Sant\u00edsima Virgen de los Dolores Coronada desde su local social hasta la Residencia Ballesol.<\/p>\n<p class=\"paragraph\" data-mrf-recirculation=\"Enlaces p\u00e1rrafos\">Parroquia Nuestra Se\u00f1ora de los \u00c1ngeles:<\/p>\n<p class=\"paragraph\" data-mrf-recirculation=\"Enlaces p\u00e1rrafos\">18:00 h. Traslado en procesi\u00f3n de Jes\u00fas atado a la Columna desde la casa agraciada hasta la parroquia.<\/p>\n<p class=\"paragraph\" data-mrf-recirculation=\"Enlaces p\u00e1rrafos\">Itinerario: calle Antonio Juan, n\u00ba 5, calle Vicente Ballester, calle Felipe de Gauna, calle Francisco Eximenis, Parroquia.<\/p>\n<p class=\"paragraph\" data-mrf-recirculation=\"Enlaces p\u00e1rrafos\">19:30 h. Traslado del Sant\u00edsimo Cristo Rey de los Dolores, portado por los j\u00f3venes de la Hermandad, desde la casa agraciada hasta la parroquia. Itinerario: calle Felipe Vives de Ca\u00f1am\u00e1s, n\u00ba 47 bajo, calle Marqu\u00e9s de Guadalest, calle Pedro Maza, calle Remunta, calle Arzobispo Company, calle Pintor Ferrandis, Parroquia de Nuestra Se\u00f1ora de los \u00c1ngeles, donde finalizar\u00e1 el acto.<\/p>\n<p class=\"paragraph\" data-mrf-recirculation=\"Enlaces p\u00e1rrafos\"><b>Martes de Pascua, 7 de abril de 2026:<\/b><\/p>\n<p class=\"paragraph\" data-mrf-recirculation=\"Enlaces p\u00e1rrafos\">Parroquia Nuestra Se\u00f1ora de los \u00c1ngeles:<\/p>\n<p class=\"paragraph\" data-mrf-recirculation=\"Enlaces p\u00e1rrafos\">20:15 h. Traslado de la Vera Cruz, a cargo de la Hermandad del Santo Silencio y Vera Cruz, desde el domicilio del cofrade agraciado hasta la parroquia. Itinerario: calle Felipe Vives de Ca\u00f1am\u00e1s, n\u00ba 38, calle Marqu\u00e9s de Guadalest, calle Ram\u00f3n de Rocafull, calle Antonio Juan, Plaza Iglesia de los \u00c1ngeles, calle Pedro Maza, n\u00ba 26, donde finalizar\u00e1 el acto.<\/p>\n<p class=\"paragraph\" data-mrf-recirculation=\"Enlaces p\u00e1rrafos\"><b>Mi\u00e9rcoles de Pascua, 8 de abril de 2026:<\/b><\/p>\n<p class=\"paragraph\" data-mrf-recirculation=\"Enlaces p\u00e1rrafos\">Parroquia Nuestra Se\u00f1ora de los \u00c1ngeles:<\/p>\n<p class=\"paragraph\" data-mrf-recirculation=\"Enlaces p\u00e1rrafos\">19:30 h. Traslado de la imagen titular del Sant\u00edsimo Cristo del Perd\u00f3n desde la casa del cofrade agraciado hasta la parroquia. Una vez en el interior, oraci\u00f3n y entronizaci\u00f3n de la imagen en el lugar asignado. Itinerario: calle Reina, n\u00ba 228 bajo, calle Pintor Ferrandis, calle Antonio Juan, calle Felipe Vives de Ca\u00f1am\u00e1s, calle Conde de Oliva, calle Ram\u00f3n de Rocafull, calle Conde de Alacu\u00e1s, calle Pedro Maza hasta la parroquia.<\/p>\n<p class=\"paragraph\" data-mrf-recirculation=\"Enlaces p\u00e1rrafos\">20:00 h. Traslado en procesi\u00f3n del Sant\u00edsimo Ecce-Homo desde el domicilio del cofrade agraciado hasta la parroquia. Itinerario: calle Conde de Alacu\u00e1s, n\u00ba 25, calle Ram\u00f3n de Rocafull, calle Vicente Ballester, calle Felipe de Gauna, calle Francisco Eximenis, Parroquia de Nuestra Se\u00f1ora de los \u00c1ngeles.<\/p>\n<p class=\"paragraph\" data-mrf-recirculation=\"Enlaces p\u00e1rrafos\"><b>Jueves de Pascua, 9 de abril de 2026:<\/b><\/p>\n<p class=\"paragraph\" data-mrf-recirculation=\"Enlaces p\u00e1rrafos\">Parroquia Nuestra Se\u00f1ora de los \u00c1ngeles<\/p>\n<p class=\"paragraph\" data-mrf-recirculation=\"Enlaces p\u00e1rrafos\">20:00 h. Traslado en procesi\u00f3n del Sant\u00edsimo Cristo del Salvador, acompa\u00f1ado por su Madre, la Virgen de los Dolores, desde sus casas agraciadas hasta la parroquia. Itinerario: calle Pintor Ferrandis, n\u00ba 25, calle Escalante, calle Marina, calle Conde de Almenara, n\u00ba 17 (incorporaci\u00f3n de la Virgen de los Dolores), calle Felipe Vives de Ca\u00f1am\u00e1s, calle Marqu\u00e9s de Guadalest, calle Pedro Maza, Iglesia de Nuestra Se\u00f1ora de los \u00c1ngeles.<\/p>\n<p data-mrf-recirculation=\"Enlaces p\u00e1rrafos\">\n","protected":false},"excerpt":{"rendered":"<p>Diventres Sant en Val\u00e8ncia. Como no recordar a mi iaia Conxeta tal d\u00eda como hoy?es imposible. Cada noche todos los viernes del a\u00f1o, antes de acostarse, cantaba \u00e9sta canci\u00f3n que me ense\u00f1\u00f3 en cuanto aprend\u00eda a hablar. Y tal d\u00eda como hoy, Viernes Santo, la recitamos juntas cada a\u00f1o, mientras &hellip; <\/p>\n","protected":false},"author":2,"featured_media":8672,"comment_status":"open","ping_status":"open","sticky":false,"template":"","format":"standard","meta":[],"categories":[1,47],"tags":[],"_links":{"self":[{"href":"https:\/\/elcalaixetdelaiaia.es\/index.php?rest_route=\/wp\/v2\/posts\/667"}],"collection":[{"href":"https:\/\/elcalaixetdelaiaia.es\/index.php?rest_route=\/wp\/v2\/posts"}],"about":[{"href":"https:\/\/elcalaixetdelaiaia.es\/index.php?rest_route=\/wp\/v2\/types\/post"}],"author":[{"embeddable":true,"href":"https:\/\/elcalaixetdelaiaia.es\/index.php?rest_route=\/wp\/v2\/users\/2"}],"replies":[{"embeddable":true,"href":"https:\/\/elcalaixetdelaiaia.es\/index.php?rest_route=%2Fwp%2Fv2%2Fcomments&post=667"}],"version-history":[{"count":13,"href":"https:\/\/elcalaixetdelaiaia.es\/index.php?rest_route=\/wp\/v2\/posts\/667\/revisions"}],"predecessor-version":[{"id":29460,"href":"https:\/\/elcalaixetdelaiaia.es\/index.php?rest_route=\/wp\/v2\/posts\/667\/revisions\/29460"}],"wp:featuredmedia":[{"embeddable":true,"href":"https:\/\/elcalaixetdelaiaia.es\/index.php?rest_route=\/wp\/v2\/media\/8672"}],"wp:attachment":[{"href":"https:\/\/elcalaixetdelaiaia.es\/index.php?rest_route=%2Fwp%2Fv2%2Fmedia&parent=667"}],"wp:term":[{"taxonomy":"category","embeddable":true,"href":"https:\/\/elcalaixetdelaiaia.es\/index.php?rest_route=%2Fwp%2Fv2%2Fcategories&post=667"},{"taxonomy":"post_tag","embeddable":true,"href":"https:\/\/elcalaixetdelaiaia.es\/index.php?rest_route=%2Fwp%2Fv2%2Ftags&post=667"}],"curies":[{"name":"wp","href":"https:\/\/api.w.org\/{rel}","templated":true}]}}