{"id":66,"date":"2018-01-22T19:02:11","date_gmt":"2018-01-22T19:02:11","guid":{"rendered":"http:\/\/elcalaixetdelaiaia.es\/?p=66"},"modified":"2024-05-30T15:13:15","modified_gmt":"2024-05-30T15:13:15","slug":"tarta-de-mousse-de-queso-con-gelatina","status":"publish","type":"post","link":"https:\/\/elcalaixetdelaiaia.es\/?p=66","title":{"rendered":"Tarta Eva de mousse de queso con gelatina de violeta paso a paso"},"content":{"rendered":"<p>\u00abRefrany; Violetes a la primavera, bona tardor ens espera\u00bb Violetas en la primavera buen oto\u00f1o nos espera.<\/p>\n<p>Le deb\u00eda una tarta a mi nuera mayor, pero por unas cosas u otras, no coincid\u00edamos \u00faltimamente en sus cumples y no hab\u00eda manera de cumplir con mi promesa.<\/p>\n<p>Habl\u00e1ndolo con mi marido, me dijo que podr\u00eda hacerle la tarta de caramelos de violeta mmmm queee ricoooossss. Los caramelos de violeta me traen unos maravillosos recuerdos.<\/p>\n<p>Primero, mi padre me los tra\u00eda de Madrid cuando iba a ver a su hermano Salvador, una temporada que vivi\u00f3 all\u00ed, hasta que descubri\u00f3 que los vend\u00edan el la casa de Los Caramelos, aqu\u00ed en Valencia, y cada vez que iba al centro ven\u00eda con una paquetito para mi.<\/p>\n<p><img decoding=\"async\" loading=\"lazy\" class=\"alignnone size-large wp-image-15567\" src=\"https:\/\/elcalaixetdelaiaia.es\/wp-content\/uploads\/2018\/01\/IMG_8497-1024x768.png\" alt=\"\" width=\"750\" height=\"563\" srcset=\"https:\/\/elcalaixetdelaiaia.es\/wp-content\/uploads\/2018\/01\/IMG_8497-1024x768.png 1024w, https:\/\/elcalaixetdelaiaia.es\/wp-content\/uploads\/2018\/01\/IMG_8497-300x225.png 300w, https:\/\/elcalaixetdelaiaia.es\/wp-content\/uploads\/2018\/01\/IMG_8497-768x576.png 768w, https:\/\/elcalaixetdelaiaia.es\/wp-content\/uploads\/2018\/01\/IMG_8497.png 1600w\" sizes=\"(max-width: 750px) 100vw, 750px\" \/><\/p>\n<p>Las violetas me encantan, era la flor preferida de mi madre, y en el pueblo, salen salvajes por todos lados, entre rocas, incluso en la paredes y rincones frente a mi casa. Mi marido las regaba siempre, y cada a\u00f1o, nos daban sus flores.<\/p>\n<p>Cuando mi marido estuvo trabajando en el centro de Valencia, como ven\u00eda andando a casa al terminar de trabajar, se pasaba por la calle J\u00e1tiva y muchas veces, me tra\u00eda una cajita de \u00e9sos dulces, hasta que tras 40 a\u00f1os de endulzarnos la vida, la Casa de los Caramelos cerr\u00f3 sus dos tiendas.<\/p>\n<p>Un d\u00eda que tuvo que ir a hacer unas gestiones a Makro lleg\u00f3 todo contento a casa \u00bfa que no sabes lo que he encontrado nena? y con su maravillosa sonrisa, sac\u00f3 de su bolsillo una cajita de caramelos de violeta&#8230; \u00e9sa cajita fue al pueblo para hacerle la tarta a nuestra nuera, pero unas veces por otras&#8230; la tarta sin hacer.<\/p>\n<p><img decoding=\"async\" loading=\"lazy\" class=\"alignnone size-large wp-image-15617\" src=\"https:\/\/elcalaixetdelaiaia.es\/wp-content\/uploads\/2018\/01\/IMG_8879-1024x768.png\" alt=\"\" width=\"750\" height=\"563\" srcset=\"https:\/\/elcalaixetdelaiaia.es\/wp-content\/uploads\/2018\/01\/IMG_8879-1024x768.png 1024w, https:\/\/elcalaixetdelaiaia.es\/wp-content\/uploads\/2018\/01\/IMG_8879-300x225.png 300w, https:\/\/elcalaixetdelaiaia.es\/wp-content\/uploads\/2018\/01\/IMG_8879-768x576.png 768w\" sizes=\"(max-width: 750px) 100vw, 750px\" \/><\/p>\n<p>La primera vez que fui sin mi amor al pueblo, al entrar en casa, vi el botecito de caramelos de violeta, y me dije que de \u00e9se viaje no pasaba, aunque \u00e9l ya no estuviera&#8230; Mi nuera e hijo, bajaban a comprar provisiones a Teruel, les encargu\u00e9 lo necesario, y en complicidad con mis preciosas nietas, nos pusimos manos a la obra, a prepararle de sorpresa la tarta a su mam\u00e1.<\/p>\n<p><img decoding=\"async\" loading=\"lazy\" class=\"alignnone size-large wp-image-15566\" src=\"https:\/\/elcalaixetdelaiaia.es\/wp-content\/uploads\/2018\/01\/paellavalencianaalanenya-1024x768.jpg\" alt=\"\" width=\"750\" height=\"563\" srcset=\"https:\/\/elcalaixetdelaiaia.es\/wp-content\/uploads\/2018\/01\/paellavalencianaalanenya-1024x768.jpg 1024w, https:\/\/elcalaixetdelaiaia.es\/wp-content\/uploads\/2018\/01\/paellavalencianaalanenya-300x225.jpg 300w, https:\/\/elcalaixetdelaiaia.es\/wp-content\/uploads\/2018\/01\/paellavalencianaalanenya-768x576.jpg 768w\" sizes=\"(max-width: 750px) 100vw, 750px\" \/><\/p>\n<p>Hicimos paella de le\u00f1a en el bosque y la llev\u00e9 de postre. Mi hijo pregunt\u00f3 \u00bfque celebra hoy Eva para que le hayas hecho \u00e9sta tarta mam\u00e1? y le dije,\u00bb nada en particular, celebramos con ella, que pap\u00e1 le compr\u00f3 esos caramelos para su tarta hace ya tiempo, celebramos con ella que estamos vivos, y celebramos con ella que estamos juntos \u00bfte parece poco?&#8230;\u00bb<\/p>\n<p>Necesitaremos;<\/p>\n<p><img decoding=\"async\" loading=\"lazy\" class=\"alignnone size-large wp-image-15568\" src=\"https:\/\/elcalaixetdelaiaia.es\/wp-content\/uploads\/2018\/01\/IMG_8534-1024x768.png\" alt=\"\" width=\"750\" height=\"563\" srcset=\"https:\/\/elcalaixetdelaiaia.es\/wp-content\/uploads\/2018\/01\/IMG_8534-1024x768.png 1024w, https:\/\/elcalaixetdelaiaia.es\/wp-content\/uploads\/2018\/01\/IMG_8534-300x225.png 300w, https:\/\/elcalaixetdelaiaia.es\/wp-content\/uploads\/2018\/01\/IMG_8534-768x576.png 768w\" sizes=\"(max-width: 750px) 100vw, 750px\" \/><\/p>\n<p>Para la base de la tarta:<\/p>\n<ol>\n<li>Un paquete de galletas carameladas lotus<\/li>\n<li>100 g de mantequilla<\/li>\n<\/ol>\n<p>Para la mousse:<\/p>\n<ol>\n<li>150 g de caramelos de violetas<\/li>\n<li>Media tarrina de queso Mascarpone<\/li>\n<li>Media tarrina de queso crema tipo Philadelphia<\/li>\n<li>75ml de leche entera<\/li>\n<li>6 l\u00e1minas de gelatina neutra<\/li>\n<li>500g de nata de montar o crema de leche<\/li>\n<\/ol>\n<p>Para la gelatina de violetas:<\/p>\n<ol>\n<li>150ml de agua sin sabor a cloro<\/li>\n<li>200g de caramelos de violeta<\/li>\n<li>3 l\u00e1minas de gelatina neutra<\/li>\n<\/ol>\n<p>Para los adornos:<\/p>\n<ol>\n<li>Fondant blanco<\/li>\n<li>Colorantes alimentarios<\/li>\n<\/ol>\n<p style=\"text-align: center;\"><img decoding=\"async\" loading=\"lazy\" class=\"alignnone size-large wp-image-15569\" src=\"https:\/\/elcalaixetdelaiaia.es\/wp-content\/uploads\/2018\/01\/IMG_8535-1024x768.png\" alt=\"\" width=\"750\" height=\"563\" srcset=\"https:\/\/elcalaixetdelaiaia.es\/wp-content\/uploads\/2018\/01\/IMG_8535-1024x768.png 1024w, https:\/\/elcalaixetdelaiaia.es\/wp-content\/uploads\/2018\/01\/IMG_8535-300x225.png 300w, https:\/\/elcalaixetdelaiaia.es\/wp-content\/uploads\/2018\/01\/IMG_8535-768x576.png 768w\" sizes=\"(max-width: 750px) 100vw, 750px\" \/><\/p>\n<p style=\"text-align: center;\">Lo primero que tendremos que hacer ser\u00e1 triturar las galletas. Estas son un peligro, las ni\u00f1as abr\u00edan un paquete y se com\u00edan una y dejaban dos \u00a1menos mal que las conozco y encargu\u00e9 galletas de mas! nos encantan \u00e9stas galletas, tambi\u00e9n conocidas como Speculoos, ya os dar\u00e9 la receta para hcerlas en casa \ud83d\ude09<\/p>\n<p style=\"text-align: center;\"><img decoding=\"async\" loading=\"lazy\" class=\"alignnone size-large wp-image-15570\" src=\"https:\/\/elcalaixetdelaiaia.es\/wp-content\/uploads\/2018\/01\/IMG_8536-1024x768.png\" alt=\"\" width=\"750\" height=\"563\" srcset=\"https:\/\/elcalaixetdelaiaia.es\/wp-content\/uploads\/2018\/01\/IMG_8536-1024x768.png 1024w, https:\/\/elcalaixetdelaiaia.es\/wp-content\/uploads\/2018\/01\/IMG_8536-300x225.png 300w, https:\/\/elcalaixetdelaiaia.es\/wp-content\/uploads\/2018\/01\/IMG_8536-768x576.png 768w\" sizes=\"(max-width: 750px) 100vw, 750px\" \/><\/p>\n<p style=\"text-align: center;\">Las podemos picar en la picadora o pasarles el rodillo tras haberlas puestas en una bolsa limpia.<\/p>\n<p style=\"text-align: center;\">Aprovechamos ahora para poner en el congelador la nata, las varillas y el bol donde la vayamos a montar, para que vaya cogiendo fr\u00edo y monte r\u00e1pido y bien.<\/p>\n<p style=\"text-align: center;\"><img decoding=\"async\" loading=\"lazy\" class=\"alignnone size-large wp-image-15571\" src=\"https:\/\/elcalaixetdelaiaia.es\/wp-content\/uploads\/2018\/01\/IMG_8537-1024x768.png\" alt=\"\" width=\"750\" height=\"563\" srcset=\"https:\/\/elcalaixetdelaiaia.es\/wp-content\/uploads\/2018\/01\/IMG_8537-1024x768.png 1024w, https:\/\/elcalaixetdelaiaia.es\/wp-content\/uploads\/2018\/01\/IMG_8537-300x225.png 300w, https:\/\/elcalaixetdelaiaia.es\/wp-content\/uploads\/2018\/01\/IMG_8537-768x576.png 768w\" sizes=\"(max-width: 750px) 100vw, 750px\" \/><\/p>\n<p style=\"text-align: center;\">Fundimos la mantequilla en el microondas<\/p>\n<p style=\"text-align: center;\"><img decoding=\"async\" loading=\"lazy\" class=\"alignnone size-large wp-image-15572\" src=\"https:\/\/elcalaixetdelaiaia.es\/wp-content\/uploads\/2018\/01\/IMG_8538-1024x768.png\" alt=\"\" width=\"750\" height=\"563\" srcset=\"https:\/\/elcalaixetdelaiaia.es\/wp-content\/uploads\/2018\/01\/IMG_8538-1024x768.png 1024w, https:\/\/elcalaixetdelaiaia.es\/wp-content\/uploads\/2018\/01\/IMG_8538-300x225.png 300w, https:\/\/elcalaixetdelaiaia.es\/wp-content\/uploads\/2018\/01\/IMG_8538-768x576.png 768w\" sizes=\"(max-width: 750px) 100vw, 750px\" \/><\/p>\n<p style=\"text-align: center;\">y la mezclamos con las galletas, nos quedar\u00e1 con el aspecto de arena mojada.<\/p>\n<p style=\"text-align: center;\"><img decoding=\"async\" loading=\"lazy\" class=\"alignnone size-large wp-image-15573\" src=\"https:\/\/elcalaixetdelaiaia.es\/wp-content\/uploads\/2018\/01\/IMG_8539-1024x768.png\" alt=\"\" width=\"750\" height=\"563\" srcset=\"https:\/\/elcalaixetdelaiaia.es\/wp-content\/uploads\/2018\/01\/IMG_8539-1024x768.png 1024w, https:\/\/elcalaixetdelaiaia.es\/wp-content\/uploads\/2018\/01\/IMG_8539-300x225.png 300w, https:\/\/elcalaixetdelaiaia.es\/wp-content\/uploads\/2018\/01\/IMG_8539-768x576.png 768w\" sizes=\"(max-width: 750px) 100vw, 750px\" \/><\/p>\n<p style=\"text-align: center;\">En un molde desmontable, ponemos papel sulfurizado o de horno sobre la base, y cerramos pinzando bien.<\/p>\n<p style=\"text-align: center;\">Us\u00e9 un molde de 23cm.<\/p>\n<p style=\"text-align: center;\"><img decoding=\"async\" loading=\"lazy\" class=\"alignnone size-large wp-image-15574\" src=\"https:\/\/elcalaixetdelaiaia.es\/wp-content\/uploads\/2018\/01\/IMG_8540-1024x768.png\" alt=\"\" width=\"750\" height=\"563\" srcset=\"https:\/\/elcalaixetdelaiaia.es\/wp-content\/uploads\/2018\/01\/IMG_8540-1024x768.png 1024w, https:\/\/elcalaixetdelaiaia.es\/wp-content\/uploads\/2018\/01\/IMG_8540-300x225.png 300w, https:\/\/elcalaixetdelaiaia.es\/wp-content\/uploads\/2018\/01\/IMG_8540-768x576.png 768w, https:\/\/elcalaixetdelaiaia.es\/wp-content\/uploads\/2018\/01\/IMG_8540.png 2048w\" sizes=\"(max-width: 750px) 100vw, 750px\" \/><\/p>\n<p style=\"text-align: center;\">repartiremos la galleta con mantequilla presionando y procurando que quede lo mas nivelada posible (me acabo de dar cuenta de que le peque, se estaba zampando otra galleta jajajajajaja)<\/p>\n<p style=\"text-align: center;\"><img decoding=\"async\" loading=\"lazy\" class=\"alignnone size-large wp-image-15575\" src=\"https:\/\/elcalaixetdelaiaia.es\/wp-content\/uploads\/2018\/01\/IMG_8611-1024x768.png\" alt=\"\" width=\"750\" height=\"563\" srcset=\"https:\/\/elcalaixetdelaiaia.es\/wp-content\/uploads\/2018\/01\/IMG_8611-1024x768.png 1024w, https:\/\/elcalaixetdelaiaia.es\/wp-content\/uploads\/2018\/01\/IMG_8611-300x225.png 300w, https:\/\/elcalaixetdelaiaia.es\/wp-content\/uploads\/2018\/01\/IMG_8611-768x576.png 768w\" sizes=\"(max-width: 750px) 100vw, 750px\" \/><\/p>\n<p style=\"text-align: center;\">En \u00e9ste tipo de tartas sin horno, me gusta poner una l\u00e1mina de acetato alrededor de las paredes del molde, de esta manera me aseguro un buen desmoldado y suficiente capacidad para la mezcla. (Lo podr\u00e9is encontrar en Amazon)<\/p>\n<p style=\"text-align: center;\">El siguiente paso es preparar la mousse, mientras lo hacemos, pondremos el molde en el frigo para que la galleta se vaya quedando durita y crujiente<\/p>\n<p style=\"text-align: center;\"><img decoding=\"async\" loading=\"lazy\" class=\"alignnone size-large wp-image-15576\" src=\"https:\/\/elcalaixetdelaiaia.es\/wp-content\/uploads\/2018\/01\/IMG_8613-1024x768.png\" alt=\"\" width=\"750\" height=\"563\" srcset=\"https:\/\/elcalaixetdelaiaia.es\/wp-content\/uploads\/2018\/01\/IMG_8613-1024x768.png 1024w, https:\/\/elcalaixetdelaiaia.es\/wp-content\/uploads\/2018\/01\/IMG_8613-300x225.png 300w, https:\/\/elcalaixetdelaiaia.es\/wp-content\/uploads\/2018\/01\/IMG_8613-768x576.png 768w, https:\/\/elcalaixetdelaiaia.es\/wp-content\/uploads\/2018\/01\/IMG_8613.png 2048w\" sizes=\"(max-width: 750px) 100vw, 750px\" \/><\/p>\n<p style=\"text-align: center;\">Sacamos del congelador las varillas, las colocamos en la batidora y la nata en el bol (recordad que lo ten\u00edamos todo en el congelador)<\/p>\n<p style=\"text-align: center;\"><img decoding=\"async\" loading=\"lazy\" class=\"alignnone size-large wp-image-15578\" src=\"https:\/\/elcalaixetdelaiaia.es\/wp-content\/uploads\/2018\/01\/IMG_8616-1024x768.png\" alt=\"\" width=\"750\" height=\"563\" srcset=\"https:\/\/elcalaixetdelaiaia.es\/wp-content\/uploads\/2018\/01\/IMG_8616-1024x768.png 1024w, https:\/\/elcalaixetdelaiaia.es\/wp-content\/uploads\/2018\/01\/IMG_8616-300x225.png 300w, https:\/\/elcalaixetdelaiaia.es\/wp-content\/uploads\/2018\/01\/IMG_8616-768x576.png 768w, https:\/\/elcalaixetdelaiaia.es\/wp-content\/uploads\/2018\/01\/IMG_8616.png 2048w\" sizes=\"(max-width: 750px) 100vw, 750px\" \/><\/p>\n<div style=\"text-align: center;\">y montamos la nata<\/div>\n<div style=\"text-align: center;\"><\/div>\n<div style=\"text-align: center;\"><img decoding=\"async\" loading=\"lazy\" class=\"alignnone size-large wp-image-15577\" src=\"https:\/\/elcalaixetdelaiaia.es\/wp-content\/uploads\/2018\/01\/IMG_8615-1024x768.png\" alt=\"\" width=\"750\" height=\"563\" srcset=\"https:\/\/elcalaixetdelaiaia.es\/wp-content\/uploads\/2018\/01\/IMG_8615-1024x768.png 1024w, https:\/\/elcalaixetdelaiaia.es\/wp-content\/uploads\/2018\/01\/IMG_8615-300x225.png 300w, https:\/\/elcalaixetdelaiaia.es\/wp-content\/uploads\/2018\/01\/IMG_8615-768x576.png 768w, https:\/\/elcalaixetdelaiaia.es\/wp-content\/uploads\/2018\/01\/IMG_8615.png 2048w\" sizes=\"(max-width: 750px) 100vw, 750px\" \/><\/div>\n<p style=\"text-align: center;\">iremos integrando poco a poco las dos cremas de queso con movimientos envolventes procurando que baje lo m\u00ednimo y pondremos el bol en el congelador mientras que<\/p>\n<p style=\"text-align: center;\"><img decoding=\"async\" loading=\"lazy\" class=\"alignnone size-large wp-image-15579\" src=\"https:\/\/elcalaixetdelaiaia.es\/wp-content\/uploads\/2018\/01\/IMG_8617-1024x768.png\" alt=\"\" width=\"750\" height=\"563\" srcset=\"https:\/\/elcalaixetdelaiaia.es\/wp-content\/uploads\/2018\/01\/IMG_8617-1024x768.png 1024w, https:\/\/elcalaixetdelaiaia.es\/wp-content\/uploads\/2018\/01\/IMG_8617-300x225.png 300w, https:\/\/elcalaixetdelaiaia.es\/wp-content\/uploads\/2018\/01\/IMG_8617-768x576.png 768w, https:\/\/elcalaixetdelaiaia.es\/wp-content\/uploads\/2018\/01\/IMG_8617.png 2048w\" sizes=\"(max-width: 750px) 100vw, 750px\" \/><\/p>\n<p style=\"text-align: center;\">trituramos los caramelos, yo lo hice con una picadora de hielo que me compr\u00f3 mi madre cuando me cas\u00e9<\/p>\n<p style=\"text-align: center;\"><img decoding=\"async\" loading=\"lazy\" class=\"alignnone size-large wp-image-15580\" src=\"https:\/\/elcalaixetdelaiaia.es\/wp-content\/uploads\/2018\/01\/IMG_8618-1024x768.png\" alt=\"\" width=\"750\" height=\"563\" srcset=\"https:\/\/elcalaixetdelaiaia.es\/wp-content\/uploads\/2018\/01\/IMG_8618-1024x768.png 1024w, https:\/\/elcalaixetdelaiaia.es\/wp-content\/uploads\/2018\/01\/IMG_8618-300x225.png 300w, https:\/\/elcalaixetdelaiaia.es\/wp-content\/uploads\/2018\/01\/IMG_8618-768x576.png 768w, https:\/\/elcalaixetdelaiaia.es\/wp-content\/uploads\/2018\/01\/IMG_8618.png 2048w\" sizes=\"(max-width: 750px) 100vw, 750px\" \/><\/p>\n<p style=\"text-align: center;\">pero pod\u00e9is utilizar cualquier picadora, la Iber, la Thermomix e incluso un molinillo de caf\u00e9. \u00bfVerdad que el colorido es precioso? me encanta el color p\u00farpura.<\/p>\n<p style=\"text-align: center;\">Quiz\u00e1s os pregunt\u00e9is porque no hemos comenzando picando los caramelos y tenerlos listos para a\u00f1adir ahora,<\/p>\n<p style=\"text-align: center;\"><img decoding=\"async\" loading=\"lazy\" class=\"alignnone size-large wp-image-15581\" src=\"https:\/\/elcalaixetdelaiaia.es\/wp-content\/uploads\/2018\/01\/IMG_8619-1024x768.png\" alt=\"\" width=\"750\" height=\"563\" srcset=\"https:\/\/elcalaixetdelaiaia.es\/wp-content\/uploads\/2018\/01\/IMG_8619-1024x768.png 1024w, https:\/\/elcalaixetdelaiaia.es\/wp-content\/uploads\/2018\/01\/IMG_8619-300x225.png 300w, https:\/\/elcalaixetdelaiaia.es\/wp-content\/uploads\/2018\/01\/IMG_8619-768x576.png 768w, https:\/\/elcalaixetdelaiaia.es\/wp-content\/uploads\/2018\/01\/IMG_8619.png 2048w\" sizes=\"(max-width: 750px) 100vw, 750px\" \/><\/p>\n<p style=\"text-align: center;\">pues sencillamente porque en cuanto pasan dos minutos triturados, se ponen como una piedra, as\u00ed que hay que pulverizarlos en el momento y a\u00f1adirlos de inmediato a la crema que tenemos en el frigo<\/p>\n<p style=\"text-align: center;\"><img decoding=\"async\" loading=\"lazy\" class=\"alignnone size-large wp-image-15582\" src=\"https:\/\/elcalaixetdelaiaia.es\/wp-content\/uploads\/2018\/01\/IMG_8620-1024x768.png\" alt=\"\" width=\"750\" height=\"563\" srcset=\"https:\/\/elcalaixetdelaiaia.es\/wp-content\/uploads\/2018\/01\/IMG_8620-1024x768.png 1024w, https:\/\/elcalaixetdelaiaia.es\/wp-content\/uploads\/2018\/01\/IMG_8620-300x225.png 300w, https:\/\/elcalaixetdelaiaia.es\/wp-content\/uploads\/2018\/01\/IMG_8620-768x576.png 768w, https:\/\/elcalaixetdelaiaia.es\/wp-content\/uploads\/2018\/01\/IMG_8620.png 2048w\" sizes=\"(max-width: 750px) 100vw, 750px\" \/><\/p>\n<p style=\"text-align: center;\">pondremos a hidratar las l\u00e1minas seg\u00fan indique el fabricante<\/p>\n<p style=\"text-align: center;\"><img decoding=\"async\" loading=\"lazy\" class=\"alignnone size-large wp-image-15583\" src=\"https:\/\/elcalaixetdelaiaia.es\/wp-content\/uploads\/2018\/01\/IMG_8622-1024x768.png\" alt=\"\" width=\"750\" height=\"563\" srcset=\"https:\/\/elcalaixetdelaiaia.es\/wp-content\/uploads\/2018\/01\/IMG_8622-1024x768.png 1024w, https:\/\/elcalaixetdelaiaia.es\/wp-content\/uploads\/2018\/01\/IMG_8622-300x225.png 300w, https:\/\/elcalaixetdelaiaia.es\/wp-content\/uploads\/2018\/01\/IMG_8622-768x576.png 768w\" sizes=\"(max-width: 750px) 100vw, 750px\" \/><\/p>\n<p style=\"text-align: center;\">ponemos la leche a calentar al fuego en un cazo<\/p>\n<p style=\"text-align: center;\"><img decoding=\"async\" loading=\"lazy\" class=\"alignnone size-large wp-image-15584\" src=\"https:\/\/elcalaixetdelaiaia.es\/wp-content\/uploads\/2018\/01\/IMG_8623-1024x768.png\" alt=\"\" width=\"750\" height=\"563\" srcset=\"https:\/\/elcalaixetdelaiaia.es\/wp-content\/uploads\/2018\/01\/IMG_8623-1024x768.png 1024w, https:\/\/elcalaixetdelaiaia.es\/wp-content\/uploads\/2018\/01\/IMG_8623-300x225.png 300w, https:\/\/elcalaixetdelaiaia.es\/wp-content\/uploads\/2018\/01\/IMG_8623-768x576.png 768w\" sizes=\"(max-width: 750px) 100vw, 750px\" \/><\/p>\n<div style=\"text-align: center;\">escurrimos muy muy bien las l\u00e1minas de gelatina, ya hidratadas<\/div>\n<div style=\"text-align: center;\"><\/div>\n<div style=\"text-align: center;\"><img decoding=\"async\" loading=\"lazy\" class=\"alignnone size-large wp-image-15585\" src=\"https:\/\/elcalaixetdelaiaia.es\/wp-content\/uploads\/2018\/01\/IMG_8624-1024x768.png\" alt=\"\" width=\"750\" height=\"563\" srcset=\"https:\/\/elcalaixetdelaiaia.es\/wp-content\/uploads\/2018\/01\/IMG_8624-1024x768.png 1024w, https:\/\/elcalaixetdelaiaia.es\/wp-content\/uploads\/2018\/01\/IMG_8624-300x225.png 300w, https:\/\/elcalaixetdelaiaia.es\/wp-content\/uploads\/2018\/01\/IMG_8624-768x576.png 768w, https:\/\/elcalaixetdelaiaia.es\/wp-content\/uploads\/2018\/01\/IMG_8624.png 2048w\" sizes=\"(max-width: 750px) 100vw, 750px\" \/><\/div>\n<div style=\"text-align: center;\"><\/div>\n<div style=\"text-align: center;\">retiramos del fuego el cazo con la leche caliente, que no ha de llegar a hervir, y a\u00f1adimos la gelatina hasta que se disuelva<\/div>\n<div style=\"text-align: center;\"><\/div>\n<div style=\"text-align: center;\"><img decoding=\"async\" loading=\"lazy\" class=\"alignnone size-large wp-image-15586\" src=\"https:\/\/elcalaixetdelaiaia.es\/wp-content\/uploads\/2018\/01\/IMG_8625-1024x768.png\" alt=\"\" width=\"750\" height=\"563\" srcset=\"https:\/\/elcalaixetdelaiaia.es\/wp-content\/uploads\/2018\/01\/IMG_8625-1024x768.png 1024w, https:\/\/elcalaixetdelaiaia.es\/wp-content\/uploads\/2018\/01\/IMG_8625-300x225.png 300w, https:\/\/elcalaixetdelaiaia.es\/wp-content\/uploads\/2018\/01\/IMG_8625-768x576.png 768w, https:\/\/elcalaixetdelaiaia.es\/wp-content\/uploads\/2018\/01\/IMG_8625.png 2048w\" sizes=\"(max-width: 750px) 100vw, 750px\" \/><\/div>\n<div style=\"text-align: center;\"><\/div>\n<div class=\"separator\" style=\"clear: both; text-align: center;\">una vez disuelta, la mezclaremos<\/div>\n<div style=\"text-align: center;\"><\/div>\n<div style=\"text-align: center;\"><img decoding=\"async\" loading=\"lazy\" class=\"alignnone size-large wp-image-15587\" src=\"https:\/\/elcalaixetdelaiaia.es\/wp-content\/uploads\/2018\/01\/IMG_8626-1024x768.png\" alt=\"\" width=\"750\" height=\"563\" srcset=\"https:\/\/elcalaixetdelaiaia.es\/wp-content\/uploads\/2018\/01\/IMG_8626-1024x768.png 1024w, https:\/\/elcalaixetdelaiaia.es\/wp-content\/uploads\/2018\/01\/IMG_8626-300x225.png 300w, https:\/\/elcalaixetdelaiaia.es\/wp-content\/uploads\/2018\/01\/IMG_8626-768x576.png 768w\" sizes=\"(max-width: 750px) 100vw, 750px\" \/><\/div>\n<p style=\"text-align: center;\">con la crema, con mucho cuidado, para que no se nos baje<\/p>\n<p style=\"text-align: center;\"><img decoding=\"async\" loading=\"lazy\" class=\"alignnone size-large wp-image-15588\" src=\"https:\/\/elcalaixetdelaiaia.es\/wp-content\/uploads\/2018\/01\/IMG_8627-1024x768.png\" alt=\"\" width=\"750\" height=\"563\" srcset=\"https:\/\/elcalaixetdelaiaia.es\/wp-content\/uploads\/2018\/01\/IMG_8627-1024x768.png 1024w, https:\/\/elcalaixetdelaiaia.es\/wp-content\/uploads\/2018\/01\/IMG_8627-300x225.png 300w, https:\/\/elcalaixetdelaiaia.es\/wp-content\/uploads\/2018\/01\/IMG_8627-768x576.png 768w, https:\/\/elcalaixetdelaiaia.es\/wp-content\/uploads\/2018\/01\/IMG_8627.png 2048w\" sizes=\"(max-width: 750px) 100vw, 750px\" \/><\/p>\n<p style=\"text-align: center;\">A\u00f1adimos a\u00a0la nata montada\u00a0 y mezclamos bien, para que quede bien distribuida la gelatina.<\/p>\n<p style=\"text-align: center;\"><img decoding=\"async\" loading=\"lazy\" class=\"alignnone size-large wp-image-15589\" src=\"https:\/\/elcalaixetdelaiaia.es\/wp-content\/uploads\/2018\/01\/IMG_8628-1024x768.png\" alt=\"\" width=\"750\" height=\"563\" srcset=\"https:\/\/elcalaixetdelaiaia.es\/wp-content\/uploads\/2018\/01\/IMG_8628-1024x768.png 1024w, https:\/\/elcalaixetdelaiaia.es\/wp-content\/uploads\/2018\/01\/IMG_8628-300x225.png 300w, https:\/\/elcalaixetdelaiaia.es\/wp-content\/uploads\/2018\/01\/IMG_8628-768x576.png 768w, https:\/\/elcalaixetdelaiaia.es\/wp-content\/uploads\/2018\/01\/IMG_8628.png 2048w\" sizes=\"(max-width: 750px) 100vw, 750px\" \/><\/p>\n<p style=\"text-align: center;\">repartimos la mezcla en el molde y la ponemos de nuevo en el frigo, donde ha de estar un par de horas como m\u00ednimo para que quede cuajada.<\/p>\n<p style=\"text-align: center;\">Esta tarta no tiene complicaci\u00f3n, y todo la hace el frigo, pero necesita sus tiempos para que salga bien.<\/p>\n<p style=\"text-align: center;\">Pasadas dos, o tres horas mejor, prepararemos la gelatina de cobertura.<\/p>\n<p style=\"text-align: center;\"><img decoding=\"async\" loading=\"lazy\" class=\"alignnone size-large wp-image-15591\" src=\"https:\/\/elcalaixetdelaiaia.es\/wp-content\/uploads\/2018\/01\/IMG_8757-1024x768.png\" alt=\"\" width=\"750\" height=\"563\" srcset=\"https:\/\/elcalaixetdelaiaia.es\/wp-content\/uploads\/2018\/01\/IMG_8757-1024x768.png 1024w, https:\/\/elcalaixetdelaiaia.es\/wp-content\/uploads\/2018\/01\/IMG_8757-300x225.png 300w, https:\/\/elcalaixetdelaiaia.es\/wp-content\/uploads\/2018\/01\/IMG_8757-768x576.png 768w, https:\/\/elcalaixetdelaiaia.es\/wp-content\/uploads\/2018\/01\/IMG_8757.png 2048w\" sizes=\"(max-width: 750px) 100vw, 750px\" \/><\/p>\n<p style=\"text-align: center;\">ponemos las otras tres l\u00e1minas de gelatina a hidratar seg\u00fan las indicaciones del fabricante<\/p>\n<p style=\"text-align: center;\"><img decoding=\"async\" loading=\"lazy\" class=\"alignnone size-large wp-image-15592\" src=\"https:\/\/elcalaixetdelaiaia.es\/wp-content\/uploads\/2018\/01\/IMG_8758-1024x768.png\" alt=\"\" width=\"750\" height=\"563\" srcset=\"https:\/\/elcalaixetdelaiaia.es\/wp-content\/uploads\/2018\/01\/IMG_8758-1024x768.png 1024w, https:\/\/elcalaixetdelaiaia.es\/wp-content\/uploads\/2018\/01\/IMG_8758-300x225.png 300w, https:\/\/elcalaixetdelaiaia.es\/wp-content\/uploads\/2018\/01\/IMG_8758-768x576.png 768w, https:\/\/elcalaixetdelaiaia.es\/wp-content\/uploads\/2018\/01\/IMG_8758.png 2048w\" sizes=\"(max-width: 750px) 100vw, 750px\" \/><\/p>\n<p style=\"text-align: center;\">150ml de agua en un cazo al fuego<\/p>\n<p style=\"text-align: center;\"><img decoding=\"async\" loading=\"lazy\" class=\"alignnone size-large wp-image-15593\" src=\"https:\/\/elcalaixetdelaiaia.es\/wp-content\/uploads\/2018\/01\/IMG_8759-1024x768.png\" alt=\"\" width=\"750\" height=\"563\" srcset=\"https:\/\/elcalaixetdelaiaia.es\/wp-content\/uploads\/2018\/01\/IMG_8759-1024x768.png 1024w, https:\/\/elcalaixetdelaiaia.es\/wp-content\/uploads\/2018\/01\/IMG_8759-300x225.png 300w, https:\/\/elcalaixetdelaiaia.es\/wp-content\/uploads\/2018\/01\/IMG_8759-768x576.png 768w, https:\/\/elcalaixetdelaiaia.es\/wp-content\/uploads\/2018\/01\/IMG_8759.png 2048w\" sizes=\"(max-width: 750px) 100vw, 750px\" \/><\/p>\n<p style=\"text-align: center;\">y el resto de caramelitos, que ser\u00e1n 200g<\/p>\n<p style=\"text-align: center;\"><img decoding=\"async\" loading=\"lazy\" class=\"alignnone size-large wp-image-15594\" src=\"https:\/\/elcalaixetdelaiaia.es\/wp-content\/uploads\/2018\/01\/IMG_8760-1024x768.png\" alt=\"\" width=\"750\" height=\"563\" srcset=\"https:\/\/elcalaixetdelaiaia.es\/wp-content\/uploads\/2018\/01\/IMG_8760-1024x768.png 1024w, https:\/\/elcalaixetdelaiaia.es\/wp-content\/uploads\/2018\/01\/IMG_8760-300x225.png 300w, https:\/\/elcalaixetdelaiaia.es\/wp-content\/uploads\/2018\/01\/IMG_8760-768x576.png 768w, https:\/\/elcalaixetdelaiaia.es\/wp-content\/uploads\/2018\/01\/IMG_8760.png 2048w\" sizes=\"(max-width: 750px) 100vw, 750px\" \/><\/p>\n<p style=\"text-align: center;\">iremos removiendo, al principio nos costar\u00e1 un poco<\/p>\n<p style=\"text-align: center;\"><img decoding=\"async\" loading=\"lazy\" class=\"alignnone size-large wp-image-15595\" src=\"https:\/\/elcalaixetdelaiaia.es\/wp-content\/uploads\/2018\/01\/IMG_8761-1024x768.jpg\" alt=\"\" width=\"750\" height=\"563\" srcset=\"https:\/\/elcalaixetdelaiaia.es\/wp-content\/uploads\/2018\/01\/IMG_8761-1024x768.jpg 1024w, https:\/\/elcalaixetdelaiaia.es\/wp-content\/uploads\/2018\/01\/IMG_8761-300x225.jpg 300w, https:\/\/elcalaixetdelaiaia.es\/wp-content\/uploads\/2018\/01\/IMG_8761-768x576.jpg 768w, https:\/\/elcalaixetdelaiaia.es\/wp-content\/uploads\/2018\/01\/IMG_8761.jpg 2048w\" sizes=\"(max-width: 750px) 100vw, 750px\" \/><\/p>\n<p style=\"text-align: center;\">pero poco a poco iremos viendo como se disuelven los caramelos y se hace una pasta. Mis nenas se han precipitado en echar los caramelos en el agua, hab\u00eda que haberlos pulverizado primero, pero vamos, no pasa nada, un poco mas movimiento de mu\u00f1eca y ya est\u00e1 jeje<\/p>\n<p style=\"text-align: center;\"><img decoding=\"async\" loading=\"lazy\" class=\"alignnone size-large wp-image-15596\" src=\"https:\/\/elcalaixetdelaiaia.es\/wp-content\/uploads\/2018\/01\/IMG_8762-1024x768.png\" alt=\"\" width=\"750\" height=\"563\" srcset=\"https:\/\/elcalaixetdelaiaia.es\/wp-content\/uploads\/2018\/01\/IMG_8762-1024x768.png 1024w, https:\/\/elcalaixetdelaiaia.es\/wp-content\/uploads\/2018\/01\/IMG_8762-300x225.png 300w, https:\/\/elcalaixetdelaiaia.es\/wp-content\/uploads\/2018\/01\/IMG_8762-768x576.png 768w\" sizes=\"(max-width: 750px) 100vw, 750px\" \/><\/p>\n<p style=\"text-align: center;\">hasta que llegue a alcanzar los 100\u00ba cent\u00edgrados, y sacamos del fuego<\/p>\n<p style=\"text-align: center;\"><img decoding=\"async\" loading=\"lazy\" class=\"alignnone size-large wp-image-15599\" src=\"https:\/\/elcalaixetdelaiaia.es\/wp-content\/uploads\/2018\/01\/IMG_8765-1024x768.png\" alt=\"\" width=\"750\" height=\"563\" srcset=\"https:\/\/elcalaixetdelaiaia.es\/wp-content\/uploads\/2018\/01\/IMG_8765-1024x768.png 1024w, https:\/\/elcalaixetdelaiaia.es\/wp-content\/uploads\/2018\/01\/IMG_8765-300x225.png 300w, https:\/\/elcalaixetdelaiaia.es\/wp-content\/uploads\/2018\/01\/IMG_8765-768x576.png 768w, https:\/\/elcalaixetdelaiaia.es\/wp-content\/uploads\/2018\/01\/IMG_8765.png 2048w\" sizes=\"(max-width: 750px) 100vw, 750px\" \/><\/p>\n<p style=\"text-align: center;\">escurrimos muy muy bien las l\u00e1minas de gelatina<\/p>\n<p style=\"text-align: center;\"><img decoding=\"async\" loading=\"lazy\" class=\"alignnone size-large wp-image-15598\" src=\"https:\/\/elcalaixetdelaiaia.es\/wp-content\/uploads\/2018\/01\/IMG_8764-1024x768.png\" alt=\"\" width=\"750\" height=\"563\" srcset=\"https:\/\/elcalaixetdelaiaia.es\/wp-content\/uploads\/2018\/01\/IMG_8764-1024x768.png 1024w, https:\/\/elcalaixetdelaiaia.es\/wp-content\/uploads\/2018\/01\/IMG_8764-300x225.png 300w, https:\/\/elcalaixetdelaiaia.es\/wp-content\/uploads\/2018\/01\/IMG_8764-768x576.png 768w, https:\/\/elcalaixetdelaiaia.es\/wp-content\/uploads\/2018\/01\/IMG_8764.png 2048w\" sizes=\"(max-width: 750px) 100vw, 750px\" \/><\/p>\n<p style=\"text-align: center;\">que no quede agua y la a\u00f1adiremos a la mezcla disolviendo bien, ahora es importante que la gelatina se enfr\u00ede en su justa medida, pues si la pusi\u00e9ramos ahora sobre la tarta, se estropear\u00eda todo, pero si la dejamos enfriar demasiado, ya se habr\u00eda cuajado demasiado y no la podr\u00edamos usar<\/p>\n<p style=\"text-align: center;\"><img decoding=\"async\" loading=\"lazy\" class=\"alignnone size-large wp-image-15600\" src=\"https:\/\/elcalaixetdelaiaia.es\/wp-content\/uploads\/2018\/01\/IMG_8766-1024x768.png\" alt=\"\" width=\"750\" height=\"563\" srcset=\"https:\/\/elcalaixetdelaiaia.es\/wp-content\/uploads\/2018\/01\/IMG_8766-1024x768.png 1024w, https:\/\/elcalaixetdelaiaia.es\/wp-content\/uploads\/2018\/01\/IMG_8766-300x225.png 300w, https:\/\/elcalaixetdelaiaia.es\/wp-content\/uploads\/2018\/01\/IMG_8766-768x576.png 768w, https:\/\/elcalaixetdelaiaia.es\/wp-content\/uploads\/2018\/01\/IMG_8766.png 2048w\" sizes=\"(max-width: 750px) 100vw, 750px\" \/><\/p>\n<p style=\"text-align: center;\">Debemos dejarla enfriar hasta los 37\u00ba cent\u00edgrados y es el momento de<\/p>\n<p style=\"text-align: center;\"><img decoding=\"async\" loading=\"lazy\" class=\"alignnone size-large wp-image-15601\" src=\"https:\/\/elcalaixetdelaiaia.es\/wp-content\/uploads\/2018\/01\/IMG_8768-1024x768.jpg\" alt=\"\" width=\"750\" height=\"563\" srcset=\"https:\/\/elcalaixetdelaiaia.es\/wp-content\/uploads\/2018\/01\/IMG_8768-1024x768.jpg 1024w, https:\/\/elcalaixetdelaiaia.es\/wp-content\/uploads\/2018\/01\/IMG_8768-300x225.jpg 300w, https:\/\/elcalaixetdelaiaia.es\/wp-content\/uploads\/2018\/01\/IMG_8768-768x576.jpg 768w, https:\/\/elcalaixetdelaiaia.es\/wp-content\/uploads\/2018\/01\/IMG_8768.jpg 2048w\" sizes=\"(max-width: 750px) 100vw, 750px\" \/><\/p>\n<p style=\"text-align: center;\">sacar el molde del frigo y a\u00f1adir la capa de gelatina. Sin moverla mucho, la dejaremos de nuevo en el frigo, lo ideal de un d\u00eda para otro. Como m\u00ednimo 6 horas .<\/p>\n<div style=\"margin-bottom: 0cm; text-align: center;\"><img decoding=\"async\" loading=\"lazy\" class=\"alignnone size-large wp-image-15602\" src=\"https:\/\/elcalaixetdelaiaia.es\/wp-content\/uploads\/2018\/01\/IMG_8786-copia-906x1024.jpg\" alt=\"\" width=\"750\" height=\"848\" srcset=\"https:\/\/elcalaixetdelaiaia.es\/wp-content\/uploads\/2018\/01\/IMG_8786-copia-906x1024.jpg 906w, https:\/\/elcalaixetdelaiaia.es\/wp-content\/uploads\/2018\/01\/IMG_8786-copia-266x300.jpg 266w, https:\/\/elcalaixetdelaiaia.es\/wp-content\/uploads\/2018\/01\/IMG_8786-copia-768x868.jpg 768w\" sizes=\"(max-width: 750px) 100vw, 750px\" \/><\/div>\n<div style=\"text-align: center;\"><\/div>\n<div style=\"text-align: center;\">Mis ni\u00f1as tuvieron tiempo mas que suficiente para preparar la decoraci\u00f3n a su gusto<\/div>\n<div style=\"text-align: center;\"><\/div>\n<div style=\"text-align: center;\"><img decoding=\"async\" loading=\"lazy\" class=\"alignnone size-large wp-image-15605\" src=\"https:\/\/elcalaixetdelaiaia.es\/wp-content\/uploads\/2018\/01\/IMG_8867-1024x768.png\" alt=\"\" width=\"750\" height=\"563\" srcset=\"https:\/\/elcalaixetdelaiaia.es\/wp-content\/uploads\/2018\/01\/IMG_8867-1024x768.png 1024w, https:\/\/elcalaixetdelaiaia.es\/wp-content\/uploads\/2018\/01\/IMG_8867-300x225.png 300w, https:\/\/elcalaixetdelaiaia.es\/wp-content\/uploads\/2018\/01\/IMG_8867-768x576.png 768w, https:\/\/elcalaixetdelaiaia.es\/wp-content\/uploads\/2018\/01\/IMG_8867.png 2048w\" sizes=\"(max-width: 750px) 100vw, 750px\" \/><\/div>\n<div style=\"text-align: center;\"><\/div>\n<div style=\"text-align: center;\">con fondant y colorantes<\/div>\n<div style=\"text-align: center;\"><\/div>\n<div style=\"text-align: center;\"><img decoding=\"async\" loading=\"lazy\" class=\"alignnone size-large wp-image-15606\" src=\"https:\/\/elcalaixetdelaiaia.es\/wp-content\/uploads\/2018\/01\/IMG_8868-1024x768.png\" alt=\"\" width=\"750\" height=\"563\" srcset=\"https:\/\/elcalaixetdelaiaia.es\/wp-content\/uploads\/2018\/01\/IMG_8868-1024x768.png 1024w, https:\/\/elcalaixetdelaiaia.es\/wp-content\/uploads\/2018\/01\/IMG_8868-300x225.png 300w, https:\/\/elcalaixetdelaiaia.es\/wp-content\/uploads\/2018\/01\/IMG_8868-768x576.png 768w\" sizes=\"(max-width: 750px) 100vw, 750px\" \/><\/div>\n<div style=\"text-align: center;\"><\/div>\n<div style=\"text-align: center;\">quisieron hacerle<\/div>\n<div style=\"text-align: center;\"><\/div>\n<div style=\"text-align: center;\"><img decoding=\"async\" loading=\"lazy\" class=\"alignnone size-large wp-image-15607\" src=\"https:\/\/elcalaixetdelaiaia.es\/wp-content\/uploads\/2018\/01\/IMG_8869-1024x768.png\" alt=\"\" width=\"750\" height=\"563\" srcset=\"https:\/\/elcalaixetdelaiaia.es\/wp-content\/uploads\/2018\/01\/IMG_8869-1024x768.png 1024w, https:\/\/elcalaixetdelaiaia.es\/wp-content\/uploads\/2018\/01\/IMG_8869-300x225.png 300w, https:\/\/elcalaixetdelaiaia.es\/wp-content\/uploads\/2018\/01\/IMG_8869-768x576.png 768w, https:\/\/elcalaixetdelaiaia.es\/wp-content\/uploads\/2018\/01\/IMG_8869.png 2048w\" sizes=\"(max-width: 750px) 100vw, 750px\" \/><\/div>\n<div style=\"text-align: center;\"><\/div>\n<div style=\"text-align: center;\">su nombre<\/div>\n<div style=\"text-align: center;\"><\/div>\n<div style=\"text-align: center;\"><img decoding=\"async\" loading=\"lazy\" class=\"alignnone size-large wp-image-15608\" src=\"https:\/\/elcalaixetdelaiaia.es\/wp-content\/uploads\/2018\/01\/IMG_8870-1024x768.png\" alt=\"\" width=\"750\" height=\"563\" srcset=\"https:\/\/elcalaixetdelaiaia.es\/wp-content\/uploads\/2018\/01\/IMG_8870-1024x768.png 1024w, https:\/\/elcalaixetdelaiaia.es\/wp-content\/uploads\/2018\/01\/IMG_8870-300x225.png 300w, https:\/\/elcalaixetdelaiaia.es\/wp-content\/uploads\/2018\/01\/IMG_8870-768x576.png 768w, https:\/\/elcalaixetdelaiaia.es\/wp-content\/uploads\/2018\/01\/IMG_8870.png 2048w\" sizes=\"(max-width: 750px) 100vw, 750px\" \/><\/div>\n<div style=\"text-align: center;\"><\/div>\n<div style=\"text-align: center;\">y unas violetas de fondant<\/div>\n<div style=\"text-align: center;\"><\/div>\n<div style=\"text-align: center;\"><img decoding=\"async\" loading=\"lazy\" class=\"alignnone size-large wp-image-15609\" src=\"https:\/\/elcalaixetdelaiaia.es\/wp-content\/uploads\/2018\/01\/IMG_8871-1024x768.png\" alt=\"\" width=\"750\" height=\"563\" srcset=\"https:\/\/elcalaixetdelaiaia.es\/wp-content\/uploads\/2018\/01\/IMG_8871-1024x768.png 1024w, https:\/\/elcalaixetdelaiaia.es\/wp-content\/uploads\/2018\/01\/IMG_8871-300x225.png 300w, https:\/\/elcalaixetdelaiaia.es\/wp-content\/uploads\/2018\/01\/IMG_8871-768x576.png 768w, https:\/\/elcalaixetdelaiaia.es\/wp-content\/uploads\/2018\/01\/IMG_8871.png 2048w\" sizes=\"(max-width: 750px) 100vw, 750px\" \/><\/div>\n<div style=\"text-align: center;\"><\/div>\n<div style=\"text-align: center;\">aunque yo hab\u00eda previsto decorarla<\/div>\n<div style=\"text-align: center;\"><\/div>\n<div style=\"text-align: center;\"><img decoding=\"async\" loading=\"lazy\" class=\"alignnone size-large wp-image-15618\" src=\"https:\/\/elcalaixetdelaiaia.es\/wp-content\/uploads\/2018\/01\/IMG_8881-1024x768.png\" alt=\"\" width=\"750\" height=\"563\" srcset=\"https:\/\/elcalaixetdelaiaia.es\/wp-content\/uploads\/2018\/01\/IMG_8881-1024x768.png 1024w, https:\/\/elcalaixetdelaiaia.es\/wp-content\/uploads\/2018\/01\/IMG_8881-300x225.png 300w, https:\/\/elcalaixetdelaiaia.es\/wp-content\/uploads\/2018\/01\/IMG_8881-768x576.png 768w\" sizes=\"(max-width: 750px) 100vw, 750px\" \/><\/div>\n<div style=\"text-align: center;\"><\/div>\n<div style=\"text-align: center;\">con unas violetas salvajes y naturales, de las que salen solas, en un hueco, en la pared de mi casa, y que siempre regaba mi amor&#8230; y que siguen saliendo,<\/div>\n<div style=\"text-align: center;\"><\/div>\n<div style=\"text-align: center;\"><img decoding=\"async\" loading=\"lazy\" class=\"alignnone size-large wp-image-15610\" src=\"https:\/\/elcalaixetdelaiaia.es\/wp-content\/uploads\/2018\/01\/IMG_8872-1024x768.png\" alt=\"\" width=\"750\" height=\"563\" srcset=\"https:\/\/elcalaixetdelaiaia.es\/wp-content\/uploads\/2018\/01\/IMG_8872-1024x768.png 1024w, https:\/\/elcalaixetdelaiaia.es\/wp-content\/uploads\/2018\/01\/IMG_8872-300x225.png 300w, https:\/\/elcalaixetdelaiaia.es\/wp-content\/uploads\/2018\/01\/IMG_8872-768x576.png 768w\" sizes=\"(max-width: 750px) 100vw, 750px\" \/><\/div>\n<div style=\"text-align: center;\"><\/div>\n<div style=\"text-align: center;\">\u00a0as\u00ed que, como siempre dejo que sea su creatividad<\/div>\n<div style=\"text-align: center;\"><\/div>\n<div style=\"text-align: center;\"><img decoding=\"async\" loading=\"lazy\" class=\"alignnone size-large wp-image-15611\" src=\"https:\/\/elcalaixetdelaiaia.es\/wp-content\/uploads\/2018\/01\/IMG_8873-1024x768.png\" alt=\"\" width=\"750\" height=\"563\" srcset=\"https:\/\/elcalaixetdelaiaia.es\/wp-content\/uploads\/2018\/01\/IMG_8873-1024x768.png 1024w, https:\/\/elcalaixetdelaiaia.es\/wp-content\/uploads\/2018\/01\/IMG_8873-300x225.png 300w, https:\/\/elcalaixetdelaiaia.es\/wp-content\/uploads\/2018\/01\/IMG_8873-768x576.png 768w\" sizes=\"(max-width: 750px) 100vw, 750px\" \/><\/div>\n<div style=\"text-align: center;\"><\/div>\n<div style=\"text-align: center;\">quien determine la finalizaci\u00f3n<\/div>\n<div style=\"text-align: center;\"><\/div>\n<div style=\"text-align: center;\"><img decoding=\"async\" loading=\"lazy\" class=\"alignnone size-large wp-image-15613\" src=\"https:\/\/elcalaixetdelaiaia.es\/wp-content\/uploads\/2018\/01\/IMG_8875-1024x768.png\" alt=\"\" width=\"750\" height=\"563\" srcset=\"https:\/\/elcalaixetdelaiaia.es\/wp-content\/uploads\/2018\/01\/IMG_8875-1024x768.png 1024w, https:\/\/elcalaixetdelaiaia.es\/wp-content\/uploads\/2018\/01\/IMG_8875-300x225.png 300w, https:\/\/elcalaixetdelaiaia.es\/wp-content\/uploads\/2018\/01\/IMG_8875-768x576.png 768w\" sizes=\"(max-width: 750px) 100vw, 750px\" \/><\/div>\n<div style=\"text-align: center;\"><\/div>\n<div style=\"text-align: center;\">del trabajo<\/div>\n<div style=\"text-align: center;\"><\/div>\n<div style=\"text-align: center;\"><img decoding=\"async\" loading=\"lazy\" class=\"alignnone size-large wp-image-15614\" src=\"https:\/\/elcalaixetdelaiaia.es\/wp-content\/uploads\/2018\/01\/IMG_8876-1024x768.png\" alt=\"\" width=\"750\" height=\"563\" srcset=\"https:\/\/elcalaixetdelaiaia.es\/wp-content\/uploads\/2018\/01\/IMG_8876-1024x768.png 1024w, https:\/\/elcalaixetdelaiaia.es\/wp-content\/uploads\/2018\/01\/IMG_8876-300x225.png 300w, https:\/\/elcalaixetdelaiaia.es\/wp-content\/uploads\/2018\/01\/IMG_8876-768x576.png 768w\" sizes=\"(max-width: 750px) 100vw, 750px\" \/><\/div>\n<div style=\"text-align: center;\"><\/div>\n<div style=\"text-align: center;\">as\u00ed disfrutan mucho de la cocina<\/div>\n<div style=\"text-align: center;\"><\/div>\n<div style=\"text-align: center;\"><img decoding=\"async\" loading=\"lazy\" class=\"alignnone size-large wp-image-15615\" src=\"https:\/\/elcalaixetdelaiaia.es\/wp-content\/uploads\/2018\/01\/IMG_8877-1024x768.png\" alt=\"\" width=\"750\" height=\"563\" srcset=\"https:\/\/elcalaixetdelaiaia.es\/wp-content\/uploads\/2018\/01\/IMG_8877-1024x768.png 1024w, https:\/\/elcalaixetdelaiaia.es\/wp-content\/uploads\/2018\/01\/IMG_8877-300x225.png 300w, https:\/\/elcalaixetdelaiaia.es\/wp-content\/uploads\/2018\/01\/IMG_8877-768x576.png 768w\" sizes=\"(max-width: 750px) 100vw, 750px\" \/><\/div>\n<div style=\"text-align: center;\"><\/div>\n<div style=\"text-align: center;\">y pasamos juntas<\/div>\n<div style=\"text-align: center;\"><\/div>\n<div style=\"text-align: center;\"><img decoding=\"async\" loading=\"lazy\" class=\"alignnone size-large wp-image-15616\" src=\"https:\/\/elcalaixetdelaiaia.es\/wp-content\/uploads\/2018\/01\/IMG_8878-1024x768.png\" alt=\"\" width=\"750\" height=\"563\" srcset=\"https:\/\/elcalaixetdelaiaia.es\/wp-content\/uploads\/2018\/01\/IMG_8878-1024x768.png 1024w, https:\/\/elcalaixetdelaiaia.es\/wp-content\/uploads\/2018\/01\/IMG_8878-300x225.png 300w, https:\/\/elcalaixetdelaiaia.es\/wp-content\/uploads\/2018\/01\/IMG_8878-768x576.png 768w\" sizes=\"(max-width: 750px) 100vw, 750px\" \/><\/div>\n<div style=\"text-align: center;\"><\/div>\n<div style=\"text-align: center;\">unos momentos maravillosos, finalmente, las nenas se empe\u00f1aron, y pusimos todas las decoraciones pensadas y realizadas, las suyas y las m\u00edas<\/div>\n<div style=\"text-align: center;\"><\/div>\n<div style=\"text-align: center;\"><img decoding=\"async\" loading=\"lazy\" class=\"alignnone size-large wp-image-15604\" src=\"https:\/\/elcalaixetdelaiaia.es\/wp-content\/uploads\/2018\/01\/IMG_8861-1024x768.png\" alt=\"\" width=\"750\" height=\"563\" srcset=\"https:\/\/elcalaixetdelaiaia.es\/wp-content\/uploads\/2018\/01\/IMG_8861-1024x768.png 1024w, https:\/\/elcalaixetdelaiaia.es\/wp-content\/uploads\/2018\/01\/IMG_8861-300x225.png 300w, https:\/\/elcalaixetdelaiaia.es\/wp-content\/uploads\/2018\/01\/IMG_8861-768x576.png 768w\" sizes=\"(max-width: 750px) 100vw, 750px\" \/><\/div>\n<div style=\"text-align: center;\"><\/div>\n<div style=\"text-align: center;\">Al final una tarta riqu\u00ediiiiiiiisimaaaaaa que os recomiendo com\u00e1is semi congelada, si os es posible<\/div>\n<div style=\"text-align: center;\"><\/div>\n<div style=\"text-align: center;\"><img decoding=\"async\" loading=\"lazy\" class=\"alignnone size-large wp-image-15603\" src=\"https:\/\/elcalaixetdelaiaia.es\/wp-content\/uploads\/2018\/01\/IMG_8860-1024x752.png\" alt=\"\" width=\"750\" height=\"551\" srcset=\"https:\/\/elcalaixetdelaiaia.es\/wp-content\/uploads\/2018\/01\/IMG_8860-1024x752.png 1024w, https:\/\/elcalaixetdelaiaia.es\/wp-content\/uploads\/2018\/01\/IMG_8860-300x220.png 300w, https:\/\/elcalaixetdelaiaia.es\/wp-content\/uploads\/2018\/01\/IMG_8860-768x564.png 768w\" sizes=\"(max-width: 750px) 100vw, 750px\" \/><\/div>\n<div style=\"text-align: center;\">\u00abA la taula i&#8230; BON PROFIT!!!\u00bb porque la vida y el amor de la familia hay que celebrarlo CADA D\u00cdA, sobre todo por los que ya no est\u00e1n. Por ellos.<\/div>\n<div>\u00a0Si te gusta \u00e9sta entrada, comp\u00e1rtela, as\u00ed mucha gente podr\u00e1 conocer esta receta. Gracias por hacerlo. Si quieres comentar, tus comentarios para mi son MUY importantes, y recuerda que tambi\u00e9n estoy en Facebook <a href=\"https:\/\/www.facebook.com\/El-calaixet-de-la-iaia-533062140099386\/\">https:\/\/www.facebook.com\/El-calaixet-de-la-iaia-533062140099386\/<\/a><\/div>\n","protected":false},"excerpt":{"rendered":"<p>\u00abRefrany; Violetes a la primavera, bona tardor ens espera\u00bb Violetas en la primavera buen oto\u00f1o nos espera. Le deb\u00eda una tarta a mi nuera mayor, pero por unas cosas u otras, no coincid\u00edamos \u00faltimamente en sus cumples y no hab\u00eda manera de cumplir con mi promesa. Habl\u00e1ndolo con mi marido, &hellip; <\/p>\n","protected":false},"author":2,"featured_media":15612,"comment_status":"open","ping_status":"open","sticky":false,"template":"","format":"standard","meta":[],"categories":[6,1],"tags":[],"_links":{"self":[{"href":"https:\/\/elcalaixetdelaiaia.es\/index.php?rest_route=\/wp\/v2\/posts\/66"}],"collection":[{"href":"https:\/\/elcalaixetdelaiaia.es\/index.php?rest_route=\/wp\/v2\/posts"}],"about":[{"href":"https:\/\/elcalaixetdelaiaia.es\/index.php?rest_route=\/wp\/v2\/types\/post"}],"author":[{"embeddable":true,"href":"https:\/\/elcalaixetdelaiaia.es\/index.php?rest_route=\/wp\/v2\/users\/2"}],"replies":[{"embeddable":true,"href":"https:\/\/elcalaixetdelaiaia.es\/index.php?rest_route=%2Fwp%2Fv2%2Fcomments&post=66"}],"version-history":[{"count":23,"href":"https:\/\/elcalaixetdelaiaia.es\/index.php?rest_route=\/wp\/v2\/posts\/66\/revisions"}],"predecessor-version":[{"id":27674,"href":"https:\/\/elcalaixetdelaiaia.es\/index.php?rest_route=\/wp\/v2\/posts\/66\/revisions\/27674"}],"wp:featuredmedia":[{"embeddable":true,"href":"https:\/\/elcalaixetdelaiaia.es\/index.php?rest_route=\/wp\/v2\/media\/15612"}],"wp:attachment":[{"href":"https:\/\/elcalaixetdelaiaia.es\/index.php?rest_route=%2Fwp%2Fv2%2Fmedia&parent=66"}],"wp:term":[{"taxonomy":"category","embeddable":true,"href":"https:\/\/elcalaixetdelaiaia.es\/index.php?rest_route=%2Fwp%2Fv2%2Fcategories&post=66"},{"taxonomy":"post_tag","embeddable":true,"href":"https:\/\/elcalaixetdelaiaia.es\/index.php?rest_route=%2Fwp%2Fv2%2Ftags&post=66"}],"curies":[{"name":"wp","href":"https:\/\/api.w.org\/{rel}","templated":true}]}}