{"id":654,"date":"2015-04-12T15:54:00","date_gmt":"2015-04-12T15:54:00","guid":{"rendered":"http:\/\/elcalaixetdelaiaia.es\/xxvii-mostra-de-vins-caves-i-licors-i"},"modified":"2017-12-04T22:32:39","modified_gmt":"2017-12-04T22:32:39","slug":"xxvii-mostra-de-vins-caves-i-licors-i","status":"publish","type":"post","link":"https:\/\/elcalaixetdelaiaia.es\/?p=654","title":{"rendered":"XXVII mostra de vins caves i licors i XXV Mostra d\u2019Aliments Tradicionals de Val\u00e8ncia"},"content":{"rendered":"<p>\u00abRefrany<br \/>\nA menjar curt, vi pur\u00bb<br \/>\nA comida corta, vino puro.<\/p>\n<div class=\"separator\" style=\"clear: both; text-align: center;\">\n<a href=\"https:\/\/elcalaixetdelaiaia.es\/wp-content\/uploads\/2015\/04\/cata.jpg\" imageanchor=\"1\" style=\"margin-left: 1em; margin-right: 1em;\"><img decoding=\"async\" loading=\"lazy\" border=\"0\" src=\"https:\/\/elcalaixetdelaiaia.es\/wp-content\/uploads\/2015\/04\/cata.jpg\" height=\"320\" width=\"222\" \/><\/a><\/div>\n<p>\u00c9ste medio d\u00eda hemos ido dando un paseo a la Mostra de vins i aliments que hacen en el cauce del r\u00edo turia.<\/p>\n<div class=\"separator\" style=\"clear: both; text-align: center;\">\n<a href=\"https:\/\/elcalaixetdelaiaia.es\/wp-content\/uploads\/2015\/04\/IMG_0822-1024x768.jpg\" imageanchor=\"1\" style=\"margin-left: 1em; margin-right: 1em;\"><img decoding=\"async\" loading=\"lazy\" border=\"0\" src=\"https:\/\/elcalaixetdelaiaia.es\/wp-content\/uploads\/2015\/04\/IMG_0822-1024x768.jpg\" height=\"240\" width=\"320\" \/><\/a><\/div>\n<div style=\"text-align: center;\">\n<\/div>\n<div style=\"text-align: center;\">\nCreo que es el a\u00f1o que mas gente he visto<\/div>\n<div class=\"separator\" style=\"clear: both; text-align: center;\">\n<a href=\"https:\/\/elcalaixetdelaiaia.es\/wp-content\/uploads\/2015\/04\/IMG_0823-1024x654.jpg\" imageanchor=\"1\" style=\"margin-left: 1em; margin-right: 1em;\"><img decoding=\"async\" loading=\"lazy\" border=\"0\" src=\"https:\/\/elcalaixetdelaiaia.es\/wp-content\/uploads\/2015\/04\/IMG_0823-1024x654.jpg\" height=\"204\" width=\"320\" \/><\/a><\/div>\n<div class=\"separator\" style=\"clear: both; text-align: center;\">\n<\/div>\n<div style=\"text-align: center;\">\nPagas 10\u20ac y te da derecho a una copa de cristal, una cazuelita de barro<\/div>\n<div class=\"separator\" style=\"clear: both; text-align: center;\">\n<a href=\"https:\/\/elcalaixetdelaiaia.es\/wp-content\/uploads\/2015\/04\/IMG_0824-1024x768.jpg\" imageanchor=\"1\" style=\"margin-left: 1em; margin-right: 1em;\"><img decoding=\"async\" loading=\"lazy\" border=\"0\" src=\"https:\/\/elcalaixetdelaiaia.es\/wp-content\/uploads\/2015\/04\/IMG_0824-1024x768.jpg\" height=\"240\" width=\"320\" \/><\/a><\/div>\n<div style=\"text-align: center;\">\n<\/div>\n<div style=\"text-align: center;\">\ncuatro degustaciones de comida y cuatro de bebida<\/div>\n<div class=\"separator\" style=\"clear: both; text-align: center;\">\n<a href=\"https:\/\/elcalaixetdelaiaia.es\/wp-content\/uploads\/2015\/04\/IMG_0825-1024x726.jpg\" imageanchor=\"1\" style=\"margin-left: 1em; margin-right: 1em;\"><img decoding=\"async\" loading=\"lazy\" border=\"0\" src=\"https:\/\/elcalaixetdelaiaia.es\/wp-content\/uploads\/2015\/04\/IMG_0825-1024x726.jpg\" height=\"227\" width=\"320\" \/><\/a><\/div>\n<div style=\"text-align: center;\">\n<\/div>\n<div style=\"text-align: center;\">\nmucha bebida&#8230;y poca comida, porcentaje peligroso si no se tiene un poco de conocimiento, encima los puesto de comida con una largu\u00edsimas colas y pocas o ninguna en los de bebidas&nbsp;<\/div>\n<div class=\"separator\" style=\"clear: both; text-align: center;\">\n<a href=\"https:\/\/elcalaixetdelaiaia.es\/wp-content\/uploads\/2015\/04\/IMG_0826-768x1024.jpg\" imageanchor=\"1\" style=\"margin-left: 1em; margin-right: 1em;\"><img decoding=\"async\" loading=\"lazy\" border=\"0\" src=\"https:\/\/elcalaixetdelaiaia.es\/wp-content\/uploads\/2015\/04\/IMG_0826-768x1024.jpg\" height=\"320\" width=\"240\" \/><\/a><\/div>\n<div style=\"text-align: center;\">\n<\/div>\n<div style=\"text-align: center;\">\ndemasiada gente excesivamente bebida, pero por lo dem\u00e1s un rato muy agradable donde poder degustar buenos caldos de nuestra tierra<\/div>\n<div class=\"separator\" style=\"clear: both; text-align: center;\">\n<a href=\"https:\/\/elcalaixetdelaiaia.es\/wp-content\/uploads\/2015\/04\/actividades1-640x479.png\" imageanchor=\"1\" style=\"margin-left: 1em; margin-right: 1em;\"><img decoding=\"async\" loading=\"lazy\" border=\"0\" src=\"https:\/\/elcalaixetdelaiaia.es\/wp-content\/uploads\/2015\/04\/actividades1-640x479.png\" height=\"239\" width=\"320\" \/><\/a><\/div>\n<div style=\"text-align: center;\">\n<\/div>\n<div style=\"text-align: center;\">\nTodav\u00eda queda hoy hasta las 10.30 de la noche y ma\u00f1ana todo el d\u00eda<\/div>\n<div class=\"separator\" style=\"clear: both; text-align: center;\">\n<a href=\"https:\/\/elcalaixetdelaiaia.es\/wp-content\/uploads\/2015\/04\/IMG_0827-1024x772.jpg\" imageanchor=\"1\" style=\"margin-left: 1em; margin-right: 1em;\"><img decoding=\"async\" loading=\"lazy\" border=\"0\" src=\"https:\/\/elcalaixetdelaiaia.es\/wp-content\/uploads\/2015\/04\/IMG_0827-1024x772.jpg\" height=\"241\" width=\"320\" \/><\/a><\/div>\n<div style=\"text-align: center;\">\n<\/div>\n<div style=\"text-align: center;\">\nLevanto mi copa por tod@s vosotr@s, no dej\u00e9is de visitar la mostra si ten\u00e9is ocasi\u00f3n. Ah, os aconsejo ir andando o en servicio p\u00fablico \ud83d\ude09<\/div>\n","protected":false},"excerpt":{"rendered":"<p>\u00abRefrany A menjar curt, vi pur\u00bb A comida corta, vino puro. \u00c9ste medio d\u00eda hemos ido dando un paseo a la Mostra de vins i aliments que hacen en el cauce del r\u00edo turia. Creo que es el a\u00f1o que mas gente he visto Pagas 10\u20ac y te da derecho &hellip; <\/p>\n","protected":false},"author":2,"featured_media":8636,"comment_status":"open","ping_status":"open","sticky":false,"template":"","format":"standard","meta":[],"categories":[7,1],"tags":[],"_links":{"self":[{"href":"https:\/\/elcalaixetdelaiaia.es\/index.php?rest_route=\/wp\/v2\/posts\/654"}],"collection":[{"href":"https:\/\/elcalaixetdelaiaia.es\/index.php?rest_route=\/wp\/v2\/posts"}],"about":[{"href":"https:\/\/elcalaixetdelaiaia.es\/index.php?rest_route=\/wp\/v2\/types\/post"}],"author":[{"embeddable":true,"href":"https:\/\/elcalaixetdelaiaia.es\/index.php?rest_route=\/wp\/v2\/users\/2"}],"replies":[{"embeddable":true,"href":"https:\/\/elcalaixetdelaiaia.es\/index.php?rest_route=%2Fwp%2Fv2%2Fcomments&post=654"}],"version-history":[{"count":1,"href":"https:\/\/elcalaixetdelaiaia.es\/index.php?rest_route=\/wp\/v2\/posts\/654\/revisions"}],"predecessor-version":[{"id":8288,"href":"https:\/\/elcalaixetdelaiaia.es\/index.php?rest_route=\/wp\/v2\/posts\/654\/revisions\/8288"}],"wp:featuredmedia":[{"embeddable":true,"href":"https:\/\/elcalaixetdelaiaia.es\/index.php?rest_route=\/wp\/v2\/media\/8636"}],"wp:attachment":[{"href":"https:\/\/elcalaixetdelaiaia.es\/index.php?rest_route=%2Fwp%2Fv2%2Fmedia&parent=654"}],"wp:term":[{"taxonomy":"category","embeddable":true,"href":"https:\/\/elcalaixetdelaiaia.es\/index.php?rest_route=%2Fwp%2Fv2%2Fcategories&post=654"},{"taxonomy":"post_tag","embeddable":true,"href":"https:\/\/elcalaixetdelaiaia.es\/index.php?rest_route=%2Fwp%2Fv2%2Ftags&post=654"}],"curies":[{"name":"wp","href":"https:\/\/api.w.org\/{rel}","templated":true}]}}