{"id":653,"date":"2015-04-12T23:46:00","date_gmt":"2015-04-12T23:46:00","guid":{"rendered":"http:\/\/elcalaixetdelaiaia.es\/la-banda-de-fallera-comienza-hacer"},"modified":"2025-10-18T18:32:42","modified_gmt":"2025-10-18T18:32:42","slug":"la-banda-de-fallera-comienza-hacer","status":"publish","type":"post","link":"https:\/\/elcalaixetdelaiaia.es\/?p=653","title":{"rendered":"La banda de fallera, comienza a hacer mucho ruido,"},"content":{"rendered":"<p>Madre del Se\u00f1or, la que se est\u00e1 liando con la banda!<\/p>\n<p>Y lo que me alegro oye, a ver si a mas de uno se le encienden las luces de las neuronas y comienzan a ver la realidad.<br \/>\nRecuerdo que se habl\u00f3 largo y tendido en la academia de nocturnos, y que all\u00ed llegamos a la conclusi\u00f3n entre los art\u00edculos y datos que se aportaron de que el origen de la Banda de Fallera viene nada mas y nada menos que de 1929<\/p>\n<div class=\"separator\" style=\"clear: both; text-align: center;\"><a style=\"margin-left: 1em; margin-right: 1em;\" href=\"http:\/\/4.bp.blogspot.com\/-4gfZwFUym50\/VSr8h8DtdMI\/AAAAAAAAYz0\/HLlp08aWmB8\/s1600\/bandaaa.jpg\"><img decoding=\"async\" loading=\"lazy\" src=\"https:\/\/elcalaixetdelaiaia.es\/wp-content\/uploads\/2015\/04\/bandaaa.jpg\" width=\"320\" height=\"185\" border=\"0\" \/><\/a><\/div>\n<p>Primera miss, primera fallera mayor<\/p>\n<div>\n<p>Extracto sacado de levante-emv;<\/p>\n<div style=\"text-align: center;\"><img decoding=\"async\" src=\"http:\/\/fotos02.levante-emv.com\/fotos\/noticias\/318x200\/2010-05-08_IMG_2010-05-01_00.30.58__VV022va-01.eps.jpg\" border=\"0\" \/><\/div>\n<\/div>\n<div>\n<div style=\"text-align: center;\"><em>Imagen de Pepita Samper que curiosamente no lleva puesta la banda.<br \/>\n<\/em><\/div>\n<div>Pepita Samper, en 1929. levante-emv.\u00a0El certamen reivindica que ellos \u00abcrearon\u00bb a la representante de la fiestaLa figura de fallera mayor de Valencia surgi\u00f3 a ra\u00edz de un concurso de Miss Valencia en el a\u00f1o 1929, donde Pepita Samper fue elegida la m\u00e1s bella y, posteriormente, fue la encargada de presidir los festejos de ese a\u00f1o. Ahora, los nuevos organizadores del concurso recuerdan que ellos son los precursores de un cargo que huye por sistema de la comparaci\u00f3n.<\/div>\n<div>MOIS\u00c9S DOM\u00cdNGUEZ VALENCIA \u00abEsto no es un concurso de misses. Aqu\u00ed no cuenta tanto la belleza como otros aspectos\u00bb es el latiguillo con el que se intenta diferenciar la figura de la fallera mayor de Valencia de las elegidas en los cert\u00e1menes de belleza. Con la evidente intenci\u00f3n de despojarla de cualquier aspecto fr\u00edvolo, algo que no debe sorprender teniendo en cuenta el proteccionismo que se extiende, desde su formaci\u00f3n, sobre la figura de la representante de las fiesta josefina, ya sea en su versi\u00f3n mayor o infantil. Pues bien, por si a alguien le quedaba alguna duda, el concurso de belleza ha recordado que el origen de la fallera mayor de Valencia est\u00e1 en sus pasarelas. Con motivo de la presentaci\u00f3n de la nueva delegaci\u00f3n en Valencia para la organizaci\u00f3n del certamen, que recae en el Grupo Nexux, se ha recordado expresamente este origen.<\/div>\n<div class=\"separator\" style=\"clear: both; text-align: center;\"><a style=\"margin-left: 1em; margin-right: 1em;\" href=\"http:\/\/2.bp.blogspot.com\/-pEMAe2LzAjg\/VSr9A03By8I\/AAAAAAAAY00\/bYU4HwnsMRg\/s1600\/Pepita%2BSemper%2Ben%2Bel%2Ba%C3%B1o%2B1929.%2BLa%2Bprimera%2BMiss%2BEspa%C3%B1a%2By%2BReina%2BFallera%2Bde%2BValencia..jpg\"><img width=\"229\" height=\"320\" border=\"0\" \/><\/a><\/div>\n<div>\u00abEl 25 de enero de 1929 en la sede del diario ABC, en Madrid, se eleg\u00eda a Pepita Samper Se\u00f1orita Espa\u00f1a entre un total de veintis\u00e9is candidatas. La guapa valenciana, de 21 a\u00f1os y estudiante de piano, se convertir\u00eda as\u00ed en la primera espa\u00f1ola que ostentaba un t\u00edtulo de belleza, que con el paso de los a\u00f1os dar\u00eda lugar al t\u00edtulo de Miss Espa\u00f1a. El jurado, presidido por Torcuato Luca de Tena, fundador y director del ABC adem\u00e1s de organizador del evento, estuvo compuesto por intelectuales de la \u00e9poca, entre ellos el pintor Manuel Benedito y el escultor Mariano Benlliure. Tras ser elegida Se\u00f1orita Espa\u00f1a presidi\u00f3 las Fallas de Valencia, inici\u00e1ndose de esta manera la tradici\u00f3n de nombrar cada a\u00f1o Fallera Mayor de Valencia\u00bb.<\/div>\n<div>Y la verdad es que as\u00ed fue. En ese 1929, tras la decepci\u00f3n que supuso que Pepita Samper no fuera nombrada Miss Europa, la ciudad la acogi\u00f3 de forma especial y le hizo presidir los actos josefinos. En el libro \u00abFalleras Mayores de Valencia\u00bb se reproduce una p\u00e1gina del Libro Oficial de 1940 en el que hay una galer\u00eda de fotos de quienes han sido falleras mayores y la primera es ella: Pepita Samper. En dicho libro de biograf\u00edas se la considera una m\u00e1s en el cargo. Eso s\u00ed, el ayuntamiento celebr\u00f3 el 75 aniversario de esta figura en 2005, 76 a\u00f1os despu\u00e9s de su nombramiento.<\/div>\n<div class=\"separator\" style=\"clear: both; text-align: center;\"><a style=\"margin-left: 1em; margin-right: 1em;\" href=\"http:\/\/3.bp.blogspot.com\/-H4iJBR03Ms8\/VSr9fwsVD7I\/AAAAAAAAY08\/dxlo5NE4Rsg\/s1600\/Pepita%2BSamper%2C%2BMis%2BEspa%C3%B1a%2B1929..jpg\"><img width=\"218\" height=\"320\" border=\"0\" \/><\/a><\/div>\n<div>En 1929, el cargo no tuvo nombre y apellido. En los siguientes a\u00f1os, como quiera que el \u00abinvento\u00bb gust\u00f3, se nombraron sucesivamente, Reina Fallera y Belleza Fallera antes del apelativo actual.<\/div>\n<div>Actualmente, Miss Valencia no tiene m\u00e1s papel en las fallas que alguna invitaci\u00f3n ocasional al balc\u00f3n municipal o que alguna fallera mayor haya sido jurado del concurso. Pero nada m\u00e1s: ahora unas y otras se evitan. Viven dos mundos diferentes.<\/div>\n<p>El 25 de Enero de 1929 Pepita Samper fue proclamada Mis Espa\u00f1a en el primer concurso de mises que se celebro en la pen\u00ednsula pero no logr\u00f3 ganar el de mis mundo y al parecer la ciudad de Valencia, la intent\u00f3 compensar nombr\u00e1ndola reina de las fiestas de Valencia.<\/p>\n<\/div>\n<div>En el a\u00f1o 1930 repiti\u00f3 una valenciana el triunfo de Mis Esapa\u00f1a Elena Pl\u00e1 Toda, hija del novelista Vicente Pla y Monp\u00f3, y volvi\u00f3 a ser nombrada reina de las fiestas de Valencia, pero al siguiente a\u00f1o no hubo triplete y como no fue valenciana la miss de \u00e9se a\u00f1o, en Valencia fue nombrada \u00a0Reina de las Fallas 1931, \u00c1ngeles Algarra.<\/div>\n<div class=\"separator\" style=\"clear: both; text-align: center;\"><a style=\"margin-left: 1em; margin-right: 1em;\" href=\"http:\/\/4.bp.blogspot.com\/-O9vmkIfXngc\/VSr85oSc8bI\/AAAAAAAAY0k\/b7X3AldbnbY\/s1600\/Se%C3%B1orita%2B%C3%81ngels%2BAlgarra%2BAzura%2C%2Bde%2Bla%2Bfalla%2BPlaza%2Bde%2BCalatrava%2Bfu%C3%A9%2Bla%2BReina%2Bde%2Blas%2Bfallas%2Ba%C3%B1o1931.%2BFotografia%2Bde%2BCarmen%2BAlgarra%2By%2BGonz%C3%A1lez..jpg\"><img width=\"232\" height=\"320\" border=\"0\" \/><\/a><\/div>\n<div style=\"text-align: center;\"><em>Se\u00f1orita \u00c1ngels Algarra Azura, de la falla Plaza de Calatrava fue la Reina de las fallas a\u00f1o1931. Fotografia de Carmen Algarra y Gonz\u00e1lez.<\/em><\/div>\n<p>Tras la llegada de la Rep\u00fablica el 14 de abril del 31, se cambi\u00f3 el t\u00edtulo de Reina Fallera por el de Belleza Fallera, y en el a\u00f1o 1933, se emplea por primera vez el t\u00edtulo de Fallera Mayor.<\/p>\n<p>Desde Pepita Samper, que oficialmente nunca fue Fallera Mayor, pero s\u00ed lo fue en el coraz\u00f3n de todos los valencianos, hasta nuestros d\u00edas, a\u00f1o tras a\u00f1o, excepto los de la contienda civil, en Valencia,hemos tenido FMV.<br \/>\nDespu\u00e9s de \u00c1ngels fueron FMV: Consol Cari\u00f1ena 1932<\/p>\n<div class=\"separator\" style=\"clear: both; text-align: center;\"><a style=\"margin-left: 1em; margin-right: 1em;\" href=\"http:\/\/2.bp.blogspot.com\/-g_6skULgSU0\/VSr884U2znI\/AAAAAAAAY0s\/kdP_CiJdnzA\/s1600\/Srta.%2BLeonor%2BAznar%2BCarceller.%2BFMV%2B1933.%2BDe%2Bla%2Bfalla%2BBurriana-Maestro%2BGozalbo.jpg\"><img decoding=\"async\" loading=\"lazy\" src=\"https:\/\/elcalaixetdelaiaia.es\/wp-content\/uploads\/2015\/04\/Srta.LeonorAznarCarceller.FMV1933.DelafallaBurriana-MaestroGozalbo.jpg\" width=\"225\" height=\"320\" border=\"0\" \/><\/a><\/div>\n<div style=\"text-align: center;\"><em>Srta. Leonor Aznar Carceller. FMV 1933. De la falla Burriana-Maestro Gozalbo y que luci\u00f3 la banda de la Rep\u00fablica<\/em><\/div>\n<div>Leonor Aznar Carceller 1933<br \/>\nAmparito Albors 1934<br \/>\nVicentita Montoro Grustau 1935<br \/>\nFilo Montoro 1936<br \/>\nHasta el 40, no tuvimos fallas&#8230;..y en el 40 y 41, repiti\u00f3 la misma fallera Mayor, que fu\u00e9 Mar\u00eda Luisa Aranda Salas, quien hoy en d\u00eda vive en Madrid, y nunca mas visti\u00f3 de fallera.<br \/>\nPor lo tanto parece ser que \u00a1la banda de FM viene de un concurso de mises!<\/div>\n<div>El reglamento fallero, permite al hombre vestir \u201ccualquier traje tradicional valenciano\u201d lleve o no la identificaci\u00f3n de la falla pero, seg\u00fan el reglamento, la fallera, \u201cdeber\u00e1 lucir el tradicional traje de valenciana\u201d y \u201ccomplementarlo\u201d con la banda.<\/div>\n<div>Los hombres han ido cambiando su indumentaria a lo largo de los a\u00f1os sin que se haya producido sanciones y ahora no est\u00e1n obligados a llevar la identificaci\u00f3n de la comisi\u00f3n.<br \/>\nOtra cosa que me choca es que las falleras mayores hayan de llevar la banda con la bandera espa\u00f1ola, cuando lo mas l\u00f3gico a mi parecer ser\u00eda que llevaran la Senyera&#8230;<\/div>\n<div>Yo me pregunto, \u00bfporque la corte de honor ha de llevar banda? \u00bfPorque los falleros no est\u00e1n obligados a llevar faj\u00edn? \u00bfPorque \u00e9sa discriminaci\u00f3n entre la fallera y el fallero, el hombre y la mujer?<\/div>\n<div>El asunto de la obligaci\u00f3n de llevar la banda para la corte de honor lleva mucha cola detr\u00e1s, y no precisamente como la del traje que llevaba Leonor Aznar.<\/div>\n<div>Son las personas mas conservadoras quienes no quieren avanzar impidiendo con normas retr\u00f3gradas a quienes si lo desean, a quienes tenemos todo el derecho a decidir banda si o banda no.<\/div>\n<div>\n<p>\u00bfY porque no obligan a NO llevar medio pecho fuera, cuando van a un acto religioso? La funci\u00f3n del mocador de pit es precisamente cubrir el pecho, pero claro, como ahora llevan los mal llamados \u00abpeinadores\u00bb o los llamados \u00abpicos\u00bb&#8230;<\/p>\n<div class=\"separator\" style=\"clear: both; text-align: center;\"><a style=\"margin-left: 1em; margin-right: 1em;\" href=\"http:\/\/1.bp.blogspot.com\/-fHBG6PEa_nk\/VSr8igvsFNI\/AAAAAAAAY0U\/x4TxUP5CxRY\/s1600\/IMG_6596.jpg\"><img decoding=\"async\" loading=\"lazy\" src=\"https:\/\/elcalaixetdelaiaia.es\/wp-content\/uploads\/2015\/04\/IMG_6596-1024x790.jpg\" width=\"320\" height=\"247\" border=\"0\" \/><\/a><\/div>\n<div class=\"separator\" style=\"clear: both; text-align: center;\">\u00a0\u00bfY porque no obligan a los hombres a llevar la cabeza cubierta? es la forma adecuada de vestir correctamente el hombre, SIEMPRE con la cabeza cubierta, pero \u00bfes que a\u00fan no lo saben? es como ir de falleros con el torso al aire o las falleras con la melena al viento&#8230; lo mismo, pero la excusa es \u00abque me despeina\u00bb, \u00abque tengo las orejas grandes\u00bb o que no que queda bien&#8230;oye&#8230; pues no te vistas de fallero ni de valenciano \u00bfY porque no obligan a vestir una indumentaria adecuada en lugar de los novedosos trajes de Madame Pompadour o de pr\u00edncipe de Beckelart?<\/div>\n<div>\n<p>Fui la primera Fallera Mayor Infantil de mi falla y la primera en ser posteriormente Fallera Mayor, por tanto tengo el honor de ser tambi\u00e9n la primer fallera que ostent\u00f3 ambos cargos.<\/p>\n<\/div>\n<div>Guardo con mucho cari\u00f1o la joia que con tanto esmero, ilusi\u00f3n y afecto hizo para mi, mi gran amigo Vicente Visiedo, fallero, amigo y compa\u00f1ero de tantas funciones de teatro, a quien llevo en mi coraz\u00f3n y no olvido, as\u00ed como el sello de oro con rub\u00eds y el escudo de mi falla, y aunque no son joyas de oro, guardo como si lo fueran, \u00e9sas dos bandas con todas las insignias, dedicatorias y aut\u00f3grafos de mis compa\u00f1eras de distrito, comisi\u00f3n e incluso de la fam\u00edlia Suar\u00e9z ya que Sonsoles fu\u00e9 la FMIV de mi reinado, y por tanto, entiendo que las falleras mayores llevemos, lleven una banda, pero no entiendo que el resto de mujeres de la comisi\u00f3n haya de llevar un distintivo obligatoriamente, cuando en el hombre no est\u00e1 obligado y se le deja decidir. La fallera que quiera que se la ponga y la que no, que no se la ponga, pero que se trate de una obligaci\u00f3n llevarla? pues no estoy de acuerdo. Creo que hay cosas much\u00edsimo mas importantes en el mundo fallero que imponer una banda.<\/div>\n<div>\n<div class=\"separator\" style=\"clear: both; text-align: center;\"><a style=\"margin-left: 1em; margin-right: 1em;\" href=\"http:\/\/2.bp.blogspot.com\/-4FL_7mMOF-w\/VSr8jlicUxI\/AAAAAAAAY0M\/ZFbnk7hsbMg\/s1600\/bandaaaaaaa.JPG\"><img decoding=\"async\" loading=\"lazy\" src=\"https:\/\/elcalaixetdelaiaia.es\/wp-content\/uploads\/2015\/04\/bandaaaaaaa-1024x690.jpg\" width=\"320\" height=\"215\" border=\"0\" \/><\/a><\/div>\n<div style=\"text-align: center;\">Por insinuar a cierto presidente en una charla de indumentaria, hace a\u00f1os, la posibilidad de realizar una votaci\u00f3n para saber la opini\u00f3n de los falleras en cuanto al uso de la banda, afirmar que el que el hombre ha de llevar siempre la cabeza cubierta y que el \u00abmocador de pit\u00bb es obligatorio en la indumentaria valenciana femenina, \u00e9ste se\u00f1or inici\u00f3 una cruzada contra mi persona que sigue hoy d\u00eda, cuando ni \u00e9l ha llevado salvo alguna rara excepci\u00f3n un pa\u00f1uelo en su cabeza y como la gran mayor\u00eda no tiene ni idea de historia y mucho menos de Historia valenciana<\/div>\n<div style=\"text-align: center;\">Sabemos todos mucho&#8230;<\/div>\n<p>A mi, la banda en la corte de una comisi\u00f3n, me suena a distintivo militar, las falleras no necesitamos llevar el escudo de la falla en un trozo de tela, porque ya lo lleva el estandarte. En \u00e9se estandarte que tan orgullosamente en mi caso, lleva grabado en su parte posterior el nombre de mis nieta, el de mis hijos de mi marido y el m\u00edo.<\/p>\n<div class=\"separator\" style=\"clear: both; text-align: center;\"><a style=\"margin-left: 1em; margin-right: 1em;\" href=\"http:\/\/4.bp.blogspot.com\/-D86j7eKY5qA\/VSr8iHwZ92I\/AAAAAAAAYz4\/hVpwQrYuHok\/s1600\/IMG_6590.jpg\"><img decoding=\"async\" loading=\"lazy\" src=\"https:\/\/elcalaixetdelaiaia.es\/wp-content\/uploads\/2015\/04\/IMG_6590-706x1024.jpg\" width=\"220\" height=\"320\" border=\"0\" \/><\/a><\/div>\n<div style=\"text-align: center;\">En otra charla de un programa de radio, me dec\u00eda una fallera que ella se sent\u00eda fallera cuando se pon\u00eda su banda, a lo que contest\u00e9 que yo me siento fallera desde que me levanto hasta que me acuesto, vestida y desnuda, hasta en la ducha me siento fallera, porque la falla se lleva en el coraz\u00f3n, no en una banda.<\/div>\n<div style=\"text-align: center;\">El asunto de la banda&#8230;comienza a hacer muuucho ruido, esperemos que pronto que transforme en m\u00fasica, m\u00fasica de banda.<\/div>\n<\/div>\n<div>Si te gusta \u00e9ste post, puedes compartirlo para que llegue a m\u00e1s gente. No pretendo molestar ni ofender a nadie, cada cual es muy libre de vestir como quiera, solo comparto lo que he aprendido, lo que he estudiado, y que cada cual decida como hacerlo pero eso si, por favor de fallera o tradicional, pero sin disfraces, no estropeemos m\u00e1s nuestra tan da\u00f1ada y manipulada indumentaria. Y aclarar que lo escribo, no es que lo diga yo, es que est\u00e1 en los libros de historia y de indumentaria, no nos dejemos enga\u00f1ar ni influir por muchos indumenTIristas, que no nos dicen mas que mentiras para vender.<br \/>\nEspero tus comentarios y recuerda que tambi\u00e9n estoy en Facebook\u00a0<a href=\"https:\/\/www.facebook.com\/El-calaixet-de-la-iaia-533062140099386\/\">https:\/\/www.facebook.com\/El-calaixet-de-la-iaia-533062140099386\/<\/a><\/div>\n<\/div>\n","protected":false},"excerpt":{"rendered":"<p>Madre del Se\u00f1or, la que se est\u00e1 liando con la banda! Y lo que me alegro oye, a ver si a mas de uno se le encienden las luces de las neuronas y comienzan a ver la realidad. Recuerdo que se habl\u00f3 largo y tendido en la academia de nocturnos, &hellip; <\/p>\n","protected":false},"author":2,"featured_media":8271,"comment_status":"open","ping_status":"open","sticky":false,"template":"","format":"standard","meta":[],"categories":[78,23,1],"tags":[],"_links":{"self":[{"href":"https:\/\/elcalaixetdelaiaia.es\/index.php?rest_route=\/wp\/v2\/posts\/653"}],"collection":[{"href":"https:\/\/elcalaixetdelaiaia.es\/index.php?rest_route=\/wp\/v2\/posts"}],"about":[{"href":"https:\/\/elcalaixetdelaiaia.es\/index.php?rest_route=\/wp\/v2\/types\/post"}],"author":[{"embeddable":true,"href":"https:\/\/elcalaixetdelaiaia.es\/index.php?rest_route=\/wp\/v2\/users\/2"}],"replies":[{"embeddable":true,"href":"https:\/\/elcalaixetdelaiaia.es\/index.php?rest_route=%2Fwp%2Fv2%2Fcomments&post=653"}],"version-history":[{"count":9,"href":"https:\/\/elcalaixetdelaiaia.es\/index.php?rest_route=\/wp\/v2\/posts\/653\/revisions"}],"predecessor-version":[{"id":28575,"href":"https:\/\/elcalaixetdelaiaia.es\/index.php?rest_route=\/wp\/v2\/posts\/653\/revisions\/28575"}],"wp:featuredmedia":[{"embeddable":true,"href":"https:\/\/elcalaixetdelaiaia.es\/index.php?rest_route=\/wp\/v2\/media\/8271"}],"wp:attachment":[{"href":"https:\/\/elcalaixetdelaiaia.es\/index.php?rest_route=%2Fwp%2Fv2%2Fmedia&parent=653"}],"wp:term":[{"taxonomy":"category","embeddable":true,"href":"https:\/\/elcalaixetdelaiaia.es\/index.php?rest_route=%2Fwp%2Fv2%2Fcategories&post=653"},{"taxonomy":"post_tag","embeddable":true,"href":"https:\/\/elcalaixetdelaiaia.es\/index.php?rest_route=%2Fwp%2Fv2%2Ftags&post=653"}],"curies":[{"name":"wp","href":"https:\/\/api.w.org\/{rel}","templated":true}]}}