{"id":624,"date":"2015-05-02T17:32:00","date_gmt":"2015-05-02T17:32:00","guid":{"rendered":"http:\/\/elcalaixetdelaiaia.es\/guisado-de-ternera-con-patatas-en-olla"},"modified":"2026-03-28T09:40:53","modified_gmt":"2026-03-28T09:40:53","slug":"guisado-de-ternera-con-patatas-en-olla-rapida-paso-a-paso","status":"publish","type":"post","link":"https:\/\/elcalaixetdelaiaia.es\/?p=624","title":{"rendered":"Guisado de ternera con patatas en olla r\u00e1pida paso a paso"},"content":{"rendered":"<p>\u00abRefrany; A bona hora vinga el maig, el millor mes de tot l&#8217;any\u00bb A buena hora venga Mayo, el mejor mes de todo el a\u00f1o.<\/p>\n<p>Hoy voy con una receta s\u00faper tradicional, el guisadito de ternera con patatas de toooda la vida.<\/p>\n<div>\n<p>Esta es la receta de mi iaia y de mi mama\u00edta&#8230; un cl\u00e1sico en la mesa de casa de mis padres, que mi mami bordaba \ud83d\ude42 , aunque ella lo cocinaba en el fuego al \u00abchup chup\u00bb, o cuando ten\u00eda prisa, en la \u00abolla de pito\u00bb, como le llamaba a la olla expr\u00e9s. Hoy lo preparar\u00e9 con la olla r\u00e1pida, pero si dispon\u00e9is de tiempo, recordad que no hay nada c\u00f3mo la cocina tradicional, con sus tiempos adecuados.<\/p>\n<p><a style=\"margin-left: 1em; margin-right: 1em;\" href=\"http:\/\/3.bp.blogspot.com\/-JqdL2NaLY_Q\/VUTbYBjHHHI\/AAAAAAAAaFA\/Xdm7qHzNV00\/s1600\/IMG_1903.JPG\"><img decoding=\"async\" loading=\"lazy\" class=\"aligncenter\" src=\"https:\/\/elcalaixetdelaiaia.es\/wp-content\/uploads\/2015\/05\/IMG_1903.jpg\" width=\"640\" height=\"480\" border=\"0\" \/><\/a><\/p>\n<p>Como ya os he contado varias veces, \u00e9ste blog va dirigido principalmente a todos los principiantes en la cocina, con las recetas de las abuelas y mamis de siempre, por \u00e9so hay desde unos simples macarrones, unas lentejas, un hervido, un caldito o como hoy, \u00e9ste guisadito que seguro que en cada hogar se prepara de manera distinta, un \u00abguisaet\u00bb como dec\u00eda mi iaia, pero en lugar de cocinado al \u00abchup chup\u00bb, como sois muchos quienes ten\u00e9is falta de tiempo, cocinaremos en la olla r\u00e1pida y comeremos muy muy bien \ud83d\ude09<\/p>\n<p>Necesitaremos para tres comensales;<\/p>\n<div class=\"separator\" style=\"clear: both; text-align: center;\"><a style=\"margin-left: 1em; margin-right: 1em;\" href=\"http:\/\/2.bp.blogspot.com\/-8YDifNQyEcE\/VUTbvZPLuuI\/AAAAAAAAaHc\/06OG81FHG44\/s1600\/IMG_2202.JPG\"><img decoding=\"async\" loading=\"lazy\" src=\"https:\/\/elcalaixetdelaiaia.es\/wp-content\/uploads\/2015\/05\/IMG_2202.jpg\" width=\"640\" height=\"480\" border=\"0\" \/><\/a><\/div>\n<ol>\n<li>Medio k de carne de ternera tierna en tacos<\/li>\n<li>Dos tomates maduros<\/li>\n<li>Una cebolleta<\/li>\n<li>Dos dientes de ajo<\/li>\n<li>Dos hojas de laurel<\/li>\n<li>Una copa de bradny<\/li>\n<li>Aceite de oliva<\/li>\n<li>Agua<\/li>\n<li>Patatas<\/li>\n<li>Una pastilla de caldo de pollo Avecr\u00e9m<\/li>\n<li>Sal<\/li>\n<li>Opcionalmente una ramita de romero o tomillo (no imprescindible)<\/li>\n<\/ol>\n<p>La ternera, os recomiendo que sea tierna. En mi opini\u00f3n la ideal es el \u00abpeixet\u00bb o pez, (llamado as\u00ed por su forma peculiar) pero si no encontr\u00e1is, pod\u00e9is usar una ternera gelatinosa como es la del brazuelo, aunque tambi\u00e9n aguja, morcillo, y ossobuco. Me encantan las carnes melosas.<br \/>\nDe todas maneras, consultad a vuestro carnicer@, con toda profesionalidad, os aconsejar\u00e1n m\u00e1s certeramente, aunque yo por mi experiencia, lo tengo muy claro&#8230; me quedo con el\u00bb peixet\u00bb \ud83d\ude09 , para que lo teng\u00e1is claro es \u00e9sta pieza de la ternera;<\/p>\n<p style=\"text-align: center;\"><img decoding=\"async\" loading=\"lazy\" class=\"size-large wp-image-18033 aligncenter\" src=\"https:\/\/elcalaixetdelaiaia.es\/wp-content\/uploads\/2015\/05\/peixethoritzontal-1-1024x725.jpg\" alt=\"\" width=\"750\" height=\"531\" srcset=\"https:\/\/elcalaixetdelaiaia.es\/wp-content\/uploads\/2015\/05\/peixethoritzontal-1-1024x725.jpg 1024w, https:\/\/elcalaixetdelaiaia.es\/wp-content\/uploads\/2015\/05\/peixethoritzontal-1-300x212.jpg 300w, https:\/\/elcalaixetdelaiaia.es\/wp-content\/uploads\/2015\/05\/peixethoritzontal-1-768x544.jpg 768w\" sizes=\"(max-width: 750px) 100vw, 750px\" \/><\/p>\n<p style=\"text-align: center;\">Si quer\u00e9is darle un aspecto m\u00e1s tostado a la carne, y la salsa m\u00e1s espesita, pod\u00e9is pasarla por un poco de harina antes de sellarla (freirla).<\/p>\n<div class=\"separator\" style=\"clear: both; text-align: center;\"><a style=\"margin-left: 1em; margin-right: 1em;\" href=\"http:\/\/1.bp.blogspot.com\/-AIhbywdg6Rk\/VUTbwkienmI\/AAAAAAAAaHk\/q5aVvuwBMB0\/s1600\/IMG_2203.JPG\"><img decoding=\"async\" loading=\"lazy\" src=\"https:\/\/elcalaixetdelaiaia.es\/wp-content\/uploads\/2015\/05\/IMG_2203.jpg\" width=\"640\" height=\"480\" border=\"0\" \/><\/a><\/div>\n<div><\/div>\n<div style=\"text-align: center;\">Ponemos el aceite a calentar en la olla r\u00e1pida y echamos sal para evitar que salpique tanto<\/div>\n<div><\/div>\n<div class=\"separator\" style=\"clear: both; text-align: center;\"><a style=\"margin-left: 1em; margin-right: 1em;\" href=\"http:\/\/3.bp.blogspot.com\/-KM8ytbZPSvU\/VUTbxvF-b4I\/AAAAAAAAaHs\/Grl7kXfwVAg\/s1600\/IMG_2204.JPG\"><img decoding=\"async\" loading=\"lazy\" src=\"https:\/\/elcalaixetdelaiaia.es\/wp-content\/uploads\/2015\/05\/IMG_2204.jpg\" width=\"640\" height=\"480\" border=\"0\" \/><\/a><\/div>\n<div><\/div>\n<div style=\"text-align: center;\">Pondremos a sellar los tacos de carne que tendremos a temperatura ambiente<\/div>\n<div><\/div>\n<div class=\"separator\" style=\"clear: both; text-align: center;\"><a style=\"margin-left: 1em; margin-right: 1em;\" href=\"http:\/\/2.bp.blogspot.com\/-Z9m458DDCtc\/VUTbyqd081I\/AAAAAAAAaH0\/i1xXNscDj6w\/s1600\/IMG_2205.JPG\"><img decoding=\"async\" loading=\"lazy\" src=\"https:\/\/elcalaixetdelaiaia.es\/wp-content\/uploads\/2015\/05\/IMG_2205.jpg\" width=\"640\" height=\"480\" border=\"0\" \/><\/a><\/div>\n<div><\/div>\n<div style=\"text-align: center;\">El proceso del sellado es para que los jugos de la carne queden dentro y resulte mas tierna y sabrosa, una vez dorada la carne, reservamos<\/div>\n<div><\/div>\n<div class=\"separator\" style=\"clear: both; text-align: center;\"><a style=\"margin-left: 1em; margin-right: 1em;\" href=\"http:\/\/1.bp.blogspot.com\/-M1kMudft2CM\/VUTboymssOI\/AAAAAAAAaG0\/7UerP-YiUaQ\/s1600\/IMG_1917.JPG\"><img decoding=\"async\" loading=\"lazy\" src=\"https:\/\/elcalaixetdelaiaia.es\/wp-content\/uploads\/2015\/05\/IMG_1917.jpg\" width=\"640\" height=\"480\" border=\"0\" \/><\/a><\/div>\n<div><\/div>\n<div style=\"text-align: center;\">Pelamos y troceamos las patatitas en trozos similares<\/div>\n<div><\/div>\n<div class=\"separator\" style=\"clear: both; text-align: center;\"><a style=\"margin-left: 1em; margin-right: 1em;\" href=\"http:\/\/4.bp.blogspot.com\/-6Jx_hfNeN68\/VUTbncYvlXI\/AAAAAAAAaGo\/CoesBKARuaI\/s1600\/IMG_1916.JPG\"><img decoding=\"async\" loading=\"lazy\" src=\"https:\/\/elcalaixetdelaiaia.es\/wp-content\/uploads\/2015\/05\/IMG_1916.jpg\" width=\"640\" height=\"480\" border=\"0\" \/><\/a><\/div>\n<div><\/div>\n<div style=\"text-align: center;\">las doramos en el aceite donde hemos sellado la carne y reservamos<\/div>\n<div><\/div>\n<div style=\"text-align: center;\"><a style=\"margin-left: 1em; margin-right: 1em;\" href=\"http:\/\/2.bp.blogspot.com\/-kppMqtGvQG4\/VUTbnB-qzLI\/AAAAAAAAaGk\/n-3QaST3P7Q\/s1600\/IMG_1915.JPG\"><img decoding=\"async\" loading=\"lazy\" src=\"https:\/\/elcalaixetdelaiaia.es\/wp-content\/uploads\/2015\/05\/IMG_1915.jpg\" width=\"640\" height=\"480\" border=\"0\" \/><\/a><\/div>\n<div><\/div>\n<div style=\"text-align: center;\">Pelamos y rallamos la cebolla con el laurel enjuagado, la pochamos y a\u00f1adimos el tomate y los ajitos rallados<\/div>\n<div><\/div>\n<div class=\"separator\" style=\"clear: both; text-align: center;\"><a style=\"margin-left: 1em; margin-right: 1em;\" href=\"http:\/\/1.bp.blogspot.com\/-OgDoN0W8ZHw\/VUTbmAs5LJI\/AAAAAAAAaGc\/y8gpMoH9fOI\/s1600\/IMG_1914.JPG\"><img decoding=\"async\" loading=\"lazy\" src=\"https:\/\/elcalaixetdelaiaia.es\/wp-content\/uploads\/2015\/05\/IMG_1914.jpg\" width=\"640\" height=\"480\" border=\"0\" \/><\/a><\/div>\n<div><\/div>\n<div style=\"text-align: center;\">ponemos el piment\u00f3n de la Vera y acto seguido para que no se nos queme<\/div>\n<div><\/div>\n<div class=\"separator\" style=\"clear: both; text-align: center;\"><a style=\"margin-left: 1em; margin-right: 1em;\" href=\"http:\/\/2.bp.blogspot.com\/-JCzL7A6J3Us\/VUTbj7yjoSI\/AAAAAAAAaGU\/xZKKIceNp2U\/s1600\/IMG_1913.JPG\"><img decoding=\"async\" loading=\"lazy\" src=\"https:\/\/elcalaixetdelaiaia.es\/wp-content\/uploads\/2015\/05\/IMG_1913.jpg\" width=\"640\" height=\"480\" border=\"0\" \/><\/a><\/div>\n<div><\/div>\n<div style=\"text-align: center;\">a\u00f1adiremos un chorrito de brandy y dejamos evaporar el alcohol<\/div>\n<div><\/div>\n<div class=\"separator\" style=\"clear: both; text-align: center;\"><a style=\"margin-left: 1em; margin-right: 1em;\" href=\"http:\/\/3.bp.blogspot.com\/-xio-ViYbdHw\/VUTbjO8UzQI\/AAAAAAAAaGI\/ngzffeIlL1s\/s1600\/IMG_1912.JPG\"><img decoding=\"async\" loading=\"lazy\" src=\"https:\/\/elcalaixetdelaiaia.es\/wp-content\/uploads\/2015\/05\/IMG_1912.jpg\" width=\"640\" height=\"480\" border=\"0\" \/><\/a><\/div>\n<div><\/div>\n<div style=\"text-align: center;\">la pastilla de Avecrem pollo desmenuzada<\/div>\n<div>que pod\u00e9is sustituir por sal, mi iaia y mi mami le pon\u00edan y lo hago tal cual lo hac\u00edan ellas<\/div>\n<div><\/div>\n<div class=\"separator\" style=\"clear: both; text-align: center;\"><a style=\"margin-left: 1em; margin-right: 1em;\" href=\"http:\/\/1.bp.blogspot.com\/-9ksw0jSoI4E\/VUTbiSKQkCI\/AAAAAAAAaGE\/dixCy2P85TU\/s1600\/IMG_1911.JPG\"><img decoding=\"async\" loading=\"lazy\" src=\"https:\/\/elcalaixetdelaiaia.es\/wp-content\/uploads\/2015\/05\/IMG_1911.jpg\" width=\"640\" height=\"480\" border=\"0\" \/><\/a><\/div>\n<div><\/div>\n<div style=\"text-align: center;\">y unos300 ml de agua mineral o que no sepa a cloro. A\u00f1adimos la carne que ten\u00edamos reservada<\/div>\n<div><\/div>\n<div class=\"separator\" style=\"clear: both; text-align: center;\"><a style=\"margin-left: 1em; margin-right: 1em;\" href=\"http:\/\/3.bp.blogspot.com\/-XiNzqexR1IM\/VUTbfD2_4DI\/AAAAAAAAaFs\/JyaiRiJLohA\/s1600\/IMG_1909.JPG\"><img decoding=\"async\" loading=\"lazy\" src=\"https:\/\/elcalaixetdelaiaia.es\/wp-content\/uploads\/2015\/05\/IMG_1909.jpg\" width=\"640\" height=\"480\" border=\"0\" \/><\/a><\/div>\n<div><\/div>\n<div style=\"text-align: center;\">tapamos la olla y contamos 15 minutos desde que avise la v\u00e1lvula, dejamos a fuego m\u00ednimo<\/div>\n<div><\/div>\n<div class=\"separator\" style=\"clear: both; text-align: center;\"><a style=\"margin-left: 1em; margin-right: 1em;\" href=\"http:\/\/2.bp.blogspot.com\/-vBN2TZ1GjXQ\/VUTbeyTnxCI\/AAAAAAAAaFw\/3yioSIGyOUo\/s1600\/IMG_1908.JPG\"><img decoding=\"async\" loading=\"lazy\" src=\"https:\/\/elcalaixetdelaiaia.es\/wp-content\/uploads\/2015\/05\/IMG_1908.jpg\" width=\"640\" height=\"480\" border=\"0\" \/><\/a><\/div>\n<div><\/div>\n<div style=\"text-align: center;\">pasados los 15 minutos dejamos enfriar con cuidado y abrimos la tapa. A\u00f1adimos las patatas fritas y doradas, que ten\u00edamos reservadas<\/div>\n<div><\/div>\n<div class=\"separator\" style=\"clear: both; text-align: center;\"><a style=\"margin-left: 1em; margin-right: 1em;\" href=\"http:\/\/1.bp.blogspot.com\/-Yu1GBE8tl_o\/VUTbbENFMcI\/AAAAAAAAaFM\/2rjlVdDnsaM\/s1600\/IMG_1905.JPG\"><img decoding=\"async\" loading=\"lazy\" src=\"https:\/\/elcalaixetdelaiaia.es\/wp-content\/uploads\/2015\/05\/IMG_1905.jpg\" width=\"640\" height=\"480\" border=\"0\" \/><\/a><\/div>\n<div><\/div>\n<div style=\"text-align: center;\">tapamos de nuevo y dejamos con la tapa puesta, a fuego m\u00ednimo unos 5 minutos mas a partir que avise la v\u00e1lvula<\/div>\n<div class=\"separator\" style=\"clear: both;\"><\/div>\n<div style=\"text-align: center;\"><a style=\"margin-left: 1em; margin-right: 1em;\" href=\"http:\/\/4.bp.blogspot.com\/-aUR4eWmb7jk\/VUTbb96bJpI\/AAAAAAAAaFU\/JnCnusG2IR4\/s1600\/IMG_1906.JPG\"><img decoding=\"async\" loading=\"lazy\" src=\"https:\/\/elcalaixetdelaiaia.es\/wp-content\/uploads\/2015\/05\/IMG_1906.jpg\" width=\"640\" height=\"480\" border=\"0\" \/><\/a><\/div>\n<div><\/div>\n<div style=\"text-align: center;\">pasados los cuales, de nuevo enfriamos con cuidado, abrimos la tapa y veremos que el caldito se habr\u00e1 espesado, si no fuera as\u00ed,retiramos en un plato un par de trocitos de patata, la pisaremos con un tenedor y la uniremos enseguida al guiso, dejaremos la olla destapada y dejaremos dar un par de hervores. Si lo que os falta es caldito, a\u00f1adiremos un poquito de agua, daremos un par de hervores y ya est\u00e1 listo para servir. Es importante que tenga algo de caldito porque mojado en el pan est\u00e1 divino.<\/div>\n<div><\/div>\n<div class=\"separator\" style=\"clear: both; text-align: center;\"><a style=\"margin-left: 1em; margin-right: 1em;\" href=\"http:\/\/3.bp.blogspot.com\/-mIcJzKc2ySU\/VUTbWsUohaI\/AAAAAAAAaE4\/15G7c8oqszs\/s1600\/IMG_1902.JPG\"><img decoding=\"async\" loading=\"lazy\" src=\"https:\/\/elcalaixetdelaiaia.es\/wp-content\/uploads\/2015\/05\/IMG_1902.jpg\" width=\"640\" height=\"480\" border=\"0\" \/><\/a><\/div>\n<div><\/div>\n<div style=\"text-align: center;\">\u00e9sta comida est\u00e1 perfecta de un d\u00eda para otro. Emplatamos<\/div>\n<div><\/div>\n<div class=\"separator\" style=\"clear: both; text-align: center;\"><a style=\"margin-left: 1em; margin-right: 1em;\" href=\"http:\/\/3.bp.blogspot.com\/-DvVRyweWP88\/VUTbW4shwSI\/AAAAAAAAaEw\/n0O2fo0QnVQ\/s1600\/IMG_1901.JPG\"><img decoding=\"async\" loading=\"lazy\" src=\"https:\/\/elcalaixetdelaiaia.es\/wp-content\/uploads\/2015\/05\/IMG_1901.jpg\" width=\"640\" height=\"480\" border=\"0\" \/><\/a><\/div>\n<div><\/div>\n<div style=\"text-align: center;\">con una buena barra de pan a mano y si es una hogaza de pueblo, mejor<\/div>\n<div><\/div>\n<div class=\"separator\" style=\"clear: both; text-align: center;\"><a style=\"margin-left: 1em; margin-right: 1em;\" href=\"http:\/\/1.bp.blogspot.com\/-Iqfr8ejDRV4\/VUTbV_b61BI\/AAAAAAAAaEs\/7NSA-22mzZE\/s1600\/IMG_1900.JPG\"><img decoding=\"async\" loading=\"lazy\" src=\"https:\/\/elcalaixetdelaiaia.es\/wp-content\/uploads\/2015\/05\/IMG_1900.jpg\" width=\"480\" height=\"640\" border=\"0\" \/><\/a><\/div>\n<div><\/div>\n<div style=\"text-align: center;\">\u00abA la taula i &#8230;BON PROFIT!!!<\/div>\n<div>Os a\u00f1ado una variante de \u00e9ste guisadito, para los amantes de los rebollones.<\/div>\n<div><\/div>\n<div><img decoding=\"async\" loading=\"lazy\" class=\"size-large wp-image-18025 aligncenter\" src=\"https:\/\/elcalaixetdelaiaia.es\/wp-content\/uploads\/2015\/05\/revollonsfirmada-1024x768.jpg\" alt=\"\" width=\"750\" height=\"563\" srcset=\"https:\/\/elcalaixetdelaiaia.es\/wp-content\/uploads\/2015\/05\/revollonsfirmada-1024x768.jpg 1024w, https:\/\/elcalaixetdelaiaia.es\/wp-content\/uploads\/2015\/05\/revollonsfirmada-300x225.jpg 300w, https:\/\/elcalaixetdelaiaia.es\/wp-content\/uploads\/2015\/05\/revollonsfirmada-768x576.jpg 768w\" sizes=\"(max-width: 750px) 100vw, 750px\" \/><\/div>\n<\/div>\n<div><\/div>\n<div style=\"text-align: center;\">porque si tenemos \u00e9stas joyas de la gastronom\u00eda, podemos incorporarlas junto a las patatas y crear un plato m\u00e1s delicioso a\u00fan<\/div>\n<div><\/div>\n<div><img decoding=\"async\" loading=\"lazy\" class=\"alignnone size-large wp-image-18026\" src=\"https:\/\/elcalaixetdelaiaia.es\/wp-content\/uploads\/2015\/05\/temp58-1024x768.jpg\" alt=\"\" width=\"750\" height=\"563\" srcset=\"https:\/\/elcalaixetdelaiaia.es\/wp-content\/uploads\/2015\/05\/temp58-1024x768.jpg 1024w, https:\/\/elcalaixetdelaiaia.es\/wp-content\/uploads\/2015\/05\/temp58-300x225.jpg 300w, https:\/\/elcalaixetdelaiaia.es\/wp-content\/uploads\/2015\/05\/temp58-768x576.jpg 768w\" sizes=\"(max-width: 750px) 100vw, 750px\" \/><\/div>\n<div><\/div>\n<div style=\"text-align: center;\">que m\u00e1s o menos quedar\u00e1 con \u00e9ste aspecto<\/div>\n<div><\/div>\n<div><img decoding=\"async\" loading=\"lazy\" class=\"alignnone size-large wp-image-18027\" src=\"https:\/\/elcalaixetdelaiaia.es\/wp-content\/uploads\/2015\/05\/temp57-1024x768.jpg\" alt=\"\" width=\"750\" height=\"563\" srcset=\"https:\/\/elcalaixetdelaiaia.es\/wp-content\/uploads\/2015\/05\/temp57-1024x768.jpg 1024w, https:\/\/elcalaixetdelaiaia.es\/wp-content\/uploads\/2015\/05\/temp57-300x225.jpg 300w, https:\/\/elcalaixetdelaiaia.es\/wp-content\/uploads\/2015\/05\/temp57-768x576.jpg 768w\" sizes=\"(max-width: 750px) 100vw, 750px\" \/><\/div>\n<div><\/div>\n<div style=\"text-align: center;\">\u00e9sto si que es un se\u00f1or platazo<\/div>\n<div><\/div>\n<div><img decoding=\"async\" loading=\"lazy\" class=\"alignnone size-large wp-image-18028\" src=\"https:\/\/elcalaixetdelaiaia.es\/wp-content\/uploads\/2015\/05\/temp56-1024x768.jpg\" alt=\"\" width=\"750\" height=\"563\" srcset=\"https:\/\/elcalaixetdelaiaia.es\/wp-content\/uploads\/2015\/05\/temp56-1024x768.jpg 1024w, https:\/\/elcalaixetdelaiaia.es\/wp-content\/uploads\/2015\/05\/temp56-300x225.jpg 300w, https:\/\/elcalaixetdelaiaia.es\/wp-content\/uploads\/2015\/05\/temp56-768x576.jpg 768w\" sizes=\"(max-width: 750px) 100vw, 750px\" \/><\/div>\n<div><\/div>\n<div style=\"text-align: center;\">madre m\u00eda, editando la entrada me entran ganas de comeeeeeer<\/div>\n<div><\/div>\n<div><img decoding=\"async\" loading=\"lazy\" class=\"alignnone size-large wp-image-18029\" src=\"https:\/\/elcalaixetdelaiaia.es\/wp-content\/uploads\/2015\/05\/temp55-1024x768.jpg\" alt=\"\" width=\"750\" height=\"563\" srcset=\"https:\/\/elcalaixetdelaiaia.es\/wp-content\/uploads\/2015\/05\/temp55-1024x768.jpg 1024w, https:\/\/elcalaixetdelaiaia.es\/wp-content\/uploads\/2015\/05\/temp55-300x225.jpg 300w, https:\/\/elcalaixetdelaiaia.es\/wp-content\/uploads\/2015\/05\/temp55-768x576.jpg 768w\" sizes=\"(max-width: 750px) 100vw, 750px\" \/><\/div>\n<div><\/div>\n<div style=\"text-align: center;\">en una receta dos platos distintos, para que pod\u00e1is elegir \ud83d\ude09<\/div>\n<div><\/div>\n<div><img decoding=\"async\" loading=\"lazy\" class=\"alignnone size-large wp-image-18030\" src=\"https:\/\/elcalaixetdelaiaia.es\/wp-content\/uploads\/2015\/05\/temp54-1024x768.jpg\" alt=\"\" width=\"750\" height=\"563\" srcset=\"https:\/\/elcalaixetdelaiaia.es\/wp-content\/uploads\/2015\/05\/temp54-1024x768.jpg 1024w, https:\/\/elcalaixetdelaiaia.es\/wp-content\/uploads\/2015\/05\/temp54-300x225.jpg 300w, https:\/\/elcalaixetdelaiaia.es\/wp-content\/uploads\/2015\/05\/temp54-768x576.jpg 768w\" sizes=\"(max-width: 750px) 100vw, 750px\" \/><\/div>\n<div><\/div>\n<div>\n<div style=\"text-align: center;\">Pinchando en cada foto podr\u00e1s verla en tama\u00f1o grande, y si te gusta \u00e9sta entrada, comp\u00e1rtela, as\u00ed mucha gente podr\u00e1 disfrutar de ella.Si quieres dejar un comentario ser\u00eda estupendo. Recuerda que tambi\u00e9n estoy en Facebook <a href=\"https:\/\/www.facebook.com\/El-calaixet-de-la-iaia-533062140099386\/\">https:\/\/www.facebook.com\/El-calaixet-de-la-iaia-533062140099386\/<\/a> Graciaaaaas.<\/div>\n<\/div>\n","protected":false},"excerpt":{"rendered":"<p>\u00abRefrany; A bona hora vinga el maig, el millor mes de tot l&#8217;any\u00bb A buena hora venga Mayo, el mejor mes de todo el a\u00f1o. Hoy voy con una receta s\u00faper tradicional, el guisadito de ternera con patatas de toooda la vida. Esta es la receta de mi iaia y &hellip; <\/p>\n","protected":false},"author":2,"featured_media":7885,"comment_status":"open","ping_status":"open","sticky":false,"template":"","format":"standard","meta":[],"categories":[12,40,1],"tags":[],"_links":{"self":[{"href":"https:\/\/elcalaixetdelaiaia.es\/index.php?rest_route=\/wp\/v2\/posts\/624"}],"collection":[{"href":"https:\/\/elcalaixetdelaiaia.es\/index.php?rest_route=\/wp\/v2\/posts"}],"about":[{"href":"https:\/\/elcalaixetdelaiaia.es\/index.php?rest_route=\/wp\/v2\/types\/post"}],"author":[{"embeddable":true,"href":"https:\/\/elcalaixetdelaiaia.es\/index.php?rest_route=\/wp\/v2\/users\/2"}],"replies":[{"embeddable":true,"href":"https:\/\/elcalaixetdelaiaia.es\/index.php?rest_route=%2Fwp%2Fv2%2Fcomments&post=624"}],"version-history":[{"count":9,"href":"https:\/\/elcalaixetdelaiaia.es\/index.php?rest_route=\/wp\/v2\/posts\/624\/revisions"}],"predecessor-version":[{"id":29438,"href":"https:\/\/elcalaixetdelaiaia.es\/index.php?rest_route=\/wp\/v2\/posts\/624\/revisions\/29438"}],"wp:featuredmedia":[{"embeddable":true,"href":"https:\/\/elcalaixetdelaiaia.es\/index.php?rest_route=\/wp\/v2\/media\/7885"}],"wp:attachment":[{"href":"https:\/\/elcalaixetdelaiaia.es\/index.php?rest_route=%2Fwp%2Fv2%2Fmedia&parent=624"}],"wp:term":[{"taxonomy":"category","embeddable":true,"href":"https:\/\/elcalaixetdelaiaia.es\/index.php?rest_route=%2Fwp%2Fv2%2Fcategories&post=624"},{"taxonomy":"post_tag","embeddable":true,"href":"https:\/\/elcalaixetdelaiaia.es\/index.php?rest_route=%2Fwp%2Fv2%2Ftags&post=624"}],"curies":[{"name":"wp","href":"https:\/\/api.w.org\/{rel}","templated":true}]}}