{"id":621,"date":"2015-05-03T08:04:00","date_gmt":"2015-05-03T08:04:00","guid":{"rendered":"http:\/\/elcalaixetdelaiaia.es\/guisado-marinero-con-patatas-paso-paso"},"modified":"2020-04-21T20:12:56","modified_gmt":"2020-04-21T20:12:56","slug":"guisado-marinero-con-patatas-paso-paso","status":"publish","type":"post","link":"https:\/\/elcalaixetdelaiaia.es\/?p=621","title":{"rendered":"Guisado marinero con patatas paso a paso foto a foto"},"content":{"rendered":"<p>\u00abRefrany; A bord del veler, despr\u00e9s del patr\u00f3 va el cuiner \u00abA bordo del velero, despu\u00e9s del patr\u00f3n va el cocinero.<\/p>\n<div><\/div>\n<div>Guisado marinero con patatas.<\/div>\n<div><\/div>\n<div>\n<div class=\"separator\" style=\"clear: both; text-align: center;\"><a style=\"margin-left: 1em; margin-right: 1em;\" href=\"http:\/\/4.bp.blogspot.com\/-v_vnN_OQS0c\/VUVMRd6L9TI\/AAAAAAAAaK0\/VgqHDaUeEbM\/s1600\/IMG_2192.JPG\"><img decoding=\"async\" loading=\"lazy\" src=\"https:\/\/elcalaixetdelaiaia.es\/wp-content\/uploads\/2015\/05\/IMG_2192-1.jpg\" width=\"640\" height=\"480\" border=\"0\" \/><\/a><\/div>\n<\/div>\n<div><\/div>\n<div>Hoy he preparado un plato muy t\u00edpico de los poblados mar\u00edtimos para celebrar el d\u00eda de la madre, un delicioso guisado que podemos preparar con antelaci\u00f3n para una comida familiar, ya que est\u00e1 mas rico a\u00fan si cabe, de un d\u00eda para otro.<\/div>\n<div>Con \u00e9stos ingredientes hay para tres comensales, aunque \u00e9sto es un poco orientativo , pero vamos&#8230;.para comedores normales, unos por otros.\u00a0Si sois de Valencia o alrededores o recomiendo encarecidamente una parada de pescado del mercado de Ruzafa, son los palcos 36\/42, Elena y Pepe os atender\u00e1n con total profesionalidad y simpat\u00eda, aparte de que sus productos son de lo m\u00e1s frescos y de grand\u00edsima calidad.<\/p>\n<\/div>\n<div><\/div>\n<div>Necesitaremos;<\/div>\n<div><\/div>\n<div>\n<div class=\"separator\" style=\"clear: both; text-align: center;\"><a style=\"margin-left: 1em; margin-right: 1em;\" href=\"http:\/\/4.bp.blogspot.com\/-5PlSL5FyWyk\/VUVL2iEkcQI\/AAAAAAAAaIM\/D92GrKBGQX0\/s1600\/IMG_2030.JPG\"><img decoding=\"async\" loading=\"lazy\" src=\"https:\/\/elcalaixetdelaiaia.es\/wp-content\/uploads\/2015\/05\/IMG_2030-1.jpg\" width=\"640\" height=\"480\" border=\"0\" \/><\/a><\/div>\n<ol>\n<li>300g de emperador en tacos<\/li>\n<li>300g de gamba pelada<\/li>\n<li>300g de mejillones sin las vulvas<\/li>\n<li>Un pimiento verde<\/li>\n<li>Una cebolla<\/li>\n<li>Unos guisantes<\/li>\n<li>Tres patatas grandes<\/li>\n<li>Medio litro de caldo de pescado<\/li>\n<li>Un vaso de vino blanco<\/li>\n<li>Piment\u00f3n de la Vera<\/li>\n<li>Preparado oara paella<\/li>\n<li>Aceite de oliva<\/li>\n<li>Sal<\/li>\n<\/ol>\n<div class=\"separator\" style=\"clear: both; text-align: center;\"><a style=\"margin-left: 1em; margin-right: 1em;\" href=\"http:\/\/2.bp.blogspot.com\/-XqoejXhhVQY\/VUVL2ACXx5I\/AAAAAAAAaIE\/5w3M38Wejc8\/s1600\/IMG_2031.JPG\"><img decoding=\"async\" loading=\"lazy\" src=\"https:\/\/elcalaixetdelaiaia.es\/wp-content\/uploads\/2015\/05\/IMG_2031-1.jpg\" width=\"640\" height=\"480\" border=\"0\" \/><\/a><\/div>\n<p>&nbsp;<\/p>\n<div style=\"text-align: center;\">Ponemos el aceite de oliva a calentar y doramos el emperador y las gambitas y reservamos<\/div>\n<div class=\"separator\" style=\"clear: both; text-align: center;\"><a style=\"margin-left: 1em; margin-right: 1em;\" href=\"http:\/\/2.bp.blogspot.com\/-u6XPkU56gzw\/VUVL2mn5QAI\/AAAAAAAAaIQ\/i_UDtskdtMQ\/s1600\/IMG_2032.JPG\"><img decoding=\"async\" loading=\"lazy\" src=\"https:\/\/elcalaixetdelaiaia.es\/wp-content\/uploads\/2015\/05\/IMG_2032-1.jpg\" width=\"640\" height=\"480\" border=\"0\" \/><\/a><\/div>\n<p>&nbsp;<\/p>\n<div style=\"text-align: center;\">cortamos peque\u00f1ito (en brunois) el pimiento, la cebolla y los ajos<\/div>\n<div class=\"separator\" style=\"clear: both; text-align: center;\"><a style=\"margin-left: 1em; margin-right: 1em;\" href=\"http:\/\/3.bp.blogspot.com\/-LFEvuNWUNmY\/VUVL4M2O_WI\/AAAAAAAAaIU\/1gpPpvjDAmY\/s1600\/IMG_2033.JPG\"><img decoding=\"async\" loading=\"lazy\" src=\"https:\/\/elcalaixetdelaiaia.es\/wp-content\/uploads\/2015\/05\/IMG_2033-1.jpg\" width=\"640\" height=\"480\" border=\"0\" \/><\/a><\/div>\n<p>&nbsp;<\/p>\n<div style=\"text-align: center;\">y ponemos a pochar en el mismo aceite junto al laurel enjuagado<\/div>\n<div class=\"separator\" style=\"clear: both; text-align: center;\"><a style=\"margin-left: 1em; margin-right: 1em;\" href=\"http:\/\/3.bp.blogspot.com\/-wY7ZZ-GhobQ\/VUVL5xGEC0I\/AAAAAAAAaIk\/zo_36vFV2eQ\/s1600\/IMG_2034.JPG\"><img decoding=\"async\" loading=\"lazy\" src=\"https:\/\/elcalaixetdelaiaia.es\/wp-content\/uploads\/2015\/05\/IMG_2034-1.jpg\" width=\"640\" height=\"480\" border=\"0\" \/><\/a><\/div>\n<p>&nbsp;<\/p>\n<div style=\"text-align: center;\">pelamos y chascamos las patatas<\/div>\n<div class=\"separator\" style=\"clear: both; text-align: center;\"><a style=\"margin-left: 1em; margin-right: 1em;\" href=\"http:\/\/2.bp.blogspot.com\/-n4N-e4nM0AQ\/VUVL7eVU7wI\/AAAAAAAAaIw\/vLu4gJ1168A\/s1600\/IMG_2036.JPG\"><img decoding=\"async\" loading=\"lazy\" src=\"https:\/\/elcalaixetdelaiaia.es\/wp-content\/uploads\/2015\/05\/IMG_2036-1.jpg\" width=\"640\" height=\"480\" border=\"0\" \/><\/a><\/div>\n<p>&nbsp;<\/p>\n<div style=\"text-align: center;\">las a\u00f1adimos al sofrito<\/div>\n<div class=\"separator\" style=\"clear: both; text-align: center;\"><a style=\"margin-left: 1em; margin-right: 1em;\" href=\"http:\/\/1.bp.blogspot.com\/-py9giDM_hXU\/VUVL9SerTOI\/AAAAAAAAaI8\/ibDNTiW_nnM\/s1600\/IMG_2037.JPG\"><img decoding=\"async\" loading=\"lazy\" src=\"https:\/\/elcalaixetdelaiaia.es\/wp-content\/uploads\/2015\/05\/IMG_2037-1.jpg\" width=\"640\" height=\"480\" border=\"0\" \/><\/a><\/div>\n<p>&nbsp;<\/p>\n<div style=\"text-align: center;\">ponemos piment\u00f3n de la Vera y acto seguido para que no se queme,<\/div>\n<div class=\"separator\" style=\"clear: both; text-align: center;\"><a style=\"margin-left: 1em; margin-right: 1em;\" href=\"http:\/\/2.bp.blogspot.com\/-tTF-aTq1VN8\/VUVL-tNQb_I\/AAAAAAAAaJE\/2mi7yHbLntA\/s1600\/IMG_2038.JPG\"><img decoding=\"async\" loading=\"lazy\" src=\"https:\/\/elcalaixetdelaiaia.es\/wp-content\/uploads\/2015\/05\/IMG_2038-1.jpg\" width=\"640\" height=\"480\" border=\"0\" \/><\/a><\/div>\n<p>&nbsp;<\/p>\n<div style=\"text-align: center;\">un vasito de vino blanco<\/div>\n<div class=\"separator\" style=\"clear: both; text-align: center;\"><a style=\"margin-left: 1em; margin-right: 1em;\" href=\"http:\/\/2.bp.blogspot.com\/-L3arrxlAS8w\/VUVL_bBosCI\/AAAAAAAAaJI\/cSZ2WtzPhs0\/s1600\/IMG_2039.JPG\"><img decoding=\"async\" loading=\"lazy\" src=\"https:\/\/elcalaixetdelaiaia.es\/wp-content\/uploads\/2015\/05\/IMG_2039-1.jpg\" width=\"640\" height=\"480\" border=\"0\" \/><\/a><\/div>\n<p>&nbsp;<\/p>\n<div style=\"text-align: center;\">y medio litro de caldo de pescado o fumet<\/div>\n<div class=\"separator\" style=\"clear: both; text-align: center;\"><a style=\"margin-left: 1em; margin-right: 1em;\" href=\"http:\/\/3.bp.blogspot.com\/-RIEwXmWNpx0\/VUVL_2_TiJI\/AAAAAAAAaJU\/MsyVy4xT_BA\/s1600\/IMG_2040.JPG\"><img decoding=\"async\" loading=\"lazy\" src=\"https:\/\/elcalaixetdelaiaia.es\/wp-content\/uploads\/2015\/05\/IMG_2040-1.jpg\" width=\"640\" height=\"480\" border=\"0\" \/><\/a><\/div>\n<div style=\"text-align: center;\"><\/div>\n<div style=\"text-align: center;\">tapamos y dejamos que se hagan las patatas que tardar\u00e1n seg\u00fan la clase, cuando podamos pincharlas es que est\u00e1n lsitas<\/div>\n<div class=\"separator\" style=\"clear: both; text-align: center;\"><a style=\"margin-left: 1em; margin-right: 1em;\" href=\"http:\/\/4.bp.blogspot.com\/-_zuN8LY1aRc\/VUVMFN7UnkI\/AAAAAAAAaJ0\/JEGwFLvctZA\/s1600\/IMG_2184.JPG\"><img decoding=\"async\" loading=\"lazy\" src=\"https:\/\/elcalaixetdelaiaia.es\/wp-content\/uploads\/2015\/05\/IMG_2184-1.jpg\" width=\"640\" height=\"480\" border=\"0\" \/><\/a><\/div>\n<p>&nbsp;<\/p>\n<div style=\"text-align: center;\">a\u00f1adimos los guisantes<\/div>\n<div class=\"separator\" style=\"clear: both; text-align: center;\"><a style=\"margin-left: 1em; margin-right: 1em;\" href=\"http:\/\/4.bp.blogspot.com\/-LmhXmMZ7pNI\/VUVMHEqwd8I\/AAAAAAAAaJ8\/AK4L07Tyq-E\/s1600\/IMG_2185.JPG\"><img decoding=\"async\" loading=\"lazy\" src=\"https:\/\/elcalaixetdelaiaia.es\/wp-content\/uploads\/2015\/05\/IMG_2185-1.jpg\" width=\"640\" height=\"480\" border=\"0\" \/><\/a><\/div>\n<p>&nbsp;<\/p>\n<div style=\"text-align: center;\">y el resto de ingredientes para que se integren bien los sabores<\/div>\n<div class=\"separator\" style=\"clear: both; text-align: center;\"><a style=\"margin-left: 1em; margin-right: 1em;\" href=\"http:\/\/1.bp.blogspot.com\/-5U_NIHy62MU\/VUVMH-YwYTI\/AAAAAAAAaKA\/xZf4j8EyWps\/s1600\/IMG_2186.JPG\"><img decoding=\"async\" loading=\"lazy\" src=\"https:\/\/elcalaixetdelaiaia.es\/wp-content\/uploads\/2015\/05\/IMG_2186-1.jpg\" width=\"640\" height=\"480\" border=\"0\" \/><\/a><\/div>\n<p>&nbsp;<\/p>\n<div style=\"text-align: center;\">rectificamos de sal<\/div>\n<div class=\"separator\" style=\"clear: both; text-align: center;\"><a style=\"margin-left: 1em; margin-right: 1em;\" href=\"http:\/\/3.bp.blogspot.com\/-EfaHjQCbf0g\/VUVMIL_hNZI\/AAAAAAAAaKE\/R7YwRQPnQkg\/s1600\/IMG_2187.JPG\"><img decoding=\"async\" loading=\"lazy\" src=\"https:\/\/elcalaixetdelaiaia.es\/wp-content\/uploads\/2015\/05\/IMG_2187-1.jpg\" width=\"640\" height=\"480\" border=\"0\" \/><\/a><\/div>\n<p>&nbsp;<\/p>\n<div style=\"text-align: center;\">y dejamos dar unos hervores que har\u00e1n que se evapore caldo y quede espesito<\/div>\n<div class=\"separator\" style=\"clear: both; text-align: center;\"><a style=\"margin-left: 1em; margin-right: 1em;\" href=\"http:\/\/4.bp.blogspot.com\/-kzqZyEDwZTQ\/VUVML2PUyqI\/AAAAAAAAaKU\/VZ7L3pNvYoc\/s1600\/IMG_2188.JPG\"><img decoding=\"async\" loading=\"lazy\" src=\"https:\/\/elcalaixetdelaiaia.es\/wp-content\/uploads\/2015\/05\/IMG_2188-1.jpg\" width=\"640\" height=\"480\" border=\"0\" \/><\/a><\/div>\n<p>&nbsp;<\/p>\n<div style=\"text-align: center;\">listo para servir<\/div>\n<div class=\"separator\" style=\"clear: both; text-align: center;\"><a style=\"margin-left: 1em; margin-right: 1em;\" href=\"http:\/\/1.bp.blogspot.com\/-EeEhBB88QN8\/VUVMMtf9u6I\/AAAAAAAAaKg\/uINsHKKLmvc\/s1600\/IMG_2189.JPG\"><img decoding=\"async\" loading=\"lazy\" src=\"https:\/\/elcalaixetdelaiaia.es\/wp-content\/uploads\/2015\/05\/IMG_2189-1.jpg\" width=\"640\" height=\"480\" border=\"0\" \/><\/a><\/div>\n<p>&nbsp;<\/p>\n<div style=\"text-align: center;\">emplatamos<\/div>\n<div class=\"separator\" style=\"clear: both; text-align: center;\"><a style=\"margin-left: 1em; margin-right: 1em;\" href=\"http:\/\/1.bp.blogspot.com\/-FDmLG5duYA4\/VUVMM_MnwaI\/AAAAAAAAaKc\/j8vcqhH1PKc\/s1600\/IMG_2190.JPG\"><img decoding=\"async\" loading=\"lazy\" src=\"https:\/\/elcalaixetdelaiaia.es\/wp-content\/uploads\/2015\/05\/IMG_2190-1.jpg\" width=\"640\" height=\"480\" border=\"0\" \/><\/a><\/div>\n<p>&nbsp;<\/p>\n<div style=\"text-align: center;\">y a disfrutar<\/div>\n<div class=\"separator\" style=\"clear: both; text-align: center;\"><a style=\"margin-left: 1em; margin-right: 1em;\" href=\"http:\/\/2.bp.blogspot.com\/-dY_91OnZLFY\/VUVMOSb9eoI\/AAAAAAAAaKs\/o1P1eZq_gmk\/s1600\/IMG_2191.JPG\"><img decoding=\"async\" loading=\"lazy\" src=\"https:\/\/elcalaixetdelaiaia.es\/wp-content\/uploads\/2015\/05\/IMG_2191-1.jpg\" width=\"640\" height=\"480\" border=\"0\" \/><\/a><\/div>\n<p>&nbsp;<\/p>\n<div style=\"text-align: center;\">de un plato muy completo<\/div>\n<div class=\"separator\" style=\"clear: both; text-align: center;\"><a style=\"margin-left: 1em; margin-right: 1em;\" href=\"http:\/\/1.bp.blogspot.com\/-FSeoMVXZqQo\/VUVMSueIQ6I\/AAAAAAAAaLA\/XRD5WdbUnZU\/s1600\/IMG_2195.JPG\"><img decoding=\"async\" loading=\"lazy\" src=\"https:\/\/elcalaixetdelaiaia.es\/wp-content\/uploads\/2015\/05\/IMG_2195-1.jpg\" width=\"640\" height=\"480\" border=\"0\" \/><\/a><\/div>\n<p>&nbsp;<\/p>\n<div style=\"text-align: center;\">y delicioso<\/div>\n<div class=\"separator\" style=\"clear: both; text-align: center;\"><a style=\"margin-left: 1em; margin-right: 1em;\" href=\"http:\/\/2.bp.blogspot.com\/-udQyaj2VtzE\/VUVMU9bp0HI\/AAAAAAAAaLM\/0TXbvcXTl64\/s1600\/IMG_2196.JPG\"><img decoding=\"async\" loading=\"lazy\" src=\"https:\/\/elcalaixetdelaiaia.es\/wp-content\/uploads\/2015\/05\/IMG_2196-1.jpg\" width=\"640\" height=\"480\" border=\"0\" \/><\/a><\/div>\n<div style=\"text-align: center;\"><\/div>\n<div style=\"text-align: center;\">\u00a1para chuparse los dedos!<\/div>\n<div class=\"separator\" style=\"clear: both; text-align: center;\"><a style=\"margin-left: 1em; margin-right: 1em;\" href=\"http:\/\/2.bp.blogspot.com\/-bsHRK1QWErU\/VUVMVe-pskI\/AAAAAAAAaLU\/_csf17x7jko\/s1600\/IMG_2197.JPG\"><img decoding=\"async\" loading=\"lazy\" src=\"https:\/\/elcalaixetdelaiaia.es\/wp-content\/uploads\/2015\/05\/IMG_2197-1.jpg\" width=\"640\" height=\"480\" border=\"0\" \/><\/a><\/div>\n<\/div>\n<div>\n<div>\u00abA la taula i&#8230;.BON PROFIT!!!\u00bb<\/div>\n<div>Si te gusta \u00e9sta entrada, puedes compartirla. Gracias por hacerlo.Espero tus comentarios que para mi son MUY importantes y recuerda que tambi\u00e9n estoy en Facebook <a href=\"https:\/\/www.facebook.com\/El-calaixet-de-la-iaia-533062140099386\/\">https:\/\/www.facebook.com\/El-calaixet-de-la-iaia-533062140099386\/<\/a><\/div>\n<div>\n<div>Si quieres recibir mis actualizaciones por mail, al final de \u00e9sta p\u00e1gina a la izquierda tienes como hacer para introducir tu correo electr\u00f3nico y no perderte las actualizaciones de mis recetas \u00a1Gracias!<\/div>\n<\/div>\n<\/div>\n","protected":false},"excerpt":{"rendered":"<p>\u00abRefrany; A bord del veler, despr\u00e9s del patr\u00f3 va el cuiner \u00abA bordo del velero, despu\u00e9s del patr\u00f3n va el cocinero. Guisado marinero con patatas. Hoy he preparado un plato muy t\u00edpico de los poblados mar\u00edtimos para celebrar el d\u00eda de la madre, un delicioso guisado que podemos preparar con &hellip; <\/p>\n","protected":false},"author":2,"featured_media":7857,"comment_status":"open","ping_status":"open","sticky":false,"template":"","format":"standard","meta":[],"categories":[40,37,1],"tags":[],"_links":{"self":[{"href":"https:\/\/elcalaixetdelaiaia.es\/index.php?rest_route=\/wp\/v2\/posts\/621"}],"collection":[{"href":"https:\/\/elcalaixetdelaiaia.es\/index.php?rest_route=\/wp\/v2\/posts"}],"about":[{"href":"https:\/\/elcalaixetdelaiaia.es\/index.php?rest_route=\/wp\/v2\/types\/post"}],"author":[{"embeddable":true,"href":"https:\/\/elcalaixetdelaiaia.es\/index.php?rest_route=\/wp\/v2\/users\/2"}],"replies":[{"embeddable":true,"href":"https:\/\/elcalaixetdelaiaia.es\/index.php?rest_route=%2Fwp%2Fv2%2Fcomments&post=621"}],"version-history":[{"count":3,"href":"https:\/\/elcalaixetdelaiaia.es\/index.php?rest_route=\/wp\/v2\/posts\/621\/revisions"}],"predecessor-version":[{"id":21283,"href":"https:\/\/elcalaixetdelaiaia.es\/index.php?rest_route=\/wp\/v2\/posts\/621\/revisions\/21283"}],"wp:featuredmedia":[{"embeddable":true,"href":"https:\/\/elcalaixetdelaiaia.es\/index.php?rest_route=\/wp\/v2\/media\/7857"}],"wp:attachment":[{"href":"https:\/\/elcalaixetdelaiaia.es\/index.php?rest_route=%2Fwp%2Fv2%2Fmedia&parent=621"}],"wp:term":[{"taxonomy":"category","embeddable":true,"href":"https:\/\/elcalaixetdelaiaia.es\/index.php?rest_route=%2Fwp%2Fv2%2Fcategories&post=621"},{"taxonomy":"post_tag","embeddable":true,"href":"https:\/\/elcalaixetdelaiaia.es\/index.php?rest_route=%2Fwp%2Fv2%2Ftags&post=621"}],"curies":[{"name":"wp","href":"https:\/\/api.w.org\/{rel}","templated":true}]}}