{"id":620,"date":"2015-05-03T08:04:00","date_gmt":"2015-05-03T08:04:00","guid":{"rendered":"http:\/\/elcalaixetdelaiaia.es\/guisado-marinero-con-patatas-paso-paso_3"},"modified":"2024-03-29T10:49:55","modified_gmt":"2024-03-29T10:49:55","slug":"guisado-marinero-con-patatas-paso-paso_3","status":"publish","type":"post","link":"https:\/\/elcalaixetdelaiaia.es\/?p=620","title":{"rendered":"Guisado marinero con patatas paso a paso foto a foto"},"content":{"rendered":"<p>\u00abRefrany; A bord del veler, despr\u00e9s del patr\u00f3 va el cuiner \u00bb\u00a0 A bordo del velero, despu\u00e9s del patr\u00f3n va el cocinero.<\/p>\n<div>\n<p>Guisado marinero con patatas.<\/p>\n<div class=\"separator\" style=\"clear: both; text-align: center;\"><a style=\"margin-left: 1em; margin-right: 1em;\" href=\"http:\/\/4.bp.blogspot.com\/-v_vnN_OQS0c\/VUVMRd6L9TI\/AAAAAAAAaK0\/VgqHDaUeEbM\/s1600\/IMG_2192.JPG\"><img decoding=\"async\" loading=\"lazy\" src=\"https:\/\/elcalaixetdelaiaia.es\/wp-content\/uploads\/2015\/05\/IMG_2192.jpg\" width=\"640\" height=\"480\" border=\"0\" \/><\/a><\/div>\n<\/div>\n<div><\/div>\n<div>Hoy he preparado un plato muy t\u00edpico de los poblados mar\u00edtimos para celebrar el d\u00eda de la madre, un delicioso guisado que podemos preparar con antelaci\u00f3n para una comida familiar, ya que est\u00e1 mas rico a\u00fan si cabe, de un d\u00eda para otro.<\/div>\n<div>\n<p>Con \u00e9stos ingredientes hay para tres comensales, aunque \u00e9sto es un poco orientativo , pero vamos&#8230; para comedores normales, unos por otros. Si sois de Valencia o alrededores o recomiendo encarecidamente una parada de pescado del mercado de Ruzafa, son los palcos 36\/42, Elena y Pepe os atender\u00e1n con total profesionalidad y simpat\u00eda, aparte de que sus productos son de lo m\u00e1s frescos y de grand\u00edsima calidad.<\/p>\n<\/div>\n<div><\/div>\n<div>Necesitaremos;<\/div>\n<div><\/div>\n<div>\n<div class=\"separator\" style=\"clear: both; text-align: center;\"><a style=\"margin-left: 1em; margin-right: 1em;\" href=\"http:\/\/4.bp.blogspot.com\/-5PlSL5FyWyk\/VUVL2iEkcQI\/AAAAAAAAaIM\/D92GrKBGQX0\/s1600\/IMG_2030.JPG\"><img decoding=\"async\" loading=\"lazy\" src=\"https:\/\/elcalaixetdelaiaia.es\/wp-content\/uploads\/2015\/05\/IMG_2030.jpg\" width=\"640\" height=\"480\" border=\"0\" \/><\/a><\/div>\n<ol>\n<li>300g de emperador en tacos<\/li>\n<li>300g de gamba pelada<\/li>\n<li>300g de mejillones sin las valvas<\/li>\n<li>Un pimiento verde<\/li>\n<li>Una cebolla<\/li>\n<li>Unos guisantes<\/li>\n<li>Tres patatas grandes<\/li>\n<li>Medio litro de caldo de pescado<\/li>\n<li>Un vaso de vino blanco<\/li>\n<li>Piment\u00f3n de la Vera<\/li>\n<li>Preparado para paella con azafr\u00e1n o azafr\u00e1n tostado y molido<\/li>\n<li>Aceite de oliva<\/li>\n<li>Sal<\/li>\n<\/ol>\n<div class=\"separator\" style=\"clear: both; text-align: center;\"><a style=\"margin-left: 1em; margin-right: 1em;\" href=\"http:\/\/2.bp.blogspot.com\/-XqoejXhhVQY\/VUVL2ACXx5I\/AAAAAAAAaIE\/5w3M38Wejc8\/s1600\/IMG_2031.JPG\"><img decoding=\"async\" loading=\"lazy\" src=\"https:\/\/elcalaixetdelaiaia.es\/wp-content\/uploads\/2015\/05\/IMG_2031.jpg\" width=\"640\" height=\"480\" border=\"0\" \/><\/a><\/div>\n<div><\/div>\n<div style=\"text-align: center;\">Ponemos el aceite de oliva a calentar y doramos el emperador y las gambitas y reservamos<\/div>\n<div><\/div>\n<div class=\"separator\" style=\"clear: both; text-align: center;\"><a style=\"margin-left: 1em; margin-right: 1em;\" href=\"http:\/\/2.bp.blogspot.com\/-u6XPkU56gzw\/VUVL2mn5QAI\/AAAAAAAAaIQ\/i_UDtskdtMQ\/s1600\/IMG_2032.JPG\"><img decoding=\"async\" loading=\"lazy\" src=\"https:\/\/elcalaixetdelaiaia.es\/wp-content\/uploads\/2015\/05\/IMG_2032.jpg\" width=\"640\" height=\"480\" border=\"0\" \/><\/a><\/div>\n<div><\/div>\n<div style=\"text-align: center;\">cortamos peque\u00f1ito (en brunois) el pimiento, la cebolla y los ajos<\/div>\n<div><\/div>\n<div class=\"separator\" style=\"clear: both; text-align: center;\"><a style=\"margin-left: 1em; margin-right: 1em;\" href=\"http:\/\/3.bp.blogspot.com\/-LFEvuNWUNmY\/VUVL4M2O_WI\/AAAAAAAAaIU\/1gpPpvjDAmY\/s1600\/IMG_2033.JPG\"><img decoding=\"async\" loading=\"lazy\" src=\"https:\/\/elcalaixetdelaiaia.es\/wp-content\/uploads\/2015\/05\/IMG_2033.jpg\" width=\"640\" height=\"480\" border=\"0\" \/><\/a><\/div>\n<div><\/div>\n<div style=\"text-align: center;\">y ponemos a pochar en el mismo aceite junto al laurel enjuagado<\/div>\n<div><\/div>\n<div class=\"separator\" style=\"clear: both; text-align: center;\"><a style=\"margin-left: 1em; margin-right: 1em;\" href=\"http:\/\/3.bp.blogspot.com\/-wY7ZZ-GhobQ\/VUVL5xGEC0I\/AAAAAAAAaIk\/zo_36vFV2eQ\/s1600\/IMG_2034.JPG\"><img decoding=\"async\" loading=\"lazy\" src=\"https:\/\/elcalaixetdelaiaia.es\/wp-content\/uploads\/2015\/05\/IMG_2034.jpg\" width=\"640\" height=\"480\" border=\"0\" \/><\/a><\/div>\n<div><\/div>\n<div style=\"text-align: center;\">pelamos y chascamos las patatas<\/div>\n<div><\/div>\n<div class=\"separator\" style=\"clear: both; text-align: center;\"><a style=\"margin-left: 1em; margin-right: 1em;\" href=\"http:\/\/2.bp.blogspot.com\/-n4N-e4nM0AQ\/VUVL7eVU7wI\/AAAAAAAAaIw\/vLu4gJ1168A\/s1600\/IMG_2036.JPG\"><img decoding=\"async\" loading=\"lazy\" src=\"https:\/\/elcalaixetdelaiaia.es\/wp-content\/uploads\/2015\/05\/IMG_2036.jpg\" width=\"640\" height=\"480\" border=\"0\" \/><\/a><\/div>\n<div><\/div>\n<div style=\"text-align: center;\">las a\u00f1adimos al sofrito<\/div>\n<div><\/div>\n<div class=\"separator\" style=\"clear: both; text-align: center;\"><a style=\"margin-left: 1em; margin-right: 1em;\" href=\"http:\/\/1.bp.blogspot.com\/-py9giDM_hXU\/VUVL9SerTOI\/AAAAAAAAaI8\/ibDNTiW_nnM\/s1600\/IMG_2037.JPG\"><img decoding=\"async\" loading=\"lazy\" src=\"https:\/\/elcalaixetdelaiaia.es\/wp-content\/uploads\/2015\/05\/IMG_2037.jpg\" width=\"640\" height=\"480\" border=\"0\" \/><\/a><\/div>\n<div><\/div>\n<div style=\"text-align: center;\">ponemos piment\u00f3n de la Vera y acto seguido para que no se queme,<\/div>\n<div><\/div>\n<div class=\"separator\" style=\"clear: both; text-align: center;\"><a style=\"margin-left: 1em; margin-right: 1em;\" href=\"http:\/\/2.bp.blogspot.com\/-tTF-aTq1VN8\/VUVL-tNQb_I\/AAAAAAAAaJE\/2mi7yHbLntA\/s1600\/IMG_2038.JPG\"><img decoding=\"async\" loading=\"lazy\" src=\"https:\/\/elcalaixetdelaiaia.es\/wp-content\/uploads\/2015\/05\/IMG_2038.jpg\" width=\"640\" height=\"480\" border=\"0\" \/><\/a><\/div>\n<div><\/div>\n<div style=\"text-align: center;\">un vasito de vino blanco<\/div>\n<div><\/div>\n<div class=\"separator\" style=\"clear: both; text-align: center;\"><a style=\"margin-left: 1em; margin-right: 1em;\" href=\"http:\/\/2.bp.blogspot.com\/-L3arrxlAS8w\/VUVL_bBosCI\/AAAAAAAAaJI\/cSZ2WtzPhs0\/s1600\/IMG_2039.JPG\"><img decoding=\"async\" loading=\"lazy\" src=\"https:\/\/elcalaixetdelaiaia.es\/wp-content\/uploads\/2015\/05\/IMG_2039.jpg\" width=\"640\" height=\"480\" border=\"0\" \/><\/a><\/div>\n<div><\/div>\n<div style=\"text-align: center;\">y medio litro de caldo de pescado o fumet<\/div>\n<div><\/div>\n<div class=\"separator\" style=\"clear: both; text-align: center;\"><a style=\"margin-left: 1em; margin-right: 1em;\" href=\"http:\/\/3.bp.blogspot.com\/-RIEwXmWNpx0\/VUVL_2_TiJI\/AAAAAAAAaJU\/MsyVy4xT_BA\/s1600\/IMG_2040.JPG\"><img decoding=\"async\" loading=\"lazy\" src=\"https:\/\/elcalaixetdelaiaia.es\/wp-content\/uploads\/2015\/05\/IMG_2040.jpg\" width=\"640\" height=\"480\" border=\"0\" \/><\/a><\/div>\n<div style=\"text-align: center;\"><\/div>\n<div style=\"text-align: center;\">tapamos y dejamos que se hagan las patatas que tardar\u00e1n seg\u00fan la clase, (yo os recomiendo siempre, y para todo la patata agria), cuando podamos pincharlas es que est\u00e1n listas<\/div>\n<div class=\"separator\" style=\"clear: both; text-align: center;\"><a style=\"margin-left: 1em; margin-right: 1em;\" href=\"http:\/\/4.bp.blogspot.com\/-_zuN8LY1aRc\/VUVMFN7UnkI\/AAAAAAAAaJ0\/JEGwFLvctZA\/s1600\/IMG_2184.JPG\"><img decoding=\"async\" loading=\"lazy\" src=\"https:\/\/elcalaixetdelaiaia.es\/wp-content\/uploads\/2015\/05\/IMG_2184.jpg\" width=\"640\" height=\"480\" border=\"0\" \/><\/a><\/div>\n<div><\/div>\n<div style=\"text-align: center;\">a\u00f1adimos los guisantes<\/div>\n<div><\/div>\n<div class=\"separator\" style=\"clear: both; text-align: center;\"><a style=\"margin-left: 1em; margin-right: 1em;\" href=\"http:\/\/4.bp.blogspot.com\/-LmhXmMZ7pNI\/VUVMHEqwd8I\/AAAAAAAAaJ8\/AK4L07Tyq-E\/s1600\/IMG_2185.JPG\"><img decoding=\"async\" loading=\"lazy\" src=\"https:\/\/elcalaixetdelaiaia.es\/wp-content\/uploads\/2015\/05\/IMG_2185.jpg\" width=\"640\" height=\"480\" border=\"0\" \/><\/a><\/div>\n<div><\/div>\n<div style=\"text-align: center;\">y el resto de ingredientes para que se integren bien los sabores<\/div>\n<div><\/div>\n<div class=\"separator\" style=\"clear: both; text-align: center;\"><a style=\"margin-left: 1em; margin-right: 1em;\" href=\"http:\/\/1.bp.blogspot.com\/-5U_NIHy62MU\/VUVMH-YwYTI\/AAAAAAAAaKA\/xZf4j8EyWps\/s1600\/IMG_2186.JPG\"><img decoding=\"async\" loading=\"lazy\" src=\"https:\/\/elcalaixetdelaiaia.es\/wp-content\/uploads\/2015\/05\/IMG_2186.jpg\" width=\"640\" height=\"480\" border=\"0\" \/><\/a><\/div>\n<div><\/div>\n<div style=\"text-align: center;\">rectificamos de sal<\/div>\n<div><\/div>\n<div class=\"separator\" style=\"clear: both; text-align: center;\"><a style=\"margin-left: 1em; margin-right: 1em;\" href=\"http:\/\/3.bp.blogspot.com\/-EfaHjQCbf0g\/VUVMIL_hNZI\/AAAAAAAAaKE\/R7YwRQPnQkg\/s1600\/IMG_2187.JPG\"><img decoding=\"async\" loading=\"lazy\" src=\"https:\/\/elcalaixetdelaiaia.es\/wp-content\/uploads\/2015\/05\/IMG_2187.jpg\" width=\"640\" height=\"480\" border=\"0\" \/><\/a><\/div>\n<div><\/div>\n<div style=\"text-align: center;\">y dejamos dar unos hervores que har\u00e1n que se evapore caldo y quede espesito<\/div>\n<div><\/div>\n<div class=\"separator\" style=\"clear: both; text-align: center;\"><a style=\"margin-left: 1em; margin-right: 1em;\" href=\"http:\/\/4.bp.blogspot.com\/-kzqZyEDwZTQ\/VUVML2PUyqI\/AAAAAAAAaKU\/VZ7L3pNvYoc\/s1600\/IMG_2188.JPG\"><img decoding=\"async\" loading=\"lazy\" src=\"https:\/\/elcalaixetdelaiaia.es\/wp-content\/uploads\/2015\/05\/IMG_2188.jpg\" width=\"640\" height=\"480\" border=\"0\" \/><\/a><\/div>\n<div><\/div>\n<div style=\"text-align: center;\">listo para servir<\/div>\n<div><\/div>\n<div class=\"separator\" style=\"clear: both; text-align: center;\"><a style=\"margin-left: 1em; margin-right: 1em;\" href=\"http:\/\/1.bp.blogspot.com\/-EeEhBB88QN8\/VUVMMtf9u6I\/AAAAAAAAaKg\/uINsHKKLmvc\/s1600\/IMG_2189.JPG\"><img decoding=\"async\" loading=\"lazy\" src=\"https:\/\/elcalaixetdelaiaia.es\/wp-content\/uploads\/2015\/05\/IMG_2189.jpg\" width=\"640\" height=\"480\" border=\"0\" \/><\/a><\/div>\n<div><\/div>\n<div style=\"text-align: center;\">emplatamos<\/div>\n<div><\/div>\n<div class=\"separator\" style=\"clear: both; text-align: center;\"><a style=\"margin-left: 1em; margin-right: 1em;\" href=\"http:\/\/1.bp.blogspot.com\/-FDmLG5duYA4\/VUVMM_MnwaI\/AAAAAAAAaKc\/j8vcqhH1PKc\/s1600\/IMG_2190.JPG\"><img decoding=\"async\" loading=\"lazy\" src=\"https:\/\/elcalaixetdelaiaia.es\/wp-content\/uploads\/2015\/05\/IMG_2190.jpg\" width=\"640\" height=\"480\" border=\"0\" \/><\/a><\/div>\n<div><\/div>\n<div style=\"text-align: center;\">y a disfrutar<\/div>\n<div><\/div>\n<div class=\"separator\" style=\"clear: both; text-align: center;\"><a style=\"margin-left: 1em; margin-right: 1em;\" href=\"http:\/\/2.bp.blogspot.com\/-dY_91OnZLFY\/VUVMOSb9eoI\/AAAAAAAAaKs\/o1P1eZq_gmk\/s1600\/IMG_2191.JPG\"><img decoding=\"async\" loading=\"lazy\" src=\"https:\/\/elcalaixetdelaiaia.es\/wp-content\/uploads\/2015\/05\/IMG_2191.jpg\" width=\"640\" height=\"480\" border=\"0\" \/><\/a><\/div>\n<div><\/div>\n<div style=\"text-align: center;\">de un plato muy completo<\/div>\n<div><\/div>\n<div class=\"separator\" style=\"clear: both; text-align: center;\"><a style=\"margin-left: 1em; margin-right: 1em;\" href=\"http:\/\/1.bp.blogspot.com\/-FSeoMVXZqQo\/VUVMSueIQ6I\/AAAAAAAAaLA\/XRD5WdbUnZU\/s1600\/IMG_2195.JPG\"><img decoding=\"async\" loading=\"lazy\" src=\"https:\/\/elcalaixetdelaiaia.es\/wp-content\/uploads\/2015\/05\/IMG_2195.jpg\" width=\"640\" height=\"480\" border=\"0\" \/><\/a><\/div>\n<div><\/div>\n<div style=\"text-align: center;\">y delicioso<\/div>\n<div><\/div>\n<div class=\"separator\" style=\"clear: both; text-align: center;\"><a style=\"margin-left: 1em; margin-right: 1em;\" href=\"http:\/\/2.bp.blogspot.com\/-udQyaj2VtzE\/VUVMU9bp0HI\/AAAAAAAAaLM\/0TXbvcXTl64\/s1600\/IMG_2196.JPG\"><img decoding=\"async\" loading=\"lazy\" src=\"https:\/\/elcalaixetdelaiaia.es\/wp-content\/uploads\/2015\/05\/IMG_2196.jpg\" width=\"640\" height=\"480\" border=\"0\" \/><\/a><\/div>\n<div style=\"text-align: center;\"><\/div>\n<div style=\"text-align: center;\">\u00a1para chuparse los dedos!<\/div>\n<div><\/div>\n<div class=\"separator\" style=\"clear: both; text-align: center;\"><a style=\"margin-left: 1em; margin-right: 1em;\" href=\"http:\/\/2.bp.blogspot.com\/-bsHRK1QWErU\/VUVMVe-pskI\/AAAAAAAAaLU\/_csf17x7jko\/s1600\/IMG_2197.JPG\"><img decoding=\"async\" loading=\"lazy\" src=\"https:\/\/elcalaixetdelaiaia.es\/wp-content\/uploads\/2015\/05\/IMG_2197.jpg\" width=\"640\" height=\"480\" border=\"0\" \/><\/a><\/div>\n<\/div>\n<div>\u00aba la taula&#8230; i BON PROFIT!!!\u00bb<\/div>\n<div>\n<p>Si te gusta \u00e9sta entrada, punt\u00faala comp\u00e1rtela, as\u00ed mucha gente podr\u00e1 disfrutar de ella. Si quieres compartir el enlace o dejar un comentario ser\u00eda estupendo. \u00a0Graciaaaaas y recordad que tambi\u00e9n estoy en Facebook <a href=\"https:\/\/www.facebook.com\/El-calaixet-de-la-iaia-533062140099386\/\">https:\/\/www.facebook.com\/El-calaixet-de-la-iaia-533062140099386\/<\/a><\/p>\n<p>Edito \u00e9sta entrada el 7\/11\/16 para incorporar la foto del guisadito que ha hecho Isabel Arboleda Aull\u00f3, siguiendo mi receta.<\/p>\n<div class=\"separator\" style=\"clear: both; text-align: center;\"><a style=\"margin-left: 1em; margin-right: 1em;\" href=\"https:\/\/4.bp.blogspot.com\/-le68DTAIVSI\/WCBzUCABSDI\/AAAAAAAAnQ4\/QAiNFdxf6V4cFn0K_Ewbwd0sTqpbmnYzQCLcB\/s1600\/IMG_6431.PNG\"><img decoding=\"async\" loading=\"lazy\" src=\"https:\/\/elcalaixetdelaiaia.es\/wp-content\/uploads\/2015\/05\/IMG_6431.png\" width=\"640\" height=\"510\" border=\"0\" \/><\/a><\/div>\n<p>Muchas gracias por confiar en mi, y hacer mi receta, es una alegr\u00eda saber que os ha gustado. Muchas gracias por tener la amabilidad de dec\u00edrmelo y de enviarme la foto. Molts bessets bonica.<\/p>\n<\/div>\n","protected":false},"excerpt":{"rendered":"<p>\u00abRefrany; A bord del veler, despr\u00e9s del patr\u00f3 va el cuiner \u00bb\u00a0 A bordo del velero, despu\u00e9s del patr\u00f3n va el cocinero. Guisado marinero con patatas. Hoy he preparado un plato muy t\u00edpico de los poblados mar\u00edtimos para celebrar el d\u00eda de la madre, un delicioso guisado que podemos preparar &hellip; <\/p>\n","protected":false},"author":2,"featured_media":7833,"comment_status":"open","ping_status":"open","sticky":false,"template":"","format":"standard","meta":[],"categories":[40,37,1],"tags":[],"_links":{"self":[{"href":"https:\/\/elcalaixetdelaiaia.es\/index.php?rest_route=\/wp\/v2\/posts\/620"}],"collection":[{"href":"https:\/\/elcalaixetdelaiaia.es\/index.php?rest_route=\/wp\/v2\/posts"}],"about":[{"href":"https:\/\/elcalaixetdelaiaia.es\/index.php?rest_route=\/wp\/v2\/types\/post"}],"author":[{"embeddable":true,"href":"https:\/\/elcalaixetdelaiaia.es\/index.php?rest_route=\/wp\/v2\/users\/2"}],"replies":[{"embeddable":true,"href":"https:\/\/elcalaixetdelaiaia.es\/index.php?rest_route=%2Fwp%2Fv2%2Fcomments&post=620"}],"version-history":[{"count":8,"href":"https:\/\/elcalaixetdelaiaia.es\/index.php?rest_route=\/wp\/v2\/posts\/620\/revisions"}],"predecessor-version":[{"id":27391,"href":"https:\/\/elcalaixetdelaiaia.es\/index.php?rest_route=\/wp\/v2\/posts\/620\/revisions\/27391"}],"wp:featuredmedia":[{"embeddable":true,"href":"https:\/\/elcalaixetdelaiaia.es\/index.php?rest_route=\/wp\/v2\/media\/7833"}],"wp:attachment":[{"href":"https:\/\/elcalaixetdelaiaia.es\/index.php?rest_route=%2Fwp%2Fv2%2Fmedia&parent=620"}],"wp:term":[{"taxonomy":"category","embeddable":true,"href":"https:\/\/elcalaixetdelaiaia.es\/index.php?rest_route=%2Fwp%2Fv2%2Fcategories&post=620"},{"taxonomy":"post_tag","embeddable":true,"href":"https:\/\/elcalaixetdelaiaia.es\/index.php?rest_route=%2Fwp%2Fv2%2Ftags&post=620"}],"curies":[{"name":"wp","href":"https:\/\/api.w.org\/{rel}","templated":true}]}}